{"id":84150,"date":"2025-03-20T10:44:09","date_gmt":"2025-03-20T13:44:09","guid":{"rendered":"https:\/\/med.estrategia.com\/portal\/?p=84150"},"modified":"2025-04-03T14:19:57","modified_gmt":"2025-04-03T17:19:57","slug":"revalida-inep-2025-1-gabarito-recursos","status":"publish","type":"post","link":"https:\/\/med.estrategia.com\/portal\/eventos\/revalida-inep-2025-1-gabarito-recursos\/","title":{"rendered":"Revalida INEP 2025.1: confira o gabarito preliminar!"},"content":{"rendered":"<p>No <strong>domingo, 23 de mar&ccedil;o<\/strong>, mais de 17 mil candidatos participaram da <strong>primeira etapa do Revalida INEP 2025.1 <\/strong>&mdash; primeira edi&ccedil;&atilde;o do processo de revalida&ccedil;&atilde;o de diplomas de medicina do Instituto Nacional de Estudos e Pesquisas Educacionais An&iacute;sio Teixeira deste ano.<br><br>Com a <strong><a href=\"https:\/\/med.estrategia.com\/portal\/noticias\/inep-divulga-a-nota-de-corte-para-a-1a-etapa-do-revalida-2025-1\/\" target=\"_blank\">nota de corte estabelecida em 88&nbsp;pontos<\/a><\/strong> para garantir a classifica&ccedil;&atilde;o para a segunda etapa do processo<strong>, os participantes foram avaliados por meio de duas provas te&oacute;ricas: prova objetiva (P1)<\/strong>, composta por 100 quest&otilde;es de m&uacute;ltipla escolha e, <strong>prova discursiva (P2)<\/strong>, com 5 quest&otilde;es discursivas. <p class=\"wp-block-preformatted\"><a href=\"https:\/\/med.estrategia.com\/portal\/revalida\/nota-de-corte-revalida-inep-entenda-como-a-nota-minima-e-definida\/\" target=\"_blank\">Nota de Corte Revalida INEP: entenda como a nota m&iacute;nima &eacute; definida<\/a><\/p><p>Ent&atilde;o, se voc&ecirc; &eacute; um dos candidatos inscritos na primeira etapa do Revalida INEP 2025.1, ou est&aacute; se preparando para a pr&oacute;xima edi&ccedil;&atilde;o, <strong>n&atilde;o deixe de conferir a corre&ccedil;&atilde;o dos professores especialistas do Estrat&eacute;gia MED<\/strong>, bem como a divulga&ccedil;&atilde;o do gabarito oficial! Confira detalhes abaixo.<\/p><p>\n\n\n<div id=\"new-form\">\n\t<form id=\"forms_layout\">\n\t<input type=\"hidden\" id=\"chave_de\" name=\"chave_de\" value=\"01_EMED_LEADS_TOTAIS\" \/>\n\t\t<input type=\"hidden\" id=\"mid\" name=\"mid\" value=\"515009018\" \/>\n\t\t<input type=\"hidden\" id=\"Objetivo\" name=\"Objetivo\" value=\"Medicina\" \/>\n\t\t<input type=\"hidden\" id=\"Estado_de_Origem_do_IP\" name=\"Estado_de_Origem_do_IP\"  value=\"\" \/>\n\t\t<input type=\"hidden\" id=\"Cidade_de_Origem_do_IP\" name=\"Cidade_de_Origem_do_IP\" value=\"\" \/>\n\t\t<input type=\"hidden\" id=\"Modo_de_entrada\" name=\"Modo_de_entrada\" value=\"Portal\" \/>\n\t\t<input type=\"hidden\" id=\"Pagina_Origem\" name=\"Pagina_Origem\" value=\"\" \/>\n\n\t\t<div class=\"texto\">\n\t\t\t<div id=\"ez-toc-container\" class=\"ez-toc-v2_0_79_2 counter-hierarchy ez-toc-counter ez-toc-transparent ez-toc-container-direction\">\n<div class=\"ez-toc-title-container\"><p class=\"ez-toc-title\" style=\"cursor:inherit\">Navegue pelo conte\u00fado<\/p>\n<\/div><nav><ul class='ez-toc-list ez-toc-list-level-1 ' ><ul class='ez-toc-list-level-3' ><li class='ez-toc-heading-level-3'><a class=\"ez-toc-link ez-toc-heading-1\" href=\"https:\/\/med.estrategia.com\/portal\/eventos\/revalida-inep-2025-1-gabarito-recursos\/#Inscreva-se-em-nossa-newsletter\" >Inscreva-se em nossa newsletter!<\/a><\/li><\/ul><\/li><li class='ez-toc-page-1 ez-toc-heading-level-2'><a class=\"ez-toc-link ez-toc-heading-2\" href=\"https:\/\/med.estrategia.com\/portal\/eventos\/revalida-inep-2025-1-gabarito-recursos\/#Gabarito-oficial-e-Recursos-Revalida-INEP-20251\" >Gabarito oficial e Recursos Revalida INEP 2025.1<\/a><\/li><li class='ez-toc-page-1 ez-toc-heading-level-2'><a class=\"ez-toc-link ez-toc-heading-3\" href=\"https:\/\/med.estrategia.com\/portal\/eventos\/revalida-inep-2025-1-gabarito-recursos\/#Correcao-Revalida-INEP-20251-do-Estrategia-MED\" >Corre&ccedil;&atilde;o Revalida INEP 2025.1 do Estrat&eacute;gia MED<\/a><ul class='ez-toc-list-level-3' ><li class='ez-toc-heading-level-3'><a class=\"ez-toc-link ez-toc-heading-4\" href=\"https:\/\/med.estrategia.com\/portal\/eventos\/revalida-inep-2025-1-gabarito-recursos\/#Gabarito-Extraoficial-%E2%80%93-Prova-Objetiva-P1\" >Gabarito Extraoficial &ndash; Prova Objetiva (P1)<\/a><\/li><li class='ez-toc-page-1 ez-toc-heading-level-3'><a class=\"ez-toc-link ez-toc-heading-5\" href=\"https:\/\/med.estrategia.com\/portal\/eventos\/revalida-inep-2025-1-gabarito-recursos\/#Gabarito-Extraoficial-%E2%80%93-Prova-Discursiva-P2\" >Gabarito Extraoficial &ndash; Prova Discursiva (P2)<\/a><\/li><\/ul><\/li><li class='ez-toc-page-1 ez-toc-heading-level-2'><a class=\"ez-toc-link ez-toc-heading-6\" href=\"https:\/\/med.estrategia.com\/portal\/eventos\/revalida-inep-2025-1-gabarito-recursos\/#O-que-e-o-Revalida\" >O que &eacute; o Revalida?<\/a><ul class='ez-toc-list-level-3' ><li class='ez-toc-heading-level-3'><a class=\"ez-toc-link ez-toc-heading-7\" href=\"https:\/\/med.estrategia.com\/portal\/eventos\/revalida-inep-2025-1-gabarito-recursos\/#Inscricao-no-Conselho-Regional-de-Medicina\" >Inscri&ccedil;&atilde;o no Conselho Regional de Medicina<\/a><\/li><\/ul><\/li><\/ul><\/nav><\/div>\n<h3 class=\"news\"><span class=\"ez-toc-section\" id=\"Inscreva-se-em-nossa-newsletter\"><\/span>Inscreva-se em nossa newsletter!<span class=\"ez-toc-section-end\"><\/span><\/h3>\n\t\t\t<p>Receba not\u00edcias sobre resid\u00eancia m\u00e9dica, revalida\u00e7\u00e3o de diplomas e concursos m\u00e9dicos, al\u00e9m de materiais de estudo gratuitos e informa\u00e7\u00f5es relevantes do mundo da Medicina.<\/p>\n\t\t<\/div>\n\t\t<div class=\"campos\">\n\t\t\t<div class=\"first_name labels\">\n\t\t\t\t<input type=\"text\" class=\"input_labels\" id=\"first_name\" name=\"Nome_Completo\" placeholder=\"Nome\" required \/>\n\t\t\t<\/div>\n\t\t\t<div class=\"email labels\">\n\t\t\t\t<input type=\"email\" class=\"input_labels\" id=\"email\" name=\"Email\" placeholder=\"E-mail\" required \/>\n\t\t\t<\/div>\n\t\t\t<button type=\"submit\" class=\"button_layout\">\n\t\t\t\t<div id=\"lblBotao\">Inscreva-se<\/div>\n\t\t\t\t<span id=\"divSpiner\" class=\"loader\" role=\"status\" style=\"display: none;\"><\/span>\t\n\t\t\t<\/button>\n\t\t<\/div><!-- \/campos -->\n\t\t\n\t\t<label class=\"container_checkbox\">Voc\u00ea concorda com a nossa\n\t\t\t<a class=\"politics_privacy_ahref\" target=\"_blank\" href=\"https:\/\/gratis.estrategiaconcursos.com.br\/politica-de-privacidade\/\">Pol\u00edtica de Privacidade<\/a> e aceita receber informa\u00e7\u00f5es adicionais do Estrat\u00e9gia Educacional.\n\t\t\t<input id=\"checkbox_layout\" type=\"checkbox\" checked=\"checked\" required \/>\n\t\t\t<span class=\"checkbox\"><\/span>\n\t\t<\/label>\n\t\t<div id=\"msg\"><\/div>\n\t\t<div id=\"error\" class=\"error\">\n\t\t<\/div>\n\t<\/form>\n<\/div><!-- \/new-form -->\n\n\n\n<\/p><h2 class=\"wp-block-heading\" id=\"h-gabarito-oficial-e-recursos-revalida-inep-2025-1\"><span class=\"ez-toc-section\" id=\"Gabarito-oficial-e-Recursos-Revalida-INEP-20251\"><\/span>Gabarito oficial e Recursos Revalida INEP 2025.1<span class=\"ez-toc-section-end\"><\/span><\/h2><p>Com <strong>o gabarito e do padr&atilde;o esperado de respostas preliminares<\/strong> divulgados no <strong>dia 26 <\/strong>deste m&ecirc;s, os candidatos ter&atilde;o<strong> at&eacute; o dia 1&ordm; de abril para interpor recursos<\/strong> contra as quest&otilde;es e gabarito. Em seguida, o gabarito definitivo da prova objetiva ser&aacute; divulgado junto ao resultado definitivo da P1 e preliminar da P2 em 9 de maio de 2025. Confira:<\/p><div class=\"wp-block-buttons is-content-justification-center is-layout-flex wp-container-core-buttons-is-layout-1 wp-block-buttons-is-layout-flex\">\n<div class=\"wp-block-button\"><a class=\"wp-block-button__link wp-element-button\" href=\"https:\/\/med.estrategia.com\/portal\/wp-content\/uploads\/2025\/03\/GABARITO_PRELIMINAR.pdf\" target=\"_blank\">gabarito preliminar<\/a><\/div>\n\n\n\n<div class=\"wp-block-button\"><a class=\"wp-block-button__link wp-element-button\" href=\"https:\/\/med.estrategia.com\/portal\/wp-content\/uploads\/2025\/03\/PADRAO_RESPOSTA_PRELIMINAR.pdf\" target=\"_blank\">padr&atilde;o esperado de respostas<\/a><\/div>\n<\/div><p>E para ajudar os candidatos a elaborarem os recursos, os professores especialistas do Estrat&eacute;gia MED prepararam&nbsp;<strong>modelos, com a argumenta&ccedil;&atilde;o e refer&ecirc;ncia bibliogr&aacute;fica&nbsp;<\/strong>de cada quest&atilde;o pass&iacute;vel de questionamento da prova. Confira os recursos em nosso grupo do Telegram clicando no bot&atilde;o abaixo:<\/p><div class=\"wp-block-buttons is-content-justification-center is-layout-flex wp-container-core-buttons-is-layout-2 wp-block-buttons-is-layout-flex\">\n<div class=\"wp-block-button\"><a class=\"wp-block-button__link wp-element-button\" href=\"https:\/\/t.me\/estrategiamed\" target=\"_blank\" rel=\"noopener noreferrer\">acesse os modelos de recursos aqui!<\/a><\/div>\n<\/div><p>Caso necess&aacute;rio,&nbsp;<strong>o recurso precisa ser apresentado de maneira adequada e com uma estrutura correta<\/strong>&nbsp;e, como o Estrat&eacute;gia MED est&aacute;&nbsp;<a href=\"https:\/\/med.estrategia.com\/portal\/?s=revalida\" target=\"_blank\">presente em todas as etapas do Revalida<\/a>, preparamos tamb&eacute;m um guia para te auxiliar neste momento. O<strong>&nbsp;&ldquo;Guia Revalida: como elaborar um recurso irrecus&aacute;vel?&rdquo;<\/strong>&nbsp;&eacute;&nbsp;<em>gratuito e j&aacute; est&aacute; dispon&iacute;vel<\/em>&nbsp;clicando na imagem abaixo:<\/p><figure class=\"wp-block-image size-large is-resized\"><a href=\"https:\/\/gratis.estrategiaconcursos.com.br\/emed-revalida-como-elaborar-um-recurso-irrecusavel-2024\/\" target=\"_blank\"><img decoding=\"async\" src=\"https:\/\/infraweb-landing-pages-prod.s3.amazonaws.com\/medicina\/ebook-revalida\/image\/banner.image\" alt=\"\" style=\"width:680px;height:auto\"><\/a><\/figure><h2 class=\"wp-block-heading\" id=\"h-correcao-revalida-inep-2025-1-do-estrategia-med\"><span class=\"ez-toc-section\" id=\"Correcao-Revalida-INEP-20251-do-Estrategia-MED\"><\/span>Corre&ccedil;&atilde;o Revalida INEP 2025.1 do Estrat&eacute;gia MED<span class=\"ez-toc-section-end\"><\/span><\/h2><p>Os<strong>&nbsp;professores especialistas do Estrat&eacute;gia MED<\/strong>&nbsp;estiveram&nbsp;<strong>ao vivo&nbsp;<\/strong>em&nbsp;<a href=\"https:\/\/www.youtube.com\/c\/Estrat%C3%A9giaMED\" target=\"_blank\">nosso canal do YouTube<\/a>&nbsp;comandando a&nbsp;<strong>corre&ccedil;&atilde;o de todas as 100 quest&otilde;es objetivas aplicadas, bem como as 5 quest&otilde;es discursivas,<\/strong> sanando d&uacute;vidas e sinalizando poss&iacute;veis detalhes que possam ser pass&iacute;veis de recursos contra quest&otilde;es ou gabarito preliminar, se necess&aacute;rio.<\/p><p>A transmiss&atilde;o da corre&ccedil;&atilde;o aconteceu no<strong>&nbsp;dia 23 de mar&ccedil;o<\/strong> e voc&ecirc; p&ocirc;de acompanh&aacute;-la neste mesmo texto, com a atualiza&ccedil;&atilde;o simult&acirc;nea do gabarito extraoficial. Confira:<\/p><h3 class=\"wp-block-heading\" id=\"h-gabarito-extraoficial-prova-objetiva-p1\"><span class=\"ez-toc-section\" id=\"Gabarito-Extraoficial-%E2%80%93-Prova-Objetiva-P1\"><\/span>Gabarito Extraoficial &ndash; Prova Objetiva (P1)<span class=\"ez-toc-section-end\"><\/span><\/h3><figure class=\"wp-block-table\"><table class=\"has-fixed-layout\"><tbody><tr><td>1 &ndash; B*<\/td><td>21 &ndash; C<\/td><td>41 &ndash; A<\/td><td>61 &ndash; A<\/td><td>81 &ndash; A<\/td><\/tr><tr><td>2 &ndash; A<\/td><td>22 &ndash; B<\/td><td>42 &ndash; B<\/td><td>62 &ndash; B<\/td><td>82 &ndash; B<\/td><\/tr><tr><td>3 &ndash; A<\/td><td>23 &ndash; *<\/td><td>43 &ndash; A<\/td><td>63 &ndash; D<\/td><td>83 &ndash; D<\/td><\/tr><tr><td>4 &ndash; B<\/td><td>24 &ndash; A<\/td><td>44 &ndash; D<\/td><td>64 &ndash; A<\/td><td>84 &ndash; B<\/td><\/tr><tr><td>5 &ndash; D<\/td><td>25 &ndash; B*<\/td><td>45 &ndash; A<\/td><td>65 &ndash; C<\/td><td>85 &ndash; C<\/td><\/tr><tr><td>6 &ndash; C<\/td><td>26 &ndash; D<\/td><td>46 &ndash; B<\/td><td>66 &ndash; C<\/td><td>86 &ndash; B<\/td><\/tr><tr><td>7 &ndash; B<\/td><td>27 &ndash; D<\/td><td>47 &ndash; D<\/td><td>67 &ndash; D<\/td><td>87 &ndash; B<\/td><\/tr><tr><td>8 &ndash; B<\/td><td>28 &ndash; B<\/td><td>48 &ndash; C<\/td><td>68 &ndash; C<\/td><td>88 &ndash; D<\/td><\/tr><tr><td>9 &ndash; A<\/td><td>29 &ndash; A<\/td><td>49 &ndash; D<\/td><td>69 &ndash; D<\/td><td>89 &ndash; C<\/td><\/tr><tr><td>10 &ndash; C<\/td><td>30 &ndash; B*<\/td><td>50 &ndash; C<\/td><td>70 &ndash; B<\/td><td>90 &ndash; B<\/td><\/tr><tr><td>11 &ndash; B<\/td><td>31 &ndash; C<\/td><td>51 &ndash; C<\/td><td>71 &ndash; B<\/td><td>91 &ndash; A<\/td><\/tr><tr><td>12 &ndash; A<\/td><td>32 &ndash; C<\/td><td>52 &ndash; D<\/td><td>72 &ndash; D<\/td><td>92 &ndash; D<\/td><\/tr><tr><td>13 &ndash; A<\/td><td>33 &ndash; C<\/td><td>53 &ndash; B<\/td><td>73 &ndash; C<\/td><td>93 &ndash; A<\/td><\/tr><tr><td>14 &ndash; D*<\/td><td>34 &ndash; B<\/td><td>54 &ndash; A<\/td><td>74 &ndash; D<\/td><td>94 &ndash; B<\/td><\/tr><tr><td>15 &ndash; A<\/td><td>35 &ndash; C<\/td><td>55 &ndash; C<\/td><td>75 &ndash; C<\/td><td>95 &ndash; A<\/td><\/tr><tr><td>16 &ndash; B<\/td><td>36 &ndash; A<\/td><td>56 &ndash; C<\/td><td>76 &ndash; A<\/td><td>96 &ndash; B<\/td><\/tr><tr><td>17 &ndash; B<\/td><td>37 &ndash; B<\/td><td>57 &ndash; C<\/td><td>77 &ndash; D<\/td><td>97 &ndash; D<\/td><\/tr><tr><td>18 &ndash; D<\/td><td>38 &ndash; D<\/td><td>58 &ndash; B<\/td><td>78 &ndash; D<\/td><td>98 &ndash; A*<\/td><\/tr><tr><td>19 &ndash; D<\/td><td>39 &ndash; D<\/td><td>59 &ndash; D<\/td><td>79 &ndash; A*<\/td><td>99 &ndash; C<\/td><\/tr><tr><td>20 &ndash; B<\/td><td>40 &ndash; D<\/td><td>60 &ndash; B<\/td><td>80 &ndash; D<\/td><td>100 &ndash; D<\/td><\/tr><\/tbody><\/table><figcaption class=\"wp-element-caption\">Quest&otilde;es com alternativas destacadas com * s&atilde;o pass&iacute;veis de recursos, de acordo com os professores do Estrat&eacute;gia MED<\/figcaption><\/figure><h3 class=\"wp-block-heading\" id=\"h-gabarito-extraoficial-prova-discursiva-p2\"><span class=\"ez-toc-section\" id=\"Gabarito-Extraoficial-%E2%80%93-Prova-Discursiva-P2\"><\/span>Gabarito Extraoficial &ndash; Prova Discursiva (P2)<span class=\"ez-toc-section-end\"><\/span><\/h3><figure class=\"wp-block-table\"><table class=\"has-fixed-layout\"><tbody><tr><td><strong>1. a)<\/strong> Sim, &eacute; necess&aacute;ria a realiza&ccedil;&atilde;o de exames confirmat&oacute;rios. O teste r&aacute;pido para hepatite B (HBsAg reagente) indica a necessidade de confirmar o diagn&oacute;stico por meio de exames como HBV-DNA (teste molecular), anti-HBc IgM, HBeAg.<\/td><\/tr><tr><td><strong>b)<\/strong> Sim, &eacute; necess&aacute;rio confirmar o diagn&oacute;stico com o exame de carga viral HCV-RNA (realizado por PCR). O teste r&aacute;pido detecta o anti-HCV com alta acur&aacute;cia, mas apenas a presen&ccedil;a do HCV-RNA confirma infec&ccedil;&atilde;o ativa.<br>Caso o HCV-RNA seja indetect&aacute;vel, conclui-se que houve contato pr&eacute;vio com o v&iacute;rus sem infec&ccedil;&atilde;o cr&ocirc;nica.<\/td><\/tr><tr><td><strong>c)<\/strong> Os exames essenciais incluem: <br>&ndash; Provas de fun&ccedil;&atilde;o hep&aacute;tica: ALT, AST, bilirrubina total e fra&ccedil;&otilde;es, tempo de protrombina (TP\/RNI) e albumina, para avaliar o grau de comprometimento hep&aacute;tico. <br>&ndash; Imagem: Ultrassonografia ou elastrografia hep&aacute;tica para detectar fibrose ou cirrose.<\/td><\/tr><tr><td><strong>d)<\/strong> <br>1 &ndash; Manejo cl&iacute;nico: seguir acompanhamento m&eacute;dico regular, realizar os exames complementares indicados e iniciar antiviral espec&iacute;fico conforme a gravidade da infec&ccedil;&atilde;o.<br>2 &ndash; Preven&ccedil;&atilde;o: testar contatos domiciliares e sexuais para hepatite B e C, al&eacute;m de evitar compartilhar objetos pessoas como l&acirc;minas de barbear, escovas de dentes e instrumentos perfurocortantes.<\/td><\/tr><\/tbody><\/table><\/figure><figure class=\"wp-block-table\"><table class=\"has-fixed-layout\"><tbody><tr><td><strong>2. a)<\/strong> Doen&ccedil;a hemorroid&aacute;ria interna.<\/td><\/tr><tr><td><strong>b)<\/strong> Hemorroida interna grau III<\/td><\/tr><tr><td><strong>c)<\/strong> <br>&ndash; Aumentar a ingesta de fibras para 25 a 30 gramas por dia e de l&iacute;quidos;<br>&ndash; Evitar alimentos constipantes e ingerir verduras, legumes e cereais em maior quantidade;<br>&ndash; Melhorar a higiene local: evitar esfregar excessivamente a regi&atilde;o perianal e realizar banhos de assento frequentes.<\/td><\/tr><tr><td><strong>d)<\/strong> Hemorroidectomia.<\/td><\/tr><\/tbody><\/table><\/figure><figure class=\"wp-block-table\"><table class=\"has-fixed-layout\"><tbody><tr><td><strong>3. a)<\/strong> Gasometria normal com tend&ecirc;ncia &agrave; acidose e hipoxemia. PO2 no limite inferior corroborando hipoxemia leve e PCO2 no limite inferior corroborando com taquipneia. Compat&iacute;vel com dist&uacute;rbio ventilat&oacute;rio obstrutivo agudizado.<\/td><\/tr><tr><td><strong>b)<\/strong> <br>&ndash; Brometo de ipatr&oacute;prio;<br>&ndash; Corticoide sist&ecirc;mico;<br>&ndash; Oxig&ecirc;nio complementar;<br>&ndash; Corticoide inalat&oacute;rio em dose alta;<br>&ndash; Considerar sulfato de magn&eacute;sio, se refrat&aacute;rio.<\/td><\/tr><tr><td><strong>c)<\/strong> N&atilde;o.<br>&ndash; Possibilidade de tentar VNI prioritariamente. Leve melhora ap&oacute;s terapia inicial;<br>&ndash; Aus&ecirc;ncia de: coma, PCR, apneia, respira&ccedil;&atilde;o ag&ocirc;nica, altera&ccedil;&atilde;o do estado mental, fadiga progressiva, t&oacute;rax silencioso.<\/td><\/tr><tr><td><strong>d)<\/strong> <br>&ndash; Necessidade de O2, taquipneia, refratariedade ao uso de salbutamol, sibilos difusos, ou seja, sinais de crise grave.<\/td><\/tr><\/tbody><\/table><\/figure><figure class=\"wp-block-table\"><table class=\"has-fixed-layout\"><tbody><tr><td><strong>4. a)<\/strong> A paciente apresenta contraindica&ccedil;&otilde;es absolutas (categoria 4) para o uso de anticoncepcionais hormonais combinados, que s&atilde;o os antecedentes de trombose venosa e o tabagismo, <strong>sendo indicado a orienta&ccedil;&atilde;o para o uso de progest&aacute;genos exclusivos, ou DIUs.<\/strong><\/td><\/tr><tr><td><strong>b)<\/strong> Perda de peso, cessa&ccedil;&atilde;o do tabagismo, tratamento adequado de cardiopatia. Avaliar rastreamento do c&acirc;ncer de colo uterino e triagem de situa&ccedil;&otilde;es de viol&ecirc;ncia dom&eacute;stica.<\/td><\/tr><\/tbody><\/table><\/figure><figure class=\"wp-block-table\"><table class=\"has-fixed-layout\"><tbody><tr><td><strong>5. a)<\/strong> <br>&ndash; Testagem regular para a infec&ccedil;&atilde;o pelo HIV e outras ISTs;<br>&ndash; Uso de preservativos e gel lubrificante;<br>&ndash; Diagn&oacute;stico oportuno e tratamento adequado da s&iacute;filis e outras ISTs;<br>&ndash; Imuniza&ccedil;&otilde;es (vacina para hepatite A, hepatite B e papilomav&iacute;rus humano);<br>&ndash; Testagem de HPV oncog&ecirc;nico para o rastreamento do c&acirc;ncer de colo de &uacute;tero;<br>&ndash; Profilaxia pr&eacute;-exposi&ccedil;&atilde;o (PrEP).<\/td><\/tr><tr><td><strong>b)<\/strong><br>&ndash; Teste para HIV;<br>&ndash; Teste para s&iacute;filis;<br>&ndash; Identifica&ccedil;&atilde;o de outras ISTs (clam&iacute;dia e gonococo);<br>&ndash; Teste para hepatite B;<br>&ndash; Teste para hepatite C;<br>&ndash; Fun&ccedil;&atilde;o Renal;<br>&ndash; Vacina&ccedil;&atilde;o para hepatite B, hepatite A e HPV;<br>&ndash; Avalia&ccedil;&atilde;o do hist&oacute;rico de fraturas patol&oacute;gicas.<\/td><\/tr><tr><td><strong>c)<\/strong> <br>&ndash; Exame p&eacute;lvico\/ginecol&oacute;gico para afastar processos infecciosos que contraindiquem o m&eacute;todo;<br>&ndash; Afastar infec&ccedil;&otilde;es sexualmente ativas (cervicites e DIP), inclusive infec&ccedil;&atilde;o por HIV e imunodepress&atilde;o;<br>&ndash; Orientar uso de preservativos (prote&ccedil;&atilde;o de cont&aacute;gio de ISTs).<\/td><\/tr><\/tbody><\/table><\/figure><figure class=\"wp-block-embed is-type-video is-provider-youtube wp-block-embed-youtube wp-embed-aspect-16-9 wp-has-aspect-ratio\"><div class=\"wp-block-embed__wrapper\">\n<div class=\"cs-embed cs-embed-responsive\"><iframe title=\"Gabarito e Corre&ccedil;&atilde;o Revalida INEP 2025.1\" width=\"1200\" height=\"675\" src=\"https:\/\/www.youtube.com\/embed\/FRXsiMj9v-8?feature=oembed\" frameborder=\"0\" allow=\"accelerometer; autoplay; clipboard-write; encrypted-media; gyroscope; picture-in-picture; web-share\" referrerpolicy=\"strict-origin-when-cross-origin\" allowfullscreen><\/iframe><\/div>\n<\/div><\/figure><h2 class=\"wp-block-heading\" id=\"h-o-que-e-o-revalida\"><span class=\"ez-toc-section\" id=\"O-que-e-o-Revalida\"><\/span>O que &eacute; o Revalida?<span class=\"ez-toc-section-end\"><\/span><\/h2><p>O&nbsp;<a href=\"https:\/\/med.estrategia.com\/portal\/residencia-medica\/programa-de-residencia-medica\/o-que-e-revalida\/\" target=\"_blank\">Exame Nacional de Revalida&ccedil;&atilde;o de Diplomas M&eacute;dicos Expedidos por Institui&ccedil;&atilde;o de Ensino Superior Estrangeira<\/a>&nbsp;(Revalida) &eacute; uma das principais provas relacionadas &agrave;&nbsp;<strong>revalida&ccedil;&atilde;o de diplomas no Brasil.<\/strong>&nbsp;Organizada pelo&nbsp;<a href=\"https:\/\/www.gov.br\/inep\/pt-br\/areas-de-atuacao\/avaliacao-e-exames-educacionais\/revalida\" target=\"_blank\">Inep<\/a>&nbsp;desde 2011, a avalia&ccedil;&atilde;o &eacute; voltada para&nbsp;<strong>estrangeiros ou brasileiros que cursaram a faculdade de Medicina no exterior&nbsp;<\/strong>e querem&nbsp;<strong>exercer a profiss&atilde;o no Brasil.&nbsp;<\/strong><\/p><p>Al&eacute;m do Revalida INEP,&nbsp;<strong>outras provas de revalida&ccedil;&atilde;o de diplomas<\/strong>&nbsp;em medicina no Brasil coexistem, como&nbsp;<a href=\"https:\/\/med.estrategia.com\/portal\/revalida\/revalida-usp\/\" target=\"_blank\">Revalida USP<\/a>,&nbsp;<a href=\"https:\/\/med.estrategia.com\/portal\/revalida\/revalida-ufmt-edital\/\" target=\"_blank\">Revalida UFMT<\/a>,&nbsp;<a href=\"https:\/\/med.estrategia.com\/portal\/revalida\/unirg\/\">Revalida UnirG<\/a>,&nbsp;<a href=\"https:\/\/med.estrategia.com\/portal\/revalida\/revalida-uepa\/\">Revalida UEPA<\/a>&nbsp;etc.<\/p><h3 class=\"wp-block-heading\"><span class=\"ez-toc-section\" id=\"Inscricao-no-Conselho-Regional-de-Medicina\"><\/span>Inscri&ccedil;&atilde;o no Conselho Regional de Medicina<span class=\"ez-toc-section-end\"><\/span><\/h3><p>A partir da aprova&ccedil;&atilde;o no Revalida, os m&eacute;dicos podem<strong>&nbsp;conquistar o seu CRM<\/strong>, ou seja, registro dos diplomas junto ao Minist&eacute;rio da Educa&ccedil;&atilde;o e Cultura (MEC) e inscri&ccedil;&atilde;o no Conselho Regional de Medicina.<\/p><p>Isso ocorre porque, no Brasil, segundo o&nbsp;<strong>Art.17 da Lei n&ordm; 3.268\/1957<\/strong>, os m&eacute;dicos s&oacute; poder&atilde;o&nbsp;<strong>exercer legalmente a medicina<\/strong>, em qualquer ramo ou especialidade ap&oacute;s&nbsp;<strong>registrar previamente os seus t&iacute;tulos, diplomas, certificados ou cartas no MEC<\/strong>. Al&eacute;m disso, ap&oacute;s os registros, o profissional ainda deve&nbsp;<strong>prosseguir com a sua inscri&ccedil;&atilde;o no Conselho Regional de Medicina do seu estado<\/strong>. Assim, o m&eacute;dico dever&aacute; atuar sob a jurisdi&ccedil;&atilde;o do local de seu registro e trabalho.&nbsp;<\/p><div class=\"wp-block-buttons is-content-justification-center is-layout-flex wp-container-core-buttons-is-layout-3 wp-block-buttons-is-layout-flex\">\n<div class=\"wp-block-button\"><a class=\"wp-block-button__link wp-element-button\" href=\"https:\/\/med.estrategia.com\/portal\/revalida\/revalida-inep\" target=\"_blank\">saiba mais sobre o revalida inep!<\/a><\/div>\n<\/div><p>Se voc&ecirc; quer ficar por dentro de mais conte&uacute;dos relevantes sobre a &aacute;rea m&eacute;dica, continue acompanhando o material preparado pelo&nbsp;<a href=\"https:\/\/med.estrategia.com\/portal\/\" target=\"_blank\">Portal de Not&iacute;cias do Estrat&eacute;gia MED<\/a>. Aqui, voc&ecirc; encontrar&aacute; informa&ccedil;&otilde;es atualizadas sobre resid&ecirc;ncias, carreira m&eacute;dica e muito mais.<\/p><p>\n\n\n\n\n\n\n<\/p><\/p>\n","protected":false},"excerpt":{"rendered":"Confira a corre\u00e7\u00e3o da primeira etapa do Revalida INEP 2025.1 comandada pelo time de professores especialistas do Estrat\u00e9gia MED\n","protected":false},"author":39,"featured_media":84144,"comment_status":"closed","ping_status":"closed","sticky":false,"template":"","format":"standard","meta":{"wl_entities_gutenberg":"","footnotes":""},"categories":[35],"tags":[],"wl_entity_type":[199],"class_list":{"0":"post-84150","1":"post","2":"type-post","3":"status-publish","4":"format-standard","5":"has-post-thumbnail","7":"category-eventos","8":"wl_entity_type-article"},"acf":[],"yoast_head":"<!-- This site is optimized with the Yoast SEO Premium plugin v26.6 (Yoast SEO v26.6) - https:\/\/yoast.com\/wordpress\/plugins\/seo\/ -->\n<title>Gabarito Revalida INEP 2025.1 do Estrat\u00e9gia MED<\/title>\n<meta name=\"description\" content=\"Confira a corre\u00e7\u00e3o da primeira etapa do Revalida INEP 2025.1 comandada pelo time de professores do Estrat\u00e9gia MED e atualiza\u00e7\u00f5es do processo.\" \/>\n<meta name=\"robots\" content=\"index, follow, max-snippet:-1, max-image-preview:large, max-video-preview:-1\" \/>\n<link rel=\"canonical\" href=\"https:\/\/med.estrategia.com\/portal\/eventos\/revalida-inep-2025-1-gabarito-recursos\/\" \/>\n<meta property=\"og:locale\" content=\"pt_BR\" \/>\n<meta property=\"og:type\" content=\"article\" \/>\n<meta property=\"og:title\" content=\"Revalida INEP 2025.1: confira o gabarito preliminar!\" \/>\n<meta property=\"og:description\" content=\"Confira a corre\u00e7\u00e3o da primeira etapa do Revalida INEP 2025.1 comandada pelo time de professores do Estrat\u00e9gia MED e atualiza\u00e7\u00f5es do processo.\" \/>\n<meta property=\"og:url\" content=\"https:\/\/med.estrategia.com\/portal\/eventos\/revalida-inep-2025-1-gabarito-recursos\/\" \/>\n<meta property=\"og:site_name\" content=\"Estrat\u00e9gia MED\" \/>\n<meta property=\"article:publisher\" content=\"https:\/\/www.facebook.com\/estrategiamed1\" \/>\n<meta property=\"article:published_time\" content=\"2025-03-20T13:44:09+00:00\" \/>\n<meta property=\"article:modified_time\" content=\"2025-04-03T17:19:57+00:00\" \/>\n<meta property=\"og:image\" content=\"https:\/\/med.estrategia.com\/portal\/wp-content\/uploads\/2025\/03\/gabarito-revalida.jpg\" \/>\n\t<meta property=\"og:image:width\" content=\"1280\" \/>\n\t<meta property=\"og:image:height\" content=\"720\" \/>\n\t<meta property=\"og:image:type\" content=\"image\/jpeg\" \/>\n<meta name=\"author\" content=\"Ana Carolina Damasceno\" \/>\n<meta name=\"twitter:card\" content=\"summary_large_image\" \/>\n<meta name=\"twitter:creator\" content=\"@estrategiamed_\" \/>\n<meta name=\"twitter:site\" content=\"@estrategiamed_\" \/>\n<meta name=\"twitter:label1\" content=\"Escrito por\" \/>\n\t<meta name=\"twitter:data1\" content=\"Ana Carolina Damasceno\" \/>\n\t<meta name=\"twitter:label2\" content=\"Est. tempo de leitura\" \/>\n\t<meta name=\"twitter:data2\" content=\"7 minutos\" \/>\n<script type=\"application\/ld+json\" class=\"yoast-schema-graph\">{\"@context\":\"https:\/\/schema.org\",\"@graph\":[{\"@type\":\"WebPage\",\"@id\":\"https:\/\/med.estrategia.com\/portal\/eventos\/revalida-inep-2025-1-gabarito-recursos\/\",\"url\":\"https:\/\/med.estrategia.com\/portal\/eventos\/revalida-inep-2025-1-gabarito-recursos\/\",\"name\":\"Gabarito Revalida INEP 2025.1 do Estrat\u00e9gia MED\",\"isPartOf\":{\"@id\":\"https:\/\/med.estrategia.com\/portal\/#website\"},\"primaryImageOfPage\":{\"@id\":\"https:\/\/med.estrategia.com\/portal\/eventos\/revalida-inep-2025-1-gabarito-recursos\/#primaryimage\"},\"image\":{\"@id\":\"https:\/\/med.estrategia.com\/portal\/eventos\/revalida-inep-2025-1-gabarito-recursos\/#primaryimage\"},\"thumbnailUrl\":\"https:\/\/med.estrategia.com\/portal\/wp-content\/uploads\/2025\/03\/gabarito-revalida.jpg\",\"datePublished\":\"2025-03-20T13:44:09+00:00\",\"dateModified\":\"2025-04-03T17:19:57+00:00\",\"author\":{\"@id\":\"https:\/\/med.estrategia.com\/portal\/#\/schema\/person\/2f553adbb8e25fe39d145c5b2927f58c\"},\"description\":\"Confira a corre\u00e7\u00e3o da primeira etapa do Revalida INEP 2025.1 comandada pelo time de professores do Estrat\u00e9gia MED e atualiza\u00e7\u00f5es do processo.\",\"breadcrumb\":{\"@id\":\"https:\/\/med.estrategia.com\/portal\/eventos\/revalida-inep-2025-1-gabarito-recursos\/#breadcrumb\"},\"inLanguage\":\"pt-BR\",\"potentialAction\":[{\"@type\":\"ReadAction\",\"target\":[\"https:\/\/med.estrategia.com\/portal\/eventos\/revalida-inep-2025-1-gabarito-recursos\/\"]}]},{\"@type\":\"ImageObject\",\"inLanguage\":\"pt-BR\",\"@id\":\"https:\/\/med.estrategia.com\/portal\/eventos\/revalida-inep-2025-1-gabarito-recursos\/#primaryimage\",\"url\":\"https:\/\/med.estrategia.com\/portal\/wp-content\/uploads\/2025\/03\/gabarito-revalida.jpg\",\"contentUrl\":\"https:\/\/med.estrategia.com\/portal\/wp-content\/uploads\/2025\/03\/gabarito-revalida.jpg\",\"width\":1280,\"height\":720},{\"@type\":\"BreadcrumbList\",\"@id\":\"https:\/\/med.estrategia.com\/portal\/eventos\/revalida-inep-2025-1-gabarito-recursos\/#breadcrumb\",\"itemListElement\":[{\"@type\":\"ListItem\",\"position\":1,\"name\":\"Home\",\"item\":\"https:\/\/med.estrategia.com\/portal\/\"},{\"@type\":\"ListItem\",\"position\":2,\"name\":\"Eventos\",\"item\":\"https:\/\/med.estrategia.com\/portal\/eventos\/\"},{\"@type\":\"ListItem\",\"position\":3,\"name\":\"Revalida INEP 2025.1: confira o gabarito preliminar!\"}]},{\"@type\":\"WebSite\",\"@id\":\"https:\/\/med.estrategia.com\/portal\/#website\",\"url\":\"https:\/\/med.estrategia.com\/portal\/\",\"name\":\"Estrat\u00e9gia MED\",\"description\":\"\",\"potentialAction\":[{\"@type\":\"SearchAction\",\"target\":{\"@type\":\"EntryPoint\",\"urlTemplate\":\"https:\/\/med.estrategia.com\/portal\/?s={search_term_string}\"},\"query-input\":{\"@type\":\"PropertyValueSpecification\",\"valueRequired\":true,\"valueName\":\"search_term_string\"}}],\"inLanguage\":\"pt-BR\"},{\"@type\":\"Person\",\"@id\":\"https:\/\/med.estrategia.com\/portal\/#\/schema\/person\/2f553adbb8e25fe39d145c5b2927f58c\",\"name\":\"Ana Carolina Damasceno\",\"image\":{\"@type\":\"ImageObject\",\"inLanguage\":\"pt-BR\",\"@id\":\"https:\/\/med.estrategia.com\/portal\/#\/schema\/person\/image\/\",\"url\":\"https:\/\/med.estrategia.com\/portal\/wp-content\/uploads\/2021\/09\/WhatsApp-Image-2023-08-18-at-16.46.43-150x150.jpeg\",\"contentUrl\":\"https:\/\/med.estrategia.com\/portal\/wp-content\/uploads\/2021\/09\/WhatsApp-Image-2023-08-18-at-16.46.43-150x150.jpeg\",\"caption\":\"Ana Carolina Damasceno\"},\"description\":\"Coordenadora de Jornalismo EMED. Comunicadora por natureza e forma\u00e7\u00e3o, que ama e perde a no\u00e7\u00e3o do tempo com m\u00fasica e s\u00e9rie.\",\"url\":\"https:\/\/med.estrategia.com\/portal\/author\/ana-carolina-damasceno\/\"}]}<\/script>\n<!-- \/ Yoast SEO Premium plugin. -->","yoast_head_json":{"title":"Gabarito Revalida INEP 2025.1 do Estrat\u00e9gia MED","description":"Confira a corre\u00e7\u00e3o da primeira etapa do Revalida INEP 2025.1 comandada pelo time de professores do Estrat\u00e9gia MED e atualiza\u00e7\u00f5es do processo.","robots":{"index":"index","follow":"follow","max-snippet":"max-snippet:-1","max-image-preview":"max-image-preview:large","max-video-preview":"max-video-preview:-1"},"canonical":"https:\/\/med.estrategia.com\/portal\/eventos\/revalida-inep-2025-1-gabarito-recursos\/","og_locale":"pt_BR","og_type":"article","og_title":"Revalida INEP 2025.1: confira o gabarito preliminar!","og_description":"Confira a corre\u00e7\u00e3o da primeira etapa do Revalida INEP 2025.1 comandada pelo time de professores do Estrat\u00e9gia MED e atualiza\u00e7\u00f5es do processo.","og_url":"https:\/\/med.estrategia.com\/portal\/eventos\/revalida-inep-2025-1-gabarito-recursos\/","og_site_name":"Estrat\u00e9gia MED","article_publisher":"https:\/\/www.facebook.com\/estrategiamed1","article_published_time":"2025-03-20T13:44:09+00:00","article_modified_time":"2025-04-03T17:19:57+00:00","og_image":[{"width":1280,"height":720,"url":"https:\/\/med.estrategia.com\/portal\/wp-content\/uploads\/2025\/03\/gabarito-revalida.jpg","type":"image\/jpeg"}],"author":"Ana Carolina Damasceno","twitter_card":"summary_large_image","twitter_creator":"@estrategiamed_","twitter_site":"@estrategiamed_","twitter_misc":{"Escrito por":"Ana Carolina Damasceno","Est. tempo de leitura":"7 minutos"},"schema":{"@context":"https:\/\/schema.org","@graph":[{"@type":"WebPage","@id":"https:\/\/med.estrategia.com\/portal\/eventos\/revalida-inep-2025-1-gabarito-recursos\/","url":"https:\/\/med.estrategia.com\/portal\/eventos\/revalida-inep-2025-1-gabarito-recursos\/","name":"Gabarito Revalida INEP 2025.1 do Estrat\u00e9gia MED","isPartOf":{"@id":"https:\/\/med.estrategia.com\/portal\/#website"},"primaryImageOfPage":{"@id":"https:\/\/med.estrategia.com\/portal\/eventos\/revalida-inep-2025-1-gabarito-recursos\/#primaryimage"},"image":{"@id":"https:\/\/med.estrategia.com\/portal\/eventos\/revalida-inep-2025-1-gabarito-recursos\/#primaryimage"},"thumbnailUrl":"https:\/\/med.estrategia.com\/portal\/wp-content\/uploads\/2025\/03\/gabarito-revalida.jpg","datePublished":"2025-03-20T13:44:09+00:00","dateModified":"2025-04-03T17:19:57+00:00","author":{"@id":"https:\/\/med.estrategia.com\/portal\/#\/schema\/person\/2f553adbb8e25fe39d145c5b2927f58c"},"description":"Confira a corre\u00e7\u00e3o da primeira etapa do Revalida INEP 2025.1 comandada pelo time de professores do Estrat\u00e9gia MED e atualiza\u00e7\u00f5es do processo.","breadcrumb":{"@id":"https:\/\/med.estrategia.com\/portal\/eventos\/revalida-inep-2025-1-gabarito-recursos\/#breadcrumb"},"inLanguage":"pt-BR","potentialAction":[{"@type":"ReadAction","target":["https:\/\/med.estrategia.com\/portal\/eventos\/revalida-inep-2025-1-gabarito-recursos\/"]}]},{"@type":"ImageObject","inLanguage":"pt-BR","@id":"https:\/\/med.estrategia.com\/portal\/eventos\/revalida-inep-2025-1-gabarito-recursos\/#primaryimage","url":"https:\/\/med.estrategia.com\/portal\/wp-content\/uploads\/2025\/03\/gabarito-revalida.jpg","contentUrl":"https:\/\/med.estrategia.com\/portal\/wp-content\/uploads\/2025\/03\/gabarito-revalida.jpg","width":1280,"height":720},{"@type":"BreadcrumbList","@id":"https:\/\/med.estrategia.com\/portal\/eventos\/revalida-inep-2025-1-gabarito-recursos\/#breadcrumb","itemListElement":[{"@type":"ListItem","position":1,"name":"Home","item":"https:\/\/med.estrategia.com\/portal\/"},{"@type":"ListItem","position":2,"name":"Eventos","item":"https:\/\/med.estrategia.com\/portal\/eventos\/"},{"@type":"ListItem","position":3,"name":"Revalida INEP 2025.1: confira o gabarito preliminar!"}]},{"@type":"WebSite","@id":"https:\/\/med.estrategia.com\/portal\/#website","url":"https:\/\/med.estrategia.com\/portal\/","name":"Estrat\u00e9gia MED","description":"","potentialAction":[{"@type":"SearchAction","target":{"@type":"EntryPoint","urlTemplate":"https:\/\/med.estrategia.com\/portal\/?s={search_term_string}"},"query-input":{"@type":"PropertyValueSpecification","valueRequired":true,"valueName":"search_term_string"}}],"inLanguage":"pt-BR"},{"@type":"Person","@id":"https:\/\/med.estrategia.com\/portal\/#\/schema\/person\/2f553adbb8e25fe39d145c5b2927f58c","name":"Ana Carolina Damasceno","image":{"@type":"ImageObject","inLanguage":"pt-BR","@id":"https:\/\/med.estrategia.com\/portal\/#\/schema\/person\/image\/","url":"https:\/\/med.estrategia.com\/portal\/wp-content\/uploads\/2021\/09\/WhatsApp-Image-2023-08-18-at-16.46.43-150x150.jpeg","contentUrl":"https:\/\/med.estrategia.com\/portal\/wp-content\/uploads\/2021\/09\/WhatsApp-Image-2023-08-18-at-16.46.43-150x150.jpeg","caption":"Ana Carolina Damasceno"},"description":"Coordenadora de Jornalismo EMED. Comunicadora por natureza e forma\u00e7\u00e3o, que ama e perde a no\u00e7\u00e3o do tempo com m\u00fasica e s\u00e9rie.","url":"https:\/\/med.estrategia.com\/portal\/author\/ana-carolina-damasceno\/"}]}},"_wl_alt_label":[],"wl:entity_url":"\/post\/revalida-inep-2024-1-confira-o-gabarito-definitivo-da-prova-objetiva-84150","_links":{"self":[{"href":"https:\/\/med.estrategia.com\/portal\/wp-json\/wp\/v2\/posts\/84150","targetHints":{"allow":["GET"]}}],"collection":[{"href":"https:\/\/med.estrategia.com\/portal\/wp-json\/wp\/v2\/posts"}],"about":[{"href":"https:\/\/med.estrategia.com\/portal\/wp-json\/wp\/v2\/types\/post"}],"author":[{"embeddable":true,"href":"https:\/\/med.estrategia.com\/portal\/wp-json\/wp\/v2\/users\/39"}],"replies":[{"embeddable":true,"href":"https:\/\/med.estrategia.com\/portal\/wp-json\/wp\/v2\/comments?post=84150"}],"version-history":[{"count":23,"href":"https:\/\/med.estrategia.com\/portal\/wp-json\/wp\/v2\/posts\/84150\/revisions"}],"predecessor-version":[{"id":97458,"href":"https:\/\/med.estrategia.com\/portal\/wp-json\/wp\/v2\/posts\/84150\/revisions\/97458"}],"wp:featuredmedia":[{"embeddable":true,"href":"https:\/\/med.estrategia.com\/portal\/wp-json\/wp\/v2\/media\/84144"}],"wp:attachment":[{"href":"https:\/\/med.estrategia.com\/portal\/wp-json\/wp\/v2\/media?parent=84150"}],"wp:term":[{"taxonomy":"category","embeddable":true,"href":"https:\/\/med.estrategia.com\/portal\/wp-json\/wp\/v2\/categories?post=84150"},{"taxonomy":"post_tag","embeddable":true,"href":"https:\/\/med.estrategia.com\/portal\/wp-json\/wp\/v2\/tags?post=84150"},{"taxonomy":"wl_entity_type","embeddable":true,"href":"https:\/\/med.estrategia.com\/portal\/wp-json\/wp\/v2\/wl_entity_type?post=84150"}],"curies":[{"name":"wp","href":"https:\/\/api.w.org\/{rel}","templated":true}]}}