{"id":84162,"date":"2025-03-20T14:29:54","date_gmt":"2025-03-20T17:29:54","guid":{"rendered":"https:\/\/med.estrategia.com\/portal\/?p=84162"},"modified":"2025-03-20T14:29:59","modified_gmt":"2025-03-20T17:29:59","slug":"concurso-publico-pm-se-resultado-final-da-prova-objetiva","status":"publish","type":"post","link":"https:\/\/med.estrategia.com\/portal\/concursos\/concurso-publico-pm-se-resultado-final-da-prova-objetiva\/","title":{"rendered":"Concurso P\u00fablico PM SE: resultado final da prova objetiva!"},"content":{"rendered":"<p>Os candidatos j&aacute; podem conferir a lista de classifica&ccedil;&atilde;o da prova objetiva do <strong>concurso p&uacute;blico da Pol&iacute;cia Militar do Estado de Sergipe (PM SE)<\/strong>. A banca respons&aacute;vel pelo certame, <strong>Instituto Selecon<\/strong>, divulgou em<a href=\"https:\/\/selecon.selecao.net.br\/informacoes\/47\/\" target=\"_blank\">&nbsp;seu site<\/a> o <strong>resultado final da prova objetiva<\/strong>, al&eacute;m da convoca&ccedil;&atilde;o para o processo de heteroidentifica&ccedil;&atilde;o da autodeclara&ccedil;&atilde;o racial.  <ul class=\"wp-block-list\">\n<li><a href=\"https:\/\/med.estrategia.com\/portal\/wp-content\/uploads\/2025\/03\/pmse-resultado-oficial-saude_resultadoFinal.pdf\" target=\"_blank\">Resultado final da prova objetiva com classifica&ccedil;&atilde;o &ndash; &aacute;rea m&eacute;dica. <\/a><\/li>\n<\/ul><p>O <strong>resultado final do processo de heteroidentifica&ccedil;&atilde;o<\/strong> est&aacute; previsto para o dia <strong>23 de mar&ccedil;<\/strong>o e a divulga&ccedil;&atilde;o do r<strong>esultado preliminar da prova discursiva<\/strong> para o dia <strong>11 de abril de 2025<\/strong>. <\/p><p><strong>A prova objetiva e discursiva aconteceram no dia 23 de fevereiro de 2025<\/strong>, realizadas na grande Aracaju &ndash; SE. A prova objetiva foi composta por&nbsp;<strong>60 quest&otilde;es de m&uacute;ltipla escolha<\/strong>, com quatro alternativas cada, sendo apenas uma correta. J&aacute; a prova discursiva contou com uma quest&atilde;o de discuss&atilde;o de caso cl&iacute;nico, versando sobre conhecimentos gerais em medicina. <\/p><p>O processe seletivo ainda conta com as etapas de <strong>Teste de Aptid&atilde;o F&iacute;sica (TAF)<\/strong>,&nbsp;<strong>Avalia&ccedil;&atilde;o Psicol&oacute;gica,<\/strong>&nbsp;<strong>Pesquisa de Conduta Social, da Reputa&ccedil;&atilde;o e Idoneidade,<\/strong>&nbsp;<strong>e<\/strong>&nbsp;<strong>Inspe&ccedil;&atilde;o de Sa&uacute;de.<\/strong><\/p><p>\n\n\n<div id=\"new-form\">\n\t<form id=\"forms_layout\">\n\t<input type=\"hidden\" id=\"chave_de\" name=\"chave_de\" value=\"01_EMED_LEADS_TOTAIS\" \/>\n\t\t<input type=\"hidden\" id=\"mid\" name=\"mid\" value=\"515009018\" \/>\n\t\t<input type=\"hidden\" id=\"Objetivo\" name=\"Objetivo\" value=\"Medicina\" \/>\n\t\t<input type=\"hidden\" id=\"Estado_de_Origem_do_IP\" name=\"Estado_de_Origem_do_IP\"  value=\"\" \/>\n\t\t<input type=\"hidden\" id=\"Cidade_de_Origem_do_IP\" name=\"Cidade_de_Origem_do_IP\" value=\"\" \/>\n\t\t<input type=\"hidden\" id=\"Modo_de_entrada\" name=\"Modo_de_entrada\" value=\"Portal\" \/>\n\t\t<input type=\"hidden\" id=\"Pagina_Origem\" name=\"Pagina_Origem\" value=\"\" \/>\n\n\t\t<div class=\"texto\">\n\t\t\t<h3 class=\"news\">Inscreva-se em nossa newsletter!<\/h3>\n\t\t\t<p>Receba not\u00edcias sobre resid\u00eancia m\u00e9dica, revalida\u00e7\u00e3o de diplomas e concursos m\u00e9dicos, al\u00e9m de materiais de estudo gratuitos e informa\u00e7\u00f5es relevantes do mundo da Medicina.<\/p>\n\t\t<\/div>\n\t\t<div class=\"campos\">\n\t\t\t<div class=\"first_name labels\">\n\t\t\t\t<input type=\"text\" class=\"input_labels\" id=\"first_name\" name=\"Nome_Completo\" placeholder=\"Nome\" required \/>\n\t\t\t<\/div>\n\t\t\t<div class=\"email labels\">\n\t\t\t\t<input type=\"email\" class=\"input_labels\" id=\"email\" name=\"Email\" placeholder=\"E-mail\" required \/>\n\t\t\t<\/div>\n\t\t\t<button type=\"submit\" class=\"button_layout\">\n\t\t\t\t<div id=\"lblBotao\">Inscreva-se<\/div>\n\t\t\t\t<span id=\"divSpiner\" class=\"loader\" role=\"status\" style=\"display: none;\"><\/span>\t\n\t\t\t<\/button>\n\t\t<\/div><!-- \/campos -->\n\t\t\n\t\t<label class=\"container_checkbox\">Voc\u00ea concorda com a nossa\n\t\t\t<a class=\"politics_privacy_ahref\" target=\"_blank\" href=\"https:\/\/gratis.estrategiaconcursos.com.br\/politica-de-privacidade\/\">Pol\u00edtica de Privacidade<\/a> e aceita receber informa\u00e7\u00f5es adicionais do Estrat\u00e9gia Educacional.\n\t\t\t<input id=\"checkbox_layout\" type=\"checkbox\" checked=\"checked\" required \/>\n\t\t\t<span class=\"checkbox\"><\/span>\n\t\t<\/label>\n\t\t<div id=\"msg\"><\/div>\n\t\t<div id=\"error\" class=\"error\">\n\t\t<\/div>\n\t<\/form>\n<\/div><!-- \/new-form -->\n\n\n\n<\/p><h2 class=\"wp-block-heading\" id=\"h-sobre-o-concurso-publico-pm-se\">Sobre o Concurso P&uacute;blico PM SE<\/h2><p>O&nbsp;<strong>concurso p&uacute;blico&nbsp;PM SE<\/strong>&nbsp;oferta&nbsp;<strong>duas vagas para os cargos de oficiais m&eacute;dicos psiquiatra e endocrinologista.&nbsp;<\/strong>A remunera&ccedil;&atilde;o inicial &eacute; de&nbsp;<strong>R$ 9.236,39<\/strong>&nbsp;para uma jornada de 180 horas mensais.<\/p><p>Entre os<strong>&nbsp;requisitos<\/strong>, os candidatos precisam ter diploma, devidamente registrado, de conclus&atilde;o de curso de gradua&ccedil;&atilde;o de n&iacute;vel superior em Medicina, fornecido por institui&ccedil;&atilde;o de ensino superior reconhecida pelo Minist&eacute;rio da Educa&ccedil;&atilde;o e possuir registro no conselho de classe, bem como o Registro do Quadro de Especialista &ndash; RQE e\/ou t&iacute;tulo de especialista na &aacute;rea a que concorre.<\/p><p>O candidato tamb&eacute;m deve ter&nbsp;<strong>altura m&iacute;nima descal&ccedil;o de 1,60m, quando do sexo masculino<\/strong>, e de&nbsp;<strong>1,55m, quando do sexo feminino;<\/strong>&nbsp;e&nbsp;<strong>idade m&iacute;nima de 18 anos completos, e m&aacute;xima de 35 ano<\/strong>s, na data de inscri&ccedil;&atilde;o no concurso.<\/p><p class=\"wp-block-preformatted\">Confira mais informa&ccedil;&otilde;es sobre o concurso p&uacute;blico PM SE: <a href=\"https:\/\/med.estrategia.com\/portal\/concursos\/pm-se-tem-concurso-publico-com-vagas-para-medicos-especialistas\/\" target=\"_blank\">Concurso P&uacute;blico PM SE tem as inscri&ccedil;&otilde;es prorrogadas!<\/a><\/p><div class=\"wp-block-image\">\n<figure class=\"aligncenter size-full\"><img decoding=\"async\" width=\"1280\" height=\"622\" src=\"https:\/\/med.estrategia.com\/portal\/wp-content\/uploads\/2025\/08\/concursos_medicos.jpg\" alt=\"concursos_medicos\" class=\"wp-image-91529\" srcset=\"https:\/\/med.estrategia.com\/portal\/wp-content\/uploads\/2025\/08\/concursos_medicos.jpg 1280w, https:\/\/med.estrategia.com\/portal\/wp-content\/uploads\/2025\/08\/concursos_medicos-1024x498.jpg 1024w, https:\/\/med.estrategia.com\/portal\/wp-content\/uploads\/2025\/08\/concursos_medicos-768x373.jpg 768w, https:\/\/med.estrategia.com\/portal\/wp-content\/uploads\/2025\/08\/concursos_medicos-800x389.jpg 800w, https:\/\/med.estrategia.com\/portal\/wp-content\/uploads\/2025\/08\/concursos_medicos-1160x564.jpg 1160w\" sizes=\"(max-width: 1280px) 100vw, 1280px\" \/><\/figure><\/div><\/p>\n","protected":false},"excerpt":{"rendered":"Os candidatos j&aacute; podem conferir a lista de classifica&ccedil;&atilde;o da prova objetiva do concurso p&uacute;blico da Pol&iacute;cia Militar&hellip;\n","protected":false},"author":45,"featured_media":84164,"comment_status":"closed","ping_status":"closed","sticky":false,"template":"","format":"standard","meta":{"wl_entities_gutenberg":"","footnotes":""},"categories":[474],"tags":[],"wl_entity_type":[199],"class_list":{"0":"post-84162","1":"post","2":"type-post","3":"status-publish","4":"format-standard","5":"has-post-thumbnail","7":"category-concursos","8":"wl_entity_type-article"},"acf":[],"yoast_head":"<!-- This site is optimized with the Yoast SEO Premium plugin v26.6 (Yoast SEO v26.6) - https:\/\/yoast.com\/wordpress\/plugins\/seo\/ -->\n<title>Concurso P\u00fablico PM SE: resultado final da prova objetiva!<\/title>\n<meta name=\"description\" content=\"Os candidatos j\u00e1 podem conferir a lista de classifica\u00e7\u00e3o da prova objetiva do concurso p\u00fablico da PM SE. Veja a lista em nosso artigo!\" \/>\n<meta name=\"robots\" content=\"index, follow, max-snippet:-1, max-image-preview:large, max-video-preview:-1\" \/>\n<link rel=\"canonical\" href=\"https:\/\/med.estrategia.com\/portal\/concursos\/concurso-publico-pm-se-resultado-final-da-prova-objetiva\/\" \/>\n<meta property=\"og:locale\" content=\"pt_BR\" \/>\n<meta property=\"og:type\" content=\"article\" \/>\n<meta property=\"og:title\" content=\"Concurso P\u00fablico PM SE: resultado final da prova objetiva!\" \/>\n<meta property=\"og:description\" content=\"Os candidatos j\u00e1 podem conferir a lista de classifica\u00e7\u00e3o da prova objetiva do concurso p\u00fablico da PM SE. Veja a lista em nosso artigo!\" \/>\n<meta property=\"og:url\" content=\"https:\/\/med.estrategia.com\/portal\/concursos\/concurso-publico-pm-se-resultado-final-da-prova-objetiva\/\" \/>\n<meta property=\"og:site_name\" content=\"Estrat\u00e9gia MED\" \/>\n<meta property=\"article:publisher\" content=\"https:\/\/www.facebook.com\/estrategiamed1\" \/>\n<meta property=\"article:published_time\" content=\"2025-03-20T17:29:54+00:00\" \/>\n<meta property=\"article:modified_time\" content=\"2025-03-20T17:29:59+00:00\" \/>\n<meta property=\"og:image\" content=\"https:\/\/med.estrategia.com\/portal\/wp-content\/uploads\/2025\/03\/capa_PM-SE.jpg\" \/>\n\t<meta property=\"og:image:width\" content=\"1280\" \/>\n\t<meta property=\"og:image:height\" content=\"720\" \/>\n\t<meta property=\"og:image:type\" content=\"image\/jpeg\" \/>\n<meta name=\"author\" content=\"Priscila Pereira\" \/>\n<meta name=\"twitter:card\" content=\"summary_large_image\" \/>\n<meta name=\"twitter:creator\" content=\"@estrategiamed_\" \/>\n<meta name=\"twitter:site\" content=\"@estrategiamed_\" \/>\n<meta name=\"twitter:label1\" content=\"Escrito por\" \/>\n\t<meta name=\"twitter:data1\" content=\"Priscila Pereira\" \/>\n\t<meta name=\"twitter:label2\" content=\"Est. tempo de leitura\" \/>\n\t<meta name=\"twitter:data2\" content=\"2 minutos\" \/>\n<script type=\"application\/ld+json\" class=\"yoast-schema-graph\">{\"@context\":\"https:\/\/schema.org\",\"@graph\":[{\"@type\":\"WebPage\",\"@id\":\"https:\/\/med.estrategia.com\/portal\/concursos\/concurso-publico-pm-se-resultado-final-da-prova-objetiva\/\",\"url\":\"https:\/\/med.estrategia.com\/portal\/concursos\/concurso-publico-pm-se-resultado-final-da-prova-objetiva\/\",\"name\":\"Concurso P\u00fablico PM SE: resultado final da prova objetiva!\",\"isPartOf\":{\"@id\":\"https:\/\/med.estrategia.com\/portal\/#website\"},\"primaryImageOfPage\":{\"@id\":\"https:\/\/med.estrategia.com\/portal\/concursos\/concurso-publico-pm-se-resultado-final-da-prova-objetiva\/#primaryimage\"},\"image\":{\"@id\":\"https:\/\/med.estrategia.com\/portal\/concursos\/concurso-publico-pm-se-resultado-final-da-prova-objetiva\/#primaryimage\"},\"thumbnailUrl\":\"https:\/\/med.estrategia.com\/portal\/wp-content\/uploads\/2025\/03\/capa_PM-SE.jpg\",\"datePublished\":\"2025-03-20T17:29:54+00:00\",\"dateModified\":\"2025-03-20T17:29:59+00:00\",\"author\":{\"@id\":\"https:\/\/med.estrategia.com\/portal\/#\/schema\/person\/d1df06a83a849b79b2d480e7d8952ce3\"},\"description\":\"Os candidatos j\u00e1 podem conferir a lista de classifica\u00e7\u00e3o da prova objetiva do concurso p\u00fablico da PM SE. Veja a lista em nosso artigo!\",\"breadcrumb\":{\"@id\":\"https:\/\/med.estrategia.com\/portal\/concursos\/concurso-publico-pm-se-resultado-final-da-prova-objetiva\/#breadcrumb\"},\"inLanguage\":\"pt-BR\",\"potentialAction\":[{\"@type\":\"ReadAction\",\"target\":[\"https:\/\/med.estrategia.com\/portal\/concursos\/concurso-publico-pm-se-resultado-final-da-prova-objetiva\/\"]}]},{\"@type\":\"ImageObject\",\"inLanguage\":\"pt-BR\",\"@id\":\"https:\/\/med.estrategia.com\/portal\/concursos\/concurso-publico-pm-se-resultado-final-da-prova-objetiva\/#primaryimage\",\"url\":\"https:\/\/med.estrategia.com\/portal\/wp-content\/uploads\/2025\/03\/capa_PM-SE.jpg\",\"contentUrl\":\"https:\/\/med.estrategia.com\/portal\/wp-content\/uploads\/2025\/03\/capa_PM-SE.jpg\",\"width\":1280,\"height\":720},{\"@type\":\"BreadcrumbList\",\"@id\":\"https:\/\/med.estrategia.com\/portal\/concursos\/concurso-publico-pm-se-resultado-final-da-prova-objetiva\/#breadcrumb\",\"itemListElement\":[{\"@type\":\"ListItem\",\"position\":1,\"name\":\"Home\",\"item\":\"https:\/\/med.estrategia.com\/portal\/\"},{\"@type\":\"ListItem\",\"position\":2,\"name\":\"Concursos M\u00e9dicos\",\"item\":\"https:\/\/med.estrategia.com\/portal\/concursos\/\"},{\"@type\":\"ListItem\",\"position\":3,\"name\":\"Concurso P\u00fablico PM SE: resultado final da prova objetiva!\"}]},{\"@type\":\"WebSite\",\"@id\":\"https:\/\/med.estrategia.com\/portal\/#website\",\"url\":\"https:\/\/med.estrategia.com\/portal\/\",\"name\":\"Estrat\u00e9gia MED\",\"description\":\"\",\"potentialAction\":[{\"@type\":\"SearchAction\",\"target\":{\"@type\":\"EntryPoint\",\"urlTemplate\":\"https:\/\/med.estrategia.com\/portal\/?s={search_term_string}\"},\"query-input\":{\"@type\":\"PropertyValueSpecification\",\"valueRequired\":true,\"valueName\":\"search_term_string\"}}],\"inLanguage\":\"pt-BR\"},{\"@type\":\"Person\",\"@id\":\"https:\/\/med.estrategia.com\/portal\/#\/schema\/person\/d1df06a83a849b79b2d480e7d8952ce3\",\"name\":\"Priscila Pereira\",\"image\":{\"@type\":\"ImageObject\",\"inLanguage\":\"pt-BR\",\"@id\":\"https:\/\/med.estrategia.com\/portal\/#\/schema\/person\/image\/\",\"url\":\"https:\/\/secure.gravatar.com\/avatar\/fe94f8430a1d23a69c0bc7aab6202e21?s=96&d=mm&r=g\",\"contentUrl\":\"https:\/\/secure.gravatar.com\/avatar\/fe94f8430a1d23a69c0bc7aab6202e21?s=96&d=mm&r=g\",\"caption\":\"Priscila Pereira\"},\"description\":\"Formada e p\u00f3s-graduada na \u00e1rea de comunica\u00e7\u00e3o, divido minha paix\u00e3o entre o jornalismo e os esportes\",\"url\":\"https:\/\/med.estrategia.com\/portal\/author\/priscila-pereira\/\"}]}<\/script>\n<!-- \/ Yoast SEO Premium plugin. -->","yoast_head_json":{"title":"Concurso P\u00fablico PM SE: resultado final da prova objetiva!","description":"Os candidatos j\u00e1 podem conferir a lista de classifica\u00e7\u00e3o da prova objetiva do concurso p\u00fablico da PM SE. Veja a lista em nosso artigo!","robots":{"index":"index","follow":"follow","max-snippet":"max-snippet:-1","max-image-preview":"max-image-preview:large","max-video-preview":"max-video-preview:-1"},"canonical":"https:\/\/med.estrategia.com\/portal\/concursos\/concurso-publico-pm-se-resultado-final-da-prova-objetiva\/","og_locale":"pt_BR","og_type":"article","og_title":"Concurso P\u00fablico PM SE: resultado final da prova objetiva!","og_description":"Os candidatos j\u00e1 podem conferir a lista de classifica\u00e7\u00e3o da prova objetiva do concurso p\u00fablico da PM SE. Veja a lista em nosso artigo!","og_url":"https:\/\/med.estrategia.com\/portal\/concursos\/concurso-publico-pm-se-resultado-final-da-prova-objetiva\/","og_site_name":"Estrat\u00e9gia MED","article_publisher":"https:\/\/www.facebook.com\/estrategiamed1","article_published_time":"2025-03-20T17:29:54+00:00","article_modified_time":"2025-03-20T17:29:59+00:00","og_image":[{"width":1280,"height":720,"url":"https:\/\/med.estrategia.com\/portal\/wp-content\/uploads\/2025\/03\/capa_PM-SE.jpg","type":"image\/jpeg"}],"author":"Priscila Pereira","twitter_card":"summary_large_image","twitter_creator":"@estrategiamed_","twitter_site":"@estrategiamed_","twitter_misc":{"Escrito por":"Priscila Pereira","Est. tempo de leitura":"2 minutos"},"schema":{"@context":"https:\/\/schema.org","@graph":[{"@type":"WebPage","@id":"https:\/\/med.estrategia.com\/portal\/concursos\/concurso-publico-pm-se-resultado-final-da-prova-objetiva\/","url":"https:\/\/med.estrategia.com\/portal\/concursos\/concurso-publico-pm-se-resultado-final-da-prova-objetiva\/","name":"Concurso P\u00fablico PM SE: resultado final da prova objetiva!","isPartOf":{"@id":"https:\/\/med.estrategia.com\/portal\/#website"},"primaryImageOfPage":{"@id":"https:\/\/med.estrategia.com\/portal\/concursos\/concurso-publico-pm-se-resultado-final-da-prova-objetiva\/#primaryimage"},"image":{"@id":"https:\/\/med.estrategia.com\/portal\/concursos\/concurso-publico-pm-se-resultado-final-da-prova-objetiva\/#primaryimage"},"thumbnailUrl":"https:\/\/med.estrategia.com\/portal\/wp-content\/uploads\/2025\/03\/capa_PM-SE.jpg","datePublished":"2025-03-20T17:29:54+00:00","dateModified":"2025-03-20T17:29:59+00:00","author":{"@id":"https:\/\/med.estrategia.com\/portal\/#\/schema\/person\/d1df06a83a849b79b2d480e7d8952ce3"},"description":"Os candidatos j\u00e1 podem conferir a lista de classifica\u00e7\u00e3o da prova objetiva do concurso p\u00fablico da PM SE. Veja a lista em nosso artigo!","breadcrumb":{"@id":"https:\/\/med.estrategia.com\/portal\/concursos\/concurso-publico-pm-se-resultado-final-da-prova-objetiva\/#breadcrumb"},"inLanguage":"pt-BR","potentialAction":[{"@type":"ReadAction","target":["https:\/\/med.estrategia.com\/portal\/concursos\/concurso-publico-pm-se-resultado-final-da-prova-objetiva\/"]}]},{"@type":"ImageObject","inLanguage":"pt-BR","@id":"https:\/\/med.estrategia.com\/portal\/concursos\/concurso-publico-pm-se-resultado-final-da-prova-objetiva\/#primaryimage","url":"https:\/\/med.estrategia.com\/portal\/wp-content\/uploads\/2025\/03\/capa_PM-SE.jpg","contentUrl":"https:\/\/med.estrategia.com\/portal\/wp-content\/uploads\/2025\/03\/capa_PM-SE.jpg","width":1280,"height":720},{"@type":"BreadcrumbList","@id":"https:\/\/med.estrategia.com\/portal\/concursos\/concurso-publico-pm-se-resultado-final-da-prova-objetiva\/#breadcrumb","itemListElement":[{"@type":"ListItem","position":1,"name":"Home","item":"https:\/\/med.estrategia.com\/portal\/"},{"@type":"ListItem","position":2,"name":"Concursos M\u00e9dicos","item":"https:\/\/med.estrategia.com\/portal\/concursos\/"},{"@type":"ListItem","position":3,"name":"Concurso P\u00fablico PM SE: resultado final da prova objetiva!"}]},{"@type":"WebSite","@id":"https:\/\/med.estrategia.com\/portal\/#website","url":"https:\/\/med.estrategia.com\/portal\/","name":"Estrat\u00e9gia MED","description":"","potentialAction":[{"@type":"SearchAction","target":{"@type":"EntryPoint","urlTemplate":"https:\/\/med.estrategia.com\/portal\/?s={search_term_string}"},"query-input":{"@type":"PropertyValueSpecification","valueRequired":true,"valueName":"search_term_string"}}],"inLanguage":"pt-BR"},{"@type":"Person","@id":"https:\/\/med.estrategia.com\/portal\/#\/schema\/person\/d1df06a83a849b79b2d480e7d8952ce3","name":"Priscila Pereira","image":{"@type":"ImageObject","inLanguage":"pt-BR","@id":"https:\/\/med.estrategia.com\/portal\/#\/schema\/person\/image\/","url":"https:\/\/secure.gravatar.com\/avatar\/fe94f8430a1d23a69c0bc7aab6202e21?s=96&d=mm&r=g","contentUrl":"https:\/\/secure.gravatar.com\/avatar\/fe94f8430a1d23a69c0bc7aab6202e21?s=96&d=mm&r=g","caption":"Priscila Pereira"},"description":"Formada e p\u00f3s-graduada na \u00e1rea de comunica\u00e7\u00e3o, divido minha paix\u00e3o entre o jornalismo e os esportes","url":"https:\/\/med.estrategia.com\/portal\/author\/priscila-pereira\/"}]}},"_wl_alt_label":[],"wl:entity_url":"\/post\/concurso-publico-pm-se-resultado-final-prova-objetiva-84162","_links":{"self":[{"href":"https:\/\/med.estrategia.com\/portal\/wp-json\/wp\/v2\/posts\/84162","targetHints":{"allow":["GET"]}}],"collection":[{"href":"https:\/\/med.estrategia.com\/portal\/wp-json\/wp\/v2\/posts"}],"about":[{"href":"https:\/\/med.estrategia.com\/portal\/wp-json\/wp\/v2\/types\/post"}],"author":[{"embeddable":true,"href":"https:\/\/med.estrategia.com\/portal\/wp-json\/wp\/v2\/users\/45"}],"replies":[{"embeddable":true,"href":"https:\/\/med.estrategia.com\/portal\/wp-json\/wp\/v2\/comments?post=84162"}],"version-history":[{"count":4,"href":"https:\/\/med.estrategia.com\/portal\/wp-json\/wp\/v2\/posts\/84162\/revisions"}],"predecessor-version":[{"id":89836,"href":"https:\/\/med.estrategia.com\/portal\/wp-json\/wp\/v2\/posts\/84162\/revisions\/89836"}],"wp:featuredmedia":[{"embeddable":true,"href":"https:\/\/med.estrategia.com\/portal\/wp-json\/wp\/v2\/media\/84164"}],"wp:attachment":[{"href":"https:\/\/med.estrategia.com\/portal\/wp-json\/wp\/v2\/media?parent=84162"}],"wp:term":[{"taxonomy":"category","embeddable":true,"href":"https:\/\/med.estrategia.com\/portal\/wp-json\/wp\/v2\/categories?post=84162"},{"taxonomy":"post_tag","embeddable":true,"href":"https:\/\/med.estrategia.com\/portal\/wp-json\/wp\/v2\/tags?post=84162"},{"taxonomy":"wl_entity_type","embeddable":true,"href":"https:\/\/med.estrategia.com\/portal\/wp-json\/wp\/v2\/wl_entity_type?post=84162"}],"curies":[{"name":"wp","href":"https:\/\/api.w.org\/{rel}","templated":true}]}}