{"id":84184,"date":"2025-03-20T18:55:33","date_gmt":"2025-03-20T21:55:33","guid":{"rendered":"https:\/\/med.estrategia.com\/portal\/?p=84184"},"modified":"2025-03-20T19:13:58","modified_gmt":"2025-03-20T22:13:58","slug":"cfm-alerta-para-ilegalidade-e-riscos-da-prescricao-de-medicamentos-por-farmaceuticos-entenda-o-caso","status":"publish","type":"post","link":"https:\/\/med.estrategia.com\/portal\/noticias\/cfm-alerta-para-ilegalidade-e-riscos-da-prescricao-de-medicamentos-por-farmaceuticos-entenda-o-caso\/","title":{"rendered":"CFM alerta para ilegalidade e riscos da prescri\u00e7\u00e3o de medicamentos por farmac\u00eauticos; entenda o caso"},"content":{"rendered":"<p>O Conselho Federal de Medicina (CFM) emitiu hoje (20) um <a href=\"https:\/\/portal.cfm.org.br\/noticias\/prescricao-de-medicamentos-por-farmaceuticos-e-ilegal-e-coloca-pacientes-em-risco-alerta-cfm\" target=\"_blank\">pronunciamento oficial<\/a> contra a nova resolu&ccedil;&atilde;o publicada pelo Conselho Federal de Farm&aacute;cia (CFF) no Di&aacute;rio Oficial da Uni&atilde;o na &uacute;ltima segunda-feira (17). A norma<strong> autoriza farmac&ecirc;uticos a prescreverem medicamentos, incluindo aqueles que exigem receita m&eacute;dica<\/strong>, o que, segundo o CFM, &eacute; <strong>ilegal e coloca a popula&ccedil;&atilde;o em risco<\/strong>. Confira, na &iacute;ntegra, a resolu&ccedil;&atilde;o publicada pelo CFF:<div class=\"wp-block-buttons is-content-justification-center is-layout-flex wp-container-core-buttons-is-layout-1 wp-block-buttons-is-layout-flex\">\n<div class=\"wp-block-button\"><a class=\"wp-block-button__link wp-element-button\" href=\"https:\/\/med.estrategia.com\/portal\/wp-content\/uploads\/2025\/03\/RESOLUCAO-No-5-DE-20-DE-FEVEREIRO-DE-2025-RESOLUCAO-No-5-DE-20-DE-FEVEREIRO-DE-2025-DOU-Imprensa-Nacional.pdf\" target=\"_blank\">RESOLU&Ccedil;&Atilde;O N&ordm; 5, DE 20 DE FEVEREIRO DE 2025<\/a><\/div>\n<\/div><div id=\"ez-toc-container\" class=\"ez-toc-v2_0_79_2 counter-hierarchy ez-toc-counter ez-toc-transparent ez-toc-container-direction\">\n<div class=\"ez-toc-title-container\"><p class=\"ez-toc-title\" style=\"cursor:inherit\">Navegue pelo conte\u00fado<\/p>\n<\/div><nav><ul class='ez-toc-list ez-toc-list-level-1 ' ><li class='ez-toc-page-1 ez-toc-heading-level-2'><a class=\"ez-toc-link ez-toc-heading-1\" href=\"https:\/\/med.estrategia.com\/portal\/noticias\/cfm-alerta-para-ilegalidade-e-riscos-da-prescricao-de-medicamentos-por-farmaceuticos-entenda-o-caso\/#Exclusividade-medica-na-prescricao-de-medicamentos\" >Exclusividade m&eacute;dica na prescri&ccedil;&atilde;o de medicamentos<\/a><ul class='ez-toc-list-level-3' ><li class='ez-toc-heading-level-3'><a class=\"ez-toc-link ez-toc-heading-2\" href=\"https:\/\/med.estrategia.com\/portal\/noticias\/cfm-alerta-para-ilegalidade-e-riscos-da-prescricao-de-medicamentos-por-farmaceuticos-entenda-o-caso\/#Inscreva-se-em-nossa-newsletter\" >Inscreva-se em nossa newsletter!<\/a><\/li><\/ul><\/li><li class='ez-toc-page-1 ez-toc-heading-level-2'><a class=\"ez-toc-link ez-toc-heading-3\" href=\"https:\/\/med.estrategia.com\/portal\/noticias\/cfm-alerta-para-ilegalidade-e-riscos-da-prescricao-de-medicamentos-por-farmaceuticos-entenda-o-caso\/#O-que-a-nova-resolucao-permite-aos-farmaceuticos\" >O que a nova resolu&ccedil;&atilde;o permite aos farmac&ecirc;uticos?<\/a><\/li><li class='ez-toc-page-1 ez-toc-heading-level-2'><a class=\"ez-toc-link ez-toc-heading-4\" href=\"https:\/\/med.estrategia.com\/portal\/noticias\/cfm-alerta-para-ilegalidade-e-riscos-da-prescricao-de-medicamentos-por-farmaceuticos-entenda-o-caso\/#CFF-se-manifesta\" >CFF se manifesta<\/a><\/li><\/ul><\/nav><\/div>\n<h2 class=\"wp-block-heading\" id=\"h-exclusividade-medica-na-prescricao-de-medicamentos\"><span class=\"ez-toc-section\" id=\"Exclusividade-medica-na-prescricao-de-medicamentos\"><\/span>Exclusividade m&eacute;dica na prescri&ccedil;&atilde;o de medicamentos<span class=\"ez-toc-section-end\"><\/span><\/h2><p>O CFM argumenta que a prescri&ccedil;&atilde;o de medicamentos exige investiga&ccedil;&atilde;o cl&iacute;nica, diagn&oacute;stico e defini&ccedil;&atilde;o de tratamento,<strong> compet&ecirc;ncias privativas dos m&eacute;dicos conforme a Lei do Ato M&eacute;dico<\/strong>. Al&eacute;m disso, destaca que <strong>a forma&ccedil;&atilde;o acad&ecirc;mica dos farmac&ecirc;uticos n&atilde;o contempla treinamento adequado <\/strong>para avalia&ccedil;&atilde;o cl&iacute;nica, determina&ccedil;&atilde;o de terapia ou gerenciamento de eventuais efeitos adversos dos medicamentos. A resolu&ccedil;&atilde;o seria um &ldquo;atentado &agrave; legalidade e &agrave; seguran&ccedil;a da popula&ccedil;&atilde;o&rdquo;, de acordo com a autarquia.&nbsp;<\/p><p>O Conselho tamb&eacute;m critica o fato de a nova resolu&ccedil;&atilde;o<strong> reeditar uma tese j&aacute; derrubada anteriormente pela Justi&ccedil;a<\/strong>, o que, na vis&atilde;o da entidade, caracteriza prevarica&ccedil;&atilde;o por parte do CFF.&nbsp;<\/p><blockquote class=\"wp-block-quote is-layout-flow wp-block-quote-is-layout-flow\">\n<p>&ldquo;Tal pr&aacute;tica pode levar a &oacute;bitos, sequelas e danos irrepar&aacute;veis. Se o CFF deseja que farmac&ecirc;uticos atuem como m&eacute;dicos sem diploma, questiona-se a pr&oacute;pria necessidade da exist&ecirc;ncia da profiss&atilde;o de farmac&ecirc;utico e de seu conselho. Trata-se de uma invas&atilde;o flagrante das atribui&ccedil;&otilde;es m&eacute;dicas. Diagnosticar doen&ccedil;as e prescrever tratamentos s&atilde;o atos privativos de m&eacute;dicos, formados para tal.&rdquo;&nbsp;<\/p>\n<\/blockquote><p>O CFM anunciou que tomar&aacute; todas as provid&ecirc;ncias judiciais e administrativas necess&aacute;rias para <strong>suspender a resolu&ccedil;&atilde;o e responsabilizar os dirigentes do CFF por eventuais danos causados &agrave; sa&uacute;de da popula&ccedil;&atilde;o<\/strong>.&nbsp;<\/p><p>\n\n\n<div id=\"new-form\">\n\t<form id=\"forms_layout\">\n\t<input type=\"hidden\" id=\"chave_de\" name=\"chave_de\" value=\"01_EMED_LEADS_TOTAIS\" \/>\n\t\t<input type=\"hidden\" id=\"mid\" name=\"mid\" value=\"515009018\" \/>\n\t\t<input type=\"hidden\" id=\"Objetivo\" name=\"Objetivo\" value=\"Medicina\" \/>\n\t\t<input type=\"hidden\" id=\"Estado_de_Origem_do_IP\" name=\"Estado_de_Origem_do_IP\"  value=\"\" \/>\n\t\t<input type=\"hidden\" id=\"Cidade_de_Origem_do_IP\" name=\"Cidade_de_Origem_do_IP\" value=\"\" \/>\n\t\t<input type=\"hidden\" id=\"Modo_de_entrada\" name=\"Modo_de_entrada\" value=\"Portal\" \/>\n\t\t<input type=\"hidden\" id=\"Pagina_Origem\" name=\"Pagina_Origem\" value=\"\" \/>\n\n\t\t<div class=\"texto\">\n\t\t\t<h3 class=\"news\"><span class=\"ez-toc-section\" id=\"Inscreva-se-em-nossa-newsletter\"><\/span>Inscreva-se em nossa newsletter!<span class=\"ez-toc-section-end\"><\/span><\/h3>\n\t\t\t<p>Receba not\u00edcias sobre resid\u00eancia m\u00e9dica, revalida\u00e7\u00e3o de diplomas e concursos m\u00e9dicos, al\u00e9m de materiais de estudo gratuitos e informa\u00e7\u00f5es relevantes do mundo da Medicina.<\/p>\n\t\t<\/div>\n\t\t<div class=\"campos\">\n\t\t\t<div class=\"first_name labels\">\n\t\t\t\t<input type=\"text\" class=\"input_labels\" id=\"first_name\" name=\"Nome_Completo\" placeholder=\"Nome\" required \/>\n\t\t\t<\/div>\n\t\t\t<div class=\"email labels\">\n\t\t\t\t<input type=\"email\" class=\"input_labels\" id=\"email\" name=\"Email\" placeholder=\"E-mail\" required \/>\n\t\t\t<\/div>\n\t\t\t<button type=\"submit\" class=\"button_layout\">\n\t\t\t\t<div id=\"lblBotao\">Inscreva-se<\/div>\n\t\t\t\t<span id=\"divSpiner\" class=\"loader\" role=\"status\" style=\"display: none;\"><\/span>\t\n\t\t\t<\/button>\n\t\t<\/div><!-- \/campos -->\n\t\t\n\t\t<label class=\"container_checkbox\">Voc\u00ea concorda com a nossa\n\t\t\t<a class=\"politics_privacy_ahref\" target=\"_blank\" href=\"https:\/\/gratis.estrategiaconcursos.com.br\/politica-de-privacidade\/\">Pol\u00edtica de Privacidade<\/a> e aceita receber informa\u00e7\u00f5es adicionais do Estrat\u00e9gia Educacional.\n\t\t\t<input id=\"checkbox_layout\" type=\"checkbox\" checked=\"checked\" required \/>\n\t\t\t<span class=\"checkbox\"><\/span>\n\t\t<\/label>\n\t\t<div id=\"msg\"><\/div>\n\t\t<div id=\"error\" class=\"error\">\n\t\t<\/div>\n\t<\/form>\n<\/div><!-- \/new-form -->\n\n\n\n<\/p><h2 class=\"wp-block-heading\" id=\"h-o-que-a-nova-resolucao-permite-aos-farmaceuticos\"><span class=\"ez-toc-section\" id=\"O-que-a-nova-resolucao-permite-aos-farmaceuticos\"><\/span>O que a nova resolu&ccedil;&atilde;o permite aos farmac&ecirc;uticos?<span class=\"ez-toc-section-end\"><\/span><\/h2><p>Na resolu&ccedil;&atilde;o publicada no dia 17 de mar&ccedil;o de 2025, o Conselho Federal de Farm&aacute;cia definiu a <strong>possibilidade de os farmac&ecirc;uticos executarem novas atribui&ccedil;&otilde;es<\/strong>, entre elas:<\/p><ul class=\"wp-block-list\">\n<li>Prescri&ccedil;&atilde;o de medicamentos, incluindo aqueles de venda sob prescri&ccedil;&atilde;o m&eacute;dica;<\/li>\n\n\n\n<li>Renova&ccedil;&atilde;o de prescri&ccedil;&otilde;es previamente emitidas por outros profissionais de sa&uacute;de legalmente habilitados;<\/li>\n\n\n\n<li>Realiza&ccedil;&atilde;o de exame f&iacute;sico para avalia&ccedil;&atilde;o de sinais e sintomas;<\/li>\n\n\n\n<li>Solicita&ccedil;&atilde;o e interpreta&ccedil;&atilde;o de exames para avalia&ccedil;&atilde;o da efetividade do tratamento; e<\/li>\n\n\n\n<li>Coleta de dados por meio da anamnese farmac&ecirc;utica.<\/li>\n<\/ul><p>De acordo com o CFF, a resolu&ccedil;&atilde;o tem amparo na capacidade dos farmac&ecirc;uticos de realizar acompanhamento farmacoterap&ecirc;utico e, segundo este Conselho, <strong>a prescri&ccedil;&atilde;o estaria restrita a profissionais com Registro de Qualifica&ccedil;&atilde;o de Especialista (RQE) em Farm&aacute;cia Cl&iacute;nica<\/strong>.<\/p><h2 class=\"wp-block-heading\" id=\"h-cff-se-manifesta\"><span class=\"ez-toc-section\" id=\"CFF-se-manifesta\"><\/span>CFF se manifesta<span class=\"ez-toc-section-end\"><\/span><\/h2><p>O Conselho Federal de Farm&aacute;cia tamb&eacute;m divulgou hoje (20) um pronunciamento ap&oacute;s a repercuss&atilde;o da nova resolu&ccedil;&atilde;o. De acordo com o Conselho, os <strong>farmac&ecirc;uticos conquistaram o direito &agrave; prescri&ccedil;&atilde;o de medicamentos no Brasil h&aacute; 12 anos<\/strong>. &ldquo;Sobre a Resolu&ccedil;&atilde;o n&ordm; 5\/2025, ressalta-se que n&atilde;o h&aacute; nenhuma novidade em rela&ccedil;&atilde;o &agrave; prescri&ccedil;&atilde;o em si. O que o Conselho Federal de Farm&aacute;cia fez foi aprimorar os instrumentos normativos para a fiscaliza&ccedil;&atilde;o e garantir maior seguran&ccedil;a para pacientes e profissionais&rdquo;, afirma o &oacute;rg&atilde;o.<\/p><p>Ainda, o CFF refor&ccedil;a que a prescri&ccedil;&atilde;o farmac&ecirc;utica &eacute; respaldada pela <a href=\"https:\/\/www.planalto.gov.br\/ccivil_03\/_ato2011-2014\/2014\/lei\/l13021.htm\" target=\"_blank\">Lei Federal n&ordm; 13.021 de 2014<\/a>, que determina que o farmac&ecirc;utico tem a <strong>obriga&ccedil;&atilde;o de estabelecer o perfil farmacoterap&ecirc;utico dos pacientes, al&eacute;m do pr&oacute;prio acompanhamento farmacoterap&ecirc;utico<\/strong>.<\/p><div class=\"wp-block-buttons is-content-justification-center is-layout-flex wp-container-core-buttons-is-layout-2 wp-block-buttons-is-layout-flex\">\n<div class=\"wp-block-button\"><a class=\"wp-block-button__link wp-element-button\" href=\"https:\/\/site.cff.org.br\/noticia\/Noticias-gerais\/20\/03\/2025\/conselho-federal-de-farmacia-cff-se-manifesta-sobre-a-resolucao-n-5-2025\" target=\"_blank\">confira o pronunciamento completo<\/a><\/div>\n<\/div><p>Se voc&ecirc; quer ficar por dentro de mais conte&uacute;dos relevantes sobre a &aacute;rea m&eacute;dica, continue acompanhando o material preparado pelo Portal de Not&iacute;cias do Estrat&eacute;gia MED. Aqui, voc&ecirc; encontrar&aacute; informa&ccedil;&otilde;es atualizadas sobre resid&ecirc;ncias, carreira m&eacute;dica e muito mais.<\/p><p>Aproveite e n&atilde;o perca a chance de estudar contando com o maior banco de quest&otilde;es da &aacute;rea m&eacute;dica! Em dezembro de 2024, o BQMED contava com mais de 200 mil quest&otilde;es cadastradas, sendo mais de 108 mil quest&otilde;es com solu&ccedil;&atilde;o e, dessas, mais de 75 mil quest&otilde;es com coment&aacute;rios em v&iacute;deo dos professores especialistas do Estrat&eacute;gia MED. Saiba mais abaixo!<\/p><p>\n\n\n\n\n\n<a id=\"cta\" class=\"cta-imagem\" href=\"https:\/\/med.estrategia.com\/curso\/banco-de-questes-resumos-estrategicos-anual\/\" target=\"blank\">\n                <img decoding=\"async\" width=\"100%\" src=\"https:\/\/med.estrategia.com\/portal\/wp-content\/uploads\/2025\/08\/banco_questoes.png\" alt=\"banco_questoes\" title=\"banco_questoes\">\n        <\/a>\n<\/p><\/p>\n","protected":false},"excerpt":{"rendered":"Pronunciamento ocorre ap\u00f3s o Conselho Federal de Farm\u00e1cia autorizar, via resolu\u00e7\u00e3o, farmac\u00eauticos a prescreverem medicamentos\n","protected":false},"author":22,"featured_media":84185,"comment_status":"closed","ping_status":"closed","sticky":false,"template":"","format":"standard","meta":{"wl_entities_gutenberg":"","footnotes":""},"categories":[300],"tags":[],"wl_entity_type":[199],"class_list":{"0":"post-84184","1":"post","2":"type-post","3":"status-publish","4":"format-standard","5":"has-post-thumbnail","7":"category-noticias","8":"wl_entity_type-article"},"acf":[],"yoast_head":"<!-- This site is optimized with the Yoast SEO Premium plugin v26.6 (Yoast SEO v26.6) - https:\/\/yoast.com\/wordpress\/plugins\/seo\/ -->\n<title>CFM alerta para ilegalidade e riscos da prescri\u00e7\u00e3o de medicamentos por farmac\u00eauticos; entenda o caso<\/title>\n<meta name=\"description\" content=\"Entenda como ser\u00e1 a prescri\u00e7\u00e3o de medicamentos por farmac\u00eauticos e a opini\u00e3o do Conselho Federal de Medicina sobre o caso!\" \/>\n<meta name=\"robots\" content=\"index, follow, max-snippet:-1, max-image-preview:large, max-video-preview:-1\" \/>\n<link rel=\"canonical\" href=\"https:\/\/med.estrategia.com\/portal\/noticias\/cfm-alerta-para-ilegalidade-e-riscos-da-prescricao-de-medicamentos-por-farmaceuticos-entenda-o-caso\/\" \/>\n<meta property=\"og:locale\" content=\"pt_BR\" \/>\n<meta property=\"og:type\" content=\"article\" \/>\n<meta property=\"og:title\" content=\"CFM alerta para ilegalidade e riscos da prescri\u00e7\u00e3o de medicamentos por farmac\u00eauticos; entenda o caso\" \/>\n<meta property=\"og:description\" content=\"Entenda como ser\u00e1 a prescri\u00e7\u00e3o de medicamentos por farmac\u00eauticos e a opini\u00e3o do Conselho Federal de Medicina sobre o caso!\" \/>\n<meta property=\"og:url\" content=\"https:\/\/med.estrategia.com\/portal\/noticias\/cfm-alerta-para-ilegalidade-e-riscos-da-prescricao-de-medicamentos-por-farmaceuticos-entenda-o-caso\/\" \/>\n<meta property=\"og:site_name\" content=\"Estrat\u00e9gia MED\" \/>\n<meta property=\"article:publisher\" content=\"https:\/\/www.facebook.com\/estrategiamed1\" \/>\n<meta property=\"article:published_time\" content=\"2025-03-20T21:55:33+00:00\" \/>\n<meta property=\"article:modified_time\" content=\"2025-03-20T22:13:58+00:00\" \/>\n<meta property=\"og:image\" content=\"https:\/\/med.estrategia.com\/portal\/wp-content\/uploads\/2025\/03\/04112010-04112010FRP9624.jpg\" \/>\n\t<meta property=\"og:image:width\" content=\"1920\" \/>\n\t<meta property=\"og:image:height\" content=\"1260\" \/>\n\t<meta property=\"og:image:type\" content=\"image\/jpeg\" \/>\n<meta name=\"author\" content=\"Erika Coelho\" \/>\n<meta name=\"twitter:card\" content=\"summary_large_image\" \/>\n<meta name=\"twitter:creator\" content=\"@estrategiamed_\" \/>\n<meta name=\"twitter:site\" content=\"@estrategiamed_\" \/>\n<meta name=\"twitter:label1\" content=\"Escrito por\" \/>\n\t<meta name=\"twitter:data1\" content=\"Erika Coelho\" \/>\n\t<meta name=\"twitter:label2\" content=\"Est. tempo de leitura\" \/>\n\t<meta name=\"twitter:data2\" content=\"4 minutos\" \/>\n<script type=\"application\/ld+json\" class=\"yoast-schema-graph\">{\"@context\":\"https:\/\/schema.org\",\"@graph\":[{\"@type\":\"WebPage\",\"@id\":\"https:\/\/med.estrategia.com\/portal\/noticias\/cfm-alerta-para-ilegalidade-e-riscos-da-prescricao-de-medicamentos-por-farmaceuticos-entenda-o-caso\/\",\"url\":\"https:\/\/med.estrategia.com\/portal\/noticias\/cfm-alerta-para-ilegalidade-e-riscos-da-prescricao-de-medicamentos-por-farmaceuticos-entenda-o-caso\/\",\"name\":\"CFM alerta para ilegalidade e riscos da prescri\u00e7\u00e3o de medicamentos por farmac\u00eauticos; entenda o caso\",\"isPartOf\":{\"@id\":\"https:\/\/med.estrategia.com\/portal\/#website\"},\"primaryImageOfPage\":{\"@id\":\"https:\/\/med.estrategia.com\/portal\/noticias\/cfm-alerta-para-ilegalidade-e-riscos-da-prescricao-de-medicamentos-por-farmaceuticos-entenda-o-caso\/#primaryimage\"},\"image\":{\"@id\":\"https:\/\/med.estrategia.com\/portal\/noticias\/cfm-alerta-para-ilegalidade-e-riscos-da-prescricao-de-medicamentos-por-farmaceuticos-entenda-o-caso\/#primaryimage\"},\"thumbnailUrl\":\"https:\/\/med.estrategia.com\/portal\/wp-content\/uploads\/2025\/03\/04112010-04112010FRP9624.jpg\",\"datePublished\":\"2025-03-20T21:55:33+00:00\",\"dateModified\":\"2025-03-20T22:13:58+00:00\",\"author\":{\"@id\":\"https:\/\/med.estrategia.com\/portal\/#\/schema\/person\/8e7c9b2f53f2eede3b8880ad86ff20a3\"},\"description\":\"Entenda como ser\u00e1 a prescri\u00e7\u00e3o de medicamentos por farmac\u00eauticos e a opini\u00e3o do Conselho Federal de Medicina sobre o caso!\",\"breadcrumb\":{\"@id\":\"https:\/\/med.estrategia.com\/portal\/noticias\/cfm-alerta-para-ilegalidade-e-riscos-da-prescricao-de-medicamentos-por-farmaceuticos-entenda-o-caso\/#breadcrumb\"},\"inLanguage\":\"pt-BR\",\"potentialAction\":[{\"@type\":\"ReadAction\",\"target\":[\"https:\/\/med.estrategia.com\/portal\/noticias\/cfm-alerta-para-ilegalidade-e-riscos-da-prescricao-de-medicamentos-por-farmaceuticos-entenda-o-caso\/\"]}]},{\"@type\":\"ImageObject\",\"inLanguage\":\"pt-BR\",\"@id\":\"https:\/\/med.estrategia.com\/portal\/noticias\/cfm-alerta-para-ilegalidade-e-riscos-da-prescricao-de-medicamentos-por-farmaceuticos-entenda-o-caso\/#primaryimage\",\"url\":\"https:\/\/med.estrategia.com\/portal\/wp-content\/uploads\/2025\/03\/04112010-04112010FRP9624.jpg\",\"contentUrl\":\"https:\/\/med.estrategia.com\/portal\/wp-content\/uploads\/2025\/03\/04112010-04112010FRP9624.jpg\",\"width\":1920,\"height\":1260,\"caption\":\"Foto: Fabio Pozzebom\/ABR\"},{\"@type\":\"BreadcrumbList\",\"@id\":\"https:\/\/med.estrategia.com\/portal\/noticias\/cfm-alerta-para-ilegalidade-e-riscos-da-prescricao-de-medicamentos-por-farmaceuticos-entenda-o-caso\/#breadcrumb\",\"itemListElement\":[{\"@type\":\"ListItem\",\"position\":1,\"name\":\"Home\",\"item\":\"https:\/\/med.estrategia.com\/portal\/\"},{\"@type\":\"ListItem\",\"position\":2,\"name\":\"Not\u00edcias\",\"item\":\"https:\/\/med.estrategia.com\/portal\/noticias\/\"},{\"@type\":\"ListItem\",\"position\":3,\"name\":\"CFM alerta para ilegalidade e riscos da prescri\u00e7\u00e3o de medicamentos por farmac\u00eauticos; entenda o caso\"}]},{\"@type\":\"WebSite\",\"@id\":\"https:\/\/med.estrategia.com\/portal\/#website\",\"url\":\"https:\/\/med.estrategia.com\/portal\/\",\"name\":\"Estrat\u00e9gia MED\",\"description\":\"\",\"potentialAction\":[{\"@type\":\"SearchAction\",\"target\":{\"@type\":\"EntryPoint\",\"urlTemplate\":\"https:\/\/med.estrategia.com\/portal\/?s={search_term_string}\"},\"query-input\":{\"@type\":\"PropertyValueSpecification\",\"valueRequired\":true,\"valueName\":\"search_term_string\"}}],\"inLanguage\":\"pt-BR\"},{\"@type\":\"Person\",\"@id\":\"https:\/\/med.estrategia.com\/portal\/#\/schema\/person\/8e7c9b2f53f2eede3b8880ad86ff20a3\",\"name\":\"Erika Coelho\",\"image\":{\"@type\":\"ImageObject\",\"inLanguage\":\"pt-BR\",\"@id\":\"https:\/\/med.estrategia.com\/portal\/#\/schema\/person\/image\/\",\"url\":\"https:\/\/secure.gravatar.com\/avatar\/8ef9ff2e2fa53829c640cca8d1a45178?s=96&d=mm&r=g\",\"contentUrl\":\"https:\/\/secure.gravatar.com\/avatar\/8ef9ff2e2fa53829c640cca8d1a45178?s=96&d=mm&r=g\",\"caption\":\"Erika Coelho\"},\"description\":\"Jornalista pela Universidade Presbiteriana Mackenzie, escrevo sobre educa\u00e7\u00e3o, sa\u00fade e pol\u00edticas p\u00fablicas\",\"url\":\"https:\/\/med.estrategia.com\/portal\/author\/erika\/\"}]}<\/script>\n<!-- \/ Yoast SEO Premium plugin. -->","yoast_head_json":{"title":"CFM alerta para ilegalidade e riscos da prescri\u00e7\u00e3o de medicamentos por farmac\u00eauticos; entenda o caso","description":"Entenda como ser\u00e1 a prescri\u00e7\u00e3o de medicamentos por farmac\u00eauticos e a opini\u00e3o do Conselho Federal de Medicina sobre o caso!","robots":{"index":"index","follow":"follow","max-snippet":"max-snippet:-1","max-image-preview":"max-image-preview:large","max-video-preview":"max-video-preview:-1"},"canonical":"https:\/\/med.estrategia.com\/portal\/noticias\/cfm-alerta-para-ilegalidade-e-riscos-da-prescricao-de-medicamentos-por-farmaceuticos-entenda-o-caso\/","og_locale":"pt_BR","og_type":"article","og_title":"CFM alerta para ilegalidade e riscos da prescri\u00e7\u00e3o de medicamentos por farmac\u00eauticos; entenda o caso","og_description":"Entenda como ser\u00e1 a prescri\u00e7\u00e3o de medicamentos por farmac\u00eauticos e a opini\u00e3o do Conselho Federal de Medicina sobre o caso!","og_url":"https:\/\/med.estrategia.com\/portal\/noticias\/cfm-alerta-para-ilegalidade-e-riscos-da-prescricao-de-medicamentos-por-farmaceuticos-entenda-o-caso\/","og_site_name":"Estrat\u00e9gia MED","article_publisher":"https:\/\/www.facebook.com\/estrategiamed1","article_published_time":"2025-03-20T21:55:33+00:00","article_modified_time":"2025-03-20T22:13:58+00:00","og_image":[{"width":1920,"height":1260,"url":"https:\/\/med.estrategia.com\/portal\/wp-content\/uploads\/2025\/03\/04112010-04112010FRP9624.jpg","type":"image\/jpeg"}],"author":"Erika Coelho","twitter_card":"summary_large_image","twitter_creator":"@estrategiamed_","twitter_site":"@estrategiamed_","twitter_misc":{"Escrito por":"Erika Coelho","Est. tempo de leitura":"4 minutos"},"schema":{"@context":"https:\/\/schema.org","@graph":[{"@type":"WebPage","@id":"https:\/\/med.estrategia.com\/portal\/noticias\/cfm-alerta-para-ilegalidade-e-riscos-da-prescricao-de-medicamentos-por-farmaceuticos-entenda-o-caso\/","url":"https:\/\/med.estrategia.com\/portal\/noticias\/cfm-alerta-para-ilegalidade-e-riscos-da-prescricao-de-medicamentos-por-farmaceuticos-entenda-o-caso\/","name":"CFM alerta para ilegalidade e riscos da prescri\u00e7\u00e3o de medicamentos por farmac\u00eauticos; entenda o caso","isPartOf":{"@id":"https:\/\/med.estrategia.com\/portal\/#website"},"primaryImageOfPage":{"@id":"https:\/\/med.estrategia.com\/portal\/noticias\/cfm-alerta-para-ilegalidade-e-riscos-da-prescricao-de-medicamentos-por-farmaceuticos-entenda-o-caso\/#primaryimage"},"image":{"@id":"https:\/\/med.estrategia.com\/portal\/noticias\/cfm-alerta-para-ilegalidade-e-riscos-da-prescricao-de-medicamentos-por-farmaceuticos-entenda-o-caso\/#primaryimage"},"thumbnailUrl":"https:\/\/med.estrategia.com\/portal\/wp-content\/uploads\/2025\/03\/04112010-04112010FRP9624.jpg","datePublished":"2025-03-20T21:55:33+00:00","dateModified":"2025-03-20T22:13:58+00:00","author":{"@id":"https:\/\/med.estrategia.com\/portal\/#\/schema\/person\/8e7c9b2f53f2eede3b8880ad86ff20a3"},"description":"Entenda como ser\u00e1 a prescri\u00e7\u00e3o de medicamentos por farmac\u00eauticos e a opini\u00e3o do Conselho Federal de Medicina sobre o caso!","breadcrumb":{"@id":"https:\/\/med.estrategia.com\/portal\/noticias\/cfm-alerta-para-ilegalidade-e-riscos-da-prescricao-de-medicamentos-por-farmaceuticos-entenda-o-caso\/#breadcrumb"},"inLanguage":"pt-BR","potentialAction":[{"@type":"ReadAction","target":["https:\/\/med.estrategia.com\/portal\/noticias\/cfm-alerta-para-ilegalidade-e-riscos-da-prescricao-de-medicamentos-por-farmaceuticos-entenda-o-caso\/"]}]},{"@type":"ImageObject","inLanguage":"pt-BR","@id":"https:\/\/med.estrategia.com\/portal\/noticias\/cfm-alerta-para-ilegalidade-e-riscos-da-prescricao-de-medicamentos-por-farmaceuticos-entenda-o-caso\/#primaryimage","url":"https:\/\/med.estrategia.com\/portal\/wp-content\/uploads\/2025\/03\/04112010-04112010FRP9624.jpg","contentUrl":"https:\/\/med.estrategia.com\/portal\/wp-content\/uploads\/2025\/03\/04112010-04112010FRP9624.jpg","width":1920,"height":1260,"caption":"Foto: Fabio Pozzebom\/ABR"},{"@type":"BreadcrumbList","@id":"https:\/\/med.estrategia.com\/portal\/noticias\/cfm-alerta-para-ilegalidade-e-riscos-da-prescricao-de-medicamentos-por-farmaceuticos-entenda-o-caso\/#breadcrumb","itemListElement":[{"@type":"ListItem","position":1,"name":"Home","item":"https:\/\/med.estrategia.com\/portal\/"},{"@type":"ListItem","position":2,"name":"Not\u00edcias","item":"https:\/\/med.estrategia.com\/portal\/noticias\/"},{"@type":"ListItem","position":3,"name":"CFM alerta para ilegalidade e riscos da prescri\u00e7\u00e3o de medicamentos por farmac\u00eauticos; entenda o caso"}]},{"@type":"WebSite","@id":"https:\/\/med.estrategia.com\/portal\/#website","url":"https:\/\/med.estrategia.com\/portal\/","name":"Estrat\u00e9gia MED","description":"","potentialAction":[{"@type":"SearchAction","target":{"@type":"EntryPoint","urlTemplate":"https:\/\/med.estrategia.com\/portal\/?s={search_term_string}"},"query-input":{"@type":"PropertyValueSpecification","valueRequired":true,"valueName":"search_term_string"}}],"inLanguage":"pt-BR"},{"@type":"Person","@id":"https:\/\/med.estrategia.com\/portal\/#\/schema\/person\/8e7c9b2f53f2eede3b8880ad86ff20a3","name":"Erika Coelho","image":{"@type":"ImageObject","inLanguage":"pt-BR","@id":"https:\/\/med.estrategia.com\/portal\/#\/schema\/person\/image\/","url":"https:\/\/secure.gravatar.com\/avatar\/8ef9ff2e2fa53829c640cca8d1a45178?s=96&d=mm&r=g","contentUrl":"https:\/\/secure.gravatar.com\/avatar\/8ef9ff2e2fa53829c640cca8d1a45178?s=96&d=mm&r=g","caption":"Erika Coelho"},"description":"Jornalista pela Universidade Presbiteriana Mackenzie, escrevo sobre educa\u00e7\u00e3o, sa\u00fade e pol\u00edticas p\u00fablicas","url":"https:\/\/med.estrategia.com\/portal\/author\/erika\/"}]}},"_wl_alt_label":[],"wl:entity_url":"\/post\/cfm-alerta-para-ilegalidade-e-riscos-da-prescricao-de-medicamentos-por-farmaceuticos-entenda-o-caso-84184","_links":{"self":[{"href":"https:\/\/med.estrategia.com\/portal\/wp-json\/wp\/v2\/posts\/84184","targetHints":{"allow":["GET"]}}],"collection":[{"href":"https:\/\/med.estrategia.com\/portal\/wp-json\/wp\/v2\/posts"}],"about":[{"href":"https:\/\/med.estrategia.com\/portal\/wp-json\/wp\/v2\/types\/post"}],"author":[{"embeddable":true,"href":"https:\/\/med.estrategia.com\/portal\/wp-json\/wp\/v2\/users\/22"}],"replies":[{"embeddable":true,"href":"https:\/\/med.estrategia.com\/portal\/wp-json\/wp\/v2\/comments?post=84184"}],"version-history":[{"count":3,"href":"https:\/\/med.estrategia.com\/portal\/wp-json\/wp\/v2\/posts\/84184\/revisions"}],"predecessor-version":[{"id":84189,"href":"https:\/\/med.estrategia.com\/portal\/wp-json\/wp\/v2\/posts\/84184\/revisions\/84189"}],"wp:featuredmedia":[{"embeddable":true,"href":"https:\/\/med.estrategia.com\/portal\/wp-json\/wp\/v2\/media\/84185"}],"wp:attachment":[{"href":"https:\/\/med.estrategia.com\/portal\/wp-json\/wp\/v2\/media?parent=84184"}],"wp:term":[{"taxonomy":"category","embeddable":true,"href":"https:\/\/med.estrategia.com\/portal\/wp-json\/wp\/v2\/categories?post=84184"},{"taxonomy":"post_tag","embeddable":true,"href":"https:\/\/med.estrategia.com\/portal\/wp-json\/wp\/v2\/tags?post=84184"},{"taxonomy":"wl_entity_type","embeddable":true,"href":"https:\/\/med.estrategia.com\/portal\/wp-json\/wp\/v2\/wl_entity_type?post=84184"}],"curies":[{"name":"wp","href":"https:\/\/api.w.org\/{rel}","templated":true}]}}