{"id":84190,"date":"2025-03-20T19:56:16","date_gmt":"2025-03-20T22:56:16","guid":{"rendered":"https:\/\/med.estrategia.com\/portal\/?p=84190"},"modified":"2025-03-20T19:58:59","modified_gmt":"2025-03-20T22:58:59","slug":"presidente-do-senado-federal-se-compromete-com-a-aprovacao-do-exame-nacional-de-proficiencia-medica-diz-cfm","status":"publish","type":"post","link":"https:\/\/med.estrategia.com\/portal\/noticias\/presidente-do-senado-federal-se-compromete-com-a-aprovacao-do-exame-nacional-de-proficiencia-medica-diz-cfm\/","title":{"rendered":"Presidente do Senado Federal se compromete com a aprova\u00e7\u00e3o do Exame Nacional de Profici\u00eancia M\u00e9dica, diz CFM"},"content":{"rendered":"<p>Em reuni&atilde;o realizada nesta ter&ccedil;a-feira (18) com o presidente do Conselho Federal de Medicina (CFM), Jos&eacute; Hiran Gallo,<strong> o presidente do Senado Federal, Davi Alcolumbre (Uni&atilde;o-AP), comprometeu-se com a aprova&ccedil;&atilde;o do Projeto de Lei do Exame Nacional de Profici&ecirc;ncia M&eacute;dica<\/strong> &ndash;<a href=\"https:\/\/www25.senado.leg.br\/web\/atividade\/materias\/-\/materia\/164060\" target=\"_blank\"> PL 2294\/2024<\/a>. A informa&ccedil;&atilde;o foi divulgada pela <a href=\"https:\/\/portal.cfm.org.br\/noticias\/presidente-do-senado-firma-compromisso-com-o-conselho-federal-de-medicina\" target=\"_blank\">p&aacute;gina do Conselho<\/a>. O exame, tamb&eacute;m conhecido como OAB da Medicina, est&aacute; <strong>atualmente em tramita&ccedil;&atilde;o na Comiss&atilde;o de Assuntos Sociais (CAS)<\/strong> do Senado.&nbsp;<div id=\"ez-toc-container\" class=\"ez-toc-v2_0_79_2 counter-hierarchy ez-toc-counter ez-toc-transparent ez-toc-container-direction\">\n<div class=\"ez-toc-title-container\"><p class=\"ez-toc-title\" style=\"cursor:inherit\">Navegue pelo conte\u00fado<\/p>\n<\/div><nav><ul class='ez-toc-list ez-toc-list-level-1 ' ><li class='ez-toc-page-1 ez-toc-heading-level-2'><a class=\"ez-toc-link ez-toc-heading-1\" href=\"https:\/\/med.estrategia.com\/portal\/noticias\/presidente-do-senado-federal-se-compromete-com-a-aprovacao-do-exame-nacional-de-proficiencia-medica-diz-cfm\/#Atualizacoes-e-tramitacao-do-projeto\" >Atualiza&ccedil;&otilde;es e tramita&ccedil;&atilde;o do projeto<\/a><ul class='ez-toc-list-level-3' ><li class='ez-toc-heading-level-3'><a class=\"ez-toc-link ez-toc-heading-2\" href=\"https:\/\/med.estrategia.com\/portal\/noticias\/presidente-do-senado-federal-se-compromete-com-a-aprovacao-do-exame-nacional-de-proficiencia-medica-diz-cfm\/#Inscreva-se-em-nossa-newsletter\" >Inscreva-se em nossa newsletter!<\/a><\/li><\/ul><\/li><li class='ez-toc-page-1 ez-toc-heading-level-2'><a class=\"ez-toc-link ez-toc-heading-3\" href=\"https:\/\/med.estrategia.com\/portal\/noticias\/presidente-do-senado-federal-se-compromete-com-a-aprovacao-do-exame-nacional-de-proficiencia-medica-diz-cfm\/#O-que-e-o-Exame-Nacional-de-Proficiencia-em-Medicina-ENPM\" >O que &eacute; o Exame Nacional de Profici&ecirc;ncia em Medicina (ENPM)<\/a><\/li><li class='ez-toc-page-1 ez-toc-heading-level-2'><a class=\"ez-toc-link ez-toc-heading-4\" href=\"https:\/\/med.estrategia.com\/portal\/noticias\/presidente-do-senado-federal-se-compromete-com-a-aprovacao-do-exame-nacional-de-proficiencia-medica-diz-cfm\/#PL-229424\" >PL 2294\/24<\/a><\/li><\/ul><\/nav><\/div>\n<h2 class=\"wp-block-heading\" id=\"h-atualizacoes-e-tramitacao-do-projeto\"><span class=\"ez-toc-section\" id=\"Atualizacoes-e-tramitacao-do-projeto\"><\/span>Atualiza&ccedil;&otilde;es e tramita&ccedil;&atilde;o do projeto<span class=\"ez-toc-section-end\"><\/span><\/h2><p>Tamb&eacute;m no dia 18 de mar&ccedil;o de 2025, a mat&eacute;ria do projeto foi entregue para relatoria. <strong>O respons&aacute;vel pela emiss&atilde;o do relat&oacute;rio na Comiss&atilde;o de Assuntos Sociais (CAS) ser&aacute; o senador Dr. Hiran (PP-RR)<\/strong>, que tamb&eacute;m preside a Frente Parlamentar de Medicina.<\/p><p>Na &uacute;ltima quarta-feira (19), Dr. Hiran esteve no Plen&aacute;rio do Conselho Federal de Medicina (CFM), acompanhado do ministro do Supremo Tribunal Federal (STF), Andr&eacute; Luiz de Almeida Mendon&ccedil;a.<\/p><p>Durante a visita ao CFM, o relator do projeto na CAS <strong>demonstrou interesse em realizar uma audi&ecirc;ncia p&uacute;blica sobre o tema e se comprometeu a buscar maior celeridade na tramita&ccedil;&atilde;o da proposta<\/strong>. &ldquo;Pretendemos realizar pelo menos uma audi&ecirc;ncia p&uacute;blica, para que n&oacute;s possamos, com muita subst&acirc;ncia e compromisso com nossas pautas, trabalhar naquela Comiss&atilde;o. Algo que, como tamb&eacute;m disse o nosso ministro, ir&aacute; impactar na vida de milhares de m&eacute;dicos por este s&eacute;culo, e que n&atilde;o tenhamos nenhuma surpresa desagrad&aacute;vel na nossa comiss&atilde;o&rdquo;, confia o senador.<\/p><p>O ministro do STF, por sua vez,<strong> ressaltou a import&acirc;ncia e a expectativa em rela&ccedil;&atilde;o &agrave; tramita&ccedil;&atilde;o do PL 2294\/2024 no Congresso Nacional<\/strong>. Segundo o CFM, Andr&eacute; Luiz de Almeida Mendon&ccedil;a mencionou ainda a discuss&atilde;o do tema no STF. &ldquo;Acredito que o Exame de Profici&ecirc;ncia em Medicina seja uma t&aacute;bua de salva&ccedil;&atilde;o, talvez a &uacute;ltima&rdquo;, afirmou o magistrado. O CFM tamb&eacute;m apoia a ideia de cria&ccedil;&atilde;o do exame. <\/p><p class=\"wp-block-verse\">Confira tamb&eacute;m: <a href=\"https:\/\/med.estrategia.com\/portal\/noticias\/subemenda-preve-que-medicos-formados-no-exterior-possam-optar-em-realizar-exame-de-proficiencia-ou-revalida\/\" target=\"_blank\">Subemenda prev&ecirc; que m&eacute;dicos formados no exterior possam optar em realizar Exame de Profici&ecirc;ncia ou Revalida<\/a><\/p><p>\n\n\n<div id=\"new-form\">\n\t<form id=\"forms_layout\">\n\t<input type=\"hidden\" id=\"chave_de\" name=\"chave_de\" value=\"01_EMED_LEADS_TOTAIS\" \/>\n\t\t<input type=\"hidden\" id=\"mid\" name=\"mid\" value=\"515009018\" \/>\n\t\t<input type=\"hidden\" id=\"Objetivo\" name=\"Objetivo\" value=\"Medicina\" \/>\n\t\t<input type=\"hidden\" id=\"Estado_de_Origem_do_IP\" name=\"Estado_de_Origem_do_IP\"  value=\"\" \/>\n\t\t<input type=\"hidden\" id=\"Cidade_de_Origem_do_IP\" name=\"Cidade_de_Origem_do_IP\" value=\"\" \/>\n\t\t<input type=\"hidden\" id=\"Modo_de_entrada\" name=\"Modo_de_entrada\" value=\"Portal\" \/>\n\t\t<input type=\"hidden\" id=\"Pagina_Origem\" name=\"Pagina_Origem\" value=\"\" \/>\n\n\t\t<div class=\"texto\">\n\t\t\t<h3 class=\"news\"><span class=\"ez-toc-section\" id=\"Inscreva-se-em-nossa-newsletter\"><\/span>Inscreva-se em nossa newsletter!<span class=\"ez-toc-section-end\"><\/span><\/h3>\n\t\t\t<p>Receba not\u00edcias sobre resid\u00eancia m\u00e9dica, revalida\u00e7\u00e3o de diplomas e concursos m\u00e9dicos, al\u00e9m de materiais de estudo gratuitos e informa\u00e7\u00f5es relevantes do mundo da Medicina.<\/p>\n\t\t<\/div>\n\t\t<div class=\"campos\">\n\t\t\t<div class=\"first_name labels\">\n\t\t\t\t<input type=\"text\" class=\"input_labels\" id=\"first_name\" name=\"Nome_Completo\" placeholder=\"Nome\" required \/>\n\t\t\t<\/div>\n\t\t\t<div class=\"email labels\">\n\t\t\t\t<input type=\"email\" class=\"input_labels\" id=\"email\" name=\"Email\" placeholder=\"E-mail\" required \/>\n\t\t\t<\/div>\n\t\t\t<button type=\"submit\" class=\"button_layout\">\n\t\t\t\t<div id=\"lblBotao\">Inscreva-se<\/div>\n\t\t\t\t<span id=\"divSpiner\" class=\"loader\" role=\"status\" style=\"display: none;\"><\/span>\t\n\t\t\t<\/button>\n\t\t<\/div><!-- \/campos -->\n\t\t\n\t\t<label class=\"container_checkbox\">Voc\u00ea concorda com a nossa\n\t\t\t<a class=\"politics_privacy_ahref\" target=\"_blank\" href=\"https:\/\/gratis.estrategiaconcursos.com.br\/politica-de-privacidade\/\">Pol\u00edtica de Privacidade<\/a> e aceita receber informa\u00e7\u00f5es adicionais do Estrat\u00e9gia Educacional.\n\t\t\t<input id=\"checkbox_layout\" type=\"checkbox\" checked=\"checked\" required \/>\n\t\t\t<span class=\"checkbox\"><\/span>\n\t\t<\/label>\n\t\t<div id=\"msg\"><\/div>\n\t\t<div id=\"error\" class=\"error\">\n\t\t<\/div>\n\t<\/form>\n<\/div><!-- \/new-form -->\n\n\n\n<\/p><h2 class=\"wp-block-heading\" id=\"h-o-que-e-o-exame-nacional-de-proficiencia-em-medicina-enpm\"><span class=\"ez-toc-section\" id=\"O-que-e-o-Exame-Nacional-de-Proficiencia-em-Medicina-ENPM\"><\/span>O que &eacute; o Exame Nacional de Profici&ecirc;ncia em Medicina (ENPM)<span class=\"ez-toc-section-end\"><\/span><\/h2><p>Apelidado de<strong>&nbsp;OAB da Medicina&nbsp;<\/strong>pela sua similaridade com o Exame da Ordem dos Advogados do Brasil, em que bachar&eacute;is de Direito s&atilde;o avaliados para exercer a profiss&atilde;o no pa&iacute;s ap&oacute;s sua gradua&ccedil;&atilde;o, o&nbsp;<strong>Exame Nacional de Profici&ecirc;ncia em Medicina (ENPM) tem como objetivo avaliar o conhecimento, capacita&ccedil;&atilde;o e a pr&aacute;tica de m&eacute;dicos rec&eacute;m-formados.<\/strong><\/p><p>Defendido pela Associa&ccedil;&atilde;o M&eacute;dica Brasileira (AMB) e<strong>&nbsp;com diversos projetos de lei j&aacute; em tramita&ccedil;&atilde;o<\/strong>, a ideia do exame surgiu em contrapartida ao&nbsp;<a href=\"https:\/\/med.estrategia.com\/portal\/atualidades\/disputa-pela-abertura-de-novos-cursos-de-medicina-entenda-o-caso\/\" target=\"_blank\">aumento da abertura de cursos de medicina pelo Brasil<\/a>. O Exame &eacute; considerado necess&aacute;rio para garantir a presen&ccedil;a de profissionais qualificados no mercado de trabalho.<\/p><div class=\"wp-block-buttons is-content-justification-center is-layout-flex wp-container-core-buttons-is-layout-1 wp-block-buttons-is-layout-flex\">\n<div class=\"wp-block-button\"><a class=\"wp-block-button__link wp-element-button\" href=\"https:\/\/med.estrategia.com\/portal\/atualidades\/conheca-exame-nacional-de-proficiencia-em-medicina\/\" target=\"_blank\">saiba mais sobre a OAB da medicina<\/a><\/div>\n<\/div><h2 class=\"wp-block-heading\" id=\"h-pl-2294-24\"><span class=\"ez-toc-section\" id=\"PL-229424\"><\/span>PL 2294\/24<span class=\"ez-toc-section-end\"><\/span><\/h2><p>Publicado em 11 de junho de 2024 como uma iniciativa do <strong>senador Astronauta Marcos Pontes<\/strong>, do Partido Liberal (PL\/SP), o <a href=\"https:\/\/www25.senado.leg.br\/web\/atividade\/materias\/-\/materia\/164060\" target=\"_blank\">Projeto de Lei n&deg; 2294, de 2024<\/a> &eacute; o &uacute;nico n&atilde;o apensado a projetos antecedentes, mas visa, assim como os anteriores, alterar a Lei n&ordm; 3.268, de 30 de setembro de 1957, para <strong>instituir o Exame Nacional de Profici&ecirc;ncia em Medicina<\/strong>.<\/p><p>Atualmente, <a href=\"https:\/\/med.estrategia.com\/portal\/noticias\/comissao-do-senado-aprova-exame-obrigatorio-de-proficiencia-para-medicos\/\" target=\"_blank\">o projeto j&aacute; foi aprovado pela Comiss&atilde;o de Educa&ccedil;&atilde;o e Cultura (CE)<\/a> do Senado e segue para a Comiss&atilde;o de Assuntos Sociais. Caso aprovado, o projeto deve ser encaminhado &agrave; C&acirc;mara dos Deputados e, se aprovado, segue para san&ccedil;&atilde;o presidencial.<\/p><p>Em sua justificativa, o senador menciona a <strong>prolifera&ccedil;&atilde;o indiscriminada de cursos de Medicina<\/strong> e conclui que tal avalia&ccedil;&atilde;o, que seria realizada ao final do curso, mostra-se cada vez mais relevante j&aacute; que <em>&ldquo;erros de diagn&oacute;stico, de prescri&ccedil;&atilde;o ou de conduta podem n&atilde;o s&oacute; gerar custos sociais para os sistemas p&uacute;blico e privado de sa&uacute;de, mas tamb&eacute;m causar danos irrevers&iacute;veis aos pacientes e mesmo lev&aacute;-los &agrave; morte&rdquo;<\/em>. <\/p><p>Para execu&ccedil;&atilde;o do Exame Nacional de Profici&ecirc;ncia em Medicina, o projeto de lei define que o <strong>exame ser&aacute; oferecido pelo menos duas vezes ao ano<\/strong> em todos os <strong>estados e no Distrito Federal<\/strong>. Ainda, a prova &ndash; que ficar&aacute; sob responsabilidade do Conselho Federal de Medicina (CFM) &ndash; avaliar&aacute; <strong>compet&ecirc;ncias profissionais e &eacute;ticas<\/strong>, <strong>conhecimentos te&oacute;ricos e habilidades cl&iacute;nicas<\/strong>, com base nos padr&otilde;es m&iacute;nimos exigidos para o exerc&iacute;cio da profiss&atilde;o. <\/p><p>Confira abaixo a proposta na &iacute;ntegra:<\/p><div class=\"wp-block-buttons is-content-justification-center is-layout-flex wp-container-core-buttons-is-layout-2 wp-block-buttons-is-layout-flex\">\n<div class=\"wp-block-button\"><a class=\"wp-block-button__link wp-element-button\" href=\"https:\/\/med.estrategia.com\/portal\/wp-content\/uploads\/2024\/06\/DOC-SF246263124299-20240611_assinado.pdf\" target=\"_blank\">Inteiro teor PL 2294\/24<\/a><\/div>\n<\/div><p>Se voc&ecirc; quer ficar por dentro de mais conte&uacute;dos relevantes sobre a &aacute;rea m&eacute;dica, continue acompanhando o material preparado pelo Portal de Not&iacute;cias do Estrat&eacute;gia MED. Aqui, voc&ecirc; encontrar&aacute; informa&ccedil;&otilde;es atualizadas sobre resid&ecirc;ncias, carreira m&eacute;dica e muito mais.<\/p><p>Aproveite e n&atilde;o perca a chance de estudar contando com o maior banco de quest&otilde;es da &aacute;rea m&eacute;dica! Em dezembro de 2024, o BQMED contava com mais de 200 mil quest&otilde;es cadastradas, sendo mais de 108 mil quest&otilde;es com solu&ccedil;&atilde;o e, dessas, mais de 75 mil quest&otilde;es com coment&aacute;rios em v&iacute;deo dos professores especialistas do Estrat&eacute;gia MED. Saiba mais abaixo!<\/p><p>\n\n\n\n\n\n<a id=\"cta\" class=\"cta-imagem\" href=\"https:\/\/med.estrategia.com\/curso\/banco-de-questes-resumos-estrategicos-anual\/\" target=\"blank\">\n                <img decoding=\"async\" width=\"100%\" src=\"https:\/\/med.estrategia.com\/portal\/wp-content\/uploads\/2025\/08\/banco_questoes.png\" alt=\"banco_questoes\" title=\"banco_questoes\">\n        <\/a>\n<\/p><\/p>\n","protected":false},"excerpt":{"rendered":"Em reuni&atilde;o realizada nesta ter&ccedil;a-feira (18) com o presidente do Conselho Federal de Medicina (CFM), Jos&eacute; Hiran Gallo,&hellip;\n","protected":false},"author":22,"featured_media":84193,"comment_status":"closed","ping_status":"closed","sticky":false,"template":"","format":"standard","meta":{"wl_entities_gutenberg":"","footnotes":""},"categories":[300],"tags":[],"wl_entity_type":[199],"class_list":{"0":"post-84190","1":"post","2":"type-post","3":"status-publish","4":"format-standard","5":"has-post-thumbnail","7":"category-noticias","8":"wl_entity_type-article"},"acf":[],"yoast_head":"<!-- This site is optimized with the Yoast SEO Premium plugin v26.6 (Yoast SEO v26.6) - https:\/\/yoast.com\/wordpress\/plugins\/seo\/ -->\n<title>Presidente do Senado Federal se compromete com a aprova\u00e7\u00e3o do Exame Nacional de Profici\u00eancia M\u00e9dica, diz CFM<\/title>\n<meta name=\"description\" content=\"Entenda a tramita\u00e7\u00e3o do Exame Nacional de Profici\u00eancia M\u00e9dica e quem j\u00e1 se comprometeu com sua aprova\u00e7\u00e3o. Saiba mais!\" \/>\n<meta name=\"robots\" content=\"index, follow, max-snippet:-1, max-image-preview:large, max-video-preview:-1\" \/>\n<link rel=\"canonical\" href=\"https:\/\/med.estrategia.com\/portal\/noticias\/presidente-do-senado-federal-se-compromete-com-a-aprovacao-do-exame-nacional-de-proficiencia-medica-diz-cfm\/\" \/>\n<meta property=\"og:locale\" content=\"pt_BR\" \/>\n<meta property=\"og:type\" content=\"article\" \/>\n<meta property=\"og:title\" content=\"Presidente do Senado Federal se compromete com a aprova\u00e7\u00e3o do Exame Nacional de Profici\u00eancia M\u00e9dica, diz CFM\" \/>\n<meta property=\"og:description\" content=\"Entenda a tramita\u00e7\u00e3o do Exame Nacional de Profici\u00eancia M\u00e9dica e quem j\u00e1 se comprometeu com sua aprova\u00e7\u00e3o. Saiba mais!\" \/>\n<meta property=\"og:url\" content=\"https:\/\/med.estrategia.com\/portal\/noticias\/presidente-do-senado-federal-se-compromete-com-a-aprovacao-do-exame-nacional-de-proficiencia-medica-diz-cfm\/\" \/>\n<meta property=\"og:site_name\" content=\"Estrat\u00e9gia MED\" \/>\n<meta property=\"article:publisher\" content=\"https:\/\/www.facebook.com\/estrategiamed1\" \/>\n<meta property=\"article:published_time\" content=\"2025-03-20T22:56:16+00:00\" \/>\n<meta property=\"article:modified_time\" content=\"2025-03-20T22:58:59+00:00\" \/>\n<meta property=\"og:image\" content=\"https:\/\/med.estrategia.com\/portal\/wp-content\/uploads\/2025\/03\/pzzb9807.jpg\" \/>\n\t<meta property=\"og:image:width\" content=\"1920\" \/>\n\t<meta property=\"og:image:height\" content=\"1280\" \/>\n\t<meta property=\"og:image:type\" content=\"image\/jpeg\" \/>\n<meta name=\"author\" content=\"Erika Coelho\" \/>\n<meta name=\"twitter:card\" content=\"summary_large_image\" \/>\n<meta name=\"twitter:creator\" content=\"@estrategiamed_\" \/>\n<meta name=\"twitter:site\" content=\"@estrategiamed_\" \/>\n<meta name=\"twitter:label1\" content=\"Escrito por\" \/>\n\t<meta name=\"twitter:data1\" content=\"Erika Coelho\" \/>\n\t<meta name=\"twitter:label2\" content=\"Est. tempo de leitura\" \/>\n\t<meta name=\"twitter:data2\" content=\"4 minutos\" \/>\n<script type=\"application\/ld+json\" class=\"yoast-schema-graph\">{\"@context\":\"https:\/\/schema.org\",\"@graph\":[{\"@type\":\"WebPage\",\"@id\":\"https:\/\/med.estrategia.com\/portal\/noticias\/presidente-do-senado-federal-se-compromete-com-a-aprovacao-do-exame-nacional-de-proficiencia-medica-diz-cfm\/\",\"url\":\"https:\/\/med.estrategia.com\/portal\/noticias\/presidente-do-senado-federal-se-compromete-com-a-aprovacao-do-exame-nacional-de-proficiencia-medica-diz-cfm\/\",\"name\":\"Presidente do Senado Federal se compromete com a aprova\u00e7\u00e3o do Exame Nacional de Profici\u00eancia M\u00e9dica, diz CFM\",\"isPartOf\":{\"@id\":\"https:\/\/med.estrategia.com\/portal\/#website\"},\"primaryImageOfPage\":{\"@id\":\"https:\/\/med.estrategia.com\/portal\/noticias\/presidente-do-senado-federal-se-compromete-com-a-aprovacao-do-exame-nacional-de-proficiencia-medica-diz-cfm\/#primaryimage\"},\"image\":{\"@id\":\"https:\/\/med.estrategia.com\/portal\/noticias\/presidente-do-senado-federal-se-compromete-com-a-aprovacao-do-exame-nacional-de-proficiencia-medica-diz-cfm\/#primaryimage\"},\"thumbnailUrl\":\"https:\/\/med.estrategia.com\/portal\/wp-content\/uploads\/2025\/03\/pzzb9807.jpg\",\"datePublished\":\"2025-03-20T22:56:16+00:00\",\"dateModified\":\"2025-03-20T22:58:59+00:00\",\"author\":{\"@id\":\"https:\/\/med.estrategia.com\/portal\/#\/schema\/person\/8e7c9b2f53f2eede3b8880ad86ff20a3\"},\"description\":\"Entenda a tramita\u00e7\u00e3o do Exame Nacional de Profici\u00eancia M\u00e9dica e quem j\u00e1 se comprometeu com sua aprova\u00e7\u00e3o. Saiba mais!\",\"breadcrumb\":{\"@id\":\"https:\/\/med.estrategia.com\/portal\/noticias\/presidente-do-senado-federal-se-compromete-com-a-aprovacao-do-exame-nacional-de-proficiencia-medica-diz-cfm\/#breadcrumb\"},\"inLanguage\":\"pt-BR\",\"potentialAction\":[{\"@type\":\"ReadAction\",\"target\":[\"https:\/\/med.estrategia.com\/portal\/noticias\/presidente-do-senado-federal-se-compromete-com-a-aprovacao-do-exame-nacional-de-proficiencia-medica-diz-cfm\/\"]}]},{\"@type\":\"ImageObject\",\"inLanguage\":\"pt-BR\",\"@id\":\"https:\/\/med.estrategia.com\/portal\/noticias\/presidente-do-senado-federal-se-compromete-com-a-aprovacao-do-exame-nacional-de-proficiencia-medica-diz-cfm\/#primaryimage\",\"url\":\"https:\/\/med.estrategia.com\/portal\/wp-content\/uploads\/2025\/03\/pzzb9807.jpg\",\"contentUrl\":\"https:\/\/med.estrategia.com\/portal\/wp-content\/uploads\/2025\/03\/pzzb9807.jpg\",\"width\":1920,\"height\":1280,\"caption\":\"Foto: Fabio Rodrigues-Pozzebom\/ Ag\u00eancia Brasil\"},{\"@type\":\"BreadcrumbList\",\"@id\":\"https:\/\/med.estrategia.com\/portal\/noticias\/presidente-do-senado-federal-se-compromete-com-a-aprovacao-do-exame-nacional-de-proficiencia-medica-diz-cfm\/#breadcrumb\",\"itemListElement\":[{\"@type\":\"ListItem\",\"position\":1,\"name\":\"Home\",\"item\":\"https:\/\/med.estrategia.com\/portal\/\"},{\"@type\":\"ListItem\",\"position\":2,\"name\":\"Not\u00edcias\",\"item\":\"https:\/\/med.estrategia.com\/portal\/noticias\/\"},{\"@type\":\"ListItem\",\"position\":3,\"name\":\"Presidente do Senado Federal se compromete com a aprova\u00e7\u00e3o do Exame Nacional de Profici\u00eancia M\u00e9dica, diz CFM\"}]},{\"@type\":\"WebSite\",\"@id\":\"https:\/\/med.estrategia.com\/portal\/#website\",\"url\":\"https:\/\/med.estrategia.com\/portal\/\",\"name\":\"Estrat\u00e9gia MED\",\"description\":\"\",\"potentialAction\":[{\"@type\":\"SearchAction\",\"target\":{\"@type\":\"EntryPoint\",\"urlTemplate\":\"https:\/\/med.estrategia.com\/portal\/?s={search_term_string}\"},\"query-input\":{\"@type\":\"PropertyValueSpecification\",\"valueRequired\":true,\"valueName\":\"search_term_string\"}}],\"inLanguage\":\"pt-BR\"},{\"@type\":\"Person\",\"@id\":\"https:\/\/med.estrategia.com\/portal\/#\/schema\/person\/8e7c9b2f53f2eede3b8880ad86ff20a3\",\"name\":\"Erika Coelho\",\"image\":{\"@type\":\"ImageObject\",\"inLanguage\":\"pt-BR\",\"@id\":\"https:\/\/med.estrategia.com\/portal\/#\/schema\/person\/image\/\",\"url\":\"https:\/\/secure.gravatar.com\/avatar\/8ef9ff2e2fa53829c640cca8d1a45178?s=96&d=mm&r=g\",\"contentUrl\":\"https:\/\/secure.gravatar.com\/avatar\/8ef9ff2e2fa53829c640cca8d1a45178?s=96&d=mm&r=g\",\"caption\":\"Erika Coelho\"},\"description\":\"Jornalista pela Universidade Presbiteriana Mackenzie, escrevo sobre educa\u00e7\u00e3o, sa\u00fade e pol\u00edticas p\u00fablicas\",\"url\":\"https:\/\/med.estrategia.com\/portal\/author\/erika\/\"}]}<\/script>\n<!-- \/ Yoast SEO Premium plugin. -->","yoast_head_json":{"title":"Presidente do Senado Federal se compromete com a aprova\u00e7\u00e3o do Exame Nacional de Profici\u00eancia M\u00e9dica, diz CFM","description":"Entenda a tramita\u00e7\u00e3o do Exame Nacional de Profici\u00eancia M\u00e9dica e quem j\u00e1 se comprometeu com sua aprova\u00e7\u00e3o. Saiba mais!","robots":{"index":"index","follow":"follow","max-snippet":"max-snippet:-1","max-image-preview":"max-image-preview:large","max-video-preview":"max-video-preview:-1"},"canonical":"https:\/\/med.estrategia.com\/portal\/noticias\/presidente-do-senado-federal-se-compromete-com-a-aprovacao-do-exame-nacional-de-proficiencia-medica-diz-cfm\/","og_locale":"pt_BR","og_type":"article","og_title":"Presidente do Senado Federal se compromete com a aprova\u00e7\u00e3o do Exame Nacional de Profici\u00eancia M\u00e9dica, diz CFM","og_description":"Entenda a tramita\u00e7\u00e3o do Exame Nacional de Profici\u00eancia M\u00e9dica e quem j\u00e1 se comprometeu com sua aprova\u00e7\u00e3o. Saiba mais!","og_url":"https:\/\/med.estrategia.com\/portal\/noticias\/presidente-do-senado-federal-se-compromete-com-a-aprovacao-do-exame-nacional-de-proficiencia-medica-diz-cfm\/","og_site_name":"Estrat\u00e9gia MED","article_publisher":"https:\/\/www.facebook.com\/estrategiamed1","article_published_time":"2025-03-20T22:56:16+00:00","article_modified_time":"2025-03-20T22:58:59+00:00","og_image":[{"width":1920,"height":1280,"url":"https:\/\/med.estrategia.com\/portal\/wp-content\/uploads\/2025\/03\/pzzb9807.jpg","type":"image\/jpeg"}],"author":"Erika Coelho","twitter_card":"summary_large_image","twitter_creator":"@estrategiamed_","twitter_site":"@estrategiamed_","twitter_misc":{"Escrito por":"Erika Coelho","Est. tempo de leitura":"4 minutos"},"schema":{"@context":"https:\/\/schema.org","@graph":[{"@type":"WebPage","@id":"https:\/\/med.estrategia.com\/portal\/noticias\/presidente-do-senado-federal-se-compromete-com-a-aprovacao-do-exame-nacional-de-proficiencia-medica-diz-cfm\/","url":"https:\/\/med.estrategia.com\/portal\/noticias\/presidente-do-senado-federal-se-compromete-com-a-aprovacao-do-exame-nacional-de-proficiencia-medica-diz-cfm\/","name":"Presidente do Senado Federal se compromete com a aprova\u00e7\u00e3o do Exame Nacional de Profici\u00eancia M\u00e9dica, diz CFM","isPartOf":{"@id":"https:\/\/med.estrategia.com\/portal\/#website"},"primaryImageOfPage":{"@id":"https:\/\/med.estrategia.com\/portal\/noticias\/presidente-do-senado-federal-se-compromete-com-a-aprovacao-do-exame-nacional-de-proficiencia-medica-diz-cfm\/#primaryimage"},"image":{"@id":"https:\/\/med.estrategia.com\/portal\/noticias\/presidente-do-senado-federal-se-compromete-com-a-aprovacao-do-exame-nacional-de-proficiencia-medica-diz-cfm\/#primaryimage"},"thumbnailUrl":"https:\/\/med.estrategia.com\/portal\/wp-content\/uploads\/2025\/03\/pzzb9807.jpg","datePublished":"2025-03-20T22:56:16+00:00","dateModified":"2025-03-20T22:58:59+00:00","author":{"@id":"https:\/\/med.estrategia.com\/portal\/#\/schema\/person\/8e7c9b2f53f2eede3b8880ad86ff20a3"},"description":"Entenda a tramita\u00e7\u00e3o do Exame Nacional de Profici\u00eancia M\u00e9dica e quem j\u00e1 se comprometeu com sua aprova\u00e7\u00e3o. Saiba mais!","breadcrumb":{"@id":"https:\/\/med.estrategia.com\/portal\/noticias\/presidente-do-senado-federal-se-compromete-com-a-aprovacao-do-exame-nacional-de-proficiencia-medica-diz-cfm\/#breadcrumb"},"inLanguage":"pt-BR","potentialAction":[{"@type":"ReadAction","target":["https:\/\/med.estrategia.com\/portal\/noticias\/presidente-do-senado-federal-se-compromete-com-a-aprovacao-do-exame-nacional-de-proficiencia-medica-diz-cfm\/"]}]},{"@type":"ImageObject","inLanguage":"pt-BR","@id":"https:\/\/med.estrategia.com\/portal\/noticias\/presidente-do-senado-federal-se-compromete-com-a-aprovacao-do-exame-nacional-de-proficiencia-medica-diz-cfm\/#primaryimage","url":"https:\/\/med.estrategia.com\/portal\/wp-content\/uploads\/2025\/03\/pzzb9807.jpg","contentUrl":"https:\/\/med.estrategia.com\/portal\/wp-content\/uploads\/2025\/03\/pzzb9807.jpg","width":1920,"height":1280,"caption":"Foto: Fabio Rodrigues-Pozzebom\/ Ag\u00eancia Brasil"},{"@type":"BreadcrumbList","@id":"https:\/\/med.estrategia.com\/portal\/noticias\/presidente-do-senado-federal-se-compromete-com-a-aprovacao-do-exame-nacional-de-proficiencia-medica-diz-cfm\/#breadcrumb","itemListElement":[{"@type":"ListItem","position":1,"name":"Home","item":"https:\/\/med.estrategia.com\/portal\/"},{"@type":"ListItem","position":2,"name":"Not\u00edcias","item":"https:\/\/med.estrategia.com\/portal\/noticias\/"},{"@type":"ListItem","position":3,"name":"Presidente do Senado Federal se compromete com a aprova\u00e7\u00e3o do Exame Nacional de Profici\u00eancia M\u00e9dica, diz CFM"}]},{"@type":"WebSite","@id":"https:\/\/med.estrategia.com\/portal\/#website","url":"https:\/\/med.estrategia.com\/portal\/","name":"Estrat\u00e9gia MED","description":"","potentialAction":[{"@type":"SearchAction","target":{"@type":"EntryPoint","urlTemplate":"https:\/\/med.estrategia.com\/portal\/?s={search_term_string}"},"query-input":{"@type":"PropertyValueSpecification","valueRequired":true,"valueName":"search_term_string"}}],"inLanguage":"pt-BR"},{"@type":"Person","@id":"https:\/\/med.estrategia.com\/portal\/#\/schema\/person\/8e7c9b2f53f2eede3b8880ad86ff20a3","name":"Erika Coelho","image":{"@type":"ImageObject","inLanguage":"pt-BR","@id":"https:\/\/med.estrategia.com\/portal\/#\/schema\/person\/image\/","url":"https:\/\/secure.gravatar.com\/avatar\/8ef9ff2e2fa53829c640cca8d1a45178?s=96&d=mm&r=g","contentUrl":"https:\/\/secure.gravatar.com\/avatar\/8ef9ff2e2fa53829c640cca8d1a45178?s=96&d=mm&r=g","caption":"Erika Coelho"},"description":"Jornalista pela Universidade Presbiteriana Mackenzie, escrevo sobre educa\u00e7\u00e3o, sa\u00fade e pol\u00edticas p\u00fablicas","url":"https:\/\/med.estrategia.com\/portal\/author\/erika\/"}]}},"_wl_alt_label":[],"wl:entity_url":"\/post\/presidente-do-senado-federal-se-compromete-com-a-aprovacao-do-exame-nacional-de-proficiencia-medica-diz-cfm-84190","_links":{"self":[{"href":"https:\/\/med.estrategia.com\/portal\/wp-json\/wp\/v2\/posts\/84190","targetHints":{"allow":["GET"]}}],"collection":[{"href":"https:\/\/med.estrategia.com\/portal\/wp-json\/wp\/v2\/posts"}],"about":[{"href":"https:\/\/med.estrategia.com\/portal\/wp-json\/wp\/v2\/types\/post"}],"author":[{"embeddable":true,"href":"https:\/\/med.estrategia.com\/portal\/wp-json\/wp\/v2\/users\/22"}],"replies":[{"embeddable":true,"href":"https:\/\/med.estrategia.com\/portal\/wp-json\/wp\/v2\/comments?post=84190"}],"version-history":[{"count":3,"href":"https:\/\/med.estrategia.com\/portal\/wp-json\/wp\/v2\/posts\/84190\/revisions"}],"predecessor-version":[{"id":84746,"href":"https:\/\/med.estrategia.com\/portal\/wp-json\/wp\/v2\/posts\/84190\/revisions\/84746"}],"wp:featuredmedia":[{"embeddable":true,"href":"https:\/\/med.estrategia.com\/portal\/wp-json\/wp\/v2\/media\/84193"}],"wp:attachment":[{"href":"https:\/\/med.estrategia.com\/portal\/wp-json\/wp\/v2\/media?parent=84190"}],"wp:term":[{"taxonomy":"category","embeddable":true,"href":"https:\/\/med.estrategia.com\/portal\/wp-json\/wp\/v2\/categories?post=84190"},{"taxonomy":"post_tag","embeddable":true,"href":"https:\/\/med.estrategia.com\/portal\/wp-json\/wp\/v2\/tags?post=84190"},{"taxonomy":"wl_entity_type","embeddable":true,"href":"https:\/\/med.estrategia.com\/portal\/wp-json\/wp\/v2\/wl_entity_type?post=84190"}],"curies":[{"name":"wp","href":"https:\/\/api.w.org\/{rel}","templated":true}]}}