{"id":85151,"date":"2025-04-14T09:57:20","date_gmt":"2025-04-14T12:57:20","guid":{"rendered":"https:\/\/med.estrategia.com\/portal\/?p=85151"},"modified":"2025-04-24T14:11:31","modified_gmt":"2025-04-24T17:11:31","slug":"cfm-propoe-vetar-uso-de-bloqueadores-hormonais-em-criancas-e-adolescentes-trans","status":"publish","type":"post","link":"https:\/\/med.estrategia.com\/portal\/noticias\/cfm-propoe-vetar-uso-de-bloqueadores-hormonais-em-criancas-e-adolescentes-trans\/","title":{"rendered":"CFM prop\u00f5e vetar uso de bloqueadores hormonais em crian\u00e7as e adolescentes trans"},"content":{"rendered":"<p>Em reuni&atilde;o realizada em 8 de abril de 2025 pelo Conselho Federal de Medicina (CFM), foi <strong>aprovada uma resolu&ccedil;&atilde;o que pro&iacute;be o bloqueio hormonal para mudan&ccedil;a de g&ecirc;nero em crian&ccedil;as e adolescentes<\/strong>. O texto, publicado em 16 de abril de 2025 no Di&aacute;rio Oficial da Uni&atilde;o, tamb&eacute;m <strong>aumenta de 18 para 21 anos a idade m&iacute;nima <\/strong>para realiza&ccedil;&atilde;o de <strong>cirurgias de transi&ccedil;&atilde;o com efeito esterilizador<\/strong>. Confira o documento oficial:<div class=\"wp-block-buttons is-content-justification-center is-layout-flex wp-container-core-buttons-is-layout-1 wp-block-buttons-is-layout-flex\">\n<div class=\"wp-block-button\"><a class=\"wp-block-button__link wp-element-button\" href=\"https:\/\/med.estrategia.com\/portal\/wp-content\/uploads\/2025\/04\/RESOLUCAO-CFM-No-2.427-DE-8-DE-ABRIL-DE-2025-RESOLUCAO-CFM-No-2.427-DE-8-DE-ABRIL-DE-2025-DOU-Imprensa-Nacional.pdf\" target=\"_blank\">RESOLU&Ccedil;&Atilde;O CFM N&ordm; 2.427, DE 8 DE ABRIL DE 2025<\/a><\/div>\n<\/div><p>Com a resolu&ccedil;&atilde;o, <strong>a idade m&iacute;nima para iniciar a terapia hormonal cruzada tamb&eacute;m mudou de 16 para 18 anos<\/strong>. J&aacute; nos <strong>procedimentos cir&uacute;rgicos de redesigna&ccedil;&atilde;o de g&ecirc;nero, manteve-se o m&iacute;nimo de 18 anos<\/strong>, com exce&ccedil;&atilde;o apenas das interven&ccedil;&otilde;es que podem causar esterilidade, que agora exigem idade m&iacute;nima de 21 anos.<\/p><p>Vale mencionar que, de acordo com a nova resolu&ccedil;&atilde;o do CFM, o <strong>impedimento &agrave; prescri&ccedil;&atilde;o do tratamento para interrup&ccedil;&atilde;o da produ&ccedil;&atilde;o de horm&ocirc;nios sexuais <\/strong>&ndash; bloqueio hormonal &ndash; <strong>n&atilde;o ir&aacute; se aplicar a casos de puberdade precoce ou outras doen&ccedil;as end&oacute;crinas<\/strong>, apenas a casos envolvendo interesse na transi&ccedil;&atilde;o de g&ecirc;nero. A medida tamb&eacute;m n&atilde;o vale para quem j&aacute; usa as terapias. <\/p><div id=\"ez-toc-container\" class=\"ez-toc-v2_0_79_2 counter-hierarchy ez-toc-counter ez-toc-transparent ez-toc-container-direction\">\n<div class=\"ez-toc-title-container\"><p class=\"ez-toc-title\" style=\"cursor:inherit\">Navegue pelo conte\u00fado<\/p>\n<\/div><nav><ul class='ez-toc-list ez-toc-list-level-1 ' ><li class='ez-toc-page-1 ez-toc-heading-level-2'><a class=\"ez-toc-link ez-toc-heading-1\" href=\"https:\/\/med.estrategia.com\/portal\/noticias\/cfm-propoe-vetar-uso-de-bloqueadores-hormonais-em-criancas-e-adolescentes-trans\/#Motivos-da-proibicao\" >Motivos da proibi&ccedil;&atilde;o<\/a><ul class='ez-toc-list-level-3' ><li class='ez-toc-heading-level-3'><a class=\"ez-toc-link ez-toc-heading-2\" href=\"https:\/\/med.estrategia.com\/portal\/noticias\/cfm-propoe-vetar-uso-de-bloqueadores-hormonais-em-criancas-e-adolescentes-trans\/#Inscreva-se-em-nossa-newsletter\" >Inscreva-se em nossa newsletter!<\/a><\/li><\/ul><\/li><li class='ez-toc-page-1 ez-toc-heading-level-2'><a class=\"ez-toc-link ez-toc-heading-3\" href=\"https:\/\/med.estrategia.com\/portal\/noticias\/cfm-propoe-vetar-uso-de-bloqueadores-hormonais-em-criancas-e-adolescentes-trans\/#Associacoes-se-manifestam\" >Associa&ccedil;&otilde;es se manifestam<\/a><ul class='ez-toc-list-level-3' ><li class='ez-toc-heading-level-3'><a class=\"ez-toc-link ez-toc-heading-4\" href=\"https:\/\/med.estrategia.com\/portal\/noticias\/cfm-propoe-vetar-uso-de-bloqueadores-hormonais-em-criancas-e-adolescentes-trans\/#SBMFC-e-contraria-a-resolucao\" >SBMFC &eacute; contr&aacute;ria &agrave; resolu&ccedil;&atilde;o<\/a><\/li><\/ul><\/li><\/ul><\/nav><\/div>\n<h2 class=\"wp-block-heading\" id=\"h-motivos-da-proibicao\"><span class=\"ez-toc-section\" id=\"Motivos-da-proibicao\"><\/span>Motivos da proibi&ccedil;&atilde;o<span class=\"ez-toc-section-end\"><\/span><\/h2><p>A principal tese do Conselho para justificar a resolu&ccedil;&atilde;o &eacute; suposto <strong>aumento da &ldquo;destransi&ccedil;&atilde;o&rdquo;<\/strong>. A medida esclarece que alguns estudos t&ecirc;m argumentado que &ldquo;as evid&ecirc;ncias que apoiam interven&ccedil;&otilde;es m&eacute;dicas para transi&ccedil;&atilde;o de g&ecirc;nero (por exemplo, terapias hormonais e cirurgia) s&atilde;o&nbsp;fracas e inconclusivas, e um n&uacute;mero crescente de pessoas se apresentou recentemente para compartilhar suas experi&ecirc;ncias de arrependimento de transi&ccedil;&atilde;o e destransi&ccedil;&atilde;o&rdquo;.<\/p><p>De acordo com o CFM, <strong>os dados que comprovam este aumento no arrependimento do tratamento est&atilde;o come&ccedil;ando a tomar forma<\/strong>, mas estima-se que hoje a <strong>descontinua&ccedil;&atilde;o das terapias ocorra em 2% a 25% dos casos<\/strong>.<\/p><p>O texto refor&ccedil;a que a transi&ccedil;&atilde;o de g&ecirc;nero &eacute; realizada, em tese, para melhorar o bem-estar de pessoas que sofrem de&nbsp;disforia, sofrimento por n&atilde;o estar no corpo adequado &agrave; identidade de g&ecirc;nero. Por&eacute;m, as <strong>mudan&ccedil;as nas indica&ccedil;&otilde;es para os tratamentos foram baseadas em medidas j&aacute; adotadas no exterior<\/strong>. O CFM cita no documento o caso do Reino Unido, que limitou a mudan&ccedil;a de g&ecirc;nero a menores de idade ap&oacute;s questionar o benef&iacute;cio dos tratamentos.<\/p><p>\n\n\n<div id=\"new-form\">\n\t<form id=\"forms_layout\">\n\t<input type=\"hidden\" id=\"chave_de\" name=\"chave_de\" value=\"01_EMED_LEADS_TOTAIS\" \/>\n\t\t<input type=\"hidden\" id=\"mid\" name=\"mid\" value=\"515009018\" \/>\n\t\t<input type=\"hidden\" id=\"Objetivo\" name=\"Objetivo\" value=\"Medicina\" \/>\n\t\t<input type=\"hidden\" id=\"Estado_de_Origem_do_IP\" name=\"Estado_de_Origem_do_IP\"  value=\"\" \/>\n\t\t<input type=\"hidden\" id=\"Cidade_de_Origem_do_IP\" name=\"Cidade_de_Origem_do_IP\" value=\"\" \/>\n\t\t<input type=\"hidden\" id=\"Modo_de_entrada\" name=\"Modo_de_entrada\" value=\"Portal\" \/>\n\t\t<input type=\"hidden\" id=\"Pagina_Origem\" name=\"Pagina_Origem\" value=\"\" \/>\n\n\t\t<div class=\"texto\">\n\t\t\t<h3 class=\"news\"><span class=\"ez-toc-section\" id=\"Inscreva-se-em-nossa-newsletter\"><\/span>Inscreva-se em nossa newsletter!<span class=\"ez-toc-section-end\"><\/span><\/h3>\n\t\t\t<p>Receba not\u00edcias sobre resid\u00eancia m\u00e9dica, revalida\u00e7\u00e3o de diplomas e concursos m\u00e9dicos, al\u00e9m de materiais de estudo gratuitos e informa\u00e7\u00f5es relevantes do mundo da Medicina.<\/p>\n\t\t<\/div>\n\t\t<div class=\"campos\">\n\t\t\t<div class=\"first_name labels\">\n\t\t\t\t<input type=\"text\" class=\"input_labels\" id=\"first_name\" name=\"Nome_Completo\" placeholder=\"Nome\" required \/>\n\t\t\t<\/div>\n\t\t\t<div class=\"email labels\">\n\t\t\t\t<input type=\"email\" class=\"input_labels\" id=\"email\" name=\"Email\" placeholder=\"E-mail\" required \/>\n\t\t\t<\/div>\n\t\t\t<button type=\"submit\" class=\"button_layout\">\n\t\t\t\t<div id=\"lblBotao\">Inscreva-se<\/div>\n\t\t\t\t<span id=\"divSpiner\" class=\"loader\" role=\"status\" style=\"display: none;\"><\/span>\t\n\t\t\t<\/button>\n\t\t<\/div><!-- \/campos -->\n\t\t\n\t\t<label class=\"container_checkbox\">Voc\u00ea concorda com a nossa\n\t\t\t<a class=\"politics_privacy_ahref\" target=\"_blank\" href=\"https:\/\/gratis.estrategiaconcursos.com.br\/politica-de-privacidade\/\">Pol\u00edtica de Privacidade<\/a> e aceita receber informa\u00e7\u00f5es adicionais do Estrat\u00e9gia Educacional.\n\t\t\t<input id=\"checkbox_layout\" type=\"checkbox\" checked=\"checked\" required \/>\n\t\t\t<span class=\"checkbox\"><\/span>\n\t\t<\/label>\n\t\t<div id=\"msg\"><\/div>\n\t\t<div id=\"error\" class=\"error\">\n\t\t<\/div>\n\t<\/form>\n<\/div><!-- \/new-form -->\n\n\n\n<\/p><h2 class=\"wp-block-heading\" id=\"h-associacoes-se-manifestam\"><span class=\"ez-toc-section\" id=\"Associacoes-se-manifestam\"><\/span>Associa&ccedil;&otilde;es se manifestam<span class=\"ez-toc-section-end\"><\/span><\/h2><p>A <strong>Associa&ccedil;&atilde;o Brasileira Profissional pela Sa&uacute;de Integral de Pessoas Travestis, Transexuais e Intersexo (Abrasitti) se mostrou contr&aacute;ria a nova resolu&ccedil;&atilde;o do CFM<\/strong>. De acordo com a associa&ccedil;&atilde;o, h&aacute; evid&ecirc;ncias cient&iacute;ficas suficientes sobre os preju&iacute;zos a sa&uacute;de f&iacute;sica e mental do p&uacute;blico interessado quando os tratamentos e procedimentos citados n&atilde;o est&atilde;o dispon&iacute;veis e, por outro lado, dos benef&iacute;cios do seu acesso quando s&atilde;o desejados. A Abrasitti cita o tratamento com m&eacute;todos inseguros e paralelos:<\/p><p>&ldquo;A proibi&ccedil;&atilde;o de que profissionais m&eacute;dicas e m&eacute;dicos no Brasil ofertem esses cuidados, al&eacute;m de ir na contram&atilde;o das melhores evid&ecirc;ncias cient&iacute;ficas, vulnerabiliza ainda mais todas as pessoas trans que passam a recorrer a m&eacute;todos inseguros e sem acompanhamento adequado em sa&uacute;de.&rdquo;<\/p><p>A <strong>Associa&ccedil;&atilde;o Nacional de Travestis e Transexuais (Antra)<\/strong> tamb&eacute;m se pronunciou, divulgando uma nota em que manifesta <strong>rep&uacute;dio &agrave; resolu&ccedil;&atilde;o do CFM<\/strong>. De acordo com a entidade, a decis&atilde;o representa um s&eacute;rio retrocesso no direito da popula&ccedil;&atilde;o trans e travesti ao acesso &agrave; sa&uacute;de integral no Brasil. Al&eacute;m disso, a Antra demonstrou preocupa&ccedil;&atilde;o com a<strong> postura do governo federal, que, segundo a associa&ccedil;&atilde;o, tem se mostrado omisso<\/strong> e sem firmeza diante da retirada de direitos dessa popula&ccedil;&atilde;o na &aacute;rea da sa&uacute;de. Confira a nota:<\/p><blockquote class=\"instagram-media\" data-instgrm-captioned data-instgrm-permalink=\"https:\/\/www.instagram.com\/p\/DIUgx8zvt6M\/?utm_source=ig_embed&amp;utm_campaign=loading\" data-instgrm-version=\"14\" style=\" background:#FFF; border:0; border-radius:3px; box-shadow:0 0 1px 0 rgba(0,0,0,0.5),0 1px 10px 0 rgba(0,0,0,0.15); margin: 1px; max-width:540px; min-width:326px; padding:0; width:99.375%; width:-webkit-calc(100% - 2px); width:calc(100% - 2px);\"><div style=\"padding:16px;\"> <a href=\"https:\/\/www.instagram.com\/p\/DIUgx8zvt6M\/?utm_source=ig_embed&amp;utm_campaign=loading\" style=\" background:#FFFFFF; line-height:0; padding:0 0; text-align:center; text-decoration:none; width:100%;\" target=\"_blank\"> <div style=\" display: flex; flex-direction: row; align-items: center;\"> <div style=\"background-color: #F4F4F4; border-radius: 50%; flex-grow: 0; height: 40px; margin-right: 14px; width: 40px;\"><\/div> <div style=\"display: flex; flex-direction: column; flex-grow: 1; justify-content: center;\"> <div style=\" background-color: #F4F4F4; border-radius: 4px; flex-grow: 0; height: 14px; margin-bottom: 6px; width: 100px;\"><\/div> <div style=\" background-color: #F4F4F4; border-radius: 4px; flex-grow: 0; height: 14px; width: 60px;\"><\/div><\/div><\/div><div style=\"padding: 19% 0;\"><\/div> <div style=\"display:block; height:50px; margin:0 auto 12px; width:50px;\"><svg width=\"50px\" height=\"50px\" viewbox=\"0 0 60 60\" version=\"1.1\" xmlns=\"https:\/\/www.w3.org\/2000\/svg\" xmlns:xlink=\"https:\/\/www.w3.org\/1999\/xlink\"><g stroke=\"none\" stroke-width=\"1\" fill=\"none\" fill-rule=\"evenodd\"><g transform=\"translate(-511.000000, -20.000000)\" fill=\"#000000\"><g><path d=\"M556.869,30.41 C554.814,30.41 553.148,32.076 553.148,34.131 C553.148,36.186 554.814,37.852 556.869,37.852 C558.924,37.852 560.59,36.186 560.59,34.131 C560.59,32.076 558.924,30.41 556.869,30.41 M541,60.657 C535.114,60.657 530.342,55.887 530.342,50 C530.342,44.114 535.114,39.342 541,39.342 C546.887,39.342 551.658,44.114 551.658,50 C551.658,55.887 546.887,60.657 541,60.657 M541,33.886 C532.1,33.886 524.886,41.1 524.886,50 C524.886,58.899 532.1,66.113 541,66.113 C549.9,66.113 557.115,58.899 557.115,50 C557.115,41.1 549.9,33.886 541,33.886 M565.378,62.101 C565.244,65.022 564.756,66.606 564.346,67.663 C563.803,69.06 563.154,70.057 562.106,71.106 C561.058,72.155 560.06,72.803 558.662,73.347 C557.607,73.757 556.021,74.244 553.102,74.378 C549.944,74.521 548.997,74.552 541,74.552 C533.003,74.552 532.056,74.521 528.898,74.378 C525.979,74.244 524.393,73.757 523.338,73.347 C521.94,72.803 520.942,72.155 519.894,71.106 C518.846,70.057 518.197,69.06 517.654,67.663 C517.244,66.606 516.755,65.022 516.623,62.101 C516.479,58.943 516.448,57.996 516.448,50 C516.448,42.003 516.479,41.056 516.623,37.899 C516.755,34.978 517.244,33.391 517.654,32.338 C518.197,30.938 518.846,29.942 519.894,28.894 C520.942,27.846 521.94,27.196 523.338,26.654 C524.393,26.244 525.979,25.756 528.898,25.623 C532.057,25.479 533.004,25.448 541,25.448 C548.997,25.448 549.943,25.479 553.102,25.623 C556.021,25.756 557.607,26.244 558.662,26.654 C560.06,27.196 561.058,27.846 562.106,28.894 C563.154,29.942 563.803,30.938 564.346,32.338 C564.756,33.391 565.244,34.978 565.378,37.899 C565.522,41.056 565.552,42.003 565.552,50 C565.552,57.996 565.522,58.943 565.378,62.101 M570.82,37.631 C570.674,34.438 570.167,32.258 569.425,30.349 C568.659,28.377 567.633,26.702 565.965,25.035 C564.297,23.368 562.623,22.342 560.652,21.575 C558.743,20.834 556.562,20.326 553.369,20.18 C550.169,20.033 549.148,20 541,20 C532.853,20 531.831,20.033 528.631,20.18 C525.438,20.326 523.257,20.834 521.349,21.575 C519.376,22.342 517.703,23.368 516.035,25.035 C514.368,26.702 513.342,28.377 512.574,30.349 C511.834,32.258 511.326,34.438 511.181,37.631 C511.035,40.831 511,41.851 511,50 C511,58.147 511.035,59.17 511.181,62.369 C511.326,65.562 511.834,67.743 512.574,69.651 C513.342,71.625 514.368,73.296 516.035,74.965 C517.703,76.634 519.376,77.658 521.349,78.425 C523.257,79.167 525.438,79.673 528.631,79.82 C531.831,79.965 532.853,80.001 541,80.001 C549.148,80.001 550.169,79.965 553.369,79.82 C556.562,79.673 558.743,79.167 560.652,78.425 C562.623,77.658 564.297,76.634 565.965,74.965 C567.633,73.296 568.659,71.625 569.425,69.651 C570.167,67.743 570.674,65.562 570.82,62.369 C570.966,59.17 571,58.147 571,50 C571,41.851 570.966,40.831 570.82,37.631\"><\/path><\/g><\/g><\/g><\/svg><\/div><div style=\"padding-top: 8px;\"> <div style=\" color:#3897f0; font-family:Arial,sans-serif; font-size:14px; font-style:normal; font-weight:550; line-height:18px;\">Ver essa foto no Instagram<\/div><\/div><div style=\"padding: 12.5% 0;\"><\/div> <div style=\"display: flex; flex-direction: row; margin-bottom: 14px; align-items: center;\"><div> <div style=\"background-color: #F4F4F4; border-radius: 50%; height: 12.5px; width: 12.5px; transform: translateX(0px) translateY(7px);\"><\/div> <div style=\"background-color: #F4F4F4; height: 12.5px; transform: rotate(-45deg) translateX(3px) translateY(1px); width: 12.5px; flex-grow: 0; margin-right: 14px; margin-left: 2px;\"><\/div> <div style=\"background-color: #F4F4F4; border-radius: 50%; height: 12.5px; width: 12.5px; transform: translateX(9px) translateY(-18px);\"><\/div><\/div><div style=\"margin-left: 8px;\"> <div style=\" background-color: #F4F4F4; border-radius: 50%; flex-grow: 0; height: 20px; width: 20px;\"><\/div> <div style=\" width: 0; height: 0; border-top: 2px solid transparent; border-left: 6px solid #f4f4f4; border-bottom: 2px solid transparent; transform: translateX(16px) translateY(-4px) rotate(30deg)\"><\/div><\/div><div style=\"margin-left: auto;\"> <div style=\" width: 0px; border-top: 8px solid #F4F4F4; border-right: 8px solid transparent; transform: translateY(16px);\"><\/div> <div style=\" background-color: #F4F4F4; flex-grow: 0; height: 12px; width: 16px; transform: translateY(-4px);\"><\/div> <div style=\" width: 0; height: 0; border-top: 8px solid #F4F4F4; border-left: 8px solid transparent; transform: translateY(-4px) translateX(8px);\"><\/div><\/div><\/div> <div style=\"display: flex; flex-direction: column; flex-grow: 1; justify-content: center; margin-bottom: 24px;\"> <div style=\" background-color: #F4F4F4; border-radius: 4px; flex-grow: 0; height: 14px; margin-bottom: 6px; width: 224px;\"><\/div> <div style=\" background-color: #F4F4F4; border-radius: 4px; flex-grow: 0; height: 14px; width: 144px;\"><\/div><\/div><\/a><p style=\" color:#c9c8cd; font-family:Arial,sans-serif; font-size:14px; line-height:17px; margin-bottom:0; margin-top:8px; overflow:hidden; padding:8px 0 7px; text-align:center; text-overflow:ellipsis; white-space:nowrap;\"><a href=\"https:\/\/www.instagram.com\/p\/DIUgx8zvt6M\/?utm_source=ig_embed&amp;utm_campaign=loading\" style=\" color:#c9c8cd; font-family:Arial,sans-serif; font-size:14px; font-style:normal; font-weight:normal; line-height:17px; text-decoration:none;\" target=\"_blank\">Uma publica&ccedil;&atilde;o compartilhada por ANTRA (@antra.oficial)<\/a><\/p><\/div><\/blockquote><script async src=\"\/\/www.instagram.com\/embed.js\"><\/script><h3 class=\"wp-block-heading\" id=\"h-sbmfc-e-contraria-a-resolucao\"><span class=\"ez-toc-section\" id=\"SBMFC-e-contraria-a-resolucao\"><\/span>SBMFC &eacute; contr&aacute;ria &agrave; resolu&ccedil;&atilde;o<span class=\"ez-toc-section-end\"><\/span><\/h3><p>A Sociedade Brasileira de Medicina de Fam&iacute;lia e Comunidade (SBMFC) tamb&eacute;m se posicionou publicamente contra a nova resolu&ccedil;&atilde;o CFM. Em nota, a entidade aponta que a medida ignora evid&ecirc;ncias cient&iacute;ficas atualizadas, restringe o papel da Aten&ccedil;&atilde;o Prim&aacute;ria &agrave; Sa&uacute;de (APS) e amea&ccedil;a a seguran&ccedil;a de jovens trans ao empurr&aacute;-los para a clandestinidade. A SBMFC defende a autonomia m&eacute;dica, o cuidado integral e o protagonismo das equipes de sa&uacute;de da fam&iacute;lia na assist&ecirc;ncia &agrave; popula&ccedil;&atilde;o trans em todas as fases da vida.<\/p><div class=\"wp-block-buttons is-content-justification-center is-layout-flex wp-container-core-buttons-is-layout-2 wp-block-buttons-is-layout-flex\">\n<div class=\"wp-block-button\"><a class=\"wp-block-button__link wp-element-button\" href=\"https:\/\/www.sbmfc.org.br\/noticias\/nota-da-sbmfc-sobre-a-resolucao-do-cfm-no-2-427-de-08-de-abril-de-2025\/\" target=\"_blank\">confira a nota oficial<\/a><\/div>\n<\/div><p>Se voc&ecirc; quer ficar por dentro de mais conte&uacute;dos relevantes sobre a &aacute;rea m&eacute;dica, continue acompanhando o material preparado pelo Portal de Not&iacute;cias do Estrat&eacute;gia MED. Aqui, voc&ecirc; encontrar&aacute; informa&ccedil;&otilde;es atualizadas sobre resid&ecirc;ncias, carreira m&eacute;dica e muito mais.<\/p><p>Aproveite e n&atilde;o perca a chance de estudar contando com o maior banco de quest&otilde;es da &aacute;rea m&eacute;dica! Em dezembro de 2024, o BQMED contava com mais de 200 mil quest&otilde;es cadastradas, sendo mais de 108 mil quest&otilde;es com solu&ccedil;&atilde;o e, dessas, mais de 75 mil quest&otilde;es com coment&aacute;rios em v&iacute;deo dos professores especialistas do Estrat&eacute;gia MED. Saiba mais abaixo!<\/p><p><em>Mat&eacute;ria realizada com informa&ccedil;&otilde;es da Folha de S.Paulo<\/em><\/p><p>\n\n\n\n\n\n<a id=\"cta\" class=\"cta-imagem\" href=\"https:\/\/med.estrategia.com\/curso\/banco-de-questes-resumos-estrategicos-anual\/\" target=\"blank\">\n                <img decoding=\"async\" width=\"100%\" src=\"https:\/\/med.estrategia.com\/portal\/wp-content\/uploads\/2025\/08\/banco_questoes.png\" alt=\"banco_questoes\" title=\"banco_questoes\">\n        <\/a>\n<\/p><\/p>\n","protected":false},"excerpt":{"rendered":"Em reuni&atilde;o realizada em 8 de abril de 2025 pelo Conselho Federal de Medicina (CFM), foi aprovada uma&hellip;\n","protected":false},"author":22,"featured_media":61343,"comment_status":"closed","ping_status":"closed","sticky":false,"template":"","format":"standard","meta":{"wl_entities_gutenberg":"","footnotes":""},"categories":[300],"tags":[],"wl_entity_type":[199],"class_list":{"0":"post-85151","1":"post","2":"type-post","3":"status-publish","4":"format-standard","5":"has-post-thumbnail","7":"category-noticias","8":"wl_entity_type-article"},"acf":[],"yoast_head":"<!-- This site is optimized with the Yoast SEO Premium plugin v26.6 (Yoast SEO v26.6) - https:\/\/yoast.com\/wordpress\/plugins\/seo\/ -->\n<title>CFM prop\u00f5e vetar uso de bloqueadores hormonais em crian\u00e7as e adolescentes trans<\/title>\n<meta name=\"description\" content=\"Entenda a nova resolu\u00e7\u00e3o do Conselho Federal de Medicina (CFM) que prev\u00ea proibir bloqueio hormonal para crian\u00e7as e adolescentes trans!\" \/>\n<meta name=\"robots\" content=\"index, follow, max-snippet:-1, max-image-preview:large, max-video-preview:-1\" \/>\n<link rel=\"canonical\" href=\"https:\/\/med.estrategia.com\/portal\/noticias\/cfm-propoe-vetar-uso-de-bloqueadores-hormonais-em-criancas-e-adolescentes-trans\/\" \/>\n<meta property=\"og:locale\" content=\"pt_BR\" \/>\n<meta property=\"og:type\" content=\"article\" \/>\n<meta property=\"og:title\" content=\"CFM prop\u00f5e vetar uso de bloqueadores hormonais em crian\u00e7as e adolescentes trans\" \/>\n<meta property=\"og:description\" content=\"Entenda a nova resolu\u00e7\u00e3o do Conselho Federal de Medicina (CFM) que prev\u00ea proibir bloqueio hormonal para crian\u00e7as e adolescentes trans!\" \/>\n<meta property=\"og:url\" content=\"https:\/\/med.estrategia.com\/portal\/noticias\/cfm-propoe-vetar-uso-de-bloqueadores-hormonais-em-criancas-e-adolescentes-trans\/\" \/>\n<meta property=\"og:site_name\" content=\"Estrat\u00e9gia MED\" \/>\n<meta property=\"article:publisher\" content=\"https:\/\/www.facebook.com\/estrategiamed1\" \/>\n<meta property=\"article:published_time\" content=\"2025-04-14T12:57:20+00:00\" \/>\n<meta property=\"article:modified_time\" content=\"2025-04-24T17:11:31+00:00\" \/>\n<meta property=\"og:image\" content=\"https:\/\/med.estrategia.com\/portal\/wp-content\/uploads\/2024\/04\/cfm.jpg\" \/>\n\t<meta property=\"og:image:width\" content=\"768\" \/>\n\t<meta property=\"og:image:height\" content=\"402\" \/>\n\t<meta property=\"og:image:type\" content=\"image\/jpeg\" \/>\n<meta name=\"author\" content=\"Erika Coelho\" \/>\n<meta name=\"twitter:card\" content=\"summary_large_image\" \/>\n<meta name=\"twitter:creator\" content=\"@estrategiamed_\" \/>\n<meta name=\"twitter:site\" content=\"@estrategiamed_\" \/>\n<meta name=\"twitter:label1\" content=\"Escrito por\" \/>\n\t<meta name=\"twitter:data1\" content=\"Erika Coelho\" \/>\n\t<meta name=\"twitter:label2\" content=\"Est. tempo de leitura\" \/>\n\t<meta name=\"twitter:data2\" content=\"4 minutos\" \/>\n<script type=\"application\/ld+json\" class=\"yoast-schema-graph\">{\"@context\":\"https:\/\/schema.org\",\"@graph\":[{\"@type\":\"WebPage\",\"@id\":\"https:\/\/med.estrategia.com\/portal\/noticias\/cfm-propoe-vetar-uso-de-bloqueadores-hormonais-em-criancas-e-adolescentes-trans\/\",\"url\":\"https:\/\/med.estrategia.com\/portal\/noticias\/cfm-propoe-vetar-uso-de-bloqueadores-hormonais-em-criancas-e-adolescentes-trans\/\",\"name\":\"CFM prop\u00f5e vetar uso de bloqueadores hormonais em crian\u00e7as e adolescentes trans\",\"isPartOf\":{\"@id\":\"https:\/\/med.estrategia.com\/portal\/#website\"},\"primaryImageOfPage\":{\"@id\":\"https:\/\/med.estrategia.com\/portal\/noticias\/cfm-propoe-vetar-uso-de-bloqueadores-hormonais-em-criancas-e-adolescentes-trans\/#primaryimage\"},\"image\":{\"@id\":\"https:\/\/med.estrategia.com\/portal\/noticias\/cfm-propoe-vetar-uso-de-bloqueadores-hormonais-em-criancas-e-adolescentes-trans\/#primaryimage\"},\"thumbnailUrl\":\"https:\/\/med.estrategia.com\/portal\/wp-content\/uploads\/2024\/04\/cfm.jpg\",\"datePublished\":\"2025-04-14T12:57:20+00:00\",\"dateModified\":\"2025-04-24T17:11:31+00:00\",\"author\":{\"@id\":\"https:\/\/med.estrategia.com\/portal\/#\/schema\/person\/8e7c9b2f53f2eede3b8880ad86ff20a3\"},\"description\":\"Entenda a nova resolu\u00e7\u00e3o do Conselho Federal de Medicina (CFM) que prev\u00ea proibir bloqueio hormonal para crian\u00e7as e adolescentes trans!\",\"breadcrumb\":{\"@id\":\"https:\/\/med.estrategia.com\/portal\/noticias\/cfm-propoe-vetar-uso-de-bloqueadores-hormonais-em-criancas-e-adolescentes-trans\/#breadcrumb\"},\"inLanguage\":\"pt-BR\",\"potentialAction\":[{\"@type\":\"ReadAction\",\"target\":[\"https:\/\/med.estrategia.com\/portal\/noticias\/cfm-propoe-vetar-uso-de-bloqueadores-hormonais-em-criancas-e-adolescentes-trans\/\"]}]},{\"@type\":\"ImageObject\",\"inLanguage\":\"pt-BR\",\"@id\":\"https:\/\/med.estrategia.com\/portal\/noticias\/cfm-propoe-vetar-uso-de-bloqueadores-hormonais-em-criancas-e-adolescentes-trans\/#primaryimage\",\"url\":\"https:\/\/med.estrategia.com\/portal\/wp-content\/uploads\/2024\/04\/cfm.jpg\",\"contentUrl\":\"https:\/\/med.estrategia.com\/portal\/wp-content\/uploads\/2024\/04\/cfm.jpg\",\"width\":768,\"height\":402,\"caption\":\"Foto de divulga\u00e7\u00e3o: Conselho Federal de Medicina\"},{\"@type\":\"BreadcrumbList\",\"@id\":\"https:\/\/med.estrategia.com\/portal\/noticias\/cfm-propoe-vetar-uso-de-bloqueadores-hormonais-em-criancas-e-adolescentes-trans\/#breadcrumb\",\"itemListElement\":[{\"@type\":\"ListItem\",\"position\":1,\"name\":\"Home\",\"item\":\"https:\/\/med.estrategia.com\/portal\/\"},{\"@type\":\"ListItem\",\"position\":2,\"name\":\"Not\u00edcias\",\"item\":\"https:\/\/med.estrategia.com\/portal\/noticias\/\"},{\"@type\":\"ListItem\",\"position\":3,\"name\":\"CFM prop\u00f5e vetar uso de bloqueadores hormonais em crian\u00e7as e adolescentes trans\"}]},{\"@type\":\"WebSite\",\"@id\":\"https:\/\/med.estrategia.com\/portal\/#website\",\"url\":\"https:\/\/med.estrategia.com\/portal\/\",\"name\":\"Estrat\u00e9gia MED\",\"description\":\"\",\"potentialAction\":[{\"@type\":\"SearchAction\",\"target\":{\"@type\":\"EntryPoint\",\"urlTemplate\":\"https:\/\/med.estrategia.com\/portal\/?s={search_term_string}\"},\"query-input\":{\"@type\":\"PropertyValueSpecification\",\"valueRequired\":true,\"valueName\":\"search_term_string\"}}],\"inLanguage\":\"pt-BR\"},{\"@type\":\"Person\",\"@id\":\"https:\/\/med.estrategia.com\/portal\/#\/schema\/person\/8e7c9b2f53f2eede3b8880ad86ff20a3\",\"name\":\"Erika Coelho\",\"image\":{\"@type\":\"ImageObject\",\"inLanguage\":\"pt-BR\",\"@id\":\"https:\/\/med.estrategia.com\/portal\/#\/schema\/person\/image\/\",\"url\":\"https:\/\/secure.gravatar.com\/avatar\/8ef9ff2e2fa53829c640cca8d1a45178?s=96&d=mm&r=g\",\"contentUrl\":\"https:\/\/secure.gravatar.com\/avatar\/8ef9ff2e2fa53829c640cca8d1a45178?s=96&d=mm&r=g\",\"caption\":\"Erika Coelho\"},\"description\":\"Jornalista pela Universidade Presbiteriana Mackenzie, escrevo sobre educa\u00e7\u00e3o, sa\u00fade e pol\u00edticas p\u00fablicas\",\"url\":\"https:\/\/med.estrategia.com\/portal\/author\/erika\/\"}]}<\/script>\n<!-- \/ Yoast SEO Premium plugin. -->","yoast_head_json":{"title":"CFM prop\u00f5e vetar uso de bloqueadores hormonais em crian\u00e7as e adolescentes trans","description":"Entenda a nova resolu\u00e7\u00e3o do Conselho Federal de Medicina (CFM) que prev\u00ea proibir bloqueio hormonal para crian\u00e7as e adolescentes trans!","robots":{"index":"index","follow":"follow","max-snippet":"max-snippet:-1","max-image-preview":"max-image-preview:large","max-video-preview":"max-video-preview:-1"},"canonical":"https:\/\/med.estrategia.com\/portal\/noticias\/cfm-propoe-vetar-uso-de-bloqueadores-hormonais-em-criancas-e-adolescentes-trans\/","og_locale":"pt_BR","og_type":"article","og_title":"CFM prop\u00f5e vetar uso de bloqueadores hormonais em crian\u00e7as e adolescentes trans","og_description":"Entenda a nova resolu\u00e7\u00e3o do Conselho Federal de Medicina (CFM) que prev\u00ea proibir bloqueio hormonal para crian\u00e7as e adolescentes trans!","og_url":"https:\/\/med.estrategia.com\/portal\/noticias\/cfm-propoe-vetar-uso-de-bloqueadores-hormonais-em-criancas-e-adolescentes-trans\/","og_site_name":"Estrat\u00e9gia MED","article_publisher":"https:\/\/www.facebook.com\/estrategiamed1","article_published_time":"2025-04-14T12:57:20+00:00","article_modified_time":"2025-04-24T17:11:31+00:00","og_image":[{"width":768,"height":402,"url":"https:\/\/med.estrategia.com\/portal\/wp-content\/uploads\/2024\/04\/cfm.jpg","type":"image\/jpeg"}],"author":"Erika Coelho","twitter_card":"summary_large_image","twitter_creator":"@estrategiamed_","twitter_site":"@estrategiamed_","twitter_misc":{"Escrito por":"Erika Coelho","Est. tempo de leitura":"4 minutos"},"schema":{"@context":"https:\/\/schema.org","@graph":[{"@type":"WebPage","@id":"https:\/\/med.estrategia.com\/portal\/noticias\/cfm-propoe-vetar-uso-de-bloqueadores-hormonais-em-criancas-e-adolescentes-trans\/","url":"https:\/\/med.estrategia.com\/portal\/noticias\/cfm-propoe-vetar-uso-de-bloqueadores-hormonais-em-criancas-e-adolescentes-trans\/","name":"CFM prop\u00f5e vetar uso de bloqueadores hormonais em crian\u00e7as e adolescentes trans","isPartOf":{"@id":"https:\/\/med.estrategia.com\/portal\/#website"},"primaryImageOfPage":{"@id":"https:\/\/med.estrategia.com\/portal\/noticias\/cfm-propoe-vetar-uso-de-bloqueadores-hormonais-em-criancas-e-adolescentes-trans\/#primaryimage"},"image":{"@id":"https:\/\/med.estrategia.com\/portal\/noticias\/cfm-propoe-vetar-uso-de-bloqueadores-hormonais-em-criancas-e-adolescentes-trans\/#primaryimage"},"thumbnailUrl":"https:\/\/med.estrategia.com\/portal\/wp-content\/uploads\/2024\/04\/cfm.jpg","datePublished":"2025-04-14T12:57:20+00:00","dateModified":"2025-04-24T17:11:31+00:00","author":{"@id":"https:\/\/med.estrategia.com\/portal\/#\/schema\/person\/8e7c9b2f53f2eede3b8880ad86ff20a3"},"description":"Entenda a nova resolu\u00e7\u00e3o do Conselho Federal de Medicina (CFM) que prev\u00ea proibir bloqueio hormonal para crian\u00e7as e adolescentes trans!","breadcrumb":{"@id":"https:\/\/med.estrategia.com\/portal\/noticias\/cfm-propoe-vetar-uso-de-bloqueadores-hormonais-em-criancas-e-adolescentes-trans\/#breadcrumb"},"inLanguage":"pt-BR","potentialAction":[{"@type":"ReadAction","target":["https:\/\/med.estrategia.com\/portal\/noticias\/cfm-propoe-vetar-uso-de-bloqueadores-hormonais-em-criancas-e-adolescentes-trans\/"]}]},{"@type":"ImageObject","inLanguage":"pt-BR","@id":"https:\/\/med.estrategia.com\/portal\/noticias\/cfm-propoe-vetar-uso-de-bloqueadores-hormonais-em-criancas-e-adolescentes-trans\/#primaryimage","url":"https:\/\/med.estrategia.com\/portal\/wp-content\/uploads\/2024\/04\/cfm.jpg","contentUrl":"https:\/\/med.estrategia.com\/portal\/wp-content\/uploads\/2024\/04\/cfm.jpg","width":768,"height":402,"caption":"Foto de divulga\u00e7\u00e3o: Conselho Federal de Medicina"},{"@type":"BreadcrumbList","@id":"https:\/\/med.estrategia.com\/portal\/noticias\/cfm-propoe-vetar-uso-de-bloqueadores-hormonais-em-criancas-e-adolescentes-trans\/#breadcrumb","itemListElement":[{"@type":"ListItem","position":1,"name":"Home","item":"https:\/\/med.estrategia.com\/portal\/"},{"@type":"ListItem","position":2,"name":"Not\u00edcias","item":"https:\/\/med.estrategia.com\/portal\/noticias\/"},{"@type":"ListItem","position":3,"name":"CFM prop\u00f5e vetar uso de bloqueadores hormonais em crian\u00e7as e adolescentes trans"}]},{"@type":"WebSite","@id":"https:\/\/med.estrategia.com\/portal\/#website","url":"https:\/\/med.estrategia.com\/portal\/","name":"Estrat\u00e9gia MED","description":"","potentialAction":[{"@type":"SearchAction","target":{"@type":"EntryPoint","urlTemplate":"https:\/\/med.estrategia.com\/portal\/?s={search_term_string}"},"query-input":{"@type":"PropertyValueSpecification","valueRequired":true,"valueName":"search_term_string"}}],"inLanguage":"pt-BR"},{"@type":"Person","@id":"https:\/\/med.estrategia.com\/portal\/#\/schema\/person\/8e7c9b2f53f2eede3b8880ad86ff20a3","name":"Erika Coelho","image":{"@type":"ImageObject","inLanguage":"pt-BR","@id":"https:\/\/med.estrategia.com\/portal\/#\/schema\/person\/image\/","url":"https:\/\/secure.gravatar.com\/avatar\/8ef9ff2e2fa53829c640cca8d1a45178?s=96&d=mm&r=g","contentUrl":"https:\/\/secure.gravatar.com\/avatar\/8ef9ff2e2fa53829c640cca8d1a45178?s=96&d=mm&r=g","caption":"Erika Coelho"},"description":"Jornalista pela Universidade Presbiteriana Mackenzie, escrevo sobre educa\u00e7\u00e3o, sa\u00fade e pol\u00edticas p\u00fablicas","url":"https:\/\/med.estrategia.com\/portal\/author\/erika\/"}]}},"_wl_alt_label":[],"wl:entity_url":"\/post\/cfm-proibe-bloqueio-hormonal-para-criancas-e-adolescentes-trans-85151","_links":{"self":[{"href":"https:\/\/med.estrategia.com\/portal\/wp-json\/wp\/v2\/posts\/85151","targetHints":{"allow":["GET"]}}],"collection":[{"href":"https:\/\/med.estrategia.com\/portal\/wp-json\/wp\/v2\/posts"}],"about":[{"href":"https:\/\/med.estrategia.com\/portal\/wp-json\/wp\/v2\/types\/post"}],"author":[{"embeddable":true,"href":"https:\/\/med.estrategia.com\/portal\/wp-json\/wp\/v2\/users\/22"}],"replies":[{"embeddable":true,"href":"https:\/\/med.estrategia.com\/portal\/wp-json\/wp\/v2\/comments?post=85151"}],"version-history":[{"count":5,"href":"https:\/\/med.estrategia.com\/portal\/wp-json\/wp\/v2\/posts\/85151\/revisions"}],"predecessor-version":[{"id":85476,"href":"https:\/\/med.estrategia.com\/portal\/wp-json\/wp\/v2\/posts\/85151\/revisions\/85476"}],"wp:featuredmedia":[{"embeddable":true,"href":"https:\/\/med.estrategia.com\/portal\/wp-json\/wp\/v2\/media\/61343"}],"wp:attachment":[{"href":"https:\/\/med.estrategia.com\/portal\/wp-json\/wp\/v2\/media?parent=85151"}],"wp:term":[{"taxonomy":"category","embeddable":true,"href":"https:\/\/med.estrategia.com\/portal\/wp-json\/wp\/v2\/categories?post=85151"},{"taxonomy":"post_tag","embeddable":true,"href":"https:\/\/med.estrategia.com\/portal\/wp-json\/wp\/v2\/tags?post=85151"},{"taxonomy":"wl_entity_type","embeddable":true,"href":"https:\/\/med.estrategia.com\/portal\/wp-json\/wp\/v2\/wl_entity_type?post=85151"}],"curies":[{"name":"wp","href":"https:\/\/api.w.org\/{rel}","templated":true}]}}