{"id":85681,"date":"2025-05-02T19:00:12","date_gmt":"2025-05-02T22:00:12","guid":{"rendered":"https:\/\/med.estrategia.com\/portal\/?p=85681"},"modified":"2025-05-02T20:03:58","modified_gmt":"2025-05-02T23:03:58","slug":"edital-do-mais-medicos-divulgado","status":"publish","type":"post","link":"https:\/\/med.estrategia.com\/portal\/noticias\/edital-do-mais-medicos-divulgado\/","title":{"rendered":"Edital do Mais M\u00e9dicos divulgado; confira o cronograma"},"content":{"rendered":"<p>Ap&oacute;s breve publica&ccedil;&atilde;o e seu <a href=\"https:\/\/med.estrategia.com\/portal\/wp-content\/uploads\/2025\/05\/Edital-SAPS_MS-no-5_2025-Edital-SAPS_MS-no-5_2025-DOU-Imprensa-Nacional.pdf\" target=\"_blank\">posterior cancelamento<\/a>, o Minist&eacute;rio da Sa&uacute;de p&uacute;blicou nesta sexta-feira (02) o <strong>edital para sele&ccedil;&atilde;o de m&eacute;dicos<\/strong> interessados em participar do <strong>Projeto Mais M&eacute;dicos para o Brasil (PMMB)<\/strong>. Ao todo, <strong>3.147 vagas<\/strong> est&atilde;o confirmadas para <strong>equipes de sa&uacute;de da fam&iacute;lia<\/strong>, bem como outras <strong>108 para equipes multidisciplinares de sa&uacute;de ind&iacute;gena<\/strong>, distribu&iacute;das entre os munic&iacute;pios brasileiros, categorizados de acordo com o &Iacute;ndice de Vulnerabilidade Social (IVS), que aderiram ou renovaram sua ades&atilde;o para o 41&ordm; Ciclo do programa. <p>Candidatos<strong> poder&atilde;o se inscrever <\/strong>pelo <a href=\"https:\/\/maismedicos.saude.gov.br\/\" target=\"_blank\" rel=\"noopener noreferrer\">Sistema de Gerenciamento de Programas<\/a> <strong>nos dias estipulados do cronograma oficial, ou seja, entre 5 e 8 de maio de 2025. <\/strong>Confira o edital oficial e as principais datas abaixo:<\/p><div class=\"wp-block-buttons is-content-justification-center is-layout-flex wp-container-core-buttons-is-layout-1 wp-block-buttons-is-layout-flex\">\n<div class=\"wp-block-button\"><a class=\"wp-block-button__link wp-element-button\" href=\"https:\/\/med.estrategia.com\/portal\/wp-content\/uploads\/2025\/05\/EDITAL-CONJUNTO-SAPS_SGTES_MS-No-7_2025-EDITAL-CONJUNTO-SAPS_SGTES_MS-No-7_2025-DOU-Imprensa-Nacional.pdf\" target=\"_blank\">edital mais m&eacute;dicos 41&ordm; ciclo<\/a><\/div>\n<\/div><ul class=\"wp-block-list\">\n<li><strong>Per&iacute;odo de Inscri&ccedil;&otilde;es<\/strong>: 05 a 08\/05\/2025;<\/li>\n\n\n\n<li><strong>Publica&ccedil;&atilde;o preliminar de inscri&ccedil;&otilde;es<\/strong>: 09\/05\/2025;<\/li>\n\n\n\n<li><strong>Interposi&ccedil;&atilde;o de recursos das inscri&ccedil;&otilde;es incompletas<\/strong>: 10 e 11\/05\/2025;<\/li>\n\n\n\n<li><strong>Publica&ccedil;&atilde;o final das inscri&ccedil;&otilde;es<\/strong>: 16\/05\/2025;<\/li>\n\n\n\n<li><strong>Indica&ccedil;&atilde;o do local de atua&ccedil;&atilde;o<\/strong>: 17 a 19\/05\/2025.<\/li>\n<\/ul><div class=\"wp-block-buttons is-content-justification-center is-layout-flex wp-container-core-buttons-is-layout-2 wp-block-buttons-is-layout-flex\">\n<div class=\"wp-block-button\"><a class=\"wp-block-button__link wp-element-button\" href=\"https:\/\/med.estrategia.com\/portal\/wp-content\/uploads\/2025\/05\/cronograma-de-edital-41o-ciclo.pdf\" target=\"_blank\" rel=\"noopener noreferrer\">confira o cronograma completo aqui!<\/a><\/div>\n<\/div><p>\n\n\n<div id=\"new-form\">\n\t<form id=\"forms_layout\">\n\t<input type=\"hidden\" id=\"chave_de\" name=\"chave_de\" value=\"01_EMED_LEADS_TOTAIS\" \/>\n\t\t<input type=\"hidden\" id=\"mid\" name=\"mid\" value=\"515009018\" \/>\n\t\t<input type=\"hidden\" id=\"Objetivo\" name=\"Objetivo\" value=\"Medicina\" \/>\n\t\t<input type=\"hidden\" id=\"Estado_de_Origem_do_IP\" name=\"Estado_de_Origem_do_IP\"  value=\"\" \/>\n\t\t<input type=\"hidden\" id=\"Cidade_de_Origem_do_IP\" name=\"Cidade_de_Origem_do_IP\" value=\"\" \/>\n\t\t<input type=\"hidden\" id=\"Modo_de_entrada\" name=\"Modo_de_entrada\" value=\"Portal\" \/>\n\t\t<input type=\"hidden\" id=\"Pagina_Origem\" name=\"Pagina_Origem\" value=\"\" \/>\n\n\t\t<div class=\"texto\">\n\t\t\t<h3 class=\"news\">Inscreva-se em nossa newsletter!<\/h3>\n\t\t\t<p>Receba not\u00edcias sobre resid\u00eancia m\u00e9dica, revalida\u00e7\u00e3o de diplomas e concursos m\u00e9dicos, al\u00e9m de materiais de estudo gratuitos e informa\u00e7\u00f5es relevantes do mundo da Medicina.<\/p>\n\t\t<\/div>\n\t\t<div class=\"campos\">\n\t\t\t<div class=\"first_name labels\">\n\t\t\t\t<input type=\"text\" class=\"input_labels\" id=\"first_name\" name=\"Nome_Completo\" placeholder=\"Nome\" required \/>\n\t\t\t<\/div>\n\t\t\t<div class=\"email labels\">\n\t\t\t\t<input type=\"email\" class=\"input_labels\" id=\"email\" name=\"Email\" placeholder=\"E-mail\" required \/>\n\t\t\t<\/div>\n\t\t\t<button type=\"submit\" class=\"button_layout\">\n\t\t\t\t<div id=\"lblBotao\">Inscreva-se<\/div>\n\t\t\t\t<span id=\"divSpiner\" class=\"loader\" role=\"status\" style=\"display: none;\"><\/span>\t\n\t\t\t<\/button>\n\t\t<\/div><!-- \/campos -->\n\t\t\n\t\t<label class=\"container_checkbox\">Voc\u00ea concorda com a nossa\n\t\t\t<a class=\"politics_privacy_ahref\" target=\"_blank\" href=\"https:\/\/gratis.estrategiaconcursos.com.br\/politica-de-privacidade\/\">Pol\u00edtica de Privacidade<\/a> e aceita receber informa\u00e7\u00f5es adicionais do Estrat\u00e9gia Educacional.\n\t\t\t<input id=\"checkbox_layout\" type=\"checkbox\" checked=\"checked\" required \/>\n\t\t\t<span class=\"checkbox\"><\/span>\n\t\t<\/label>\n\t\t<div id=\"msg\"><\/div>\n\t\t<div id=\"error\" class=\"error\">\n\t\t<\/div>\n\t<\/form>\n<\/div><!-- \/new-form -->\n\n\n\n<\/p><div id=\"ez-toc-container\" class=\"ez-toc-v2_0_79_2 counter-hierarchy ez-toc-counter ez-toc-transparent ez-toc-container-direction\">\n<div class=\"ez-toc-title-container\"><p class=\"ez-toc-title\" style=\"cursor:inherit\">Navegue pelo conte\u00fado<\/p>\n<\/div><nav><ul class='ez-toc-list ez-toc-list-level-1 ' ><li class='ez-toc-page-1 ez-toc-heading-level-2'><a class=\"ez-toc-link ez-toc-heading-1\" href=\"https:\/\/med.estrategia.com\/portal\/noticias\/edital-do-mais-medicos-divulgado\/#Quem-pode-participar-do-Mais-Medicos\" >Quem pode participar do Mais M&eacute;dicos<\/a><\/li><li class='ez-toc-page-1 ez-toc-heading-level-2'><a class=\"ez-toc-link ez-toc-heading-2\" href=\"https:\/\/med.estrategia.com\/portal\/noticias\/edital-do-mais-medicos-divulgado\/#Quem-nao-pode-participar-do-Mais-Medicos\" >Quem n&atilde;o pode participar do Mais M&eacute;dicos<\/a><\/li><li class='ez-toc-page-1 ez-toc-heading-level-2'><a class=\"ez-toc-link ez-toc-heading-3\" href=\"https:\/\/med.estrategia.com\/portal\/noticias\/edital-do-mais-medicos-divulgado\/#Como-vai-funcionar-a-reserva-de-vagas\" >Como vai funcionar a reserva de vagas<\/a><\/li><li class='ez-toc-page-1 ez-toc-heading-level-2'><a class=\"ez-toc-link ez-toc-heading-4\" href=\"https:\/\/med.estrategia.com\/portal\/noticias\/edital-do-mais-medicos-divulgado\/#Distribuicao-de-Vagas-Mais-Medicos-2025-%E2%80%93-41o-Ciclo\" >Distribui&ccedil;&atilde;o de Vagas Mais M&eacute;dicos 2025 &ndash; 41&ordm; Ciclo<\/a><\/li><\/ul><\/nav><\/div>\n<h2 class=\"wp-block-heading\"><span class=\"ez-toc-section\" id=\"Quem-pode-participar-do-Mais-Medicos\"><\/span>Quem pode participar do Mais M&eacute;dicos<span class=\"ez-toc-section-end\"><\/span><\/h2><p>Interessados em participar da atual edi&ccedil;&atilde;o do programa dever&atilde;o preencher o cadastro dispon&iacute;vel no site de acordo com o perfil:<\/p><h3 class=\"wp-block-heading\" id=\"h-perfil-1-medicos-com-registro-no-crm\">Perfil 1: m&eacute;dicos com registro no CRM<\/h3><p>O perfil priorit&aacute;rio na sele&ccedil;&atilde;o,&nbsp;<strong>perfil 1<\/strong>, &eacute; composto por m&eacute;dicos formados em institui&ccedil;&otilde;es de ensino brasileiras ou m&eacute;dicos com diploma revalidado no pa&iacute;s, com registro no CRM.<\/p><h3 class=\"wp-block-heading\" id=\"h-perfil-2-medicos-brasileiros-habilitados-para-atuar-no-exterior\">Perfil 2: m&eacute;dicos brasileiros habilitados para atuar no exterior<\/h3><p>Ap&oacute;s a escolha de vagas pelos selecionados do perfil 1, a lista de convoca&ccedil;&atilde;o avan&ccedil;a para os&nbsp;<strong>m&eacute;dicos do perfil 2<\/strong>, ou seja, m&eacute;dicos&nbsp;<strong>brasileiros&nbsp;<\/strong>com habilita&ccedil;&atilde;o para atuar no exterior.<\/p><h3 class=\"wp-block-heading\" id=\"h-perfil-3-medicos-estrangeiros-habilitados-para-atuar-no-exterior\">Perfil 3: m&eacute;dicos estrangeiros habilitados para atuar no exterior<\/h3><p>Havendo ainda vagas ociosas, poder&atilde;o ser convocados os m&eacute;dicos estrangeiros &mdash; intercambistas com habilita&ccedil;&atilde;o para o exerc&iacute;cio da medicina no exterior.<\/p><p><strong>Todos os requisitos podem ser consultados no item 2 do edital<\/strong>.<\/p><h2 class=\"wp-block-heading\" id=\"h-quem-nao-pode-participar-do-mais-medicos\"><span class=\"ez-toc-section\" id=\"Quem-nao-pode-participar-do-Mais-Medicos\"><\/span>Quem n&atilde;o pode participar do Mais M&eacute;dicos<span class=\"ez-toc-section-end\"><\/span><\/h2><p>a) profissionais que&nbsp;<strong>j&aacute; participem do Projeto<\/strong>, encontrando-se&nbsp;<strong>ativos&nbsp;<\/strong>no Sistema de Gerenciamento de Programas &mdash; SGP em qualquer dos ciclos vigentes;<\/p><p>b) que&nbsp;<strong>participaram do Projeto Mais M&eacute;dicos para o Brasil&nbsp;<\/strong>em chamadas p&uacute;blicas anteriores ou do Programa de Valoriza&ccedil;&atilde;o do Profissional da Aten&ccedil;&atilde;o B&aacute;sica (PROVAB) e tenham sido desligados por&nbsp;<strong>descumprimento&nbsp;<\/strong>das regras;<\/p><p>c) que tenham se&nbsp;<strong>desligado voluntariamente do Projeto a menos de 180 dias<\/strong>&nbsp;da data de publica&ccedil;&atilde;o deste certame ou que estejam ativos no Sistema de Gerenciamento de Programas &ndash; SGP na posi&ccedil;&atilde;o de gestores municipais\/distritais.<\/p><h2 class=\"wp-block-heading\" id=\"h-como-vai-funcionar-a-reserva-de-vagas\"><span class=\"ez-toc-section\" id=\"Como-vai-funcionar-a-reserva-de-vagas\"><\/span>Como vai funcionar a reserva de vagas<span class=\"ez-toc-section-end\"><\/span><\/h2><p>O programa Mais M&eacute;dicos&nbsp;destina&nbsp;<strong>20% das vagas para grupos &eacute;tnico-raciais<\/strong> (negros, ind&iacute;genas e quilombolas) e&nbsp;<strong>9% para pessoas com defici&ecirc;ncia<\/strong>. Os candidatos desses grupos t&ecirc;m o direito de se inscrever para concorrer &agrave;s vagas reservadas, conforme as pol&iacute;ticas de a&ccedil;&otilde;es afirmativas.<\/p><p>Em rela&ccedil;&atilde;o &agrave; reserva de vagas para os grupos &eacute;tnico-raciais (pessoas negras, ind&iacute;genas e quilombolas):<\/p><ul class=\"wp-block-list\">\n<li>Munic&iacute;pios com 2 vagas: 50% ser&atilde;o reservadas;<\/li>\n\n\n\n<li>Munic&iacute;pios que t&ecirc;m acima de 3: 20% ser&atilde;o reservadas.<\/li>\n<\/ul><p>Para a reserva de vagas para pessoas com defici&ecirc;ncia, 9% das vagas ser&atilde;o destinadas a m&eacute;dicos com defici&ecirc;ncias:<\/p><ul class=\"wp-block-list\">\n<li>Munic&iacute;pios com 3 a 10 vagas: 1 vaga ser&aacute; reservada;<\/li>\n\n\n\n<li>Munic&iacute;pios com mais de 10 vagas: 15% das vagas ser&atilde;o reservadas.<\/li>\n<\/ul><h2 class=\"wp-block-heading\" id=\"h-distribuicao-de-vagas-mais-medicos-2025-41&ordm;-ciclo\"><span class=\"ez-toc-section\" id=\"Distribuicao-de-Vagas-Mais-Medicos-2025-%E2%80%93-41o-Ciclo\"><\/span>Distribui&ccedil;&atilde;o de Vagas Mais M&eacute;dicos 2025 &ndash; 41&ordm; Ciclo<span class=\"ez-toc-section-end\"><\/span><\/h2><h3 class=\"wp-block-heading\" id=\"h-equipes-de-saude-da-familia\">Equipes de Sa&uacute;de da Fam&iacute;lia<\/h3><figure class=\"wp-block-table\"><table class=\"has-fixed-layout\"><thead><tr><th class=\"has-text-align-center\" data-align=\"center\">UF<\/th><th class=\"has-text-align-center\" data-align=\"center\">Total de vagas por estado<\/th><\/tr><\/thead><tbody><tr><td class=\"has-text-align-center\" data-align=\"center\">AC<\/td><td class=\"has-text-align-center\" data-align=\"center\">20<\/td><\/tr><tr><td class=\"has-text-align-center\" data-align=\"center\">AL<\/td><td class=\"has-text-align-center\" data-align=\"center\">47<\/td><\/tr><tr><td class=\"has-text-align-center\" data-align=\"center\">AM<\/td><td class=\"has-text-align-center\" data-align=\"center\">85<\/td><\/tr><tr><td class=\"has-text-align-center\" data-align=\"center\">AP<\/td><td class=\"has-text-align-center\" data-align=\"center\">14<\/td><\/tr><tr><td class=\"has-text-align-center\" data-align=\"center\">BA<\/td><td class=\"has-text-align-center\" data-align=\"center\">323<\/td><\/tr><tr><td class=\"has-text-align-center\" data-align=\"center\">CE<\/td><td class=\"has-text-align-center\" data-align=\"center\">188<\/td><\/tr><tr><td class=\"has-text-align-center\" data-align=\"center\">DF<\/td><td class=\"has-text-align-center\" data-align=\"center\">17<\/td><\/tr><tr><td class=\"has-text-align-center\" data-align=\"center\">ES<\/td><td class=\"has-text-align-center\" data-align=\"center\">83<\/td><\/tr><tr><td class=\"has-text-align-center\" data-align=\"center\">GO<\/td><td class=\"has-text-align-center\" data-align=\"center\">80<\/td><\/tr><tr><td class=\"has-text-align-center\" data-align=\"center\">MA<\/td><td class=\"has-text-align-center\" data-align=\"center\">181<\/td><\/tr><tr><td class=\"has-text-align-center\" data-align=\"center\">MG<\/td><td class=\"has-text-align-center\" data-align=\"center\">258<\/td><\/tr><tr><td class=\"has-text-align-center\" data-align=\"center\">MS<\/td><td class=\"has-text-align-center\" data-align=\"center\">30<\/td><\/tr><tr><td class=\"has-text-align-center\" data-align=\"center\">MT<\/td><td class=\"has-text-align-center\" data-align=\"center\">80<\/td><\/tr><tr><td class=\"has-text-align-center\" data-align=\"center\">PA<\/td><td class=\"has-text-align-center\" data-align=\"center\">206<\/td><\/tr><tr><td class=\"has-text-align-center\" data-align=\"center\">PB<\/td><td class=\"has-text-align-center\" data-align=\"center\">49<\/td><\/tr><tr><td class=\"has-text-align-center\" data-align=\"center\">PE<\/td><td class=\"has-text-align-center\" data-align=\"center\">125<\/td><\/tr><tr><td class=\"has-text-align-center\" data-align=\"center\">PI<\/td><td class=\"has-text-align-center\" data-align=\"center\">93<\/td><\/tr><tr><td class=\"has-text-align-center\" data-align=\"center\">PR<\/td><td class=\"has-text-align-center\" data-align=\"center\">165<\/td><\/tr><tr><td class=\"has-text-align-center\" data-align=\"center\">RJ<\/td><td class=\"has-text-align-center\" data-align=\"center\">162<\/td><\/tr><tr><td class=\"has-text-align-center\" data-align=\"center\">RN<\/td><td class=\"has-text-align-center\" data-align=\"center\">100<\/td><\/tr><tr><td class=\"has-text-align-center\" data-align=\"center\">RO<\/td><td class=\"has-text-align-center\" data-align=\"center\">41<\/td><\/tr><tr><td class=\"has-text-align-center\" data-align=\"center\">RR<\/td><td class=\"has-text-align-center\" data-align=\"center\">6<\/td><\/tr><tr><td class=\"has-text-align-center\" data-align=\"center\">RS<\/td><td class=\"has-text-align-center\" data-align=\"center\">163<\/td><\/tr><tr><td class=\"has-text-align-center\" data-align=\"center\">SC<\/td><td class=\"has-text-align-center\" data-align=\"center\">104<\/td><\/tr><tr><td class=\"has-text-align-center\" data-align=\"center\">SE<\/td><td class=\"has-text-align-center\" data-align=\"center\">36<\/td><\/tr><tr><td class=\"has-text-align-center\" data-align=\"center\">SP<\/td><td class=\"has-text-align-center\" data-align=\"center\">456<\/td><\/tr><tr><td class=\"has-text-align-center\" data-align=\"center\">TO<\/td><td class=\"has-text-align-center\" data-align=\"center\">35<\/td><\/tr><\/tbody><\/table><\/figure><div class=\"wp-block-buttons is-content-justification-center is-layout-flex wp-container-core-buttons-is-layout-3 wp-block-buttons-is-layout-flex\">\n<div class=\"wp-block-button\"><a class=\"wp-block-button__link has-text-align-center wp-element-button\" href=\"https:\/\/med.estrategia.com\/portal\/wp-content\/uploads\/2025\/04\/quadro-de-vagas-resultado-final-retificado.xlsx\" target=\"_blank\">confira o quadro completo de vagas por munic&iacute;pio!<\/a><\/div>\n<\/div><h3 class=\"wp-block-heading\" id=\"h-equipes-multidisciplinares-de-saude-indigena\">Equipes multidisciplinares de Sa&uacute;de ind&iacute;gena<\/h3><figure class=\"wp-block-table\"><table class=\"has-fixed-layout\"><thead><tr><th class=\"has-text-align-center\" data-align=\"center\">UF<\/th><th class=\"has-text-align-center\" data-align=\"center\">Total de vagas por estado<\/th><\/tr><\/thead><tbody><tr><td class=\"has-text-align-center\" data-align=\"center\">AC<\/td><td class=\"has-text-align-center\" data-align=\"center\">5<\/td><\/tr><tr><td class=\"has-text-align-center\" data-align=\"center\">AL<\/td><td class=\"has-text-align-center\" data-align=\"center\">2<\/td><\/tr><tr><td class=\"has-text-align-center\" data-align=\"center\">AM<\/td><td class=\"has-text-align-center\" data-align=\"center\">31<\/td><\/tr><tr><td class=\"has-text-align-center\" data-align=\"center\">AP<\/td><td class=\"has-text-align-center\" data-align=\"center\">1<\/td><\/tr><tr><td class=\"has-text-align-center\" data-align=\"center\">BA<\/td><td class=\"has-text-align-center\" data-align=\"center\">6<\/td><\/tr><tr><td class=\"has-text-align-center\" data-align=\"center\">CE<\/td><td class=\"has-text-align-center\" data-align=\"center\">2<\/td><\/tr><tr><td class=\"has-text-align-center\" data-align=\"center\">MA<\/td><td class=\"has-text-align-center\" data-align=\"center\">10<\/td><\/tr><tr><td class=\"has-text-align-center\" data-align=\"center\">MG<\/td><td class=\"has-text-align-center\" data-align=\"center\">2<\/td><\/tr><tr><td class=\"has-text-align-center\" data-align=\"center\">MS<\/td><td class=\"has-text-align-center\" data-align=\"center\">4<\/td><\/tr><tr><td class=\"has-text-align-center\" data-align=\"center\">MT<\/td><td class=\"has-text-align-center\" data-align=\"center\">9<\/td><\/tr><tr><td class=\"has-text-align-center\" data-align=\"center\">PA<\/td><td class=\"has-text-align-center\" data-align=\"center\">14<\/td><\/tr><tr><td class=\"has-text-align-center\" data-align=\"center\">PB<\/td><td class=\"has-text-align-center\" data-align=\"center\">2<\/td><\/tr><tr><td class=\"has-text-align-center\" data-align=\"center\">PE<\/td><td class=\"has-text-align-center\" data-align=\"center\">2<\/td><\/tr><tr><td class=\"has-text-align-center\" data-align=\"center\">PI<\/td><td class=\"has-text-align-center\" data-align=\"center\">4<\/td><\/tr><tr><td class=\"has-text-align-center\" data-align=\"center\">PR<\/td><td class=\"has-text-align-center\" data-align=\"center\">3<\/td><\/tr><tr><td class=\"has-text-align-center\" data-align=\"center\">RJ<\/td><td class=\"has-text-align-center\" data-align=\"center\">1<\/td><\/tr><tr><td class=\"has-text-align-center\" data-align=\"center\">RN<\/td><td class=\"has-text-align-center\" data-align=\"center\">1<\/td><\/tr><tr><td class=\"has-text-align-center\" data-align=\"center\">RO<\/td><td class=\"has-text-align-center\" data-align=\"center\">3<\/td><\/tr><tr><td class=\"has-text-align-center\" data-align=\"center\">RR<\/td><td class=\"has-text-align-center\" data-align=\"center\">4<\/td><\/tr><tr><td class=\"has-text-align-center\" data-align=\"center\">RS<\/td><td class=\"has-text-align-center\" data-align=\"center\">1<\/td><\/tr><tr><td class=\"has-text-align-center\" data-align=\"center\">SC<\/td><td class=\"has-text-align-center\" data-align=\"center\">1<\/td><\/tr><\/tbody><\/table><\/figure><div class=\"wp-block-buttons is-content-justification-center is-layout-flex wp-container-core-buttons-is-layout-4 wp-block-buttons-is-layout-flex\">\n<div class=\"wp-block-button\"><a class=\"wp-block-button__link wp-element-button\" href=\"https:\/\/med.estrategia.com\/portal\/wp-content\/uploads\/2025\/05\/41o-ciclo-quadro-de-vagas-resultado-final-escolha-de-medicos-1.xlsx\" target=\"_blank\">confira o quadro completo de vagas por munic&iacute;pio!<\/a><\/div>\n<\/div><p>Se voc&ecirc; quer ficar por dentro de mais conte&uacute;dos relevantes sobre a &aacute;rea m&eacute;dica, continue acompanhando o material preparado pelo Portal de Not&iacute;cias do Estrat&eacute;gia MED. Aqui, voc&ecirc; encontrar&aacute; informa&ccedil;&otilde;es atualizadas sobre resid&ecirc;ncias, carreira m&eacute;dica e muito mais.<\/p><p>\n\n\n\n\n\n<a id=\"cta\" class=\"cta-imagem\" href=\"https:\/\/med.estrategia.com\/curso\/banco-de-questes-resumos-estrategicos-anual\/\" target=\"blank\">\n                <img decoding=\"async\" width=\"100%\" src=\"https:\/\/med.estrategia.com\/portal\/wp-content\/uploads\/2025\/08\/banco_questoes.png\" alt=\"banco_questoes\" title=\"banco_questoes\">\n        <\/a>\n<\/p><\/p>\n","protected":false},"excerpt":{"rendered":"Ap&oacute;s breve publica&ccedil;&atilde;o e seu posterior cancelamento, o Minist&eacute;rio da Sa&uacute;de p&uacute;blicou nesta sexta-feira (02) o edital para&hellip;\n","protected":false},"author":39,"featured_media":85680,"comment_status":"closed","ping_status":"closed","sticky":false,"template":"","format":"standard","meta":{"wl_entities_gutenberg":"","footnotes":""},"categories":[300],"tags":[],"wl_entity_type":[199],"class_list":{"0":"post-85681","1":"post","2":"type-post","3":"status-publish","4":"format-standard","5":"has-post-thumbnail","7":"category-noticias","8":"wl_entity_type-article"},"acf":[],"yoast_head":"<!-- This site is optimized with the Yoast SEO Premium plugin v26.6 (Yoast SEO v26.6) - https:\/\/yoast.com\/wordpress\/plugins\/seo\/ -->\n<title>Edital do Mais M\u00e9dicos divulgado; confira o cronograma<\/title>\n<meta name=\"robots\" content=\"index, follow, max-snippet:-1, max-image-preview:large, max-video-preview:-1\" \/>\n<link rel=\"canonical\" href=\"https:\/\/med.estrategia.com\/portal\/noticias\/edital-do-mais-medicos-divulgado\/\" \/>\n<meta property=\"og:locale\" content=\"pt_BR\" \/>\n<meta property=\"og:type\" content=\"article\" \/>\n<meta property=\"og:title\" content=\"Edital do Mais M\u00e9dicos divulgado; confira o cronograma\" \/>\n<meta property=\"og:description\" content=\"Ap&oacute;s breve publica&ccedil;&atilde;o e seu posterior cancelamento, o Minist&eacute;rio da Sa&uacute;de p&uacute;blicou nesta sexta-feira (02) o edital para&hellip;\" \/>\n<meta property=\"og:url\" content=\"https:\/\/med.estrategia.com\/portal\/noticias\/edital-do-mais-medicos-divulgado\/\" \/>\n<meta property=\"og:site_name\" content=\"Estrat\u00e9gia MED\" \/>\n<meta property=\"article:publisher\" content=\"https:\/\/www.facebook.com\/estrategiamed1\" \/>\n<meta property=\"article:published_time\" content=\"2025-05-02T22:00:12+00:00\" \/>\n<meta property=\"article:modified_time\" content=\"2025-05-02T23:03:58+00:00\" \/>\n<meta property=\"og:image\" content=\"https:\/\/med.estrategia.com\/portal\/wp-content\/uploads\/2025\/04\/mais-medicos-edital.png\" \/>\n\t<meta property=\"og:image:width\" content=\"1920\" \/>\n\t<meta property=\"og:image:height\" content=\"1080\" \/>\n\t<meta property=\"og:image:type\" content=\"image\/png\" \/>\n<meta name=\"author\" content=\"Ana Carolina Damasceno\" \/>\n<meta name=\"twitter:card\" content=\"summary_large_image\" \/>\n<meta name=\"twitter:creator\" content=\"@estrategiamed_\" \/>\n<meta name=\"twitter:site\" content=\"@estrategiamed_\" \/>\n<meta name=\"twitter:label1\" content=\"Escrito por\" \/>\n\t<meta name=\"twitter:data1\" content=\"Ana Carolina Damasceno\" \/>\n\t<meta name=\"twitter:label2\" content=\"Est. tempo de leitura\" \/>\n\t<meta name=\"twitter:data2\" content=\"4 minutos\" \/>\n<script type=\"application\/ld+json\" class=\"yoast-schema-graph\">{\"@context\":\"https:\/\/schema.org\",\"@graph\":[{\"@type\":\"WebPage\",\"@id\":\"https:\/\/med.estrategia.com\/portal\/noticias\/edital-do-mais-medicos-divulgado\/\",\"url\":\"https:\/\/med.estrategia.com\/portal\/noticias\/edital-do-mais-medicos-divulgado\/\",\"name\":\"Edital do Mais M\u00e9dicos divulgado; confira o cronograma\",\"isPartOf\":{\"@id\":\"https:\/\/med.estrategia.com\/portal\/#website\"},\"primaryImageOfPage\":{\"@id\":\"https:\/\/med.estrategia.com\/portal\/noticias\/edital-do-mais-medicos-divulgado\/#primaryimage\"},\"image\":{\"@id\":\"https:\/\/med.estrategia.com\/portal\/noticias\/edital-do-mais-medicos-divulgado\/#primaryimage\"},\"thumbnailUrl\":\"https:\/\/med.estrategia.com\/portal\/wp-content\/uploads\/2025\/04\/mais-medicos-edital.png\",\"datePublished\":\"2025-05-02T22:00:12+00:00\",\"dateModified\":\"2025-05-02T23:03:58+00:00\",\"author\":{\"@id\":\"https:\/\/med.estrategia.com\/portal\/#\/schema\/person\/2f553adbb8e25fe39d145c5b2927f58c\"},\"breadcrumb\":{\"@id\":\"https:\/\/med.estrategia.com\/portal\/noticias\/edital-do-mais-medicos-divulgado\/#breadcrumb\"},\"inLanguage\":\"pt-BR\",\"potentialAction\":[{\"@type\":\"ReadAction\",\"target\":[\"https:\/\/med.estrategia.com\/portal\/noticias\/edital-do-mais-medicos-divulgado\/\"]}]},{\"@type\":\"ImageObject\",\"inLanguage\":\"pt-BR\",\"@id\":\"https:\/\/med.estrategia.com\/portal\/noticias\/edital-do-mais-medicos-divulgado\/#primaryimage\",\"url\":\"https:\/\/med.estrategia.com\/portal\/wp-content\/uploads\/2025\/04\/mais-medicos-edital.png\",\"contentUrl\":\"https:\/\/med.estrategia.com\/portal\/wp-content\/uploads\/2025\/04\/mais-medicos-edital.png\",\"width\":1920,\"height\":1080,\"caption\":\"Estrat\u00e9gia MED\"},{\"@type\":\"BreadcrumbList\",\"@id\":\"https:\/\/med.estrategia.com\/portal\/noticias\/edital-do-mais-medicos-divulgado\/#breadcrumb\",\"itemListElement\":[{\"@type\":\"ListItem\",\"position\":1,\"name\":\"Home\",\"item\":\"https:\/\/med.estrategia.com\/portal\/\"},{\"@type\":\"ListItem\",\"position\":2,\"name\":\"Not\u00edcias\",\"item\":\"https:\/\/med.estrategia.com\/portal\/noticias\/\"},{\"@type\":\"ListItem\",\"position\":3,\"name\":\"Edital do Mais M\u00e9dicos divulgado; confira o cronograma\"}]},{\"@type\":\"WebSite\",\"@id\":\"https:\/\/med.estrategia.com\/portal\/#website\",\"url\":\"https:\/\/med.estrategia.com\/portal\/\",\"name\":\"Estrat\u00e9gia MED\",\"description\":\"\",\"potentialAction\":[{\"@type\":\"SearchAction\",\"target\":{\"@type\":\"EntryPoint\",\"urlTemplate\":\"https:\/\/med.estrategia.com\/portal\/?s={search_term_string}\"},\"query-input\":{\"@type\":\"PropertyValueSpecification\",\"valueRequired\":true,\"valueName\":\"search_term_string\"}}],\"inLanguage\":\"pt-BR\"},{\"@type\":\"Person\",\"@id\":\"https:\/\/med.estrategia.com\/portal\/#\/schema\/person\/2f553adbb8e25fe39d145c5b2927f58c\",\"name\":\"Ana Carolina Damasceno\",\"image\":{\"@type\":\"ImageObject\",\"inLanguage\":\"pt-BR\",\"@id\":\"https:\/\/med.estrategia.com\/portal\/#\/schema\/person\/image\/\",\"url\":\"https:\/\/med.estrategia.com\/portal\/wp-content\/uploads\/2021\/09\/WhatsApp-Image-2023-08-18-at-16.46.43-150x150.jpeg\",\"contentUrl\":\"https:\/\/med.estrategia.com\/portal\/wp-content\/uploads\/2021\/09\/WhatsApp-Image-2023-08-18-at-16.46.43-150x150.jpeg\",\"caption\":\"Ana Carolina Damasceno\"},\"description\":\"Coordenadora de Jornalismo EMED. Comunicadora por natureza e forma\u00e7\u00e3o, que ama e perde a no\u00e7\u00e3o do tempo com m\u00fasica e s\u00e9rie.\",\"url\":\"https:\/\/med.estrategia.com\/portal\/author\/ana-carolina-damasceno\/\"}]}<\/script>\n<!-- \/ Yoast SEO Premium plugin. -->","yoast_head_json":{"title":"Edital do Mais M\u00e9dicos divulgado; confira o cronograma","robots":{"index":"index","follow":"follow","max-snippet":"max-snippet:-1","max-image-preview":"max-image-preview:large","max-video-preview":"max-video-preview:-1"},"canonical":"https:\/\/med.estrategia.com\/portal\/noticias\/edital-do-mais-medicos-divulgado\/","og_locale":"pt_BR","og_type":"article","og_title":"Edital do Mais M\u00e9dicos divulgado; confira o cronograma","og_description":"Ap&oacute;s breve publica&ccedil;&atilde;o e seu posterior cancelamento, o Minist&eacute;rio da Sa&uacute;de p&uacute;blicou nesta sexta-feira (02) o edital para&hellip;","og_url":"https:\/\/med.estrategia.com\/portal\/noticias\/edital-do-mais-medicos-divulgado\/","og_site_name":"Estrat\u00e9gia MED","article_publisher":"https:\/\/www.facebook.com\/estrategiamed1","article_published_time":"2025-05-02T22:00:12+00:00","article_modified_time":"2025-05-02T23:03:58+00:00","og_image":[{"width":1920,"height":1080,"url":"https:\/\/med.estrategia.com\/portal\/wp-content\/uploads\/2025\/04\/mais-medicos-edital.png","type":"image\/png"}],"author":"Ana Carolina Damasceno","twitter_card":"summary_large_image","twitter_creator":"@estrategiamed_","twitter_site":"@estrategiamed_","twitter_misc":{"Escrito por":"Ana Carolina Damasceno","Est. tempo de leitura":"4 minutos"},"schema":{"@context":"https:\/\/schema.org","@graph":[{"@type":"WebPage","@id":"https:\/\/med.estrategia.com\/portal\/noticias\/edital-do-mais-medicos-divulgado\/","url":"https:\/\/med.estrategia.com\/portal\/noticias\/edital-do-mais-medicos-divulgado\/","name":"Edital do Mais M\u00e9dicos divulgado; confira o cronograma","isPartOf":{"@id":"https:\/\/med.estrategia.com\/portal\/#website"},"primaryImageOfPage":{"@id":"https:\/\/med.estrategia.com\/portal\/noticias\/edital-do-mais-medicos-divulgado\/#primaryimage"},"image":{"@id":"https:\/\/med.estrategia.com\/portal\/noticias\/edital-do-mais-medicos-divulgado\/#primaryimage"},"thumbnailUrl":"https:\/\/med.estrategia.com\/portal\/wp-content\/uploads\/2025\/04\/mais-medicos-edital.png","datePublished":"2025-05-02T22:00:12+00:00","dateModified":"2025-05-02T23:03:58+00:00","author":{"@id":"https:\/\/med.estrategia.com\/portal\/#\/schema\/person\/2f553adbb8e25fe39d145c5b2927f58c"},"breadcrumb":{"@id":"https:\/\/med.estrategia.com\/portal\/noticias\/edital-do-mais-medicos-divulgado\/#breadcrumb"},"inLanguage":"pt-BR","potentialAction":[{"@type":"ReadAction","target":["https:\/\/med.estrategia.com\/portal\/noticias\/edital-do-mais-medicos-divulgado\/"]}]},{"@type":"ImageObject","inLanguage":"pt-BR","@id":"https:\/\/med.estrategia.com\/portal\/noticias\/edital-do-mais-medicos-divulgado\/#primaryimage","url":"https:\/\/med.estrategia.com\/portal\/wp-content\/uploads\/2025\/04\/mais-medicos-edital.png","contentUrl":"https:\/\/med.estrategia.com\/portal\/wp-content\/uploads\/2025\/04\/mais-medicos-edital.png","width":1920,"height":1080,"caption":"Estrat\u00e9gia MED"},{"@type":"BreadcrumbList","@id":"https:\/\/med.estrategia.com\/portal\/noticias\/edital-do-mais-medicos-divulgado\/#breadcrumb","itemListElement":[{"@type":"ListItem","position":1,"name":"Home","item":"https:\/\/med.estrategia.com\/portal\/"},{"@type":"ListItem","position":2,"name":"Not\u00edcias","item":"https:\/\/med.estrategia.com\/portal\/noticias\/"},{"@type":"ListItem","position":3,"name":"Edital do Mais M\u00e9dicos divulgado; confira o cronograma"}]},{"@type":"WebSite","@id":"https:\/\/med.estrategia.com\/portal\/#website","url":"https:\/\/med.estrategia.com\/portal\/","name":"Estrat\u00e9gia MED","description":"","potentialAction":[{"@type":"SearchAction","target":{"@type":"EntryPoint","urlTemplate":"https:\/\/med.estrategia.com\/portal\/?s={search_term_string}"},"query-input":{"@type":"PropertyValueSpecification","valueRequired":true,"valueName":"search_term_string"}}],"inLanguage":"pt-BR"},{"@type":"Person","@id":"https:\/\/med.estrategia.com\/portal\/#\/schema\/person\/2f553adbb8e25fe39d145c5b2927f58c","name":"Ana Carolina Damasceno","image":{"@type":"ImageObject","inLanguage":"pt-BR","@id":"https:\/\/med.estrategia.com\/portal\/#\/schema\/person\/image\/","url":"https:\/\/med.estrategia.com\/portal\/wp-content\/uploads\/2021\/09\/WhatsApp-Image-2023-08-18-at-16.46.43-150x150.jpeg","contentUrl":"https:\/\/med.estrategia.com\/portal\/wp-content\/uploads\/2021\/09\/WhatsApp-Image-2023-08-18-at-16.46.43-150x150.jpeg","caption":"Ana Carolina Damasceno"},"description":"Coordenadora de Jornalismo EMED. Comunicadora por natureza e forma\u00e7\u00e3o, que ama e perde a no\u00e7\u00e3o do tempo com m\u00fasica e s\u00e9rie.","url":"https:\/\/med.estrategia.com\/portal\/author\/ana-carolina-damasceno\/"}]}},"_wl_alt_label":[],"wl:entity_url":"\/post\/mais-medicos-tem-edital-divulgado-3-147-vagas-sao-ofertadas-85681","_links":{"self":[{"href":"https:\/\/med.estrategia.com\/portal\/wp-json\/wp\/v2\/posts\/85681","targetHints":{"allow":["GET"]}}],"collection":[{"href":"https:\/\/med.estrategia.com\/portal\/wp-json\/wp\/v2\/posts"}],"about":[{"href":"https:\/\/med.estrategia.com\/portal\/wp-json\/wp\/v2\/types\/post"}],"author":[{"embeddable":true,"href":"https:\/\/med.estrategia.com\/portal\/wp-json\/wp\/v2\/users\/39"}],"replies":[{"embeddable":true,"href":"https:\/\/med.estrategia.com\/portal\/wp-json\/wp\/v2\/comments?post=85681"}],"version-history":[{"count":23,"href":"https:\/\/med.estrategia.com\/portal\/wp-json\/wp\/v2\/posts\/85681\/revisions"}],"predecessor-version":[{"id":86268,"href":"https:\/\/med.estrategia.com\/portal\/wp-json\/wp\/v2\/posts\/85681\/revisions\/86268"}],"wp:featuredmedia":[{"embeddable":true,"href":"https:\/\/med.estrategia.com\/portal\/wp-json\/wp\/v2\/media\/85680"}],"wp:attachment":[{"href":"https:\/\/med.estrategia.com\/portal\/wp-json\/wp\/v2\/media?parent=85681"}],"wp:term":[{"taxonomy":"category","embeddable":true,"href":"https:\/\/med.estrategia.com\/portal\/wp-json\/wp\/v2\/categories?post=85681"},{"taxonomy":"post_tag","embeddable":true,"href":"https:\/\/med.estrategia.com\/portal\/wp-json\/wp\/v2\/tags?post=85681"},{"taxonomy":"wl_entity_type","embeddable":true,"href":"https:\/\/med.estrategia.com\/portal\/wp-json\/wp\/v2\/wl_entity_type?post=85681"}],"curies":[{"name":"wp","href":"https:\/\/api.w.org\/{rel}","templated":true}]}}