{"id":85884,"date":"2025-04-25T18:46:29","date_gmt":"2025-04-25T21:46:29","guid":{"rendered":"https:\/\/med.estrategia.com\/portal\/?p=85884"},"modified":"2025-04-28T12:44:33","modified_gmt":"2025-04-28T15:44:33","slug":"resumo-de-espru-tropical-fatores-de-risco-sintomas-e-mais","status":"publish","type":"post","link":"https:\/\/med.estrategia.com\/portal\/conteudos-gratis\/doencas\/resumo-de-espru-tropical-fatores-de-risco-sintomas-e-mais\/","title":{"rendered":"Resumo de Espru Tropical: fatores de risco, sintomas e mais!"},"content":{"rendered":"<p><strong>Ol&aacute;, doutora e doutor!<\/strong> Espru tropical &eacute; uma doen&ccedil;a que atinge o intestino delgado, causando diarreia cr&ocirc;nica, perda de peso e d&eacute;ficits nutricionais. Embora seu mecanismo preciso seja desconhecido, acredita-se que fatores infecciosos e ambientais sejam respons&aacute;veis. O diagn&oacute;stico implica exclus&atilde;o das causas poss&iacute;veis de m&aacute; absor&ccedil;&atilde;o e o tratamento associa antibi&oacute;ticos e suplemento vitam&iacute;nico. A resposta ao tratamento &eacute;, na maioria dos casos, excelente.<p><em>Cabe ressaltar que a bi&oacute;psia intestinal j&aacute; pode apresentar atrofia das vilosidades nos est&aacute;gios iniciais da doen&ccedil;a.<\/em><\/p><div id=\"ez-toc-container\" class=\"ez-toc-v2_0_79_2 counter-hierarchy ez-toc-counter ez-toc-transparent ez-toc-container-direction\">\n<div class=\"ez-toc-title-container\"><p class=\"ez-toc-title\" style=\"cursor:inherit\">Navegue pelo conte\u00fado<\/p>\n<\/div><nav><ul class='ez-toc-list ez-toc-list-level-1 ' ><li class='ez-toc-page-1 ez-toc-heading-level-2'><a class=\"ez-toc-link ez-toc-heading-1\" href=\"https:\/\/med.estrategia.com\/portal\/conteudos-gratis\/doencas\/resumo-de-espru-tropical-fatores-de-risco-sintomas-e-mais\/#Conceito\" >Conceito<\/a><\/li><li class='ez-toc-page-1 ez-toc-heading-level-2'><a class=\"ez-toc-link ez-toc-heading-2\" href=\"https:\/\/med.estrategia.com\/portal\/conteudos-gratis\/doencas\/resumo-de-espru-tropical-fatores-de-risco-sintomas-e-mais\/#Fisiopatologia\" >Fisiopatologia<\/a><\/li><li class='ez-toc-page-1 ez-toc-heading-level-2'><a class=\"ez-toc-link ez-toc-heading-3\" href=\"https:\/\/med.estrategia.com\/portal\/conteudos-gratis\/doencas\/resumo-de-espru-tropical-fatores-de-risco-sintomas-e-mais\/#Epidemiologia-e-fatores-de-risco\" >Epidemiologia e fatores de risco<\/a><\/li><li class='ez-toc-page-1 ez-toc-heading-level-2'><a class=\"ez-toc-link ez-toc-heading-4\" href=\"https:\/\/med.estrategia.com\/portal\/conteudos-gratis\/doencas\/resumo-de-espru-tropical-fatores-de-risco-sintomas-e-mais\/#Avaliacao-clinica\" >Avalia&ccedil;&atilde;o cl&iacute;nica&nbsp;<\/a><\/li><li class='ez-toc-page-1 ez-toc-heading-level-2'><a class=\"ez-toc-link ez-toc-heading-5\" href=\"https:\/\/med.estrategia.com\/portal\/conteudos-gratis\/doencas\/resumo-de-espru-tropical-fatores-de-risco-sintomas-e-mais\/#Diagnostico\" >Diagn&oacute;stico&nbsp;<\/a><\/li><li class='ez-toc-page-1 ez-toc-heading-level-2'><a class=\"ez-toc-link ez-toc-heading-6\" href=\"https:\/\/med.estrategia.com\/portal\/conteudos-gratis\/doencas\/resumo-de-espru-tropical-fatores-de-risco-sintomas-e-mais\/#Tratamento\" >Tratamento<\/a><\/li><li class='ez-toc-page-1 ez-toc-heading-level-2'><a class=\"ez-toc-link ez-toc-heading-7\" href=\"https:\/\/med.estrategia.com\/portal\/conteudos-gratis\/doencas\/resumo-de-espru-tropical-fatores-de-risco-sintomas-e-mais\/#Veja-Tambem\" >Veja Tamb&eacute;m<\/a><\/li><li class='ez-toc-page-1 ez-toc-heading-level-2'><a class=\"ez-toc-link ez-toc-heading-8\" href=\"https:\/\/med.estrategia.com\/portal\/conteudos-gratis\/doencas\/resumo-de-espru-tropical-fatores-de-risco-sintomas-e-mais\/#Canal-do-YouTube\" >Canal do YouTube&nbsp;<\/a><\/li><li class='ez-toc-page-1 ez-toc-heading-level-2'><a class=\"ez-toc-link ez-toc-heading-9\" href=\"https:\/\/med.estrategia.com\/portal\/conteudos-gratis\/doencas\/resumo-de-espru-tropical-fatores-de-risco-sintomas-e-mais\/#Referencias-Bibliograficas\" >Refer&ecirc;ncias Bibliogr&aacute;ficas&nbsp;<\/a><\/li><\/ul><\/nav><\/div>\n<h2 class=\"wp-block-heading\" id=\"h-conceito\"><span class=\"ez-toc-section\" id=\"Conceito\"><\/span>Conceito<span class=\"ez-toc-section-end\"><\/span><\/h2><p>O espru tropical <strong>&eacute; uma s&iacute;ndrome de m&aacute; absor&ccedil;&atilde;o intestinal que se apresenta sobretudo nas regi&otilde;es subtropicais e tropicais<\/strong>. A doen&ccedil;a leva a altera&ccedil;&otilde;es na mucosa intestinal que induzem diarreia cr&ocirc;nica, perda de peso, d&eacute;ficits nutricionais, particularmente vitamina B12 e &aacute;cido f&oacute;lico, e sintomas da m&aacute; absor&ccedil;&atilde;o. Embora sua fisiopatologia n&atilde;o esteja ainda bem esclarecida, se torna prov&aacute;vel que fatores infecciosos, relacionados a agress&otilde;es ambientais, estejam envolvidos na sua ocorr&ecirc;ncia. A s&iacute;ndrome tamb&eacute;m pode atingir residentes das &aacute;reas end&ecirc;micas e tamb&eacute;m viajantes que se mant&ecirc;m por longos per&iacute;odos nessas &aacute;reas.<\/p><h2 class=\"wp-block-heading\" id=\"h-fisiopatologia\"><span class=\"ez-toc-section\" id=\"Fisiopatologia\"><\/span>Fisiopatologia<span class=\"ez-toc-section-end\"><\/span><\/h2><p>O espru tropical &eacute; caracterizado por <strong>altera&ccedil;&atilde;o estrutural progressiva da mucosa intestinal delgada<\/strong>, inicialmente preservada, que se modifica posteriormente para atrofia das vilosidades. Esse dano compromete a absor&ccedil;&atilde;o adequada dos nutrientes, particularmente das gorduras e vitaminas hidrossol&uacute;veis. <strong>Acredita-se que seja o in&iacute;cio infeccioso agudo o gatilho<\/strong>, causando les&otilde;es nos enter&oacute;citos, incentivando o crescimento bacteriano an&ocirc;malo e retardando o tr&acirc;nsito intestinal. Todos os fatores perpetuam a inflama&ccedil;&atilde;o e a disfun&ccedil;&atilde;o da barreira mucosa e a instala&ccedil;&atilde;o e manuten&ccedil;&atilde;o do quadro de m&aacute; absor&ccedil;&atilde;o.<\/p><h2 class=\"wp-block-heading\" id=\"h-epidemiologia-e-fatores-de-risco\"><span class=\"ez-toc-section\" id=\"Epidemiologia-e-fatores-de-risco\"><\/span>Epidemiologia e fatores de risco<span class=\"ez-toc-section-end\"><\/span><\/h2><p>O espru tropical se desenvolve majoritariamente nos pa&iacute;ses entre as latitudes 30&deg; norte e 30&deg; sul, por&eacute;m tem seu desenho irregular dentro dessa faixa. &Eacute; mais comum nas &aacute;reas de <strong>Porto Rico, Haiti, Cuba, &Iacute;ndia e Paquist&atilde;o<\/strong> e &eacute; excepcional nos lugares da &Aacute;frica, China e Oriente M&eacute;dio.<\/p><p>A condi&ccedil;&atilde;o atinge tanto a popula&ccedil;&atilde;o natal quanto viajantes que permanecem por mais de um m&ecirc;s nas &aacute;reas end&ecirc;micas. Estadas curtas, abaixo de duas semanas, s&atilde;o raramente seguidas da doen&ccedil;a. Melhorias nas condi&ccedil;&otilde;es higi&ecirc;nicas e na disponibilidade de antibi&oacute;ticos t&ecirc;m reduzido a ocorr&ecirc;ncia em v&aacute;rios pa&iacute;ses. Entre os fatores de risco, destacam-se a <strong>perman&ecirc;ncia prolongada em pa&iacute;ses tropicais, epis&oacute;dios pr&eacute;vios de diarreia infecciosa e condi&ccedil;&otilde;es de higiene ruins<\/strong>.<\/p><h2 class=\"wp-block-heading\" id=\"h-avaliacao-clinica-nbsp\"><span class=\"ez-toc-section\" id=\"Avaliacao-clinica\"><\/span>Avalia&ccedil;&atilde;o cl&iacute;nica&nbsp;<span class=\"ez-toc-section-end\"><\/span><\/h2><p>O espru tropical se apresenta, tipicamente, sob a forma de <strong>diarreia cr&ocirc;nica de fezes aquosas e com odor f&eacute;tido<\/strong>. Os pacientes se queixam de distens&atilde;o abdominal, c&oacute;licas, ru&iacute;dos intestinais aumentados e sensa&ccedil;&atilde;o de estufamento. A <strong>perda de peso<\/strong> &eacute; comum, acompanhada de anorexia e sinais de desnutri&ccedil;&atilde;o progressiva. Anemia por defici&ecirc;ncia de vitamina B12 e &aacute;cido f&oacute;lico pode causar fadiga, palidez, dispneia aos esfor&ccedil;os e altera&ccedil;&otilde;es orais como glossite, queilite e estomatite. Em est&aacute;gios mais avan&ccedil;ados, surgem edemas perif&eacute;ricos, dificuldade de concentra&ccedil;&atilde;o, irritabilidade e maior propens&atilde;o a infec&ccedil;&otilde;es devido &agrave; baixa imunidade associada &agrave; desnutri&ccedil;&atilde;o.<\/p><h2 class=\"wp-block-heading\" id=\"h-diagnostico-nbsp\"><span class=\"ez-toc-section\" id=\"Diagnostico\"><\/span>Diagn&oacute;stico&nbsp;<span class=\"ez-toc-section-end\"><\/span><\/h2><p>O diagn&oacute;stico do espru tropical &eacute; realizado <strong>a partir da exclus&atilde;o de outras causas de diarreia cr&ocirc;nica e m&aacute; absor&ccedil;&atilde;o<\/strong>. Inicialmente, exames laboratoriais podem revelar <strong>anemia megalobl&aacute;stica, hipovitaminoses e altera&ccedil;&otilde;es eletrol&iacute;ticas<\/strong>. A an&aacute;lise das fezes &eacute; essencial para descartar infec&ccedil;&otilde;es parasit&aacute;rias como Giardia e Strongyloides. <strong>Testes de absor&ccedil;&atilde;o de gordura e de D-xilose ajudam a confirmar a m&aacute; absor&ccedil;&atilde;o<\/strong>. A endoscopia pode mostrar altera&ccedil;&otilde;es nas pregas do intestino delgado, como achatamento ou fissuras, enquanto a bi&oacute;psia revela atrofia vilosit&aacute;ria e inflama&ccedil;&atilde;o da mucosa. A melhora com o tratamento antibi&oacute;tico e vitam&iacute;nico refor&ccedil;a o diagn&oacute;stico.<\/p><h3 class=\"wp-block-heading\" id=\"h-diagnostico-diferencial-nbsp\">Diagn&oacute;stico diferencial&nbsp;<\/h3><ul class=\"wp-block-list\">\n<li><strong>Giard&iacute;ase;&nbsp;<\/strong><\/li>\n<\/ul><ul class=\"wp-block-list\">\n<li><strong>Ameb&iacute;ase;&nbsp;<\/strong><\/li>\n<\/ul><ul class=\"wp-block-list\">\n<li><strong>Estrongiloid&iacute;ase;<\/strong><\/li>\n<\/ul><ul class=\"wp-block-list\">\n<li><strong>Criptosporid&iacute;ase;&nbsp;<\/strong><\/li>\n<\/ul><ul class=\"wp-block-list\">\n<li><strong>Isospor&iacute;ase;&nbsp;<\/strong><\/li>\n<\/ul><ul class=\"wp-block-list\">\n<li><strong>Ciclospor&iacute;ase;&nbsp;<\/strong><\/li>\n<\/ul><ul class=\"wp-block-list\">\n<li><strong>Doen&ccedil;a cel&iacute;aca;&nbsp;<\/strong><\/li>\n<\/ul><ul class=\"wp-block-list\">\n<li><strong>S&iacute;ndrome do intestino curto;&nbsp;<\/strong><\/li>\n<\/ul><ul class=\"wp-block-list\">\n<li><strong>Insufici&ecirc;ncia pancre&aacute;tica;&nbsp;<\/strong><\/li>\n<\/ul><ul class=\"wp-block-list\">\n<li><strong>Defici&ecirc;ncia de sais biliares;&nbsp;<\/strong><\/li>\n<\/ul><ul class=\"wp-block-list\">\n<li><strong>Intoler&acirc;ncia &agrave; lactose; e&nbsp;<\/strong><\/li>\n<\/ul><ul class=\"wp-block-list\">\n<li><strong>Supercrescimento bacteriano do intestino delgado.<\/strong><\/li>\n<\/ul><h2 class=\"wp-block-heading\" id=\"h-tratamento\"><span class=\"ez-toc-section\" id=\"Tratamento\"><\/span>Tratamento<span class=\"ez-toc-section-end\"><\/span><\/h2><p>O tratamento do espru tropical consiste na combina&ccedil;&atilde;o de antibi&oacute;ticos e suplementa&ccedil;&atilde;o vitam&iacute;nica para restaurar a fun&ccedil;&atilde;o intestinal e corrigir defici&ecirc;ncias nutricionais. <strong>Tetraciclina<\/strong> por via oral, em associa&ccedil;&atilde;o com <strong>&aacute;cido f&oacute;lico<\/strong>, &eacute; o esquema terap&ecirc;utico mais utilizado, com dura&ccedil;&atilde;o de tr&ecirc;s a seis meses. Em casos graves, pode ser necess&aacute;rio prolongar o tratamento por at&eacute; um ano. Pacientes com desidrata&ccedil;&atilde;o, desequil&iacute;brio eletrol&iacute;tico ou anemia sintom&aacute;tica devem receber suporte hospitalar com hidrata&ccedil;&atilde;o intravenosa, reposi&ccedil;&atilde;o eletrol&iacute;tica e, se necess&aacute;rio, transfus&atilde;o sangu&iacute;nea. O acompanhamento cont&iacute;nuo &eacute; essencial para monitorar a recupera&ccedil;&atilde;o nutricional e prevenir recidivas.<\/p><h3 class=\"wp-block-heading\" id=\"h-evolucao\">Evolu&ccedil;&atilde;o<\/h3><p>Em geral, o progn&oacute;stico do espru tropical &eacute; bom, especialmente quando o tratamento &eacute; iniciado precocemente. Pacientes infectados durante viagens a regi&otilde;es end&ecirc;micas geralmente apresentam resolu&ccedil;&atilde;o completa dos sintomas ap&oacute;s o tratamento, com baixa taxa de recorr&ecirc;ncia. J&aacute; entre os residentes dessas regi&otilde;es, a taxa de recidiva pode chegar a 20%, exigindo acompanhamento prolongado.<\/p><h3 class=\"wp-block-heading\" id=\"h-complicacoes\">Complica&ccedil;&otilde;es<\/h3><p>As complica&ccedil;&otilde;es, quando presentes, est&atilde;o relacionadas &agrave; <strong>m&aacute; absor&ccedil;&atilde;o persistente, resultando em desnutri&ccedil;&atilde;o grave, agravamento da anemia<\/strong>, defici&ecirc;ncias vitam&iacute;nicas e maior predisposi&ccedil;&atilde;o a infec&ccedil;&otilde;es. Em casos graves e sem tratamento adequado, pode haver comprometimento org&acirc;nico e risco de mortalidade, especialmente em indiv&iacute;duos com comorbidades associadas.<\/p><p><strong><em>Venha fazer parte da maior plataforma de Medicina do Brasil! O Estrat&eacute;gia MED possui os materiais mais atualizados e cursos ministrados por especialistas na &aacute;rea. N&atilde;o perca a oportunidade de elevar seus estudos, inscreva-se agora e comece a construir um caminho de excel&ecirc;ncia na medicina!<\/em><\/strong>&nbsp;<\/p><h2 class=\"wp-block-heading\" id=\"h-veja-tambem\"><span class=\"ez-toc-section\" id=\"Veja-Tambem\"><\/span>Veja Tamb&eacute;m<span class=\"ez-toc-section-end\"><\/span><\/h2><ul class=\"wp-block-list\">\n<li><a href=\"https:\/\/med.estrategia.com\/portal\/conteudos-gratis\/doencas\/resumo-sobre-sindrome-da-ma-absorcao-definicao-tipos-e-mais\/\">Resumo sobre S&iacute;ndrome da M&aacute; Absor&ccedil;&atilde;o: defini&ccedil;&atilde;o, tipos e mais!<\/a><\/li>\n\n\n\n<li><a href=\"https:\/\/med.estrategia.com\/portal\/conteudos-gratis\/doencas\/resumo-sobre-sindrome-de-gilbert-definicao-manifestacoes-clinicas-e-mais\/\">Resumo sobre S&iacute;ndrome de Gilbert: defini&ccedil;&atilde;o, manifesta&ccedil;&otilde;es cl&iacute;nicas e mais!<\/a><\/li>\n\n\n\n<li><a href=\"https:\/\/med.estrategia.com\/portal\/conteudos-gratis\/doencas\/resumo-de-adenocarcinoma-colorretal-diagnostico-tratamento-e-mais\/\">Resumo de adenocarcinoma colorretal: diagn&oacute;stico, tratamento e mais!<\/a>&nbsp;<\/li>\n\n\n\n<li><a href=\"https:\/\/med.estrategia.com\/portal\/conteudos-gratis\/resumo-do-apendice-vermiforme-diagnostico-tratamento-e-mais\/\">Resumo do ap&ecirc;ndice vermiforme: diagn&oacute;stico, tratamento e mais!<\/a>&nbsp;<\/li>\n\n\n\n<li><a href=\"https:\/\/med.estrategia.com\/portal\/conteudos-gratis\/resumo-de-intestino-delgado-anatomia-fisiologia-e-mais\/\">Resumo de intestino delgado: anatomia, fisiologia e mais!<\/a>&nbsp;<\/li>\n\n\n\n<li><a href=\"https:\/\/med.estrategia.com\/portal\/conteudos-gratis\/farmacos\/resumo-sobre-carvao-ativado-indicacoes-farmacologia-e-mais\/\">Resumo sobre carv&atilde;o ativado: indica&ccedil;&otilde;es, farmacologia e mais!<\/a>&nbsp;<\/li>\n<\/ul><h2 class=\"wp-block-heading\" id=\"h-canal-do-youtube-nbsp\"><span class=\"ez-toc-section\" id=\"Canal-do-YouTube\"><\/span>Canal do YouTube&nbsp;<span class=\"ez-toc-section-end\"><\/span><\/h2><ul class=\"wp-block-list\">\n<li><a href=\"https:\/\/www.youtube.com\/@EstrategiaMED\" target=\"_blank\" rel=\"noopener noreferrer\">YouTube do Estrat&eacute;gia MED<\/a><\/li>\n<\/ul><h2 class=\"wp-block-heading\" id=\"h-referencias-bibliograficas-nbsp\"><span class=\"ez-toc-section\" id=\"Referencias-Bibliograficas\"><\/span>Refer&ecirc;ncias Bibliogr&aacute;ficas&nbsp;<span class=\"ez-toc-section-end\"><\/span><\/h2><ol class=\"wp-block-list\">\n<li>BRAR, Himmat S.; ALOYSIUS, Mark M.; SHAH, Niraj J. <strong>Tropical Sprue<\/strong>. StatPearls. Treasure Island (FL): StatPearls Publishing, 2025. Dispon&iacute;vel em: https:\/\/www.ncbi.nlm.nih.gov\/books\/NBK567742\/. Acesso em: 25 abr. 2025.<\/li>\n<\/ol><\/p>\n","protected":false},"excerpt":{"rendered":"Ol&aacute;, doutora e doutor! Espru tropical &eacute; uma doen&ccedil;a que atinge o intestino delgado, causando diarreia cr&ocirc;nica, perda&hellip;\n","protected":false},"author":46,"featured_media":85894,"comment_status":"closed","ping_status":"closed","sticky":false,"template":"","format":"standard","meta":{"wl_entities_gutenberg":"","footnotes":""},"categories":[304],"tags":[1341,39],"wl_entity_type":[199],"class_list":{"0":"post-85884","1":"post","2":"type-post","3":"status-publish","4":"format-standard","5":"has-post-thumbnail","7":"category-doencas","8":"tag-espru-tropical","9":"tag-gastroenterologia","10":"wl_entity_type-article"},"acf":[],"yoast_head":"<!-- This site is optimized with the Yoast SEO Premium plugin v26.6 (Yoast SEO v26.6) - https:\/\/yoast.com\/wordpress\/plugins\/seo\/ -->\n<title>Resumo de Espru Tropical: fatores de risco, sintomas e mais!<\/title>\n<meta name=\"description\" content=\"O espru tropical \u00e9 uma s\u00edndrome de m\u00e1 absor\u00e7\u00e3o intestinal que se apresenta sobretudo nas regi\u00f5es subtropicais e tropicais.\" \/>\n<meta name=\"robots\" content=\"index, follow, max-snippet:-1, max-image-preview:large, max-video-preview:-1\" \/>\n<link rel=\"canonical\" href=\"https:\/\/med.estrategia.com\/portal\/conteudos-gratis\/doencas\/resumo-de-espru-tropical-fatores-de-risco-sintomas-e-mais\/\" \/>\n<meta property=\"og:locale\" content=\"pt_BR\" \/>\n<meta property=\"og:type\" content=\"article\" \/>\n<meta property=\"og:title\" content=\"Resumo de Espru Tropical: fatores de risco, sintomas e mais!\" \/>\n<meta property=\"og:description\" content=\"O espru tropical \u00e9 uma s\u00edndrome de m\u00e1 absor\u00e7\u00e3o intestinal que se apresenta sobretudo nas regi\u00f5es subtropicais e tropicais.\" \/>\n<meta property=\"og:url\" content=\"https:\/\/med.estrategia.com\/portal\/conteudos-gratis\/doencas\/resumo-de-espru-tropical-fatores-de-risco-sintomas-e-mais\/\" \/>\n<meta property=\"og:site_name\" content=\"Estrat\u00e9gia MED\" \/>\n<meta property=\"article:publisher\" content=\"https:\/\/www.facebook.com\/estrategiamed1\" \/>\n<meta property=\"article:published_time\" content=\"2025-04-25T21:46:29+00:00\" \/>\n<meta property=\"article:modified_time\" content=\"2025-04-28T15:44:33+00:00\" \/>\n<meta property=\"og:image\" content=\"https:\/\/med.estrategia.com\/portal\/wp-content\/uploads\/2025\/04\/pexels-cottonbro-5712686-1.jpg\" \/>\n\t<meta property=\"og:image:width\" content=\"1920\" \/>\n\t<meta property=\"og:image:height\" content=\"1280\" \/>\n\t<meta property=\"og:image:type\" content=\"image\/jpeg\" \/>\n<meta name=\"author\" content=\"Pablo Fernandes\" \/>\n<meta name=\"twitter:card\" content=\"summary_large_image\" \/>\n<meta name=\"twitter:creator\" content=\"@estrategiamed_\" \/>\n<meta name=\"twitter:site\" content=\"@estrategiamed_\" \/>\n<meta name=\"twitter:label1\" content=\"Escrito por\" \/>\n\t<meta name=\"twitter:data1\" content=\"Pablo Fernandes\" \/>\n\t<meta name=\"twitter:label2\" content=\"Est. tempo de leitura\" \/>\n\t<meta name=\"twitter:data2\" content=\"6 minutos\" \/>\n<script type=\"application\/ld+json\" class=\"yoast-schema-graph\">{\"@context\":\"https:\/\/schema.org\",\"@graph\":[{\"@type\":\"WebPage\",\"@id\":\"https:\/\/med.estrategia.com\/portal\/conteudos-gratis\/doencas\/resumo-de-espru-tropical-fatores-de-risco-sintomas-e-mais\/\",\"url\":\"https:\/\/med.estrategia.com\/portal\/conteudos-gratis\/doencas\/resumo-de-espru-tropical-fatores-de-risco-sintomas-e-mais\/\",\"name\":\"Resumo de Espru Tropical: fatores de risco, sintomas e mais!\",\"isPartOf\":{\"@id\":\"https:\/\/med.estrategia.com\/portal\/#website\"},\"primaryImageOfPage\":{\"@id\":\"https:\/\/med.estrategia.com\/portal\/conteudos-gratis\/doencas\/resumo-de-espru-tropical-fatores-de-risco-sintomas-e-mais\/#primaryimage\"},\"image\":{\"@id\":\"https:\/\/med.estrategia.com\/portal\/conteudos-gratis\/doencas\/resumo-de-espru-tropical-fatores-de-risco-sintomas-e-mais\/#primaryimage\"},\"thumbnailUrl\":\"https:\/\/med.estrategia.com\/portal\/wp-content\/uploads\/2025\/04\/pexels-cottonbro-5712686-1.jpg\",\"datePublished\":\"2025-04-25T21:46:29+00:00\",\"dateModified\":\"2025-04-28T15:44:33+00:00\",\"author\":{\"@id\":\"https:\/\/med.estrategia.com\/portal\/#\/schema\/person\/67a72aa9c51ed5919796767d808606b4\"},\"description\":\"O espru tropical \u00e9 uma s\u00edndrome de m\u00e1 absor\u00e7\u00e3o intestinal que se apresenta sobretudo nas regi\u00f5es subtropicais e tropicais.\",\"breadcrumb\":{\"@id\":\"https:\/\/med.estrategia.com\/portal\/conteudos-gratis\/doencas\/resumo-de-espru-tropical-fatores-de-risco-sintomas-e-mais\/#breadcrumb\"},\"inLanguage\":\"pt-BR\",\"potentialAction\":[{\"@type\":\"ReadAction\",\"target\":[\"https:\/\/med.estrategia.com\/portal\/conteudos-gratis\/doencas\/resumo-de-espru-tropical-fatores-de-risco-sintomas-e-mais\/\"]}]},{\"@type\":\"ImageObject\",\"inLanguage\":\"pt-BR\",\"@id\":\"https:\/\/med.estrategia.com\/portal\/conteudos-gratis\/doencas\/resumo-de-espru-tropical-fatores-de-risco-sintomas-e-mais\/#primaryimage\",\"url\":\"https:\/\/med.estrategia.com\/portal\/wp-content\/uploads\/2025\/04\/pexels-cottonbro-5712686-1.jpg\",\"contentUrl\":\"https:\/\/med.estrategia.com\/portal\/wp-content\/uploads\/2025\/04\/pexels-cottonbro-5712686-1.jpg\",\"width\":1920,\"height\":1280,\"caption\":\"Pexels.\"},{\"@type\":\"BreadcrumbList\",\"@id\":\"https:\/\/med.estrategia.com\/portal\/conteudos-gratis\/doencas\/resumo-de-espru-tropical-fatores-de-risco-sintomas-e-mais\/#breadcrumb\",\"itemListElement\":[{\"@type\":\"ListItem\",\"position\":1,\"name\":\"Home\",\"item\":\"https:\/\/med.estrategia.com\/portal\/\"},{\"@type\":\"ListItem\",\"position\":2,\"name\":\"Conte\u00fados Gr\u00e1tis\",\"item\":\"https:\/\/med.estrategia.com\/portal\/conteudos-gratis\/\"},{\"@type\":\"ListItem\",\"position\":3,\"name\":\"Doen\u00e7as\",\"item\":\"https:\/\/med.estrategia.com\/portal\/conteudos-gratis\/doencas\/\"},{\"@type\":\"ListItem\",\"position\":4,\"name\":\"Resumo de Espru Tropical: fatores de risco, sintomas e mais!\"}]},{\"@type\":\"WebSite\",\"@id\":\"https:\/\/med.estrategia.com\/portal\/#website\",\"url\":\"https:\/\/med.estrategia.com\/portal\/\",\"name\":\"Estrat\u00e9gia MED\",\"description\":\"\",\"potentialAction\":[{\"@type\":\"SearchAction\",\"target\":{\"@type\":\"EntryPoint\",\"urlTemplate\":\"https:\/\/med.estrategia.com\/portal\/?s={search_term_string}\"},\"query-input\":{\"@type\":\"PropertyValueSpecification\",\"valueRequired\":true,\"valueName\":\"search_term_string\"}}],\"inLanguage\":\"pt-BR\"},{\"@type\":\"Person\",\"@id\":\"https:\/\/med.estrategia.com\/portal\/#\/schema\/person\/67a72aa9c51ed5919796767d808606b4\",\"name\":\"Pablo Fernandes\",\"image\":{\"@type\":\"ImageObject\",\"inLanguage\":\"pt-BR\",\"@id\":\"https:\/\/med.estrategia.com\/portal\/#\/schema\/person\/image\/\",\"url\":\"https:\/\/med.estrategia.com\/portal\/wp-content\/uploads\/2025\/07\/DSC_0059-1-150x150.jpg\",\"contentUrl\":\"https:\/\/med.estrategia.com\/portal\/wp-content\/uploads\/2025\/07\/DSC_0059-1-150x150.jpg\",\"caption\":\"Pablo Fernandes\"},\"description\":\"R1 em Medicina de Fam\u00edlia e Comunidade, mineiro e apaixonado por Jesus.\",\"sameAs\":[\"https:\/\/www.instagram.com\/pablowiil\/\"],\"url\":\"https:\/\/med.estrategia.com\/portal\/author\/pablo-souza\/\"}]}<\/script>\n<!-- \/ Yoast SEO Premium plugin. -->","yoast_head_json":{"title":"Resumo de Espru Tropical: fatores de risco, sintomas e mais!","description":"O espru tropical \u00e9 uma s\u00edndrome de m\u00e1 absor\u00e7\u00e3o intestinal que se apresenta sobretudo nas regi\u00f5es subtropicais e tropicais.","robots":{"index":"index","follow":"follow","max-snippet":"max-snippet:-1","max-image-preview":"max-image-preview:large","max-video-preview":"max-video-preview:-1"},"canonical":"https:\/\/med.estrategia.com\/portal\/conteudos-gratis\/doencas\/resumo-de-espru-tropical-fatores-de-risco-sintomas-e-mais\/","og_locale":"pt_BR","og_type":"article","og_title":"Resumo de Espru Tropical: fatores de risco, sintomas e mais!","og_description":"O espru tropical \u00e9 uma s\u00edndrome de m\u00e1 absor\u00e7\u00e3o intestinal que se apresenta sobretudo nas regi\u00f5es subtropicais e tropicais.","og_url":"https:\/\/med.estrategia.com\/portal\/conteudos-gratis\/doencas\/resumo-de-espru-tropical-fatores-de-risco-sintomas-e-mais\/","og_site_name":"Estrat\u00e9gia MED","article_publisher":"https:\/\/www.facebook.com\/estrategiamed1","article_published_time":"2025-04-25T21:46:29+00:00","article_modified_time":"2025-04-28T15:44:33+00:00","og_image":[{"width":1920,"height":1280,"url":"https:\/\/med.estrategia.com\/portal\/wp-content\/uploads\/2025\/04\/pexels-cottonbro-5712686-1.jpg","type":"image\/jpeg"}],"author":"Pablo Fernandes","twitter_card":"summary_large_image","twitter_creator":"@estrategiamed_","twitter_site":"@estrategiamed_","twitter_misc":{"Escrito por":"Pablo Fernandes","Est. tempo de leitura":"6 minutos"},"schema":{"@context":"https:\/\/schema.org","@graph":[{"@type":"WebPage","@id":"https:\/\/med.estrategia.com\/portal\/conteudos-gratis\/doencas\/resumo-de-espru-tropical-fatores-de-risco-sintomas-e-mais\/","url":"https:\/\/med.estrategia.com\/portal\/conteudos-gratis\/doencas\/resumo-de-espru-tropical-fatores-de-risco-sintomas-e-mais\/","name":"Resumo de Espru Tropical: fatores de risco, sintomas e mais!","isPartOf":{"@id":"https:\/\/med.estrategia.com\/portal\/#website"},"primaryImageOfPage":{"@id":"https:\/\/med.estrategia.com\/portal\/conteudos-gratis\/doencas\/resumo-de-espru-tropical-fatores-de-risco-sintomas-e-mais\/#primaryimage"},"image":{"@id":"https:\/\/med.estrategia.com\/portal\/conteudos-gratis\/doencas\/resumo-de-espru-tropical-fatores-de-risco-sintomas-e-mais\/#primaryimage"},"thumbnailUrl":"https:\/\/med.estrategia.com\/portal\/wp-content\/uploads\/2025\/04\/pexels-cottonbro-5712686-1.jpg","datePublished":"2025-04-25T21:46:29+00:00","dateModified":"2025-04-28T15:44:33+00:00","author":{"@id":"https:\/\/med.estrategia.com\/portal\/#\/schema\/person\/67a72aa9c51ed5919796767d808606b4"},"description":"O espru tropical \u00e9 uma s\u00edndrome de m\u00e1 absor\u00e7\u00e3o intestinal que se apresenta sobretudo nas regi\u00f5es subtropicais e tropicais.","breadcrumb":{"@id":"https:\/\/med.estrategia.com\/portal\/conteudos-gratis\/doencas\/resumo-de-espru-tropical-fatores-de-risco-sintomas-e-mais\/#breadcrumb"},"inLanguage":"pt-BR","potentialAction":[{"@type":"ReadAction","target":["https:\/\/med.estrategia.com\/portal\/conteudos-gratis\/doencas\/resumo-de-espru-tropical-fatores-de-risco-sintomas-e-mais\/"]}]},{"@type":"ImageObject","inLanguage":"pt-BR","@id":"https:\/\/med.estrategia.com\/portal\/conteudos-gratis\/doencas\/resumo-de-espru-tropical-fatores-de-risco-sintomas-e-mais\/#primaryimage","url":"https:\/\/med.estrategia.com\/portal\/wp-content\/uploads\/2025\/04\/pexels-cottonbro-5712686-1.jpg","contentUrl":"https:\/\/med.estrategia.com\/portal\/wp-content\/uploads\/2025\/04\/pexels-cottonbro-5712686-1.jpg","width":1920,"height":1280,"caption":"Pexels."},{"@type":"BreadcrumbList","@id":"https:\/\/med.estrategia.com\/portal\/conteudos-gratis\/doencas\/resumo-de-espru-tropical-fatores-de-risco-sintomas-e-mais\/#breadcrumb","itemListElement":[{"@type":"ListItem","position":1,"name":"Home","item":"https:\/\/med.estrategia.com\/portal\/"},{"@type":"ListItem","position":2,"name":"Conte\u00fados Gr\u00e1tis","item":"https:\/\/med.estrategia.com\/portal\/conteudos-gratis\/"},{"@type":"ListItem","position":3,"name":"Doen\u00e7as","item":"https:\/\/med.estrategia.com\/portal\/conteudos-gratis\/doencas\/"},{"@type":"ListItem","position":4,"name":"Resumo de Espru Tropical: fatores de risco, sintomas e mais!"}]},{"@type":"WebSite","@id":"https:\/\/med.estrategia.com\/portal\/#website","url":"https:\/\/med.estrategia.com\/portal\/","name":"Estrat\u00e9gia MED","description":"","potentialAction":[{"@type":"SearchAction","target":{"@type":"EntryPoint","urlTemplate":"https:\/\/med.estrategia.com\/portal\/?s={search_term_string}"},"query-input":{"@type":"PropertyValueSpecification","valueRequired":true,"valueName":"search_term_string"}}],"inLanguage":"pt-BR"},{"@type":"Person","@id":"https:\/\/med.estrategia.com\/portal\/#\/schema\/person\/67a72aa9c51ed5919796767d808606b4","name":"Pablo Fernandes","image":{"@type":"ImageObject","inLanguage":"pt-BR","@id":"https:\/\/med.estrategia.com\/portal\/#\/schema\/person\/image\/","url":"https:\/\/med.estrategia.com\/portal\/wp-content\/uploads\/2025\/07\/DSC_0059-1-150x150.jpg","contentUrl":"https:\/\/med.estrategia.com\/portal\/wp-content\/uploads\/2025\/07\/DSC_0059-1-150x150.jpg","caption":"Pablo Fernandes"},"description":"R1 em Medicina de Fam\u00edlia e Comunidade, mineiro e apaixonado por Jesus.","sameAs":["https:\/\/www.instagram.com\/pablowiil\/"],"url":"https:\/\/med.estrategia.com\/portal\/author\/pablo-souza\/"}]}},"_wl_alt_label":[],"wl:entity_url":"\/post\/resumo-de-espru-tropical-fatores-de-risco-sintomas-e-mais-85884","_links":{"self":[{"href":"https:\/\/med.estrategia.com\/portal\/wp-json\/wp\/v2\/posts\/85884","targetHints":{"allow":["GET"]}}],"collection":[{"href":"https:\/\/med.estrategia.com\/portal\/wp-json\/wp\/v2\/posts"}],"about":[{"href":"https:\/\/med.estrategia.com\/portal\/wp-json\/wp\/v2\/types\/post"}],"author":[{"embeddable":true,"href":"https:\/\/med.estrategia.com\/portal\/wp-json\/wp\/v2\/users\/46"}],"replies":[{"embeddable":true,"href":"https:\/\/med.estrategia.com\/portal\/wp-json\/wp\/v2\/comments?post=85884"}],"version-history":[{"count":2,"href":"https:\/\/med.estrategia.com\/portal\/wp-json\/wp\/v2\/posts\/85884\/revisions"}],"predecessor-version":[{"id":85955,"href":"https:\/\/med.estrategia.com\/portal\/wp-json\/wp\/v2\/posts\/85884\/revisions\/85955"}],"wp:featuredmedia":[{"embeddable":true,"href":"https:\/\/med.estrategia.com\/portal\/wp-json\/wp\/v2\/media\/85894"}],"wp:attachment":[{"href":"https:\/\/med.estrategia.com\/portal\/wp-json\/wp\/v2\/media?parent=85884"}],"wp:term":[{"taxonomy":"category","embeddable":true,"href":"https:\/\/med.estrategia.com\/portal\/wp-json\/wp\/v2\/categories?post=85884"},{"taxonomy":"post_tag","embeddable":true,"href":"https:\/\/med.estrategia.com\/portal\/wp-json\/wp\/v2\/tags?post=85884"},{"taxonomy":"wl_entity_type","embeddable":true,"href":"https:\/\/med.estrategia.com\/portal\/wp-json\/wp\/v2\/wl_entity_type?post=85884"}],"curies":[{"name":"wp","href":"https:\/\/api.w.org\/{rel}","templated":true}]}}