{"id":86149,"date":"2025-04-30T16:23:17","date_gmt":"2025-04-30T19:23:17","guid":{"rendered":"https:\/\/med.estrategia.com\/portal\/?p=86149"},"modified":"2025-09-24T12:37:56","modified_gmt":"2025-09-24T15:37:56","slug":"brasil-tera-635-mil-medicos-ate-o-fim-do-ano-confira-os-principais-dados-da-demografia-medica-2025","status":"publish","type":"post","link":"https:\/\/med.estrategia.com\/portal\/noticias\/brasil-tera-635-mil-medicos-ate-o-fim-do-ano-confira-os-principais-dados-da-demografia-medica-2025\/","title":{"rendered":"Brasil ter\u00e1 635 mil m\u00e9dicos at\u00e9 o fim do ano; confira os principais dados da Demografia M\u00e9dica 2025"},"content":{"rendered":"<p><strong>Coordenada pelo Departamento de Medicina Preventiva da Faculdade de Medicina da Universidade de S&atilde;o Paulo (FMUSP)<\/strong> em parceria da Associa&ccedil;&atilde;o M&eacute;dica Brasileira (AMB) e Minist&eacute;rio da Sa&uacute;de, foi divulgada hoje (30) a <strong>Demografia M&eacute;dica 2025<\/strong>. O estudo, atualmente em sua <strong>8&ordf; edi&ccedil;&atilde;o<\/strong>, traz um levantamento atualizado sobre a <strong>forma&ccedil;&atilde;o e atua&ccedil;&atilde;o profissional de m&eacute;dicos no pa&iacute;s<\/strong>. O documento revela que o <strong>Brasil, de acordo com a proje&ccedil;&atilde;o oficial, atingir&aacute; a marca de 653.945<\/strong> <strong>m&eacute;dicos at&eacute; o final de 2025<\/strong>.<p>O levantamento aponta um <strong>aumento expressivo no n&uacute;mero de m&eacute;dicos em territ&oacute;rio brasileiro<\/strong>. Em <strong>cinco anos<\/strong>, foram acrescidos <strong>116,5 mil novos m&eacute;dicos<\/strong> no pa&iacute;s. Atualmente, o Brasil conta com <strong>2,98 profissionais para cada mil habitantes<\/strong>, o que representa um crescimento not&aacute;vel, considerando que, na <a href=\"https:\/\/med.estrategia.com\/portal\/noticias\/cfm-lanca-demografia-medica-2024\/\" target=\"_blank\">Demografia M&eacute;dica 2024<\/a>, eram <strong>575.930 m&eacute;dicos ativos e uma propor&ccedil;&atilde;o de 2,81 profissionais por mil habitantes<\/strong>.<\/p><p>Ainda, de acordo com a <strong>Demografia M&eacute;dica 2025<\/strong>, a <strong>maior concentra&ccedil;&atilde;o de m&eacute;dicos por habitantes<\/strong> est&aacute; no <strong>Distrito Federal<\/strong>, com <strong>6,28 m&eacute;dicos para cada 1.000 habitantes<\/strong>, enquanto a <strong>menor propor&ccedil;&atilde;o<\/strong> &eacute; registrada no <strong>Maranh&atilde;o, com 1,27<\/strong>.<\/p><div class=\"wp-block-buttons is-content-justification-center is-layout-flex wp-container-core-buttons-is-layout-1 wp-block-buttons-is-layout-flex\">\n<div class=\"wp-block-button\"><a class=\"wp-block-button__link wp-element-button\" href=\"https:\/\/cdn.medblog.estrategiaeducacional.com.br\/wp-content\/uploads\/2025\/04\/Demografia-Medica-no-Brasil-2025-FMUSP.pdf\" target=\"_blank\">demografia m&eacute;dica 2025<\/a><\/div>\n<\/div><p>Vale refor&ccedil;ar que os dados obtidos para a <strong>Demografia M&eacute;dica<\/strong>, foram retirados de informa&ccedil;&otilde;es disponibilizadas pelo <strong>Conselho Federal de Medicina (CFM)<\/strong>, Instituto Brasileiro de Geografia e Estat&iacute;stica (IBGE), <strong>Minist&eacute;rio da Sa&uacute;de<\/strong>, entre outros, e subsidiam o <strong>planejamento de pol&iacute;ticas p&uacute;blicas de assist&ecirc;ncia &agrave; sa&uacute;de<\/strong>, bem como o <strong>desenvolvimento profissional e a forma&ccedil;&atilde;o m&eacute;dica<\/strong>. Siga no texto e confira os principais dados do &uacute;ltimo estudo!<\/p><p>\n\n\n<div id=\"new-form\">\n\t<form id=\"forms_layout\">\n\t<input type=\"hidden\" id=\"chave_de\" name=\"chave_de\" value=\"01_EMED_LEADS_TOTAIS\" \/>\n\t\t<input type=\"hidden\" id=\"mid\" name=\"mid\" value=\"515009018\" \/>\n\t\t<input type=\"hidden\" id=\"Objetivo\" name=\"Objetivo\" value=\"Medicina\" \/>\n\t\t<input type=\"hidden\" id=\"Estado_de_Origem_do_IP\" name=\"Estado_de_Origem_do_IP\"  value=\"\" \/>\n\t\t<input type=\"hidden\" id=\"Cidade_de_Origem_do_IP\" name=\"Cidade_de_Origem_do_IP\" value=\"\" \/>\n\t\t<input type=\"hidden\" id=\"Modo_de_entrada\" name=\"Modo_de_entrada\" value=\"Portal\" \/>\n\t\t<input type=\"hidden\" id=\"Pagina_Origem\" name=\"Pagina_Origem\" value=\"\" \/>\n\n\t\t<div class=\"texto\">\n\t\t\t<div id=\"ez-toc-container\" class=\"ez-toc-v2_0_79_2 counter-hierarchy ez-toc-counter ez-toc-transparent ez-toc-container-direction\">\n<div class=\"ez-toc-title-container\"><p class=\"ez-toc-title\" style=\"cursor:inherit\">Navegue pelo conte\u00fado<\/p>\n<\/div><nav><ul class='ez-toc-list ez-toc-list-level-1 ' ><ul class='ez-toc-list-level-3' ><li class='ez-toc-heading-level-3'><a class=\"ez-toc-link ez-toc-heading-1\" href=\"https:\/\/med.estrategia.com\/portal\/noticias\/brasil-tera-635-mil-medicos-ate-o-fim-do-ano-confira-os-principais-dados-da-demografia-medica-2025\/#Inscreva-se-em-nossa-newsletter\" >Inscreva-se em nossa newsletter!<\/a><\/li><\/ul><\/li><li class='ez-toc-page-1 ez-toc-heading-level-2'><a class=\"ez-toc-link ez-toc-heading-2\" href=\"https:\/\/med.estrategia.com\/portal\/noticias\/brasil-tera-635-mil-medicos-ate-o-fim-do-ano-confira-os-principais-dados-da-demografia-medica-2025\/#Distribuicao-pelo-territorio-brasileiro\" >Distribui&ccedil;&atilde;o pelo territ&oacute;rio brasileiro<\/a><ul class='ez-toc-list-level-3' ><li class='ez-toc-heading-level-3'><a class=\"ez-toc-link ez-toc-heading-3\" href=\"https:\/\/med.estrategia.com\/portal\/noticias\/brasil-tera-635-mil-medicos-ate-o-fim-do-ano-confira-os-principais-dados-da-demografia-medica-2025\/#Inscreva-se-em-nossa-newsletter-2\" >Inscreva-se em nossa newsletter!<\/a><\/li><\/ul><\/li><li class='ez-toc-page-1 ez-toc-heading-level-2'><a class=\"ez-toc-link ez-toc-heading-4\" href=\"https:\/\/med.estrategia.com\/portal\/noticias\/brasil-tera-635-mil-medicos-ate-o-fim-do-ano-confira-os-principais-dados-da-demografia-medica-2025\/#Brasil-com-medicos-cada-vez-mais-jovens\" >Brasil com m&eacute;dicos cada vez mais jovens<\/a><\/li><li class='ez-toc-page-1 ez-toc-heading-level-2'><a class=\"ez-toc-link ez-toc-heading-5\" href=\"https:\/\/med.estrategia.com\/portal\/noticias\/brasil-tera-635-mil-medicos-ate-o-fim-do-ano-confira-os-principais-dados-da-demografia-medica-2025\/#Explosao-de-cursos-de-Medicina-e-mudancas-no-perfil-dos-estudantes\" >Explos&atilde;o de cursos de Medicina e mudan&ccedil;as no perfil dos estudantes<\/a><\/li><li class='ez-toc-page-1 ez-toc-heading-level-2'><a class=\"ez-toc-link ez-toc-heading-6\" href=\"https:\/\/med.estrategia.com\/portal\/noticias\/brasil-tera-635-mil-medicos-ate-o-fim-do-ano-confira-os-principais-dados-da-demografia-medica-2025\/#Como-esta-a-residencia-medica\" >Como est&aacute; a resid&ecirc;ncia m&eacute;dica?<\/a><\/li><li class='ez-toc-page-1 ez-toc-heading-level-2'><a class=\"ez-toc-link ez-toc-heading-7\" href=\"https:\/\/med.estrategia.com\/portal\/noticias\/brasil-tera-635-mil-medicos-ate-o-fim-do-ano-confira-os-principais-dados-da-demografia-medica-2025\/#Especialistas-x-Generalistas\" >Especialistas x Generalistas<\/a><\/li><li class='ez-toc-page-1 ez-toc-heading-level-2'><a class=\"ez-toc-link ez-toc-heading-8\" href=\"https:\/\/med.estrategia.com\/portal\/noticias\/brasil-tera-635-mil-medicos-ate-o-fim-do-ano-confira-os-principais-dados-da-demografia-medica-2025\/#Projecao-para-o-futuro-da-Medicina\" >Proje&ccedil;&atilde;o para o futuro da Medicina<\/a><\/li><\/ul><\/nav><\/div>\n<h3 class=\"news\"><span class=\"ez-toc-section\" id=\"Inscreva-se-em-nossa-newsletter\"><\/span>Inscreva-se em nossa newsletter!<span class=\"ez-toc-section-end\"><\/span><\/h3>\n\t\t\t<p>Receba not\u00edcias sobre resid\u00eancia m\u00e9dica, revalida\u00e7\u00e3o de diplomas e concursos m\u00e9dicos, al\u00e9m de materiais de estudo gratuitos e informa\u00e7\u00f5es relevantes do mundo da Medicina.<\/p>\n\t\t<\/div>\n\t\t<div class=\"campos\">\n\t\t\t<div class=\"first_name labels\">\n\t\t\t\t<input type=\"text\" class=\"input_labels\" id=\"first_name\" name=\"Nome_Completo\" placeholder=\"Nome\" required \/>\n\t\t\t<\/div>\n\t\t\t<div class=\"email labels\">\n\t\t\t\t<input type=\"email\" class=\"input_labels\" id=\"email\" name=\"Email\" placeholder=\"E-mail\" required \/>\n\t\t\t<\/div>\n\t\t\t<button type=\"submit\" class=\"button_layout\">\n\t\t\t\t<div id=\"lblBotao\">Inscreva-se<\/div>\n\t\t\t\t<span id=\"divSpiner\" class=\"loader\" role=\"status\" style=\"display: none;\"><\/span>\t\n\t\t\t<\/button>\n\t\t<\/div><!-- \/campos -->\n\t\t\n\t\t<label class=\"container_checkbox\">Voc\u00ea concorda com a nossa\n\t\t\t<a class=\"politics_privacy_ahref\" target=\"_blank\" href=\"https:\/\/gratis.estrategiaconcursos.com.br\/politica-de-privacidade\/\">Pol\u00edtica de Privacidade<\/a> e aceita receber informa\u00e7\u00f5es adicionais do Estrat\u00e9gia Educacional.\n\t\t\t<input id=\"checkbox_layout\" type=\"checkbox\" checked=\"checked\" required \/>\n\t\t\t<span class=\"checkbox\"><\/span>\n\t\t<\/label>\n\t\t<div id=\"msg\"><\/div>\n\t\t<div id=\"error\" class=\"error\">\n\t\t<\/div>\n\t<\/form>\n<\/div><!-- \/new-form -->\n\n\n\n<\/p><h2 class=\"wp-block-heading\" id=\"h-distribuicao-pelo-territorio-brasileiro\"><span class=\"ez-toc-section\" id=\"Distribuicao-pelo-territorio-brasileiro\"><\/span>Distribui&ccedil;&atilde;o pelo territ&oacute;rio brasileiro<span class=\"ez-toc-section-end\"><\/span><\/h2><p><strong>Seguindo a tend&ecirc;ncia dos &uacute;ltimos anos<\/strong>, embora o n&uacute;mero de profissionais tenha aumentado, a <strong>distribui&ccedil;&atilde;o de m&eacute;dicos pelo pa&iacute;s ainda &eacute; desigual<\/strong>. De acordo com a <strong>Demografia M&eacute;dica 2025<\/strong>, a <strong>Regi&atilde;o Sudeste<\/strong> lidera em n&uacute;mero de m&eacute;dicos no pa&iacute;s, com <strong>334.105 profissionais<\/strong> e raz&atilde;o de <strong>3,77 por 1.000 habitantes<\/strong>. Na sequ&ecirc;ncia est&atilde;o o <strong>Centro-Oeste<\/strong>, com <strong>58.705 m&eacute;dicos<\/strong> (3,44), e o <strong>Sul<\/strong>, com <strong>103.028 profissionais<\/strong> (3,31). O <strong>Nordeste<\/strong> re&uacute;ne <strong>126.402 m&eacute;dicos<\/strong>, com raz&atilde;o de <strong>2,21<\/strong>, e o <strong>Norte<\/strong> registra os menores n&uacute;meros: <strong>31.706 m&eacute;dicos<\/strong> e <strong>1,70 por 1.000 habitantes<\/strong>.<\/p><p>As <strong>cinco capitais com maior n&uacute;mero de m&eacute;dicos por 1.000 habitantes<\/strong> s&atilde;o, respectivamente:<\/p><ol class=\"wp-block-list\">\n<li><strong>Vit&oacute;ria (ES)<\/strong> &ndash; 18,52;<\/li>\n\n\n\n<li><strong>Porto Alegre (RS)<\/strong> &ndash; 11,81;<\/li>\n\n\n\n<li><strong>Florian&oacute;polis (SC)<\/strong> &ndash; 10,48;<\/li>\n\n\n\n<li><strong>Belo Horizonte (MG)<\/strong> &ndash; 9,98; e<\/li>\n\n\n\n<li><strong>Recife (PE)<\/strong> &ndash; 9,72.<\/li>\n<\/ol><p>Apesar da <strong>cidade de S&atilde;o Paulo concentrar o maior n&uacute;mero absoluto de m&eacute;dicos do pa&iacute;s<\/strong> &ndash; 80.834, ocupa apenas a 12&ordf; posi&ccedil;&atilde;o na raz&atilde;o de profissionais por 1.000 habitantes, com uma rela&ccedil;&atilde;o de 6,80. No outro extremo, <strong>Macap&aacute; (AP) apresenta o menor n&uacute;mero total de m&eacute;dicos<\/strong> e tamb&eacute;m a <strong>menor propor&ccedil;&atilde;o de profissionais por 1.000 habitantes<\/strong>, sendo 1.080 profissionais e 2,22 para cada mil habitantes.<\/p><p>Confira a seguir a <strong>distribui&ccedil;&atilde;o de m&eacute;dicos pelos estados brasileiros<\/strong>:<\/p><figure class=\"wp-block-table table-search\"><table class=\"has-fixed-layout\"><thead><tr><th>UF<\/th><th class=\"has-text-align-center\" data-align=\"center\">M&eacute;dicos<\/th><th class=\"has-text-align-center\" data-align=\"center\">Popula&ccedil;&atilde;o<\/th><th class=\"has-text-align-center\" data-align=\"center\">Raz&atilde;o*<\/th><\/tr><\/thead><tbody><tr><td>Distrito Federal<\/td><td class=\"has-text-align-center\" data-align=\"center\">18.729<\/td><td class=\"has-text-align-center\" data-align=\"center\">2.982.818<\/td><td class=\"has-text-align-center\" data-align=\"center\">6,28<\/td><\/tr><tr><td>Rio de Janeiro<\/td><td class=\"has-text-align-center\" data-align=\"center\">72.388<\/td><td class=\"has-text-align-center\" data-align=\"center\">17.219.679<\/td><td class=\"has-text-align-center\" data-align=\"center\">4,20<\/td><\/tr><tr><td>S&atilde;o Paulo<\/td><td class=\"has-text-align-center\" data-align=\"center\">172.721<\/td><td class=\"has-text-align-center\" data-align=\"center\">45.973.194<\/td><td class=\"has-text-align-center\" data-align=\"center\">3,76<\/td><\/tr><tr><td>Esp&iacute;rito Santo<\/td><td class=\"has-text-align-center\" data-align=\"center\">14.564<\/td><td class=\"has-text-align-center\" data-align=\"center\">4.102.129<\/td><td class=\"has-text-align-center\" data-align=\"center\">3,55<\/td><\/tr><tr><td>Minas Gerais<\/td><td class=\"has-text-align-center\" data-align=\"center\">74.431<\/td><td class=\"has-text-align-center\" data-align=\"center\">21.322.691<\/td><td class=\"has-text-align-center\" data-align=\"center\">3,49<\/td><\/tr><tr><td>Rio Grande do Sul<\/td><td class=\"has-text-align-center\" data-align=\"center\">38.784<\/td><td class=\"has-text-align-center\" data-align=\"center\">11.229.915<\/td><td class=\"has-text-align-center\" data-align=\"center\">3,45<\/td><\/tr><tr><td>Paran&aacute;<\/td><td class=\"has-text-align-center\" data-align=\"center\">38.552<\/td><td class=\"has-text-align-center\" data-align=\"center\">11.824.665<\/td><td class=\"has-text-align-center\" data-align=\"center\">3,26<\/td><\/tr><tr><td>Santa Catarina<\/td><td class=\"has-text-align-center\" data-align=\"center\">25.692<\/td><td class=\"has-text-align-center\" data-align=\"center\">8.058.441<\/td><td class=\"has-text-align-center\" data-align=\"center\">3,19<\/td><\/tr><tr><td>Para&iacute;ba<\/td><td class=\"has-text-align-center\" data-align=\"center\">12.825<\/td><td class=\"has-text-align-center\" data-align=\"center\">4.145.040<\/td><td class=\"has-text-align-center\" data-align=\"center\">3,09<\/td><\/tr><tr><td>Mato Grosso do Sul<\/td><td class=\"has-text-align-center\" data-align=\"center\">8.816<\/td><td class=\"has-text-align-center\" data-align=\"center\">2.901.895<\/td><td class=\"has-text-align-center\" data-align=\"center\">3,04<\/td><\/tr><tr><td>Goi&aacute;s<\/td><td class=\"has-text-align-center\" data-align=\"center\">22.019<\/td><td class=\"has-text-align-center\" data-align=\"center\">7.350.483<\/td><td class=\"has-text-align-center\" data-align=\"center\">3,00<\/td><\/tr><tr><td>Tocantins<\/td><td class=\"has-text-align-center\" data-align=\"center\">4.427<\/td><td class=\"has-text-align-center\" data-align=\"center\">1.577.342<\/td><td class=\"has-text-align-center\" data-align=\"center\">2,81<\/td><\/tr><tr><td>Rond&ocirc;nia<\/td><td class=\"has-text-align-center\" data-align=\"center\">4.618<\/td><td class=\"has-text-align-center\" data-align=\"center\">1.746.227<\/td><td class=\"has-text-align-center\" data-align=\"center\">2,64<\/td><\/tr><tr><td>Sergipe<\/td><td class=\"has-text-align-center\" data-align=\"center\">6.022<\/td><td class=\"has-text-align-center\" data-align=\"center\">2.291.077<\/td><td class=\"has-text-align-center\" data-align=\"center\">2,63<\/td><\/tr><tr><td>Piau&iacute;<\/td><td class=\"has-text-align-center\" data-align=\"center\">8.377<\/td><td class=\"has-text-align-center\" data-align=\"center\">3.375.646<\/td><td class=\"has-text-align-center\" data-align=\"center\">2,48<\/td><\/tr><tr><td>Rio Grande do Norte<\/td><td class=\"has-text-align-center\" data-align=\"center\">8.343<\/td><td class=\"has-text-align-center\" data-align=\"center\">3.446.071<\/td><td class=\"has-text-align-center\" data-align=\"center\">2,42<\/td><\/tr><tr><td>Pernambuco<\/td><td class=\"has-text-align-center\" data-align=\"center\">23.030<\/td><td class=\"has-text-align-center\" data-align=\"center\">9.539.029<\/td><td class=\"has-text-align-center\" data-align=\"center\">2,41<\/td><\/tr><tr><td>Mato Grosso<\/td><td class=\"has-text-align-center\" data-align=\"center\">9.141<\/td><td class=\"has-text-align-center\" data-align=\"center\">3.836.399<\/td><td class=\"has-text-align-center\" data-align=\"center\">2,38<\/td><\/tr><tr><td>Alagoas<\/td><td class=\"has-text-align-center\" data-align=\"center\">7.419<\/td><td class=\"has-text-align-center\" data-align=\"center\">3.220.104<\/td><td class=\"has-text-align-center\" data-align=\"center\">2,30<\/td><\/tr><tr><td>Cear&aacute;<\/td><td class=\"has-text-align-center\" data-align=\"center\">20.782<\/td><td class=\"has-text-align-center\" data-align=\"center\">9.233.656<\/td><td class=\"has-text-align-center\" data-align=\"center\">2,25<\/td><\/tr><tr><td>Bahia<\/td><td class=\"has-text-align-center\" data-align=\"center\">30.733<\/td><td class=\"has-text-align-center\" data-align=\"center\">14.850.513<\/td><td class=\"has-text-align-center\" data-align=\"center\">2,07<\/td><\/tr><tr><td>Acre<\/td><td class=\"has-text-align-center\" data-align=\"center\">1.600<\/td><td class=\"has-text-align-center\" data-align=\"center\">880.631<\/td><td class=\"has-text-align-center\" data-align=\"center\">1,82<\/td><\/tr><tr><td>Roraima<\/td><td class=\"has-text-align-center\" data-align=\"center\">1.271<\/td><td class=\"has-text-align-center\" data-align=\"center\">716.793<\/td><td class=\"has-text-align-center\" data-align=\"center\">1,77<\/td><\/tr><tr><td>Amazonas<\/td><td class=\"has-text-align-center\" data-align=\"center\">6.749<\/td><td class=\"has-text-align-center\" data-align=\"center\">4.281.209<\/td><td class=\"has-text-align-center\" data-align=\"center\">1,58<\/td><\/tr><tr><td>Amap&aacute;<\/td><td class=\"has-text-align-center\" data-align=\"center\">1.176<\/td><td class=\"has-text-align-center\" data-align=\"center\">802.837<\/td><td class=\"has-text-align-center\" data-align=\"center\">1,46<\/td><\/tr><tr><td>Par&aacute;<\/td><td class=\"has-text-align-center\" data-align=\"center\">11.865<\/td><td class=\"has-text-align-center\" data-align=\"center\">8.664.306<\/td><td class=\"has-text-align-center\" data-align=\"center\">1,37<\/td><\/tr><tr><td>Maranh&atilde;o<\/td><td class=\"has-text-align-center\" data-align=\"center\">8.871<\/td><td class=\"has-text-align-center\" data-align=\"center\">7.010.960<\/td><td class=\"has-text-align-center\" data-align=\"center\">1,27<\/td><\/tr><\/tbody><\/table><figcaption class=\"wp-element-caption\">*quantidade de m&eacute;dicos para cada mil habitantes<\/figcaption><\/figure><p>\n\n\n<div id=\"new-form\">\n\t<form id=\"forms_layout\">\n\t<input type=\"hidden\" id=\"chave_de\" name=\"chave_de\" value=\"01_EMED_LEADS_TOTAIS\" \/>\n\t\t<input type=\"hidden\" id=\"mid\" name=\"mid\" value=\"515009018\" \/>\n\t\t<input type=\"hidden\" id=\"Objetivo\" name=\"Objetivo\" value=\"Medicina\" \/>\n\t\t<input type=\"hidden\" id=\"Estado_de_Origem_do_IP\" name=\"Estado_de_Origem_do_IP\"  value=\"\" \/>\n\t\t<input type=\"hidden\" id=\"Cidade_de_Origem_do_IP\" name=\"Cidade_de_Origem_do_IP\" value=\"\" \/>\n\t\t<input type=\"hidden\" id=\"Modo_de_entrada\" name=\"Modo_de_entrada\" value=\"Portal\" \/>\n\t\t<input type=\"hidden\" id=\"Pagina_Origem\" name=\"Pagina_Origem\" value=\"\" \/>\n\n\t\t<div class=\"texto\">\n\t\t\t<h3 class=\"news\"><span class=\"ez-toc-section\" id=\"Inscreva-se-em-nossa-newsletter-2\"><\/span>Inscreva-se em nossa newsletter!<span class=\"ez-toc-section-end\"><\/span><\/h3>\n\t\t\t<p>Receba not\u00edcias sobre resid\u00eancia m\u00e9dica, revalida\u00e7\u00e3o de diplomas e concursos m\u00e9dicos, al\u00e9m de materiais de estudo gratuitos e informa\u00e7\u00f5es relevantes do mundo da Medicina.<\/p>\n\t\t<\/div>\n\t\t<div class=\"campos\">\n\t\t\t<div class=\"first_name labels\">\n\t\t\t\t<input type=\"text\" class=\"input_labels\" id=\"first_name\" name=\"Nome_Completo\" placeholder=\"Nome\" required \/>\n\t\t\t<\/div>\n\t\t\t<div class=\"email labels\">\n\t\t\t\t<input type=\"email\" class=\"input_labels\" id=\"email\" name=\"Email\" placeholder=\"E-mail\" required \/>\n\t\t\t<\/div>\n\t\t\t<button type=\"submit\" class=\"button_layout\">\n\t\t\t\t<div id=\"lblBotao\">Inscreva-se<\/div>\n\t\t\t\t<span id=\"divSpiner\" class=\"loader\" role=\"status\" style=\"display: none;\"><\/span>\t\n\t\t\t<\/button>\n\t\t<\/div><!-- \/campos -->\n\t\t\n\t\t<label class=\"container_checkbox\">Voc\u00ea concorda com a nossa\n\t\t\t<a class=\"politics_privacy_ahref\" target=\"_blank\" href=\"https:\/\/gratis.estrategiaconcursos.com.br\/politica-de-privacidade\/\">Pol\u00edtica de Privacidade<\/a> e aceita receber informa\u00e7\u00f5es adicionais do Estrat\u00e9gia Educacional.\n\t\t\t<input id=\"checkbox_layout\" type=\"checkbox\" checked=\"checked\" required \/>\n\t\t\t<span class=\"checkbox\"><\/span>\n\t\t<\/label>\n\t\t<div id=\"msg\"><\/div>\n\t\t<div id=\"error\" class=\"error\">\n\t\t<\/div>\n\t<\/form>\n<\/div><!-- \/new-form -->\n\n\n\n<\/p><h2 class=\"wp-block-heading\" id=\"h-brasil-com-medicos-cada-vez-mais-jovens\"><span class=\"ez-toc-section\" id=\"Brasil-com-medicos-cada-vez-mais-jovens\"><\/span>Brasil com m&eacute;dicos cada vez mais jovens<span class=\"ez-toc-section-end\"><\/span><\/h2><p>A <strong>idade m&eacute;dia dos m&eacute;dicos no Brasil vem caindo nos &uacute;ltimos anos<\/strong>, reflexo, entre outros fatores, da <strong>expans&atilde;o acelerada de cursos de Medicina<\/strong>. Em <strong>2009<\/strong>, a m&eacute;dia era de <strong>45,5 anos<\/strong>, com um desvio padr&atilde;o de <strong>13,4 anos<\/strong>, indicando uma distribui&ccedil;&atilde;o relativamente equilibrada entre m&eacute;dicos jovens e mais experientes.<\/p><p>Em <strong>2024<\/strong>, a m&eacute;dia caiu para <strong>44,8 anos<\/strong>, mas com um desvio padr&atilde;o maior (<strong>15,7 anos<\/strong>), evidenciando a <strong>entrada expressiva de m&eacute;dicos mais jovens<\/strong> e uma maior dispers&atilde;o et&aacute;ria. A proje&ccedil;&atilde;o para <strong>2035<\/strong> aponta que a m&eacute;dia deve recuar para <strong>40,8 anos<\/strong>, com desvio padr&atilde;o de <strong>14,0 anos<\/strong>, sinalizando uma <strong>concentra&ccedil;&atilde;o crescente em faixas et&aacute;rias mais jovens<\/strong>.<\/p><p>De acordo com o estudo, essa <strong>mudan&ccedil;a geracional<\/strong> impacta n&atilde;o s&oacute; o perfil et&aacute;rio, mas tamb&eacute;m as <strong>escolhas de especialidades<\/strong>, os <strong>modelos de v&iacute;nculo e remunera&ccedil;&atilde;o<\/strong>, as <strong>jornadas de trabalho<\/strong>, o <strong>uso de tecnologias<\/strong> e a <strong>concilia&ccedil;&atilde;o entre vida pessoal e profissional<\/strong>. Al&eacute;m disso, a Demografia M&eacute;dica pede mais <strong>investimentos em qualifica&ccedil;&atilde;o e educa&ccedil;&atilde;o continuada<\/strong> para atender a esse novo perfil de m&eacute;dicos generalistas que chega ao mercado.<\/p><h2 class=\"wp-block-heading\" id=\"h-explosao-de-cursos-de-medicina-e-mudancas-no-perfil-dos-estudantes\"><span class=\"ez-toc-section\" id=\"Explosao-de-cursos-de-Medicina-e-mudancas-no-perfil-dos-estudantes\"><\/span>Explos&atilde;o de cursos de Medicina e mudan&ccedil;as no perfil dos estudantes<span class=\"ez-toc-section-end\"><\/span><\/h2><p>Nos &uacute;ltimos dez anos, o <strong>n&uacute;mero de escolas m&eacute;dicas no Brasil saltou de 252 para 448<\/strong>, ofertando atualmente <strong>48.491 vagas<\/strong>, sendo <strong>79,3% em institui&ccedil;&otilde;es privadas<\/strong>, aumento que impactou diretamente a <strong>concorr&ecirc;ncia nos vestibulares de Medicina<\/strong>. Em <strong>2014<\/strong>, eram <strong>46,51 candidatos por vaga<\/strong>, n&uacute;mero que caiu para <strong>18,81 em 2023<\/strong>.<\/p><p>A disputa, no entanto, ainda &eacute; desigual entre os setores. Nos <strong>cursos p&uacute;blicos<\/strong> de Medicina, a concorr&ecirc;ncia chega a <strong>68,50 candidatos por vaga<\/strong>, enquanto nos <strong>privados<\/strong> o &iacute;ndice &eacute; de <strong>7,17<\/strong>. <\/p><p>O estudo tamb&eacute;m revela que <strong>1 em cada 10 alunos de Medicina &eacute; cotista<\/strong>. J&aacute; sobre o <strong>perfil m&eacute;dio dos estudantes de Medicina<\/strong>, considerando do 1&ordm; ao 6&ordm; ano, levantamento tra&ccedil;a que:<\/p><ul class=\"wp-block-list\">\n<li>61,8% s&atilde;o mulheres;<\/li>\n\n\n\n<li>60,9% t&ecirc;m at&eacute; 24 anos;<\/li>\n\n\n\n<li>68,6% se autodeclaram brancos; e<\/li>\n\n\n\n<li>66% cursaram o ensino m&eacute;dio em escola privada.<\/li>\n<\/ul><h2 class=\"wp-block-heading\" id=\"h-como-esta-a-residencia-medica\"><span class=\"ez-toc-section\" id=\"Como-esta-a-residencia-medica\"><\/span>Como est&aacute; a resid&ecirc;ncia m&eacute;dica?<span class=\"ez-toc-section-end\"><\/span><\/h2><p>Em <strong>2024<\/strong>, o Brasil contava com <strong>47,7 mil m&eacute;dicos residentes<\/strong>, o que corresponde a cerca de <strong>8% do total de m&eacute;dicos no pa&iacute;s<\/strong>. Do total, <strong>58,2% eram mulheres<\/strong> e <strong>62,8% se formaram em escolas privadas<\/strong>. A maioria dos residentes (<strong>54,3%<\/strong>) estava concentrada na <strong>Regi&atilde;o Sudeste<\/strong>.<\/p><p>Al&eacute;m disso, <strong>mais da metade &ndash; 54,8% &ndash; dos m&eacute;dicos residentes est&aacute; distribu&iacute;da em apenas seis das 55 especialidades<\/strong> ofertadas:<\/p><ul class=\"wp-block-list\">\n<li>Cl&iacute;nica M&eacute;dica (13,6%);<\/li>\n\n\n\n<li>Pediatria (10,5%);<\/li>\n\n\n\n<li>Cirurgia Geral (9,0%);<\/li>\n\n\n\n<li>Ginecologia e Obstetr&iacute;cia (8,6%);<\/li>\n\n\n\n<li>Anestesiologia (6,6%); e<\/li>\n\n\n\n<li>Medicina de Fam&iacute;lia e Comunidade (6,5%).<\/li>\n<\/ul><p>Por outro lado, os <strong>programas com menor n&uacute;mero de residentes<\/strong> em 2024 foram: <strong>Angiologia (3 residentes)<\/strong>, <strong>Medicina do Tr&aacute;fego (4)<\/strong>, <strong>Homeopatia (9)<\/strong>, <strong>Patologia Cl&iacute;nica\/Medicina Laboratorial (13)<\/strong> e <strong>Acupuntura (19)<\/strong> &mdash; evidenciando quais s&atilde;o as especialidades com menor procura e oferta no cen&aacute;rio nacional.<\/p><p>O levantamento refor&ccedil;a a <strong>concentra&ccedil;&atilde;o regional e de &aacute;reas de atua&ccedil;&atilde;o na resid&ecirc;ncia m&eacute;dica brasileira<\/strong>, apontando desafios na <strong>distribui&ccedil;&atilde;o de especialistas e cobertura assistencial<\/strong> em diversas regi&otilde;es e especialidades do pa&iacute;s.<\/p><p>A <strong>concentra&ccedil;&atilde;o de m&eacute;dicos residentes tamb&eacute;m se reflete nas institui&ccedil;&otilde;es formadoras<\/strong>. Em <strong>2024<\/strong>, entre as <strong>957 institui&ccedil;&otilde;es que mantinham pelo menos uma vaga de resid&ecirc;ncia m&eacute;dica ocupada<\/strong>, apenas <strong>91 delas reuniam metade dos residentes do pa&iacute;s<\/strong>. Al&eacute;m disso, cerca de <strong>300 institui&ccedil;&otilde;es &mdash; um ter&ccedil;o do total &mdash; eram respons&aacute;veis por 80% das vagas<\/strong> dispon&iacute;veis, evidenciando a forte centraliza&ccedil;&atilde;o da oferta de resid&ecirc;ncia em um n&uacute;mero restrito de centros formadores.<\/p><p>Dentre as 10 institui&ccedil;&otilde;es com o maior n&uacute;mero de residentes no &uacute;ltimo ano &mdash; 7.072 ao total, apenas uma est&aacute; localizada fora do estado de S&atilde;o Paulo:<\/p><figure class=\"wp-block-table\"><table><thead><tr><th class=\"has-text-align-center\" data-align=\"center\">UF<\/th><th>Institui&ccedil;&atilde;o<\/th><th class=\"has-text-align-center\" data-align=\"center\">N&ordm; de M&eacute;dicos Residentes<\/th><\/tr><\/thead><tbody><tr><td class=\"has-text-align-center\" data-align=\"center\">SP<\/td><td>Faculdade de Medicina da USP &ndash; USP-SP<\/td><td class=\"has-text-align-center\" data-align=\"center\">1.525<\/td><\/tr><tr><td class=\"has-text-align-center\" data-align=\"center\">SP<\/td><td>Universidade Federal de S&atilde;o Paulo &ndash; UNIFESP<\/td><td class=\"has-text-align-center\" data-align=\"center\">905<\/td><\/tr><tr><td class=\"has-text-align-center\" data-align=\"center\">SP<\/td><td>Hospital das Cl&iacute;nicas da Faculdade de Medicina de Ribeir&atilde;o Preto USP &ndash; USP-RP<\/td><td class=\"has-text-align-center\" data-align=\"center\">808<\/td><\/tr><tr><td class=\"has-text-align-center\" data-align=\"center\">SP<\/td><td>Faculdade de Ci&ecirc;ncias M&eacute;dicas da UNICAMP<\/td><td class=\"has-text-align-center\" data-align=\"center\">637<\/td><\/tr><tr><td class=\"has-text-align-center\" data-align=\"center\">SP<\/td><td>Irmandade da Santa Casa de Miseric&oacute;rdia de S&atilde;o Paulo &ndash; SCMSP<\/td><td class=\"has-text-align-center\" data-align=\"center\">621<\/td><\/tr><tr><td class=\"has-text-align-center\" data-align=\"center\">SP<\/td><td>Faculdade de Medicina de S&atilde;o Jos&eacute; do Rio Preto &ndash; FAMERP<\/td><td class=\"has-text-align-center\" data-align=\"center\">603<\/td><\/tr><tr><td class=\"has-text-align-center\" data-align=\"center\">SP<\/td><td>Hospital do Servidor P&uacute;blico Estadual Francisco Morato de Oliveira &ndash; IAMSPE<\/td><td class=\"has-text-align-center\" data-align=\"center\">560<\/td><\/tr><tr><td class=\"has-text-align-center\" data-align=\"center\">RS<\/td><td>Hospital das Cl&iacute;nicas de Porto Alegre &ndash; HCPA<\/td><td class=\"has-text-align-center\" data-align=\"center\">510<\/td><\/tr><tr><td class=\"has-text-align-center\" data-align=\"center\">SP<\/td><td>Faculdade de Medicina de Botucatu &ndash; UNESP<\/td><td class=\"has-text-align-center\" data-align=\"center\">470<\/td><\/tr><tr><td class=\"has-text-align-center\" data-align=\"center\">SP<\/td><td>Faculdade de Medicina do ABC &ndash; FMABC<\/td><td class=\"has-text-align-center\" data-align=\"center\">433<\/td><\/tr><\/tbody><\/table><\/figure><h2 class=\"wp-block-heading\" id=\"h-especialistas-x-generalistas\"><span class=\"ez-toc-section\" id=\"Especialistas-x-Generalistas\"><\/span>Especialistas x Generalistas<span class=\"ez-toc-section-end\"><\/span><\/h2><p>Ainda, segundo o levantamento, <strong>59,1% dos profissionais (353.287) possuem ao menos um t&iacute;tulo de especialista<\/strong>, enquanto <strong>os generalistas &mdash; aqueles sem especializa&ccedil;&atilde;o registrada &mdash; correspondem a 40,9% (244.141)<\/strong>. A distribui&ccedil;&atilde;o, no entanto, exp&otilde;e desigualdades n&atilde;o apenas entre &aacute;reas de atua&ccedil;&atilde;o, mas tamb&eacute;m em rela&ccedil;&atilde;o ao perfil de g&ecirc;nero dos profissionais.<\/p><p><strong>Homens ainda predominam em 35 das 55 especialidades m&eacute;dicas reconhecidas<\/strong>. As maiores concentra&ccedil;&otilde;es masculinas est&atilde;o em <strong>Urologia (96,5%) e Ortopedia e Traumatologia (92,0%)<\/strong>. Em contrapartida,<strong> as mulheres lideram com ampla vantagem em Dermatologia (80,6%) e Pediatria (76,8%)<\/strong>, especialidades que historicamente atraem maior presen&ccedil;a feminina.<\/p><p>O estudo tamb&eacute;m destaca que mais da metade dos t&iacute;tulos de especialista (50,6%) est&aacute; concentrada em apenas sete &aacute;reas: <\/p><ul class=\"wp-block-list\">\n<li>Cl&iacute;nica M&eacute;dica (12,4%);<\/li>\n\n\n\n<li>Pediatria (10,0%);<\/li>\n\n\n\n<li>Cirurgia Geral (7,8%);<\/li>\n\n\n\n<li>Ginecologia e Obstetr&iacute;cia (7,4%);<\/li>\n\n\n\n<li>Anestesiologia (4,7%);<\/li>\n\n\n\n<li>Cardiologia (4,3%); e<\/li>\n\n\n\n<li>Ortopedia e Traumatologia (4,0%). <\/li>\n<\/ul><h2 class=\"wp-block-heading\" id=\"h-projecao-para-o-futuro-da-medicina\"><span class=\"ez-toc-section\" id=\"Projecao-para-o-futuro-da-Medicina\"><\/span>Proje&ccedil;&atilde;o para o futuro da Medicina<span class=\"ez-toc-section-end\"><\/span><\/h2><p>A proje&ccedil;&atilde;o para a pr&oacute;xima d&eacute;cada indica que o Brasil superar&aacute; a marca de <strong>1,15 milh&atilde;o de m&eacute;dicos<\/strong>, com a <strong>maioria feminina<\/strong> j&aacute; a partir de <strong>2025<\/strong>. Al&eacute;m disso, espera-se uma <strong>redu&ccedil;&atilde;o na m&eacute;dia de idade<\/strong> dos profissionais, refletindo a <strong>influxo de m&eacute;dicos mais jovens<\/strong>. No entanto, a <strong>distribui&ccedil;&atilde;o desigual de m&eacute;dicos pelo territ&oacute;rio brasileiro<\/strong> deve persistir, com algumas regi&otilde;es ainda enfrentando desafios para equilibrar a oferta de profissionais de sa&uacute;de.<\/p><p>No Portal de Not&iacute;cias do Estrat&eacute;gia MED voc&ecirc; confere muitos outros artigos e rela&ccedil;&otilde;es de dados &uacute;teis dentro da medicina. Continue acompanhando o Portal de Not&iacute;cias do Estrat&eacute;gia MED para mais informa&ccedil;&otilde;es sobre processos seletivos de resid&ecirc;ncia m&eacute;dica, revalida&ccedil;&atilde;o de diplomas em Medicina, al&eacute;m de novidades da &aacute;rea m&eacute;dica.<\/p><p><em>Mat&eacute;ria em colabora&ccedil;&atilde;o de Ana Carolina Damasceno<\/em><\/p><p>\n\n\n\n\n\n<a id=\"cta\" class=\"cta-imagem\" href=\"https:\/\/med.estrategia.com\/curso\/banco-de-questes-resumos-estrategicos-anual\/\" target=\"blank\">\n                <img decoding=\"async\" width=\"100%\" src=\"https:\/\/med.estrategia.com\/portal\/wp-content\/uploads\/2025\/08\/banco_questoes.png\" alt=\"banco_questoes\" title=\"banco_questoes\">\n        <\/a>\n\n\n\n<a id=\"cta\" class=\"cta-imagem\" href=\"https:\/\/med.estrategia.com\/curso\/curso-intensivo-para-residencia-medica\/\" target=\"blank\">\n                <img decoding=\"async\" width=\"100%\" src=\"https:\/\/med.estrategia.com\/portal\/wp-content\/uploads\/2025\/08\/intensivo_rm.jpg\" alt=\"intensivo_rm\" title=\"intensivo_rm\">\n        <\/a>\n<\/p><\/p>\n","protected":false},"excerpt":{"rendered":"Atualmente, o pa\u00eds tem 2,98 profissionais para cada mil habitantes\n","protected":false},"author":22,"featured_media":86159,"comment_status":"closed","ping_status":"closed","sticky":false,"template":"","format":"standard","meta":{"wl_entities_gutenberg":"","footnotes":""},"categories":[300],"tags":[],"wl_entity_type":[199],"class_list":{"0":"post-86149","1":"post","2":"type-post","3":"status-publish","4":"format-standard","5":"has-post-thumbnail","7":"category-noticias","8":"wl_entity_type-article"},"acf":[],"yoast_head":"<!-- This site is optimized with the Yoast SEO Premium plugin v26.6 (Yoast SEO v26.6) - https:\/\/yoast.com\/wordpress\/plugins\/seo\/ -->\n<title>Brasil ter\u00e1 635 mil m\u00e9dicos at\u00e9 o fim do ano; confira os principais dados da Demografia M\u00e9dica 2025<\/title>\n<meta name=\"description\" content=\"Foi publicado o novo levantamento de informa\u00e7\u00f5es sobre a forma\u00e7\u00e3o e atua\u00e7\u00e3o profissional de m\u00e9dicos no pa\u00eds: a Demografia M\u00e9dica 2025. Veja!\" \/>\n<meta name=\"robots\" content=\"index, follow, max-snippet:-1, max-image-preview:large, max-video-preview:-1\" \/>\n<link rel=\"canonical\" href=\"https:\/\/med.estrategia.com\/portal\/noticias\/brasil-tera-635-mil-medicos-ate-o-fim-do-ano-confira-os-principais-dados-da-demografia-medica-2025\/\" \/>\n<meta property=\"og:locale\" content=\"pt_BR\" \/>\n<meta property=\"og:type\" content=\"article\" \/>\n<meta property=\"og:title\" content=\"Brasil ter\u00e1 635 mil m\u00e9dicos at\u00e9 o fim do ano; confira os principais dados da Demografia M\u00e9dica 2025\" \/>\n<meta property=\"og:description\" content=\"Foi publicado o novo levantamento de informa\u00e7\u00f5es sobre a forma\u00e7\u00e3o e atua\u00e7\u00e3o profissional de m\u00e9dicos no pa\u00eds: a Demografia M\u00e9dica 2025. Veja!\" \/>\n<meta property=\"og:url\" content=\"https:\/\/med.estrategia.com\/portal\/noticias\/brasil-tera-635-mil-medicos-ate-o-fim-do-ano-confira-os-principais-dados-da-demografia-medica-2025\/\" \/>\n<meta property=\"og:site_name\" content=\"Estrat\u00e9gia MED\" \/>\n<meta property=\"article:publisher\" content=\"https:\/\/www.facebook.com\/estrategiamed1\" \/>\n<meta property=\"article:published_time\" content=\"2025-04-30T19:23:17+00:00\" \/>\n<meta property=\"article:modified_time\" content=\"2025-09-24T15:37:56+00:00\" \/>\n<meta property=\"og:image\" content=\"https:\/\/med.estrategia.com\/portal\/wp-content\/uploads\/2025\/04\/close-up-medical-team-ready-work.jpg\" \/>\n\t<meta property=\"og:image:width\" content=\"1920\" \/>\n\t<meta property=\"og:image:height\" content=\"1280\" \/>\n\t<meta property=\"og:image:type\" content=\"image\/jpeg\" \/>\n<meta name=\"author\" content=\"Erika Coelho\" \/>\n<meta name=\"twitter:card\" content=\"summary_large_image\" \/>\n<meta name=\"twitter:creator\" content=\"@estrategiamed_\" \/>\n<meta name=\"twitter:site\" content=\"@estrategiamed_\" \/>\n<meta name=\"twitter:label1\" content=\"Escrito por\" \/>\n\t<meta name=\"twitter:data1\" content=\"Erika Coelho\" \/>\n\t<meta name=\"twitter:label2\" content=\"Est. tempo de leitura\" \/>\n\t<meta name=\"twitter:data2\" content=\"8 minutos\" \/>\n<script type=\"application\/ld+json\" class=\"yoast-schema-graph\">{\"@context\":\"https:\/\/schema.org\",\"@graph\":[{\"@type\":\"WebPage\",\"@id\":\"https:\/\/med.estrategia.com\/portal\/noticias\/brasil-tera-635-mil-medicos-ate-o-fim-do-ano-confira-os-principais-dados-da-demografia-medica-2025\/\",\"url\":\"https:\/\/med.estrategia.com\/portal\/noticias\/brasil-tera-635-mil-medicos-ate-o-fim-do-ano-confira-os-principais-dados-da-demografia-medica-2025\/\",\"name\":\"Brasil ter\u00e1 635 mil m\u00e9dicos at\u00e9 o fim do ano; confira os principais dados da Demografia M\u00e9dica 2025\",\"isPartOf\":{\"@id\":\"https:\/\/med.estrategia.com\/portal\/#website\"},\"primaryImageOfPage\":{\"@id\":\"https:\/\/med.estrategia.com\/portal\/noticias\/brasil-tera-635-mil-medicos-ate-o-fim-do-ano-confira-os-principais-dados-da-demografia-medica-2025\/#primaryimage\"},\"image\":{\"@id\":\"https:\/\/med.estrategia.com\/portal\/noticias\/brasil-tera-635-mil-medicos-ate-o-fim-do-ano-confira-os-principais-dados-da-demografia-medica-2025\/#primaryimage\"},\"thumbnailUrl\":\"https:\/\/med.estrategia.com\/portal\/wp-content\/uploads\/2025\/04\/close-up-medical-team-ready-work.jpg\",\"datePublished\":\"2025-04-30T19:23:17+00:00\",\"dateModified\":\"2025-09-24T15:37:56+00:00\",\"author\":{\"@id\":\"https:\/\/med.estrategia.com\/portal\/#\/schema\/person\/8e7c9b2f53f2eede3b8880ad86ff20a3\"},\"description\":\"Foi publicado o novo levantamento de informa\u00e7\u00f5es sobre a forma\u00e7\u00e3o e atua\u00e7\u00e3o profissional de m\u00e9dicos no pa\u00eds: a Demografia M\u00e9dica 2025. Veja!\",\"breadcrumb\":{\"@id\":\"https:\/\/med.estrategia.com\/portal\/noticias\/brasil-tera-635-mil-medicos-ate-o-fim-do-ano-confira-os-principais-dados-da-demografia-medica-2025\/#breadcrumb\"},\"inLanguage\":\"pt-BR\",\"potentialAction\":[{\"@type\":\"ReadAction\",\"target\":[\"https:\/\/med.estrategia.com\/portal\/noticias\/brasil-tera-635-mil-medicos-ate-o-fim-do-ano-confira-os-principais-dados-da-demografia-medica-2025\/\"]}]},{\"@type\":\"ImageObject\",\"inLanguage\":\"pt-BR\",\"@id\":\"https:\/\/med.estrategia.com\/portal\/noticias\/brasil-tera-635-mil-medicos-ate-o-fim-do-ano-confira-os-principais-dados-da-demografia-medica-2025\/#primaryimage\",\"url\":\"https:\/\/med.estrategia.com\/portal\/wp-content\/uploads\/2025\/04\/close-up-medical-team-ready-work.jpg\",\"contentUrl\":\"https:\/\/med.estrategia.com\/portal\/wp-content\/uploads\/2025\/04\/close-up-medical-team-ready-work.jpg\",\"width\":1920,\"height\":1280,\"caption\":\"Estrat\u00e9gia Med | Foto: Freepik\"},{\"@type\":\"BreadcrumbList\",\"@id\":\"https:\/\/med.estrategia.com\/portal\/noticias\/brasil-tera-635-mil-medicos-ate-o-fim-do-ano-confira-os-principais-dados-da-demografia-medica-2025\/#breadcrumb\",\"itemListElement\":[{\"@type\":\"ListItem\",\"position\":1,\"name\":\"Home\",\"item\":\"https:\/\/med.estrategia.com\/portal\/\"},{\"@type\":\"ListItem\",\"position\":2,\"name\":\"Not\u00edcias\",\"item\":\"https:\/\/med.estrategia.com\/portal\/noticias\/\"},{\"@type\":\"ListItem\",\"position\":3,\"name\":\"Brasil ter\u00e1 635 mil m\u00e9dicos at\u00e9 o fim do ano; confira os principais dados da Demografia M\u00e9dica 2025\"}]},{\"@type\":\"WebSite\",\"@id\":\"https:\/\/med.estrategia.com\/portal\/#website\",\"url\":\"https:\/\/med.estrategia.com\/portal\/\",\"name\":\"Estrat\u00e9gia MED\",\"description\":\"\",\"potentialAction\":[{\"@type\":\"SearchAction\",\"target\":{\"@type\":\"EntryPoint\",\"urlTemplate\":\"https:\/\/med.estrategia.com\/portal\/?s={search_term_string}\"},\"query-input\":{\"@type\":\"PropertyValueSpecification\",\"valueRequired\":true,\"valueName\":\"search_term_string\"}}],\"inLanguage\":\"pt-BR\"},{\"@type\":\"Person\",\"@id\":\"https:\/\/med.estrategia.com\/portal\/#\/schema\/person\/8e7c9b2f53f2eede3b8880ad86ff20a3\",\"name\":\"Erika Coelho\",\"image\":{\"@type\":\"ImageObject\",\"inLanguage\":\"pt-BR\",\"@id\":\"https:\/\/med.estrategia.com\/portal\/#\/schema\/person\/image\/\",\"url\":\"https:\/\/secure.gravatar.com\/avatar\/8ef9ff2e2fa53829c640cca8d1a45178?s=96&d=mm&r=g\",\"contentUrl\":\"https:\/\/secure.gravatar.com\/avatar\/8ef9ff2e2fa53829c640cca8d1a45178?s=96&d=mm&r=g\",\"caption\":\"Erika Coelho\"},\"description\":\"Jornalista pela Universidade Presbiteriana Mackenzie, escrevo sobre educa\u00e7\u00e3o, sa\u00fade e pol\u00edticas p\u00fablicas\",\"url\":\"https:\/\/med.estrategia.com\/portal\/author\/erika\/\"}]}<\/script>\n<!-- \/ Yoast SEO Premium plugin. -->","yoast_head_json":{"title":"Brasil ter\u00e1 635 mil m\u00e9dicos at\u00e9 o fim do ano; confira os principais dados da Demografia M\u00e9dica 2025","description":"Foi publicado o novo levantamento de informa\u00e7\u00f5es sobre a forma\u00e7\u00e3o e atua\u00e7\u00e3o profissional de m\u00e9dicos no pa\u00eds: a Demografia M\u00e9dica 2025. Veja!","robots":{"index":"index","follow":"follow","max-snippet":"max-snippet:-1","max-image-preview":"max-image-preview:large","max-video-preview":"max-video-preview:-1"},"canonical":"https:\/\/med.estrategia.com\/portal\/noticias\/brasil-tera-635-mil-medicos-ate-o-fim-do-ano-confira-os-principais-dados-da-demografia-medica-2025\/","og_locale":"pt_BR","og_type":"article","og_title":"Brasil ter\u00e1 635 mil m\u00e9dicos at\u00e9 o fim do ano; confira os principais dados da Demografia M\u00e9dica 2025","og_description":"Foi publicado o novo levantamento de informa\u00e7\u00f5es sobre a forma\u00e7\u00e3o e atua\u00e7\u00e3o profissional de m\u00e9dicos no pa\u00eds: a Demografia M\u00e9dica 2025. Veja!","og_url":"https:\/\/med.estrategia.com\/portal\/noticias\/brasil-tera-635-mil-medicos-ate-o-fim-do-ano-confira-os-principais-dados-da-demografia-medica-2025\/","og_site_name":"Estrat\u00e9gia MED","article_publisher":"https:\/\/www.facebook.com\/estrategiamed1","article_published_time":"2025-04-30T19:23:17+00:00","article_modified_time":"2025-09-24T15:37:56+00:00","og_image":[{"width":1920,"height":1280,"url":"https:\/\/med.estrategia.com\/portal\/wp-content\/uploads\/2025\/04\/close-up-medical-team-ready-work.jpg","type":"image\/jpeg"}],"author":"Erika Coelho","twitter_card":"summary_large_image","twitter_creator":"@estrategiamed_","twitter_site":"@estrategiamed_","twitter_misc":{"Escrito por":"Erika Coelho","Est. tempo de leitura":"8 minutos"},"schema":{"@context":"https:\/\/schema.org","@graph":[{"@type":"WebPage","@id":"https:\/\/med.estrategia.com\/portal\/noticias\/brasil-tera-635-mil-medicos-ate-o-fim-do-ano-confira-os-principais-dados-da-demografia-medica-2025\/","url":"https:\/\/med.estrategia.com\/portal\/noticias\/brasil-tera-635-mil-medicos-ate-o-fim-do-ano-confira-os-principais-dados-da-demografia-medica-2025\/","name":"Brasil ter\u00e1 635 mil m\u00e9dicos at\u00e9 o fim do ano; confira os principais dados da Demografia M\u00e9dica 2025","isPartOf":{"@id":"https:\/\/med.estrategia.com\/portal\/#website"},"primaryImageOfPage":{"@id":"https:\/\/med.estrategia.com\/portal\/noticias\/brasil-tera-635-mil-medicos-ate-o-fim-do-ano-confira-os-principais-dados-da-demografia-medica-2025\/#primaryimage"},"image":{"@id":"https:\/\/med.estrategia.com\/portal\/noticias\/brasil-tera-635-mil-medicos-ate-o-fim-do-ano-confira-os-principais-dados-da-demografia-medica-2025\/#primaryimage"},"thumbnailUrl":"https:\/\/med.estrategia.com\/portal\/wp-content\/uploads\/2025\/04\/close-up-medical-team-ready-work.jpg","datePublished":"2025-04-30T19:23:17+00:00","dateModified":"2025-09-24T15:37:56+00:00","author":{"@id":"https:\/\/med.estrategia.com\/portal\/#\/schema\/person\/8e7c9b2f53f2eede3b8880ad86ff20a3"},"description":"Foi publicado o novo levantamento de informa\u00e7\u00f5es sobre a forma\u00e7\u00e3o e atua\u00e7\u00e3o profissional de m\u00e9dicos no pa\u00eds: a Demografia M\u00e9dica 2025. Veja!","breadcrumb":{"@id":"https:\/\/med.estrategia.com\/portal\/noticias\/brasil-tera-635-mil-medicos-ate-o-fim-do-ano-confira-os-principais-dados-da-demografia-medica-2025\/#breadcrumb"},"inLanguage":"pt-BR","potentialAction":[{"@type":"ReadAction","target":["https:\/\/med.estrategia.com\/portal\/noticias\/brasil-tera-635-mil-medicos-ate-o-fim-do-ano-confira-os-principais-dados-da-demografia-medica-2025\/"]}]},{"@type":"ImageObject","inLanguage":"pt-BR","@id":"https:\/\/med.estrategia.com\/portal\/noticias\/brasil-tera-635-mil-medicos-ate-o-fim-do-ano-confira-os-principais-dados-da-demografia-medica-2025\/#primaryimage","url":"https:\/\/med.estrategia.com\/portal\/wp-content\/uploads\/2025\/04\/close-up-medical-team-ready-work.jpg","contentUrl":"https:\/\/med.estrategia.com\/portal\/wp-content\/uploads\/2025\/04\/close-up-medical-team-ready-work.jpg","width":1920,"height":1280,"caption":"Estrat\u00e9gia Med | Foto: Freepik"},{"@type":"BreadcrumbList","@id":"https:\/\/med.estrategia.com\/portal\/noticias\/brasil-tera-635-mil-medicos-ate-o-fim-do-ano-confira-os-principais-dados-da-demografia-medica-2025\/#breadcrumb","itemListElement":[{"@type":"ListItem","position":1,"name":"Home","item":"https:\/\/med.estrategia.com\/portal\/"},{"@type":"ListItem","position":2,"name":"Not\u00edcias","item":"https:\/\/med.estrategia.com\/portal\/noticias\/"},{"@type":"ListItem","position":3,"name":"Brasil ter\u00e1 635 mil m\u00e9dicos at\u00e9 o fim do ano; confira os principais dados da Demografia M\u00e9dica 2025"}]},{"@type":"WebSite","@id":"https:\/\/med.estrategia.com\/portal\/#website","url":"https:\/\/med.estrategia.com\/portal\/","name":"Estrat\u00e9gia MED","description":"","potentialAction":[{"@type":"SearchAction","target":{"@type":"EntryPoint","urlTemplate":"https:\/\/med.estrategia.com\/portal\/?s={search_term_string}"},"query-input":{"@type":"PropertyValueSpecification","valueRequired":true,"valueName":"search_term_string"}}],"inLanguage":"pt-BR"},{"@type":"Person","@id":"https:\/\/med.estrategia.com\/portal\/#\/schema\/person\/8e7c9b2f53f2eede3b8880ad86ff20a3","name":"Erika Coelho","image":{"@type":"ImageObject","inLanguage":"pt-BR","@id":"https:\/\/med.estrategia.com\/portal\/#\/schema\/person\/image\/","url":"https:\/\/secure.gravatar.com\/avatar\/8ef9ff2e2fa53829c640cca8d1a45178?s=96&d=mm&r=g","contentUrl":"https:\/\/secure.gravatar.com\/avatar\/8ef9ff2e2fa53829c640cca8d1a45178?s=96&d=mm&r=g","caption":"Erika Coelho"},"description":"Jornalista pela Universidade Presbiteriana Mackenzie, escrevo sobre educa\u00e7\u00e3o, sa\u00fade e pol\u00edticas p\u00fablicas","url":"https:\/\/med.estrategia.com\/portal\/author\/erika\/"}]}},"_wl_alt_label":[],"wl:entity_url":"\/post\/brasil-tem-demografia-medica-2024-86149","_links":{"self":[{"href":"https:\/\/med.estrategia.com\/portal\/wp-json\/wp\/v2\/posts\/86149","targetHints":{"allow":["GET"]}}],"collection":[{"href":"https:\/\/med.estrategia.com\/portal\/wp-json\/wp\/v2\/posts"}],"about":[{"href":"https:\/\/med.estrategia.com\/portal\/wp-json\/wp\/v2\/types\/post"}],"author":[{"embeddable":true,"href":"https:\/\/med.estrategia.com\/portal\/wp-json\/wp\/v2\/users\/22"}],"replies":[{"embeddable":true,"href":"https:\/\/med.estrategia.com\/portal\/wp-json\/wp\/v2\/comments?post=86149"}],"version-history":[{"count":11,"href":"https:\/\/med.estrategia.com\/portal\/wp-json\/wp\/v2\/posts\/86149\/revisions"}],"predecessor-version":[{"id":95399,"href":"https:\/\/med.estrategia.com\/portal\/wp-json\/wp\/v2\/posts\/86149\/revisions\/95399"}],"wp:featuredmedia":[{"embeddable":true,"href":"https:\/\/med.estrategia.com\/portal\/wp-json\/wp\/v2\/media\/86159"}],"wp:attachment":[{"href":"https:\/\/med.estrategia.com\/portal\/wp-json\/wp\/v2\/media?parent=86149"}],"wp:term":[{"taxonomy":"category","embeddable":true,"href":"https:\/\/med.estrategia.com\/portal\/wp-json\/wp\/v2\/categories?post=86149"},{"taxonomy":"post_tag","embeddable":true,"href":"https:\/\/med.estrategia.com\/portal\/wp-json\/wp\/v2\/tags?post=86149"},{"taxonomy":"wl_entity_type","embeddable":true,"href":"https:\/\/med.estrategia.com\/portal\/wp-json\/wp\/v2\/wl_entity_type?post=86149"}],"curies":[{"name":"wp","href":"https:\/\/api.w.org\/{rel}","templated":true}]}}