{"id":86899,"date":"2025-05-16T06:44:03","date_gmt":"2025-05-16T09:44:03","guid":{"rendered":"https:\/\/med.estrategia.com\/portal\/?p=86899"},"modified":"2025-05-16T06:44:09","modified_gmt":"2025-05-16T09:44:09","slug":"concurso-pc-mg-banca-libera-novo-cronograma-do-edital","status":"publish","type":"post","link":"https:\/\/med.estrategia.com\/portal\/concursos\/concurso-pc-mg-banca-libera-novo-cronograma-do-edital\/","title":{"rendered":"Concurso PC MG: banca libera novo cronograma do edital"},"content":{"rendered":"<p>A Funda&ccedil;&atilde;o Get&uacute;lio Vargas (FGV), respons&aacute;vel pela certame, <strong>divulgou o novo cronograma<\/strong> <strong>do concurso p&uacute;blico<\/strong> <strong>da Pol&iacute;cia Civil de Minas Gerais (PC MG)<\/strong> para que os candidatos possam acompanhar as eventuais atualiza&ccedil;&otilde;es do cronograma publicado.<p>Nesta sexta-feira, <strong>16 de maio<\/strong>, est&aacute; prevista a divulga&ccedil;&atilde;o do <strong>resultado definitivo do exame de verifica&ccedil;&atilde;o da defici&ecirc;ncia<\/strong>. J&aacute; para quem aguarda o <strong>resultado com classifica&ccedil;&atilde;o preliminar<\/strong>, deve aguardar at&eacute; o <strong>dia 21 de maio<\/strong> para a publica&ccedil;&atilde;o. Apesar de atualizar os candidatos sobre o calend&aacute;rio do processo seletivo do concurso, ele ainda n&atilde;o est&aacute; completo e as datas como resultado final e homologa&ccedil;&atilde;o ser&atilde;o publicadas posteriormente pela <a href=\"https:\/\/conhecimento.fgv.br\/concursos\/pcmg24\/02\" target=\"_blank\">banca FGV<\/a>. <\/p><div class=\"wp-block-buttons is-content-justification-center is-layout-flex wp-container-core-buttons-is-layout-1 wp-block-buttons-is-layout-flex\">\n<div class=\"wp-block-button\"><a class=\"wp-block-button__link wp-element-button\" href=\"https:\/\/med.estrategia.com\/portal\/wp-content\/uploads\/2025\/05\/cronogramas-para-divulgacao-medico-legista-15-05_PC-MG.pdf\" target=\"_blank\">Novo Cronograma COncurso P&uacute;blico PC MG<\/a><\/div>\n<\/div><p>Seguindo o cronograma, os candidatos ainda passar&atilde;o pelas seguintes etapas de avalia&ccedil;&atilde;o: <\/p><ul class=\"wp-block-list\">\n<li>Exames Biom&eacute;dicos e Biof&iacute;sicos &ndash; para todos os cargos, de car&aacute;ter eliminat&oacute;rio;&nbsp;&nbsp;<\/li>\n\n\n\n<li>Avalia&ccedil;&atilde;o Psicol&oacute;gica &ndash; para todos os cargos, de car&aacute;ter eliminat&oacute;rio;<\/li>\n\n\n\n<li>Provas de T&iacute;tulos &ndash; para todos os cargos, de car&aacute;ter classificat&oacute;rio; e<\/li>\n\n\n\n<li>Investiga&ccedil;&atilde;o Social &ndash; para todos os cargos, de car&aacute;ter eliminat&oacute;rio.<\/li>\n<\/ul><div id=\"ez-toc-container\" class=\"ez-toc-v2_0_79_2 counter-hierarchy ez-toc-counter ez-toc-transparent ez-toc-container-direction\">\n<div class=\"ez-toc-title-container\"><p class=\"ez-toc-title\" style=\"cursor:inherit\">Navegue pelo conte\u00fado<\/p>\n<\/div><nav><ul class='ez-toc-list ez-toc-list-level-1 ' ><li class='ez-toc-page-1 ez-toc-heading-level-2'><a class=\"ez-toc-link ez-toc-heading-1\" href=\"https:\/\/med.estrategia.com\/portal\/concursos\/concurso-pc-mg-banca-libera-novo-cronograma-do-edital\/#Vagas\" >Vagas<\/a><\/li><li class='ez-toc-page-1 ez-toc-heading-level-2'><a class=\"ez-toc-link ez-toc-heading-2\" href=\"https:\/\/med.estrategia.com\/portal\/concursos\/concurso-pc-mg-banca-libera-novo-cronograma-do-edital\/#Remuneracao\" >Remunera&ccedil;&atilde;o<\/a><\/li><li class='ez-toc-page-1 ez-toc-heading-level-2'><a class=\"ez-toc-link ez-toc-heading-3\" href=\"https:\/\/med.estrategia.com\/portal\/concursos\/concurso-pc-mg-banca-libera-novo-cronograma-do-edital\/#Prepare-se-para-o-concurso-publico-para-medicos-com-o-Estrategia-MED\" >Prepare-se para o concurso p&uacute;blico para m&eacute;dicos com o Estrat&eacute;gia MED!&nbsp;&nbsp;<\/a><\/li><\/ul><\/nav><\/div>\n<h2 class=\"wp-block-heading\" id=\"h-vagas\"><span class=\"ez-toc-section\" id=\"Vagas\"><\/span>Vagas<span class=\"ez-toc-section-end\"><\/span><\/h2><p>Neste edital, a<strong> PC MG disponibiliza 10 vagas para o cargo de M&eacute;dico Legista<\/strong>. O candidato, entre os demais requisitos solicitados no edital, precisa ter conclu&iacute;do o ensino superior em Medicina, conforme estabelecido no<a href=\"https:\/\/www.almg.gov.br\/legislacao-mineira\/LCP\/84\/2005\/\" target=\"_blank\">&nbsp;artigo 10 da Lei Complementar n&ordm; 84\/2005<\/a>, com as altera&ccedil;&otilde;es do artigo 1&ordm; da Lei Complementar 113\/2010.<\/p><p>A comprova&ccedil;&atilde;o dever&aacute; ser feita por meio da entrega de uma c&oacute;pia do diploma e apresenta&ccedil;&atilde;o do original ou de uma certid&atilde;o emitida por uma institui&ccedil;&atilde;o de ensino superior reconhecida pelo Minist&eacute;rio da Educa&ccedil;&atilde;o, no ato da posse.<\/p><h2 class=\"wp-block-heading\" id=\"h-remuneracao\"><span class=\"ez-toc-section\" id=\"Remuneracao\"><\/span>Remunera&ccedil;&atilde;o<span class=\"ez-toc-section-end\"><\/span><\/h2><p>No Portal da Transpar&ecirc;ncia, est&aacute; dispon&iacute;vel a estrutura remunerat&oacute;ria dos cargos da Pol&iacute;cia Civil de Minas Gerais, conforme estabelecido na Lei n&ordm; 19.576, de 16 de agosto de 2011. Confira a tabela a seguir:<\/p><figure class=\"wp-block-image\"><img decoding=\"async\" width=\"1013\" height=\"168\" src=\"https:\/\/med.estrategia.com\/portal\/wp-content\/uploads\/2024\/08\/perito-e-medico-Legista_salario_PCMG.png\" alt=\"Sal&aacute;rio Perito e M&eacute;dico Legista\" class=\"wp-image-68159\" srcset=\"https:\/\/med.estrategia.com\/portal\/wp-content\/uploads\/2024\/08\/perito-e-medico-Legista_salario_PCMG.png 1013w, https:\/\/med.estrategia.com\/portal\/wp-content\/uploads\/2024\/08\/perito-e-medico-Legista_salario_PCMG-768x127.png 768w, https:\/\/med.estrategia.com\/portal\/wp-content\/uploads\/2024\/08\/perito-e-medico-Legista_salario_PCMG-800x133.png 800w\" sizes=\"(max-width: 1013px) 100vw, 1013px\" \/><\/figure><p>Para mais informa&ccedil;&otilde;es sobre o <strong>Concurso P&uacute;blico PC MG<\/strong>, <a href=\"https:\/\/med.estrategia.com\/portal\/concursos\/concurso-publico-da-pc-mg-oferece-10-vagas-para-o-cargo-de-medico-legista\/\" target=\"_blank\">acesse aqui<\/a> e veja o artigo completo! <\/p><h2 class=\"wp-block-heading\" id=\"h-prepare-se-para-o-concurso-publico-para-medicos-com-o-estrategia-med\"><span class=\"ez-toc-section\" id=\"Prepare-se-para-o-concurso-publico-para-medicos-com-o-Estrategia-MED\"><\/span>Prepare-se para o concurso p&uacute;blico para m&eacute;dicos com o Estrat&eacute;gia MED!&nbsp;&nbsp;<span class=\"ez-toc-section-end\"><\/span><\/h2><p>Com o<a href=\"https:\/\/med.estrategia.com\/curso\/sprint-concursos-medicos\/\" target=\"_blank\">&nbsp;Sprint Concursos M&eacute;dicos do Estrat&eacute;gia MED<\/a>&nbsp;voc&ecirc; ter&aacute; &agrave; disposi&ccedil;&atilde;o 3.500 quest&otilde;es com foco em concursos p&uacute;blicos com cargos m&eacute;dicos incluindo as disciplinas mais cobradas neste tipo de sele&ccedil;&atilde;o: Portugu&ecirc;s, Matem&aacute;tica, Inform&aacute;tica, Direito e claro, Medicina.<\/p><p>Conhe&ccedil;a tamb&eacute;m o nosso<a href=\"https:\/\/med.estrategia.com\/curso\/banco-de-questes-resumos-estrategicos-anual\/\" target=\"_blank\">&nbsp;Banco de Quest&otilde;es<\/a>, que atualmente conta com mais de 200 mil quest&otilde;es cadastradas e n&atilde;o para de crescer. Vem ser coruja!<\/p><div class=\"wp-block-image\">\n<figure class=\"aligncenter size-full\"><img decoding=\"async\" width=\"1280\" height=\"622\" src=\"https:\/\/med.estrategia.com\/portal\/wp-content\/uploads\/2025\/08\/concursos_medicos.jpg\" alt=\"concursos_medicos\" class=\"wp-image-91529\" srcset=\"https:\/\/med.estrategia.com\/portal\/wp-content\/uploads\/2025\/08\/concursos_medicos.jpg 1280w, https:\/\/med.estrategia.com\/portal\/wp-content\/uploads\/2025\/08\/concursos_medicos-1024x498.jpg 1024w, https:\/\/med.estrategia.com\/portal\/wp-content\/uploads\/2025\/08\/concursos_medicos-768x373.jpg 768w, https:\/\/med.estrategia.com\/portal\/wp-content\/uploads\/2025\/08\/concursos_medicos-800x389.jpg 800w, https:\/\/med.estrategia.com\/portal\/wp-content\/uploads\/2025\/08\/concursos_medicos-1160x564.jpg 1160w\" sizes=\"(max-width: 1280px) 100vw, 1280px\" \/><\/figure><\/div><p>\n\n<div id=\"new-form\">\n\t<form id=\"forms_layout\">\n\t<input type=\"hidden\" id=\"chave_de\" name=\"chave_de\" value=\"01_EMED_LEADS_TOTAIS\" \/>\n\t\t<input type=\"hidden\" id=\"mid\" name=\"mid\" value=\"515009018\" \/>\n\t\t<input type=\"hidden\" id=\"Objetivo\" name=\"Objetivo\" value=\"Medicina\" \/>\n\t\t<input type=\"hidden\" id=\"Estado_de_Origem_do_IP\" name=\"Estado_de_Origem_do_IP\"  value=\"\" \/>\n\t\t<input type=\"hidden\" id=\"Cidade_de_Origem_do_IP\" name=\"Cidade_de_Origem_do_IP\" value=\"\" \/>\n\t\t<input type=\"hidden\" id=\"Modo_de_entrada\" name=\"Modo_de_entrada\" value=\"Portal\" \/>\n\t\t<input type=\"hidden\" id=\"Pagina_Origem\" name=\"Pagina_Origem\" value=\"\" \/>\n\n\t\t<div class=\"texto\">\n\t\t\t<h3 class=\"news\">Inscreva-se em nossa newsletter!<\/h3>\n\t\t\t<p>Receba not\u00edcias sobre resid\u00eancia m\u00e9dica, revalida\u00e7\u00e3o de diplomas e concursos m\u00e9dicos, al\u00e9m de materiais de estudo gratuitos e informa\u00e7\u00f5es relevantes do mundo da Medicina.<\/p>\n\t\t<\/div>\n\t\t<div class=\"campos\">\n\t\t\t<div class=\"first_name labels\">\n\t\t\t\t<input type=\"text\" class=\"input_labels\" id=\"first_name\" name=\"Nome_Completo\" placeholder=\"Nome\" required \/>\n\t\t\t<\/div>\n\t\t\t<div class=\"email labels\">\n\t\t\t\t<input type=\"email\" class=\"input_labels\" id=\"email\" name=\"Email\" placeholder=\"E-mail\" required \/>\n\t\t\t<\/div>\n\t\t\t<button type=\"submit\" class=\"button_layout\">\n\t\t\t\t<div id=\"lblBotao\">Inscreva-se<\/div>\n\t\t\t\t<span id=\"divSpiner\" class=\"loader\" role=\"status\" style=\"display: none;\"><\/span>\t\n\t\t\t<\/button>\n\t\t<\/div><!-- \/campos -->\n\t\t\n\t\t<label class=\"container_checkbox\">Voc\u00ea concorda com a nossa\n\t\t\t<a class=\"politics_privacy_ahref\" target=\"_blank\" href=\"https:\/\/gratis.estrategiaconcursos.com.br\/politica-de-privacidade\/\">Pol\u00edtica de Privacidade<\/a> e aceita receber informa\u00e7\u00f5es adicionais do Estrat\u00e9gia Educacional.\n\t\t\t<input id=\"checkbox_layout\" type=\"checkbox\" checked=\"checked\" required \/>\n\t\t\t<span class=\"checkbox\"><\/span>\n\t\t<\/label>\n\t\t<div id=\"msg\"><\/div>\n\t\t<div id=\"error\" class=\"error\">\n\t\t<\/div>\n\t<\/form>\n<\/div><!-- \/new-form -->\n<\/p><\/p>\n","protected":false},"excerpt":{"rendered":"A Funda&ccedil;&atilde;o Get&uacute;lio Vargas (FGV), respons&aacute;vel pela certame, divulgou o novo cronograma do concurso p&uacute;blico da Pol&iacute;cia Civil&hellip;\n","protected":false},"author":45,"featured_media":68145,"comment_status":"closed","ping_status":"closed","sticky":false,"template":"","format":"standard","meta":{"wl_entities_gutenberg":"","footnotes":""},"categories":[474],"tags":[],"wl_entity_type":[199],"class_list":{"0":"post-86899","1":"post","2":"type-post","3":"status-publish","4":"format-standard","5":"has-post-thumbnail","7":"category-concursos","8":"wl_entity_type-article"},"acf":[],"yoast_head":"<!-- This site is optimized with the Yoast SEO Premium plugin v26.6 (Yoast SEO v26.6) - https:\/\/yoast.com\/wordpress\/plugins\/seo\/ -->\n<title>Concurso PC MG: banca libera novo cronograma do edital<\/title>\n<meta name=\"description\" content=\"Banca FGV divulga novo cronograma do concurso p\u00fablico PC MG. As etapas de avalia\u00e7\u00e3o dos candidatos continuam at\u00e9 o m\u00eas de novembro de 2025.\" \/>\n<meta name=\"robots\" content=\"index, follow, max-snippet:-1, max-image-preview:large, max-video-preview:-1\" \/>\n<link rel=\"canonical\" href=\"https:\/\/med.estrategia.com\/portal\/concursos\/concurso-pc-mg-banca-libera-novo-cronograma-do-edital\/\" \/>\n<meta property=\"og:locale\" content=\"pt_BR\" \/>\n<meta property=\"og:type\" content=\"article\" \/>\n<meta property=\"og:title\" content=\"Concurso PC MG: banca libera novo cronograma do edital\" \/>\n<meta property=\"og:description\" content=\"Banca FGV divulga novo cronograma do concurso p\u00fablico PC MG. As etapas de avalia\u00e7\u00e3o dos candidatos continuam at\u00e9 o m\u00eas de novembro de 2025.\" \/>\n<meta property=\"og:url\" content=\"https:\/\/med.estrategia.com\/portal\/concursos\/concurso-pc-mg-banca-libera-novo-cronograma-do-edital\/\" \/>\n<meta property=\"og:site_name\" content=\"Estrat\u00e9gia MED\" \/>\n<meta property=\"article:publisher\" content=\"https:\/\/www.facebook.com\/estrategiamed1\" \/>\n<meta property=\"article:published_time\" content=\"2025-05-16T09:44:03+00:00\" \/>\n<meta property=\"article:modified_time\" content=\"2025-05-16T09:44:09+00:00\" \/>\n<meta property=\"og:image\" content=\"https:\/\/med.estrategia.com\/portal\/wp-content\/uploads\/2024\/08\/Capa-Concurso-PC-MG-MedicoLegista.jpg\" \/>\n\t<meta property=\"og:image:width\" content=\"1280\" \/>\n\t<meta property=\"og:image:height\" content=\"720\" \/>\n\t<meta property=\"og:image:type\" content=\"image\/jpeg\" \/>\n<meta name=\"author\" content=\"Priscila Pereira\" \/>\n<meta name=\"twitter:card\" content=\"summary_large_image\" \/>\n<meta name=\"twitter:creator\" content=\"@estrategiamed_\" \/>\n<meta name=\"twitter:site\" content=\"@estrategiamed_\" \/>\n<meta name=\"twitter:label1\" content=\"Escrito por\" \/>\n\t<meta name=\"twitter:data1\" content=\"Priscila Pereira\" \/>\n\t<meta name=\"twitter:label2\" content=\"Est. tempo de leitura\" \/>\n\t<meta name=\"twitter:data2\" content=\"2 minutos\" \/>\n<script type=\"application\/ld+json\" class=\"yoast-schema-graph\">{\"@context\":\"https:\/\/schema.org\",\"@graph\":[{\"@type\":\"WebPage\",\"@id\":\"https:\/\/med.estrategia.com\/portal\/concursos\/concurso-pc-mg-banca-libera-novo-cronograma-do-edital\/\",\"url\":\"https:\/\/med.estrategia.com\/portal\/concursos\/concurso-pc-mg-banca-libera-novo-cronograma-do-edital\/\",\"name\":\"Concurso PC MG: banca libera novo cronograma do edital\",\"isPartOf\":{\"@id\":\"https:\/\/med.estrategia.com\/portal\/#website\"},\"primaryImageOfPage\":{\"@id\":\"https:\/\/med.estrategia.com\/portal\/concursos\/concurso-pc-mg-banca-libera-novo-cronograma-do-edital\/#primaryimage\"},\"image\":{\"@id\":\"https:\/\/med.estrategia.com\/portal\/concursos\/concurso-pc-mg-banca-libera-novo-cronograma-do-edital\/#primaryimage\"},\"thumbnailUrl\":\"https:\/\/med.estrategia.com\/portal\/wp-content\/uploads\/2024\/08\/Capa-Concurso-PC-MG-MedicoLegista.jpg\",\"datePublished\":\"2025-05-16T09:44:03+00:00\",\"dateModified\":\"2025-05-16T09:44:09+00:00\",\"author\":{\"@id\":\"https:\/\/med.estrategia.com\/portal\/#\/schema\/person\/d1df06a83a849b79b2d480e7d8952ce3\"},\"description\":\"Banca FGV divulga novo cronograma do concurso p\u00fablico PC MG. As etapas de avalia\u00e7\u00e3o dos candidatos continuam at\u00e9 o m\u00eas de novembro de 2025.\",\"breadcrumb\":{\"@id\":\"https:\/\/med.estrategia.com\/portal\/concursos\/concurso-pc-mg-banca-libera-novo-cronograma-do-edital\/#breadcrumb\"},\"inLanguage\":\"pt-BR\",\"potentialAction\":[{\"@type\":\"ReadAction\",\"target\":[\"https:\/\/med.estrategia.com\/portal\/concursos\/concurso-pc-mg-banca-libera-novo-cronograma-do-edital\/\"]}]},{\"@type\":\"ImageObject\",\"inLanguage\":\"pt-BR\",\"@id\":\"https:\/\/med.estrategia.com\/portal\/concursos\/concurso-pc-mg-banca-libera-novo-cronograma-do-edital\/#primaryimage\",\"url\":\"https:\/\/med.estrategia.com\/portal\/wp-content\/uploads\/2024\/08\/Capa-Concurso-PC-MG-MedicoLegista.jpg\",\"contentUrl\":\"https:\/\/med.estrategia.com\/portal\/wp-content\/uploads\/2024\/08\/Capa-Concurso-PC-MG-MedicoLegista.jpg\",\"width\":1280,\"height\":720,\"caption\":\"Estrat\u00e9gia MED | Concurso P\u00fablico PC MG\"},{\"@type\":\"BreadcrumbList\",\"@id\":\"https:\/\/med.estrategia.com\/portal\/concursos\/concurso-pc-mg-banca-libera-novo-cronograma-do-edital\/#breadcrumb\",\"itemListElement\":[{\"@type\":\"ListItem\",\"position\":1,\"name\":\"Home\",\"item\":\"https:\/\/med.estrategia.com\/portal\/\"},{\"@type\":\"ListItem\",\"position\":2,\"name\":\"Concursos M\u00e9dicos\",\"item\":\"https:\/\/med.estrategia.com\/portal\/concursos\/\"},{\"@type\":\"ListItem\",\"position\":3,\"name\":\"Concurso PC MG: banca libera novo cronograma do edital\"}]},{\"@type\":\"WebSite\",\"@id\":\"https:\/\/med.estrategia.com\/portal\/#website\",\"url\":\"https:\/\/med.estrategia.com\/portal\/\",\"name\":\"Estrat\u00e9gia MED\",\"description\":\"\",\"potentialAction\":[{\"@type\":\"SearchAction\",\"target\":{\"@type\":\"EntryPoint\",\"urlTemplate\":\"https:\/\/med.estrategia.com\/portal\/?s={search_term_string}\"},\"query-input\":{\"@type\":\"PropertyValueSpecification\",\"valueRequired\":true,\"valueName\":\"search_term_string\"}}],\"inLanguage\":\"pt-BR\"},{\"@type\":\"Person\",\"@id\":\"https:\/\/med.estrategia.com\/portal\/#\/schema\/person\/d1df06a83a849b79b2d480e7d8952ce3\",\"name\":\"Priscila Pereira\",\"image\":{\"@type\":\"ImageObject\",\"inLanguage\":\"pt-BR\",\"@id\":\"https:\/\/med.estrategia.com\/portal\/#\/schema\/person\/image\/\",\"url\":\"https:\/\/secure.gravatar.com\/avatar\/fe94f8430a1d23a69c0bc7aab6202e21?s=96&d=mm&r=g\",\"contentUrl\":\"https:\/\/secure.gravatar.com\/avatar\/fe94f8430a1d23a69c0bc7aab6202e21?s=96&d=mm&r=g\",\"caption\":\"Priscila Pereira\"},\"description\":\"Formada e p\u00f3s-graduada na \u00e1rea de comunica\u00e7\u00e3o, divido minha paix\u00e3o entre o jornalismo e os esportes\",\"url\":\"https:\/\/med.estrategia.com\/portal\/author\/priscila-pereira\/\"}]}<\/script>\n<!-- \/ Yoast SEO Premium plugin. -->","yoast_head_json":{"title":"Concurso PC MG: banca libera novo cronograma do edital","description":"Banca FGV divulga novo cronograma do concurso p\u00fablico PC MG. As etapas de avalia\u00e7\u00e3o dos candidatos continuam at\u00e9 o m\u00eas de novembro de 2025.","robots":{"index":"index","follow":"follow","max-snippet":"max-snippet:-1","max-image-preview":"max-image-preview:large","max-video-preview":"max-video-preview:-1"},"canonical":"https:\/\/med.estrategia.com\/portal\/concursos\/concurso-pc-mg-banca-libera-novo-cronograma-do-edital\/","og_locale":"pt_BR","og_type":"article","og_title":"Concurso PC MG: banca libera novo cronograma do edital","og_description":"Banca FGV divulga novo cronograma do concurso p\u00fablico PC MG. As etapas de avalia\u00e7\u00e3o dos candidatos continuam at\u00e9 o m\u00eas de novembro de 2025.","og_url":"https:\/\/med.estrategia.com\/portal\/concursos\/concurso-pc-mg-banca-libera-novo-cronograma-do-edital\/","og_site_name":"Estrat\u00e9gia MED","article_publisher":"https:\/\/www.facebook.com\/estrategiamed1","article_published_time":"2025-05-16T09:44:03+00:00","article_modified_time":"2025-05-16T09:44:09+00:00","og_image":[{"width":1280,"height":720,"url":"https:\/\/med.estrategia.com\/portal\/wp-content\/uploads\/2024\/08\/Capa-Concurso-PC-MG-MedicoLegista.jpg","type":"image\/jpeg"}],"author":"Priscila Pereira","twitter_card":"summary_large_image","twitter_creator":"@estrategiamed_","twitter_site":"@estrategiamed_","twitter_misc":{"Escrito por":"Priscila Pereira","Est. tempo de leitura":"2 minutos"},"schema":{"@context":"https:\/\/schema.org","@graph":[{"@type":"WebPage","@id":"https:\/\/med.estrategia.com\/portal\/concursos\/concurso-pc-mg-banca-libera-novo-cronograma-do-edital\/","url":"https:\/\/med.estrategia.com\/portal\/concursos\/concurso-pc-mg-banca-libera-novo-cronograma-do-edital\/","name":"Concurso PC MG: banca libera novo cronograma do edital","isPartOf":{"@id":"https:\/\/med.estrategia.com\/portal\/#website"},"primaryImageOfPage":{"@id":"https:\/\/med.estrategia.com\/portal\/concursos\/concurso-pc-mg-banca-libera-novo-cronograma-do-edital\/#primaryimage"},"image":{"@id":"https:\/\/med.estrategia.com\/portal\/concursos\/concurso-pc-mg-banca-libera-novo-cronograma-do-edital\/#primaryimage"},"thumbnailUrl":"https:\/\/med.estrategia.com\/portal\/wp-content\/uploads\/2024\/08\/Capa-Concurso-PC-MG-MedicoLegista.jpg","datePublished":"2025-05-16T09:44:03+00:00","dateModified":"2025-05-16T09:44:09+00:00","author":{"@id":"https:\/\/med.estrategia.com\/portal\/#\/schema\/person\/d1df06a83a849b79b2d480e7d8952ce3"},"description":"Banca FGV divulga novo cronograma do concurso p\u00fablico PC MG. As etapas de avalia\u00e7\u00e3o dos candidatos continuam at\u00e9 o m\u00eas de novembro de 2025.","breadcrumb":{"@id":"https:\/\/med.estrategia.com\/portal\/concursos\/concurso-pc-mg-banca-libera-novo-cronograma-do-edital\/#breadcrumb"},"inLanguage":"pt-BR","potentialAction":[{"@type":"ReadAction","target":["https:\/\/med.estrategia.com\/portal\/concursos\/concurso-pc-mg-banca-libera-novo-cronograma-do-edital\/"]}]},{"@type":"ImageObject","inLanguage":"pt-BR","@id":"https:\/\/med.estrategia.com\/portal\/concursos\/concurso-pc-mg-banca-libera-novo-cronograma-do-edital\/#primaryimage","url":"https:\/\/med.estrategia.com\/portal\/wp-content\/uploads\/2024\/08\/Capa-Concurso-PC-MG-MedicoLegista.jpg","contentUrl":"https:\/\/med.estrategia.com\/portal\/wp-content\/uploads\/2024\/08\/Capa-Concurso-PC-MG-MedicoLegista.jpg","width":1280,"height":720,"caption":"Estrat\u00e9gia MED | Concurso P\u00fablico PC MG"},{"@type":"BreadcrumbList","@id":"https:\/\/med.estrategia.com\/portal\/concursos\/concurso-pc-mg-banca-libera-novo-cronograma-do-edital\/#breadcrumb","itemListElement":[{"@type":"ListItem","position":1,"name":"Home","item":"https:\/\/med.estrategia.com\/portal\/"},{"@type":"ListItem","position":2,"name":"Concursos M\u00e9dicos","item":"https:\/\/med.estrategia.com\/portal\/concursos\/"},{"@type":"ListItem","position":3,"name":"Concurso PC MG: banca libera novo cronograma do edital"}]},{"@type":"WebSite","@id":"https:\/\/med.estrategia.com\/portal\/#website","url":"https:\/\/med.estrategia.com\/portal\/","name":"Estrat\u00e9gia MED","description":"","potentialAction":[{"@type":"SearchAction","target":{"@type":"EntryPoint","urlTemplate":"https:\/\/med.estrategia.com\/portal\/?s={search_term_string}"},"query-input":{"@type":"PropertyValueSpecification","valueRequired":true,"valueName":"search_term_string"}}],"inLanguage":"pt-BR"},{"@type":"Person","@id":"https:\/\/med.estrategia.com\/portal\/#\/schema\/person\/d1df06a83a849b79b2d480e7d8952ce3","name":"Priscila Pereira","image":{"@type":"ImageObject","inLanguage":"pt-BR","@id":"https:\/\/med.estrategia.com\/portal\/#\/schema\/person\/image\/","url":"https:\/\/secure.gravatar.com\/avatar\/fe94f8430a1d23a69c0bc7aab6202e21?s=96&d=mm&r=g","contentUrl":"https:\/\/secure.gravatar.com\/avatar\/fe94f8430a1d23a69c0bc7aab6202e21?s=96&d=mm&r=g","caption":"Priscila Pereira"},"description":"Formada e p\u00f3s-graduada na \u00e1rea de comunica\u00e7\u00e3o, divido minha paix\u00e3o entre o jornalismo e os esportes","url":"https:\/\/med.estrategia.com\/portal\/author\/priscila-pereira\/"}]}},"_wl_alt_label":[],"wl:entity_url":"\/post\/concurso-pc-mg-banca-libera-novo-cronograma-do-edital-86899","_links":{"self":[{"href":"https:\/\/med.estrategia.com\/portal\/wp-json\/wp\/v2\/posts\/86899","targetHints":{"allow":["GET"]}}],"collection":[{"href":"https:\/\/med.estrategia.com\/portal\/wp-json\/wp\/v2\/posts"}],"about":[{"href":"https:\/\/med.estrategia.com\/portal\/wp-json\/wp\/v2\/types\/post"}],"author":[{"embeddable":true,"href":"https:\/\/med.estrategia.com\/portal\/wp-json\/wp\/v2\/users\/45"}],"replies":[{"embeddable":true,"href":"https:\/\/med.estrategia.com\/portal\/wp-json\/wp\/v2\/comments?post=86899"}],"version-history":[{"count":2,"href":"https:\/\/med.estrategia.com\/portal\/wp-json\/wp\/v2\/posts\/86899\/revisions"}],"predecessor-version":[{"id":86905,"href":"https:\/\/med.estrategia.com\/portal\/wp-json\/wp\/v2\/posts\/86899\/revisions\/86905"}],"wp:featuredmedia":[{"embeddable":true,"href":"https:\/\/med.estrategia.com\/portal\/wp-json\/wp\/v2\/media\/68145"}],"wp:attachment":[{"href":"https:\/\/med.estrategia.com\/portal\/wp-json\/wp\/v2\/media?parent=86899"}],"wp:term":[{"taxonomy":"category","embeddable":true,"href":"https:\/\/med.estrategia.com\/portal\/wp-json\/wp\/v2\/categories?post=86899"},{"taxonomy":"post_tag","embeddable":true,"href":"https:\/\/med.estrategia.com\/portal\/wp-json\/wp\/v2\/tags?post=86899"},{"taxonomy":"wl_entity_type","embeddable":true,"href":"https:\/\/med.estrategia.com\/portal\/wp-json\/wp\/v2\/wl_entity_type?post=86899"}],"curies":[{"name":"wp","href":"https:\/\/api.w.org\/{rel}","templated":true}]}}