{"id":87131,"date":"2025-05-20T11:00:46","date_gmt":"2025-05-20T14:00:46","guid":{"rendered":"https:\/\/med.estrategia.com\/portal\/?p=87131"},"modified":"2025-05-28T18:49:03","modified_gmt":"2025-05-28T21:49:03","slug":"ufu-residencia-medica-2026","status":"publish","type":"post","link":"https:\/\/med.estrategia.com\/portal\/noticias\/ufu-residencia-medica-2026\/","title":{"rendered":"Ap\u00f3s avalia\u00e7\u00e3o interna, UFU retoma participa\u00e7\u00e3o no ENARE"},"content":{"rendered":"<p>A <strong>Universidade Federal de Uberl&acirc;ndia (UFU)<\/strong> <strong>voltar&aacute; a participar do Exame Nacional de Resid&ecirc;ncia (ENARE) na edi&ccedil;&atilde;o 2025\/2026<\/strong>. A informa&ccedil;&atilde;o foi confirmada nesta ter&ccedil;a-feira, 28 de maio, pela Secretaria da Coordena&ccedil;&atilde;o da Comiss&atilde;o de Resid&ecirc;ncia M&eacute;dica (COREME) da institui&ccedil;&atilde;o, ap&oacute;s retifica&ccedil;&atilde;o de um posicionamento anterior.<p>No &uacute;ltimo dia 20, a UFU havia informado que deixaria o ENARE e retomaria sua participa&ccedil;&atilde;o no Processo Seletivo Unificado de Minas Gerais (PSU-MG), organizado pela Associa&ccedil;&atilde;o de Apoio &agrave; Resid&ecirc;ncia M&eacute;dica de Minas Gerais (AREMG), para a sele&ccedil;&atilde;o dos residentes com ingresso em 2026. A decis&atilde;o chegou a ser <strong>comunicada oficialmente pela institui&ccedil;&atilde;o<\/strong> ao time de Jornalismo do Estrat&eacute;gia MED.<\/p><p>Entretanto, segundo o novo contato da COREME, ap&oacute;s uma avalia&ccedil;&atilde;o interna, <strong>a UFU concluiu que n&atilde;o haveria tempo h&aacute;bil para formalizar o contrato com a AREMG<\/strong>, o que inviabilizaria a participa&ccedil;&atilde;o no PSU-MG. Diante disso, a universidade<strong> optou por manter sua ades&atilde;o ao ENARE<\/strong>, que &eacute; coordenado pela Empresa Brasileira de Servi&ccedil;os Hospitalares (EBSERH).<\/p><figure class=\"wp-block-image size-large\"><img decoding=\"async\" width=\"1024\" height=\"361\" src=\"https:\/\/med.estrategia.com\/portal\/wp-content\/uploads\/2025\/05\/image-10-1024x361.png\" alt=\"\" class=\"wp-image-87653\" srcset=\"https:\/\/med.estrategia.com\/portal\/wp-content\/uploads\/2025\/05\/image-10-1024x361.png 1024w, https:\/\/med.estrategia.com\/portal\/wp-content\/uploads\/2025\/05\/image-10-768x271.png 768w, https:\/\/med.estrategia.com\/portal\/wp-content\/uploads\/2025\/05\/image-10-800x282.png 800w, https:\/\/med.estrategia.com\/portal\/wp-content\/uploads\/2025\/05\/image-10.png 1039w\" sizes=\"(max-width: 1024px) 100vw, 1024px\" \/><\/figure><p>No &uacute;ltimo ano, a UFU j&aacute; havia aderido integralmente ao ENARE, com exce&ccedil;&atilde;o das vagas n&atilde;o preenchidas &mdash; que foram posteriormente ofertadas em um <a href=\"https:\/\/www.galaxcms.com.br\/up_crud_comum\/601\/EDITAL-3PROCESSOSELETIVOPSU2025-20250317105352.pdf\" target=\"_blank\">processo complementar realizado via AREMG<\/a>. A mesma solu&ccedil;&atilde;o foi adotada para as <a href=\"https:\/\/famed.ufu.br\/system\/files\/conteudo\/ufu-editalpsucomplementar2025.pdf\" target=\"_blank\">vagas de Medicina de Emerg&ecirc;ncia<\/a>, liberadas pelo Minist&eacute;rio da Sa&uacute;de ap&oacute;s o encerramento do edital regular. Antes de integrar o ENARE, a institui&ccedil;&atilde;o ofertava suas vagas exclusivamente por meio do PSU-MG.<\/p><p>\n\n\n<div id=\"new-form\">\n\t<form id=\"forms_layout\">\n\t<input type=\"hidden\" id=\"chave_de\" name=\"chave_de\" value=\"01_EMED_LEADS_TOTAIS\" \/>\n\t\t<input type=\"hidden\" id=\"mid\" name=\"mid\" value=\"515009018\" \/>\n\t\t<input type=\"hidden\" id=\"Objetivo\" name=\"Objetivo\" value=\"Medicina\" \/>\n\t\t<input type=\"hidden\" id=\"Estado_de_Origem_do_IP\" name=\"Estado_de_Origem_do_IP\"  value=\"\" \/>\n\t\t<input type=\"hidden\" id=\"Cidade_de_Origem_do_IP\" name=\"Cidade_de_Origem_do_IP\" value=\"\" \/>\n\t\t<input type=\"hidden\" id=\"Modo_de_entrada\" name=\"Modo_de_entrada\" value=\"Portal\" \/>\n\t\t<input type=\"hidden\" id=\"Pagina_Origem\" name=\"Pagina_Origem\" value=\"\" \/>\n\n\t\t<div class=\"texto\">\n\t\t\t<h3 class=\"news\">Inscreva-se em nossa newsletter!<\/h3>\n\t\t\t<p>Receba not\u00edcias sobre resid\u00eancia m\u00e9dica, revalida\u00e7\u00e3o de diplomas e concursos m\u00e9dicos, al\u00e9m de materiais de estudo gratuitos e informa\u00e7\u00f5es relevantes do mundo da Medicina.<\/p>\n\t\t<\/div>\n\t\t<div class=\"campos\">\n\t\t\t<div class=\"first_name labels\">\n\t\t\t\t<input type=\"text\" class=\"input_labels\" id=\"first_name\" name=\"Nome_Completo\" placeholder=\"Nome\" required \/>\n\t\t\t<\/div>\n\t\t\t<div class=\"email labels\">\n\t\t\t\t<input type=\"email\" class=\"input_labels\" id=\"email\" name=\"Email\" placeholder=\"E-mail\" required \/>\n\t\t\t<\/div>\n\t\t\t<button type=\"submit\" class=\"button_layout\">\n\t\t\t\t<div id=\"lblBotao\">Inscreva-se<\/div>\n\t\t\t\t<span id=\"divSpiner\" class=\"loader\" role=\"status\" style=\"display: none;\"><\/span>\t\n\t\t\t<\/button>\n\t\t<\/div><!-- \/campos -->\n\t\t\n\t\t<label class=\"container_checkbox\">Voc\u00ea concorda com a nossa\n\t\t\t<a class=\"politics_privacy_ahref\" target=\"_blank\" href=\"https:\/\/gratis.estrategiaconcursos.com.br\/politica-de-privacidade\/\">Pol\u00edtica de Privacidade<\/a> e aceita receber informa\u00e7\u00f5es adicionais do Estrat\u00e9gia Educacional.\n\t\t\t<input id=\"checkbox_layout\" type=\"checkbox\" checked=\"checked\" required \/>\n\t\t\t<span class=\"checkbox\"><\/span>\n\t\t<\/label>\n\t\t<div id=\"msg\"><\/div>\n\t\t<div id=\"error\" class=\"error\">\n\t\t<\/div>\n\t<\/form>\n<\/div><!-- \/new-form -->\n\n\n\n<\/p><div id=\"ez-toc-container\" class=\"ez-toc-v2_0_79_2 counter-hierarchy ez-toc-counter ez-toc-transparent ez-toc-container-direction\">\n<div class=\"ez-toc-title-container\"><p class=\"ez-toc-title\" style=\"cursor:inherit\">Navegue pelo conte\u00fado<\/p>\n<\/div><nav><ul class='ez-toc-list ez-toc-list-level-1 ' ><li class='ez-toc-page-1 ez-toc-heading-level-2'><a class=\"ez-toc-link ez-toc-heading-1\" href=\"https:\/\/med.estrategia.com\/portal\/noticias\/ufu-residencia-medica-2026\/#Como-sera-o-Enare-20252026\" >Como ser&aacute; o Enare 2025\/2026?<\/a><\/li><li class='ez-toc-page-1 ez-toc-heading-level-2'><a class=\"ez-toc-link ez-toc-heading-2\" href=\"https:\/\/med.estrategia.com\/portal\/noticias\/ufu-residencia-medica-2026\/#O-que-e-o-ENARE-%E2%80%93-Exame-Nacional-de-Residencia\" >O que &eacute; o ENARE &ndash; Exame Nacional de Resid&ecirc;ncia<\/a><\/li><\/ul><\/nav><\/div>\n<h2 class=\"wp-block-heading\" id=\"h-como-sera-o-enare-2025-2026\"><span class=\"ez-toc-section\" id=\"Como-sera-o-Enare-20252026\"><\/span>Como ser&aacute; o Enare 2025\/2026?<span class=\"ez-toc-section-end\"><\/span><\/h2><p>O Exame Nacional de Resid&ecirc;ncia (Enare) 2025\/2026 contar&aacute; agora com&nbsp;<strong>uma &uacute;nica etapa obrigat&oacute;ria e eliminat&oacute;ria: uma prova escrita objetiva<\/strong>, que valer&aacute; 100% da nota final dos candidatos.<\/p><p>Para os programas de Resid&ecirc;ncia M&eacute;dica de<strong>&nbsp;Acesso Direto<\/strong>, as provas ser&atilde;o<strong>&nbsp;aplicadas pelo Instituto Nacional de Estudos e Pesquisas Educacionais An&iacute;sio Teixeira (Inep)<\/strong>, integradas ao&nbsp;<a href=\"https:\/\/med.estrategia.com\/portal\/noticias\/o-que-e-o-enamed-nota-podera-ser-utilizada-no-enare\/\" target=\"_blank\">Exame Nacional de Avalia&ccedil;&atilde;o da Forma&ccedil;&atilde;o M&eacute;dica (Enamed)<\/a>.<\/p><div class=\"wp-block-buttons is-content-justification-center is-layout-flex wp-container-core-buttons-is-layout-1 wp-block-buttons-is-layout-flex\">\n<div class=\"wp-block-button\"><a class=\"wp-block-button__link wp-element-button\" href=\"https:\/\/med.estrategia.com\/portal\/atualidades\/enamed-explicado-tudo-o-que-voce-precisa-saber\/\">saiba mais sobre o enamed!<\/a><\/div>\n<\/div><p>J&aacute; as provas para&nbsp;<strong>Ano Adicional, &Aacute;rea de Atua&ccedil;&atilde;o, Pr&eacute;-requisito e Resid&ecirc;ncia Multiprofissional e em &Aacute;rea Profissional da Sa&uacute;de<\/strong>&nbsp;ficar&atilde;o a cargo de bancas contratadas especificamente para essa finalidade. Para a pr&oacute;xima edi&ccedil;&atilde;o,&nbsp;<a href=\"https:\/\/med.estrategia.com\/portal\/noticias\/fgv-e-confirmada-como-banca-organizadora-do-enare-2026\/\" target=\"_blank\">a banca contratada foi a Funda&ccedil;&atilde;o Get&uacute;lio Vargas (FGV)<\/a>.<\/p><p>O processo seletivo tamb&eacute;m&nbsp;<strong>manter&aacute; a reserva vagas para Pessoas com Defici&ecirc;ncia (PCD), pessoas negras, ind&iacute;genas e quilombolas<\/strong>, respeitando os percentuais que ser&atilde;o estabelecidos em edital.<\/p><h2 class=\"wp-block-heading\" id=\"h-o-que-e-o-enare-exame-nacional-de-residencia\"><span class=\"ez-toc-section\" id=\"O-que-e-o-ENARE-%E2%80%93-Exame-Nacional-de-Residencia\"><\/span>O que &eacute; o ENARE &ndash; Exame Nacional de Resid&ecirc;ncia<span class=\"ez-toc-section-end\"><\/span><\/h2><p>Considerado o&nbsp;<strong>ENEM da&nbsp;Resid&ecirc;ncia M&eacute;dica<\/strong>, o Exame Nacional de Resid&ecirc;ncia (ENARE) &eacute; realizado pela&nbsp;<strong>Ebserh<\/strong>, em parceria com o&nbsp;<strong>Minist&eacute;rio da Educa&ccedil;&atilde;o&nbsp;(MEC)<\/strong>, com o objetivo de otimizar a forma de selecionar os residentes&nbsp;m&eacute;dicos, melhorando a experi&ecirc;ncia tantos das institui&ccedil;&otilde;es quanto dos candidatos.&nbsp;<\/p><p>Atualmente, o modelo de sele&ccedil;&atilde;o da maioria dos programas de Resid&ecirc;ncia M&eacute;dica atende a cronogramas e crit&eacute;rios particulares de cada institui&ccedil;&atilde;o. Mas com o ENARE &ndash; Ebserh, a tend&ecirc;ncia &eacute;&nbsp;<strong>unificar os exames e os procedimentos de avalia&ccedil;&atilde;o e candidatura<\/strong>, permitindo que mais candidatos concorram a vagas de seu interesse, independentemente das condi&ccedil;&otilde;es, como localiza&ccedil;&atilde;o geogr&aacute;fica ou limita&ccedil;&atilde;o financeira do candidato.&nbsp;<\/p><div class=\"wp-block-buttons is-content-justification-center is-layout-flex wp-container-core-buttons-is-layout-2 wp-block-buttons-is-layout-flex\">\n<div class=\"wp-block-button\"><a class=\"wp-block-button__link wp-element-button\" href=\"https:\/\/med.estrategia.com\/portal\/residencia-medica\/enare-vagas-cronograma-provas-edital\/\">saiba mais sobre o enare<\/a><\/div>\n<\/div><p>Siga acompanhando o Portal de Not&iacute;cias do&nbsp;Estrat&eacute;gia MED&nbsp;para mais informa&ccedil;&otilde;es sobre a nova edi&ccedil;&atilde;o do ENARE, assim como tudo o que voc&ecirc; precisa saber sobre outros grandes processos seletivos de resid&ecirc;ncia m&eacute;dica do Brasil, atualidades, tudo sobre Revalida&ccedil;&atilde;o de Diplomas e mais!<\/p><p>Aproveite e n&atilde;o perca a chance de estudar contando com o maior Banco de Quest&otilde;es da &aacute;rea m&eacute;dica. Saiba mais abaixo!<\/p><p>\n\n\n\n\n\n<a id=\"cta\" class=\"cta-imagem\" href=\"https:\/\/med.estrategia.com\/curso\/banco-de-questes-resumos-estrategicos-anual\/\" target=\"blank\">\n                <img decoding=\"async\" width=\"100%\" src=\"https:\/\/med.estrategia.com\/portal\/wp-content\/uploads\/2025\/08\/banco_questoes.png\" alt=\"banco_questoes\" title=\"banco_questoes\">\n        <\/a>\n<\/p><\/p>\n","protected":false},"excerpt":{"rendered":"Decis\u00e3o foi revista ap\u00f3s avalia\u00e7\u00e3o interna apontar inviabilidade de participa\u00e7\u00e3o no seletivo mineiro em 2026\n","protected":false},"author":39,"featured_media":85462,"comment_status":"closed","ping_status":"closed","sticky":false,"template":"","format":"standard","meta":{"wl_entities_gutenberg":"","footnotes":""},"categories":[300],"tags":[],"wl_entity_type":[199],"class_list":{"0":"post-87131","1":"post","2":"type-post","3":"status-publish","4":"format-standard","5":"has-post-thumbnail","7":"category-noticias","8":"wl_entity_type-article"},"acf":[],"yoast_head":"<!-- This site is optimized with the Yoast SEO Premium plugin v26.6 (Yoast SEO v26.6) - https:\/\/yoast.com\/wordpress\/plugins\/seo\/ -->\n<title>Ap\u00f3s avalia\u00e7\u00e3o interna, UFU retoma participa\u00e7\u00e3o no ENARE<\/title>\n<meta name=\"description\" content=\"A Universidade Federal de Uberl\u00e2ndia (UFU) confirmou a participa\u00e7\u00e3o no ENARE 2025\/2026 para a equipe do Estrat\u00e9gia MED, confira.\" \/>\n<meta name=\"robots\" content=\"index, follow, max-snippet:-1, max-image-preview:large, max-video-preview:-1\" \/>\n<link rel=\"canonical\" href=\"https:\/\/med.estrategia.com\/portal\/noticias\/ufu-residencia-medica-2026\/\" \/>\n<meta property=\"og:locale\" content=\"pt_BR\" \/>\n<meta property=\"og:type\" content=\"article\" \/>\n<meta property=\"og:title\" content=\"Ap\u00f3s avalia\u00e7\u00e3o interna, UFU retoma participa\u00e7\u00e3o no ENARE\" \/>\n<meta property=\"og:description\" content=\"A Universidade Federal de Uberl\u00e2ndia (UFU) confirmou a participa\u00e7\u00e3o no ENARE 2025\/2026 para a equipe do Estrat\u00e9gia MED, confira.\" \/>\n<meta property=\"og:url\" content=\"https:\/\/med.estrategia.com\/portal\/noticias\/ufu-residencia-medica-2026\/\" \/>\n<meta property=\"og:site_name\" content=\"Estrat\u00e9gia MED\" \/>\n<meta property=\"article:publisher\" content=\"https:\/\/www.facebook.com\/estrategiamed1\" \/>\n<meta property=\"article:published_time\" content=\"2025-05-20T14:00:46+00:00\" \/>\n<meta property=\"article:modified_time\" content=\"2025-05-28T21:49:03+00:00\" \/>\n<meta property=\"og:image\" content=\"https:\/\/med.estrategia.com\/portal\/wp-content\/uploads\/2025\/04\/enare-atualizacao.jpg\" \/>\n\t<meta property=\"og:image:width\" content=\"1920\" \/>\n\t<meta property=\"og:image:height\" content=\"1080\" \/>\n\t<meta property=\"og:image:type\" content=\"image\/jpeg\" \/>\n<meta name=\"author\" content=\"Ana Carolina Damasceno\" \/>\n<meta name=\"twitter:card\" content=\"summary_large_image\" \/>\n<meta name=\"twitter:creator\" content=\"@estrategiamed_\" \/>\n<meta name=\"twitter:site\" content=\"@estrategiamed_\" \/>\n<meta name=\"twitter:label1\" content=\"Escrito por\" \/>\n\t<meta name=\"twitter:data1\" content=\"Ana Carolina Damasceno\" \/>\n\t<meta name=\"twitter:label2\" content=\"Est. tempo de leitura\" \/>\n\t<meta name=\"twitter:data2\" content=\"3 minutos\" \/>\n<script type=\"application\/ld+json\" class=\"yoast-schema-graph\">{\"@context\":\"https:\/\/schema.org\",\"@graph\":[{\"@type\":\"WebPage\",\"@id\":\"https:\/\/med.estrategia.com\/portal\/noticias\/ufu-residencia-medica-2026\/\",\"url\":\"https:\/\/med.estrategia.com\/portal\/noticias\/ufu-residencia-medica-2026\/\",\"name\":\"Ap\u00f3s avalia\u00e7\u00e3o interna, UFU retoma participa\u00e7\u00e3o no ENARE\",\"isPartOf\":{\"@id\":\"https:\/\/med.estrategia.com\/portal\/#website\"},\"primaryImageOfPage\":{\"@id\":\"https:\/\/med.estrategia.com\/portal\/noticias\/ufu-residencia-medica-2026\/#primaryimage\"},\"image\":{\"@id\":\"https:\/\/med.estrategia.com\/portal\/noticias\/ufu-residencia-medica-2026\/#primaryimage\"},\"thumbnailUrl\":\"https:\/\/med.estrategia.com\/portal\/wp-content\/uploads\/2025\/04\/enare-atualizacao.jpg\",\"datePublished\":\"2025-05-20T14:00:46+00:00\",\"dateModified\":\"2025-05-28T21:49:03+00:00\",\"author\":{\"@id\":\"https:\/\/med.estrategia.com\/portal\/#\/schema\/person\/2f553adbb8e25fe39d145c5b2927f58c\"},\"description\":\"A Universidade Federal de Uberl\u00e2ndia (UFU) confirmou a participa\u00e7\u00e3o no ENARE 2025\/2026 para a equipe do Estrat\u00e9gia MED, confira.\",\"breadcrumb\":{\"@id\":\"https:\/\/med.estrategia.com\/portal\/noticias\/ufu-residencia-medica-2026\/#breadcrumb\"},\"inLanguage\":\"pt-BR\",\"potentialAction\":[{\"@type\":\"ReadAction\",\"target\":[\"https:\/\/med.estrategia.com\/portal\/noticias\/ufu-residencia-medica-2026\/\"]}]},{\"@type\":\"ImageObject\",\"inLanguage\":\"pt-BR\",\"@id\":\"https:\/\/med.estrategia.com\/portal\/noticias\/ufu-residencia-medica-2026\/#primaryimage\",\"url\":\"https:\/\/med.estrategia.com\/portal\/wp-content\/uploads\/2025\/04\/enare-atualizacao.jpg\",\"contentUrl\":\"https:\/\/med.estrategia.com\/portal\/wp-content\/uploads\/2025\/04\/enare-atualizacao.jpg\",\"width\":1920,\"height\":1080,\"caption\":\"Estrat\u00e9gia MED | Foto: Divulga\u00e7\u00e3o\/UFMG\"},{\"@type\":\"BreadcrumbList\",\"@id\":\"https:\/\/med.estrategia.com\/portal\/noticias\/ufu-residencia-medica-2026\/#breadcrumb\",\"itemListElement\":[{\"@type\":\"ListItem\",\"position\":1,\"name\":\"Home\",\"item\":\"https:\/\/med.estrategia.com\/portal\/\"},{\"@type\":\"ListItem\",\"position\":2,\"name\":\"Not\u00edcias\",\"item\":\"https:\/\/med.estrategia.com\/portal\/noticias\/\"},{\"@type\":\"ListItem\",\"position\":3,\"name\":\"Ap\u00f3s avalia\u00e7\u00e3o interna, UFU retoma participa\u00e7\u00e3o no ENARE\"}]},{\"@type\":\"WebSite\",\"@id\":\"https:\/\/med.estrategia.com\/portal\/#website\",\"url\":\"https:\/\/med.estrategia.com\/portal\/\",\"name\":\"Estrat\u00e9gia MED\",\"description\":\"\",\"potentialAction\":[{\"@type\":\"SearchAction\",\"target\":{\"@type\":\"EntryPoint\",\"urlTemplate\":\"https:\/\/med.estrategia.com\/portal\/?s={search_term_string}\"},\"query-input\":{\"@type\":\"PropertyValueSpecification\",\"valueRequired\":true,\"valueName\":\"search_term_string\"}}],\"inLanguage\":\"pt-BR\"},{\"@type\":\"Person\",\"@id\":\"https:\/\/med.estrategia.com\/portal\/#\/schema\/person\/2f553adbb8e25fe39d145c5b2927f58c\",\"name\":\"Ana Carolina Damasceno\",\"image\":{\"@type\":\"ImageObject\",\"inLanguage\":\"pt-BR\",\"@id\":\"https:\/\/med.estrategia.com\/portal\/#\/schema\/person\/image\/\",\"url\":\"https:\/\/med.estrategia.com\/portal\/wp-content\/uploads\/2021\/09\/WhatsApp-Image-2023-08-18-at-16.46.43-150x150.jpeg\",\"contentUrl\":\"https:\/\/med.estrategia.com\/portal\/wp-content\/uploads\/2021\/09\/WhatsApp-Image-2023-08-18-at-16.46.43-150x150.jpeg\",\"caption\":\"Ana Carolina Damasceno\"},\"description\":\"Coordenadora de Jornalismo EMED. Comunicadora por natureza e forma\u00e7\u00e3o, que ama e perde a no\u00e7\u00e3o do tempo com m\u00fasica e s\u00e9rie.\",\"url\":\"https:\/\/med.estrategia.com\/portal\/author\/ana-carolina-damasceno\/\"}]}<\/script>\n<!-- \/ Yoast SEO Premium plugin. -->","yoast_head_json":{"title":"Ap\u00f3s avalia\u00e7\u00e3o interna, UFU retoma participa\u00e7\u00e3o no ENARE","description":"A Universidade Federal de Uberl\u00e2ndia (UFU) confirmou a participa\u00e7\u00e3o no ENARE 2025\/2026 para a equipe do Estrat\u00e9gia MED, confira.","robots":{"index":"index","follow":"follow","max-snippet":"max-snippet:-1","max-image-preview":"max-image-preview:large","max-video-preview":"max-video-preview:-1"},"canonical":"https:\/\/med.estrategia.com\/portal\/noticias\/ufu-residencia-medica-2026\/","og_locale":"pt_BR","og_type":"article","og_title":"Ap\u00f3s avalia\u00e7\u00e3o interna, UFU retoma participa\u00e7\u00e3o no ENARE","og_description":"A Universidade Federal de Uberl\u00e2ndia (UFU) confirmou a participa\u00e7\u00e3o no ENARE 2025\/2026 para a equipe do Estrat\u00e9gia MED, confira.","og_url":"https:\/\/med.estrategia.com\/portal\/noticias\/ufu-residencia-medica-2026\/","og_site_name":"Estrat\u00e9gia MED","article_publisher":"https:\/\/www.facebook.com\/estrategiamed1","article_published_time":"2025-05-20T14:00:46+00:00","article_modified_time":"2025-05-28T21:49:03+00:00","og_image":[{"width":1920,"height":1080,"url":"https:\/\/med.estrategia.com\/portal\/wp-content\/uploads\/2025\/04\/enare-atualizacao.jpg","type":"image\/jpeg"}],"author":"Ana Carolina Damasceno","twitter_card":"summary_large_image","twitter_creator":"@estrategiamed_","twitter_site":"@estrategiamed_","twitter_misc":{"Escrito por":"Ana Carolina Damasceno","Est. tempo de leitura":"3 minutos"},"schema":{"@context":"https:\/\/schema.org","@graph":[{"@type":"WebPage","@id":"https:\/\/med.estrategia.com\/portal\/noticias\/ufu-residencia-medica-2026\/","url":"https:\/\/med.estrategia.com\/portal\/noticias\/ufu-residencia-medica-2026\/","name":"Ap\u00f3s avalia\u00e7\u00e3o interna, UFU retoma participa\u00e7\u00e3o no ENARE","isPartOf":{"@id":"https:\/\/med.estrategia.com\/portal\/#website"},"primaryImageOfPage":{"@id":"https:\/\/med.estrategia.com\/portal\/noticias\/ufu-residencia-medica-2026\/#primaryimage"},"image":{"@id":"https:\/\/med.estrategia.com\/portal\/noticias\/ufu-residencia-medica-2026\/#primaryimage"},"thumbnailUrl":"https:\/\/med.estrategia.com\/portal\/wp-content\/uploads\/2025\/04\/enare-atualizacao.jpg","datePublished":"2025-05-20T14:00:46+00:00","dateModified":"2025-05-28T21:49:03+00:00","author":{"@id":"https:\/\/med.estrategia.com\/portal\/#\/schema\/person\/2f553adbb8e25fe39d145c5b2927f58c"},"description":"A Universidade Federal de Uberl\u00e2ndia (UFU) confirmou a participa\u00e7\u00e3o no ENARE 2025\/2026 para a equipe do Estrat\u00e9gia MED, confira.","breadcrumb":{"@id":"https:\/\/med.estrategia.com\/portal\/noticias\/ufu-residencia-medica-2026\/#breadcrumb"},"inLanguage":"pt-BR","potentialAction":[{"@type":"ReadAction","target":["https:\/\/med.estrategia.com\/portal\/noticias\/ufu-residencia-medica-2026\/"]}]},{"@type":"ImageObject","inLanguage":"pt-BR","@id":"https:\/\/med.estrategia.com\/portal\/noticias\/ufu-residencia-medica-2026\/#primaryimage","url":"https:\/\/med.estrategia.com\/portal\/wp-content\/uploads\/2025\/04\/enare-atualizacao.jpg","contentUrl":"https:\/\/med.estrategia.com\/portal\/wp-content\/uploads\/2025\/04\/enare-atualizacao.jpg","width":1920,"height":1080,"caption":"Estrat\u00e9gia MED | Foto: Divulga\u00e7\u00e3o\/UFMG"},{"@type":"BreadcrumbList","@id":"https:\/\/med.estrategia.com\/portal\/noticias\/ufu-residencia-medica-2026\/#breadcrumb","itemListElement":[{"@type":"ListItem","position":1,"name":"Home","item":"https:\/\/med.estrategia.com\/portal\/"},{"@type":"ListItem","position":2,"name":"Not\u00edcias","item":"https:\/\/med.estrategia.com\/portal\/noticias\/"},{"@type":"ListItem","position":3,"name":"Ap\u00f3s avalia\u00e7\u00e3o interna, UFU retoma participa\u00e7\u00e3o no ENARE"}]},{"@type":"WebSite","@id":"https:\/\/med.estrategia.com\/portal\/#website","url":"https:\/\/med.estrategia.com\/portal\/","name":"Estrat\u00e9gia MED","description":"","potentialAction":[{"@type":"SearchAction","target":{"@type":"EntryPoint","urlTemplate":"https:\/\/med.estrategia.com\/portal\/?s={search_term_string}"},"query-input":{"@type":"PropertyValueSpecification","valueRequired":true,"valueName":"search_term_string"}}],"inLanguage":"pt-BR"},{"@type":"Person","@id":"https:\/\/med.estrategia.com\/portal\/#\/schema\/person\/2f553adbb8e25fe39d145c5b2927f58c","name":"Ana Carolina Damasceno","image":{"@type":"ImageObject","inLanguage":"pt-BR","@id":"https:\/\/med.estrategia.com\/portal\/#\/schema\/person\/image\/","url":"https:\/\/med.estrategia.com\/portal\/wp-content\/uploads\/2021\/09\/WhatsApp-Image-2023-08-18-at-16.46.43-150x150.jpeg","contentUrl":"https:\/\/med.estrategia.com\/portal\/wp-content\/uploads\/2021\/09\/WhatsApp-Image-2023-08-18-at-16.46.43-150x150.jpeg","caption":"Ana Carolina Damasceno"},"description":"Coordenadora de Jornalismo EMED. Comunicadora por natureza e forma\u00e7\u00e3o, que ama e perde a no\u00e7\u00e3o do tempo com m\u00fasica e s\u00e9rie.","url":"https:\/\/med.estrategia.com\/portal\/author\/ana-carolina-damasceno\/"}]}},"_wl_alt_label":[],"wl:entity_url":"\/post\/ufu-deixa-enare-e-87131","_links":{"self":[{"href":"https:\/\/med.estrategia.com\/portal\/wp-json\/wp\/v2\/posts\/87131","targetHints":{"allow":["GET"]}}],"collection":[{"href":"https:\/\/med.estrategia.com\/portal\/wp-json\/wp\/v2\/posts"}],"about":[{"href":"https:\/\/med.estrategia.com\/portal\/wp-json\/wp\/v2\/types\/post"}],"author":[{"embeddable":true,"href":"https:\/\/med.estrategia.com\/portal\/wp-json\/wp\/v2\/users\/39"}],"replies":[{"embeddable":true,"href":"https:\/\/med.estrategia.com\/portal\/wp-json\/wp\/v2\/comments?post=87131"}],"version-history":[{"count":9,"href":"https:\/\/med.estrategia.com\/portal\/wp-json\/wp\/v2\/posts\/87131\/revisions"}],"predecessor-version":[{"id":87657,"href":"https:\/\/med.estrategia.com\/portal\/wp-json\/wp\/v2\/posts\/87131\/revisions\/87657"}],"wp:featuredmedia":[{"embeddable":true,"href":"https:\/\/med.estrategia.com\/portal\/wp-json\/wp\/v2\/media\/85462"}],"wp:attachment":[{"href":"https:\/\/med.estrategia.com\/portal\/wp-json\/wp\/v2\/media?parent=87131"}],"wp:term":[{"taxonomy":"category","embeddable":true,"href":"https:\/\/med.estrategia.com\/portal\/wp-json\/wp\/v2\/categories?post=87131"},{"taxonomy":"post_tag","embeddable":true,"href":"https:\/\/med.estrategia.com\/portal\/wp-json\/wp\/v2\/tags?post=87131"},{"taxonomy":"wl_entity_type","embeddable":true,"href":"https:\/\/med.estrategia.com\/portal\/wp-json\/wp\/v2\/wl_entity_type?post=87131"}],"curies":[{"name":"wp","href":"https:\/\/api.w.org\/{rel}","templated":true}]}}