{"id":88063,"date":"2025-06-06T17:39:04","date_gmt":"2025-06-06T20:39:04","guid":{"rendered":"https:\/\/med.estrategia.com\/portal\/?p=88063"},"modified":"2025-06-13T19:01:22","modified_gmt":"2025-06-13T22:01:22","slug":"sus-sp-nao-fara-parte-do-enare-2025-2026-processo-seletivo-proprio-esta-mantido","status":"publish","type":"post","link":"https:\/\/med.estrategia.com\/portal\/noticias\/sus-sp-nao-fara-parte-do-enare-2025-2026-processo-seletivo-proprio-esta-mantido\/","title":{"rendered":"SUS-SP n\u00e3o far\u00e1 parte do ENARE 2025\/2026; processo seletivo pr\u00f3prio est\u00e1 mantido"},"content":{"rendered":"<p>A<strong> Secretaria de Estado da Sa&uacute;de de S&atilde;o Paulo (SES-SP)<\/strong>, respons&aacute;vel pelo <strong>processo seletivo para resid&ecirc;ncia m&eacute;dica conhecido como SUS-SP<\/strong>, confirmou hoje (6) &agrave; equipe de jornalismo do Estrat&eacute;gia MED que <strong>manter&aacute; sua sele&ccedil;&atilde;o pr&oacute;pria<\/strong>. Com isso, os programas oferecidos pelo tradicional seletivo do SUS-SP <strong>n&atilde;o ser&atilde;o incorporados ao pr&oacute;ximo edital do Exame Nacional de Resid&ecirc;ncia (ENARE)<\/strong>, cujo prazo para ades&atilde;o de institui&ccedil;&otilde;es encerrou-se em 2 de junho de 2025.<p>A SES-SP tamb&eacute;m garantiu que<strong> o processo seletivo seguir&aacute; o formato habitual, sem altera&ccedil;&otilde;es em sua estrutura<\/strong>. A secretaria informou ainda que est&aacute; na <strong>fase final de contrata&ccedil;&atilde;o da empresa organizadora da sele&ccedil;&atilde;o<\/strong> para ingresso em 2026.<\/p><p>Informa&ccedil;&otilde;es sobre o edital e o cronograma completo, incluindo a data da prova, ser&atilde;o divulgadas oportunamente nos canais oficiais da SES-SP. No &uacute;ltimo ano, o edital foi publicado em outubro de 2024, com a oferta de 1.827 vagas.<strong> As provas foram realizadas em 14 de dezembro do mesmo ano.<\/strong><\/p><blockquote class=\"wp-block-quote is-layout-flow wp-block-quote-is-layout-flow\">\n<p>A Secretaria de Estado da Sa&uacute;de de S&atilde;o Paulo (SES-SP) reafirma seu compromisso com a manuten&ccedil;&atilde;o de um processo seletivo pr&oacute;prio, s&oacute;lido e independente, que h&aacute; anos contribui para a forma&ccedil;&atilde;o de especialistas em sa&uacute;de em todo o estado.<\/p>\n\n\n\n<p>A Pasta informa que n&atilde;o aderiu ao Exame Nacional de Resid&ecirc;ncia (ENARE) e que o processo seletivo para Resid&ecirc;ncia M&eacute;dica continuar&aacute; sendo realizado conforme os moldes j&aacute; estabelecidos, sem altera&ccedil;&otilde;es em seu formato.<\/p>\n\n\n\n<p>Atualmente, a SES-SP est&aacute; na fase final de contrata&ccedil;&atilde;o da empresa respons&aacute;vel pela organiza&ccedil;&atilde;o do Processo Seletivo de Resid&ecirc;ncia M&eacute;dica 2026. O edital e o cronograma completo, incluindo a data da prova, ser&atilde;o divulgados oportunamente nos canais oficiais da Secretaria.<br><br><em>&ndash; Nota encaminhada pela Assessoria de Imprensa da Secretaria de Estado da Sa&uacute;de de S&atilde;o Paulo<\/em><\/p>\n<\/blockquote><p>As d&uacute;vidas sobre uma poss&iacute;vel ades&atilde;o do SUS-SP ao Enare 2025\/2026 come&ccedil;aram ap&oacute;s o presidente da Empresa Brasileira de Servi&ccedil;os Hospitalares (Ebserh), <strong>Arthur Chioro, mencionar durante o lan&ccedil;amento do Exame Nacional de Avalia&ccedil;&atilde;o da Forma&ccedil;&atilde;o M&eacute;dica (Enamed) a prov&aacute;vel participa&ccedil;&atilde;o da Secretaria de Estado da Sa&uacute;de de S&atilde;o Paulo<\/strong> na sele&ccedil;&atilde;o unificada. Contudo, a expectativa n&atilde;o vingou. Junto ao SUS-SP, <strong>Chioro tamb&eacute;m citou a entrada da Secretaria Municipal de Sa&uacute;de de S&atilde;o Paulo (SMS-SP) <\/strong>como poss&iacute;vel participante da pr&oacute;xima edi&ccedil;&atilde;o do Enare. At&eacute; o momento, a SMS-SP n&atilde;o confirmou a informa&ccedil;&atilde;o. <\/p><p class=\"wp-block-verse\">Saiba mais em: <a href=\"https:\/\/med.estrategia.com\/portal\/noticias\/presidente-da-ebserh-anuncia-expectativa-de-adesao-do-sus-sp-e-sms-sp-ao-enare\/\" target=\"_blank\">Presidente da Ebserh anuncia expectativa de ades&atilde;o do SUS-SP e SMS-SP ao Enare<\/a><\/p><p>A equipe de Jornalismo do Estrat&eacute;gia MED refor&ccedil;a que todas as informa&ccedil;&otilde;es at&eacute; o momento s&atilde;o estimativas fornecidas pela institui&ccedil;&atilde;o e s&oacute; ser&atilde;o confirmadas oficialmente com a publica&ccedil;&atilde;o do edital.<\/p><div id=\"ez-toc-container\" class=\"ez-toc-v2_0_79_2 counter-hierarchy ez-toc-counter ez-toc-transparent ez-toc-container-direction\">\n<div class=\"ez-toc-title-container\"><p class=\"ez-toc-title\" style=\"cursor:inherit\">Navegue pelo conte\u00fado<\/p>\n<\/div><nav><ul class='ez-toc-list ez-toc-list-level-1 ' ><li class='ez-toc-page-1 ez-toc-heading-level-2'><a class=\"ez-toc-link ez-toc-heading-1\" href=\"https:\/\/med.estrategia.com\/portal\/noticias\/sus-sp-nao-fara-parte-do-enare-2025-2026-processo-seletivo-proprio-esta-mantido\/#Como-e-a-prova-do-SUS-SP\" >Como &eacute; a prova do SUS-SP?<\/a><ul class='ez-toc-list-level-3' ><li class='ez-toc-heading-level-3'><a class=\"ez-toc-link ez-toc-heading-2\" href=\"https:\/\/med.estrategia.com\/portal\/noticias\/sus-sp-nao-fara-parte-do-enare-2025-2026-processo-seletivo-proprio-esta-mantido\/#Inscreva-se-em-nossa-newsletter\" >Inscreva-se em nossa newsletter!<\/a><\/li><\/ul><\/li><li class='ez-toc-page-1 ez-toc-heading-level-2'><a class=\"ez-toc-link ez-toc-heading-3\" href=\"https:\/\/med.estrategia.com\/portal\/noticias\/sus-sp-nao-fara-parte-do-enare-2025-2026-processo-seletivo-proprio-esta-mantido\/#O-que-e-o-SUS-SP\" >O que &eacute; o SUS-SP?<\/a><\/li><\/ul><\/nav><\/div>\n<h2 class=\"wp-block-heading\" id=\"h-como-e-a-prova-do-sus-sp\"><span class=\"ez-toc-section\" id=\"Como-e-a-prova-do-SUS-SP\"><\/span>Como &eacute; a prova do SUS-SP?<span class=\"ez-toc-section-end\"><\/span><\/h2><p>O processo seletivo do SUS-SP &eacute; constitu&iacute;do por apenas <strong>uma fase eliminat&oacute;ria e classificat&oacute;ria<\/strong>. A fase &eacute; composta por uma <strong>prova objetiva de m&uacute;ltipla escolha, com 5 alternativas para cada quest&atilde;o<\/strong>. <br><br>Confira abaixo o <strong>n&uacute;mero de quest&otilde;es e a dura&ccedil;&atilde;o das provas<\/strong> de acordo com sua especialidade:<\/p><figure class=\"wp-block-table\"><table><tbody><tr><td><strong>Especialidades<\/strong><\/td><td class=\"has-text-align-center\" data-align=\"center\"><strong>N&uacute;mero de Quest&otilde;es<\/strong><\/td><td class=\"has-text-align-center\" data-align=\"center\"><strong>Dura&ccedil;&atilde;o<\/strong><\/td><\/tr><tr><td>Acesso Direto<\/td><td class=\"has-text-align-center\" data-align=\"center\">100<\/td><td class=\"has-text-align-center\" data-align=\"center\">4 horas<\/td><\/tr><tr><td>Pr&eacute;-Requisito\/&Aacute;reas de Atua&ccedil;&atilde;o<\/td><td class=\"has-text-align-center\" data-align=\"center\">50<\/td><td class=\"has-text-align-center\" data-align=\"center\">3 horas<\/td><\/tr><\/tbody><\/table><\/figure><p>\n\n\n<div id=\"new-form\">\n\t<form id=\"forms_layout\">\n\t<input type=\"hidden\" id=\"chave_de\" name=\"chave_de\" value=\"01_EMED_LEADS_TOTAIS\" \/>\n\t\t<input type=\"hidden\" id=\"mid\" name=\"mid\" value=\"515009018\" \/>\n\t\t<input type=\"hidden\" id=\"Objetivo\" name=\"Objetivo\" value=\"Medicina\" \/>\n\t\t<input type=\"hidden\" id=\"Estado_de_Origem_do_IP\" name=\"Estado_de_Origem_do_IP\"  value=\"\" \/>\n\t\t<input type=\"hidden\" id=\"Cidade_de_Origem_do_IP\" name=\"Cidade_de_Origem_do_IP\" value=\"\" \/>\n\t\t<input type=\"hidden\" id=\"Modo_de_entrada\" name=\"Modo_de_entrada\" value=\"Portal\" \/>\n\t\t<input type=\"hidden\" id=\"Pagina_Origem\" name=\"Pagina_Origem\" value=\"\" \/>\n\n\t\t<div class=\"texto\">\n\t\t\t<h3 class=\"news\"><span class=\"ez-toc-section\" id=\"Inscreva-se-em-nossa-newsletter\"><\/span>Inscreva-se em nossa newsletter!<span class=\"ez-toc-section-end\"><\/span><\/h3>\n\t\t\t<p>Receba not\u00edcias sobre resid\u00eancia m\u00e9dica, revalida\u00e7\u00e3o de diplomas e concursos m\u00e9dicos, al\u00e9m de materiais de estudo gratuitos e informa\u00e7\u00f5es relevantes do mundo da Medicina.<\/p>\n\t\t<\/div>\n\t\t<div class=\"campos\">\n\t\t\t<div class=\"first_name labels\">\n\t\t\t\t<input type=\"text\" class=\"input_labels\" id=\"first_name\" name=\"Nome_Completo\" placeholder=\"Nome\" required \/>\n\t\t\t<\/div>\n\t\t\t<div class=\"email labels\">\n\t\t\t\t<input type=\"email\" class=\"input_labels\" id=\"email\" name=\"Email\" placeholder=\"E-mail\" required \/>\n\t\t\t<\/div>\n\t\t\t<button type=\"submit\" class=\"button_layout\">\n\t\t\t\t<div id=\"lblBotao\">Inscreva-se<\/div>\n\t\t\t\t<span id=\"divSpiner\" class=\"loader\" role=\"status\" style=\"display: none;\"><\/span>\t\n\t\t\t<\/button>\n\t\t<\/div><!-- \/campos -->\n\t\t\n\t\t<label class=\"container_checkbox\">Voc\u00ea concorda com a nossa\n\t\t\t<a class=\"politics_privacy_ahref\" target=\"_blank\" href=\"https:\/\/gratis.estrategiaconcursos.com.br\/politica-de-privacidade\/\">Pol\u00edtica de Privacidade<\/a> e aceita receber informa\u00e7\u00f5es adicionais do Estrat\u00e9gia Educacional.\n\t\t\t<input id=\"checkbox_layout\" type=\"checkbox\" checked=\"checked\" required \/>\n\t\t\t<span class=\"checkbox\"><\/span>\n\t\t<\/label>\n\t\t<div id=\"msg\"><\/div>\n\t\t<div id=\"error\" class=\"error\">\n\t\t<\/div>\n\t<\/form>\n<\/div><!-- \/new-form -->\n\n\n\n<\/p><h2 class=\"wp-block-heading\" id=\"h-o-que-e-o-sus-sp\"><span class=\"ez-toc-section\" id=\"O-que-e-o-SUS-SP\"><\/span>O que &eacute; o SUS-SP?<span class=\"ez-toc-section-end\"><\/span><\/h2><p>O processo seletivo do&nbsp;<strong><a href=\"https:\/\/www.saude.sp.gov.br\/\" target=\"_blank\">Sistema &Uacute;nico de Sa&uacute;de do Estado de S&atilde;o Paulo (SUS SP)<\/a><\/strong>&nbsp;&eacute; um dos&nbsp;<strong>maiores e mais procurados concursos para Resid&ecirc;ncia M&eacute;dica<\/strong>&nbsp;do Brasil. Al&eacute;m de oferecer mais de mil vagas anualmente, o processo seletivo&nbsp;<strong>abriga mais de 60 institui&ccedil;&otilde;es<\/strong>&nbsp;espalhadas por diversas cidades do estado de&nbsp;<strong>S&atilde;o Paulo<\/strong>.<\/p><div class=\"wp-block-buttons is-content-justification-center is-layout-flex wp-container-core-buttons-is-layout-1 wp-block-buttons-is-layout-flex\">\n<div class=\"wp-block-button\"><a class=\"wp-block-button__link wp-element-button\" href=\"https:\/\/med.estrategia.com\/portal\/residencia-medica\/sus-sp-residencia-medica\/\" target=\"_blank\">tudo sobre o sus-sp<\/a><\/div>\n<\/div><p>Se voc&ecirc; quer ficar por dentro de mais conte&uacute;dos relevantes sobre a &aacute;rea m&eacute;dica, continue acompanhando o material preparado pelo Portal de Not&iacute;cias do Estrat&eacute;gia MED. Aqui, voc&ecirc; encontrar&aacute; informa&ccedil;&otilde;es atualizadas sobre resid&ecirc;ncias, carreira m&eacute;dica e muito mais.<\/p><p>Aproveite e n&atilde;o perca a chance de estudar contando com o maior banco de quest&otilde;es da &aacute;rea m&eacute;dica! Em dezembro de 2024, o BQMED contava com mais de 200 mil quest&otilde;es cadastradas, sendo mais de 108 mil quest&otilde;es com solu&ccedil;&atilde;o e, dessas, mais de 75 mil quest&otilde;es com coment&aacute;rios em v&iacute;deo dos professores especialistas do Estrat&eacute;gia MED. Saiba mais abaixo!<\/p><p>\n\n\n\n\n\n<a id=\"cta\" class=\"cta-imagem\" href=\"https:\/\/med.estrategia.com\/curso\/banco-de-questes-resumos-estrategicos-anual\/\" target=\"blank\">\n                <img decoding=\"async\" width=\"100%\" src=\"https:\/\/med.estrategia.com\/portal\/wp-content\/uploads\/2025\/08\/banco_questoes.png\" alt=\"banco_questoes\" title=\"banco_questoes\">\n        <\/a>\n<\/p><\/p>\n","protected":false},"excerpt":{"rendered":"O processo seletivo para resid\u00eancia m\u00e9dica da Secretaria de Sa\u00fade do Estado de S\u00e3o Paulo conta com mais de 60 institui\u00e7\u00f5es aderentes\n","protected":false},"author":22,"featured_media":85561,"comment_status":"closed","ping_status":"closed","sticky":false,"template":"","format":"standard","meta":{"wl_entities_gutenberg":"","footnotes":""},"categories":[300],"tags":[],"wl_entity_type":[199],"class_list":{"0":"post-88063","1":"post","2":"type-post","3":"status-publish","4":"format-standard","5":"has-post-thumbnail","7":"category-noticias","8":"wl_entity_type-article"},"acf":[],"yoast_head":"<!-- This site is optimized with the Yoast SEO Premium plugin v26.6 (Yoast SEO v26.6) - https:\/\/yoast.com\/wordpress\/plugins\/seo\/ -->\n<title>SUS-SP n\u00e3o far\u00e1 parte do ENARE 2025\/2026; processo seletivo pr\u00f3prio est\u00e1 mantido<\/title>\n<meta name=\"description\" content=\"O SUS-SP confirmou \u00e0 equipe de jornalismo do Estrat\u00e9gia MED que manter\u00e1 sua sele\u00e7\u00e3o pr\u00f3pria e n\u00e3o aderiu ao Enare. Saiba mais!\" \/>\n<meta name=\"robots\" content=\"index, follow, max-snippet:-1, max-image-preview:large, max-video-preview:-1\" \/>\n<link rel=\"canonical\" href=\"https:\/\/med.estrategia.com\/portal\/noticias\/sus-sp-nao-fara-parte-do-enare-2025-2026-processo-seletivo-proprio-esta-mantido\/\" \/>\n<meta property=\"og:locale\" content=\"pt_BR\" \/>\n<meta property=\"og:type\" content=\"article\" \/>\n<meta property=\"og:title\" content=\"SUS-SP n\u00e3o far\u00e1 parte do ENARE 2025\/2026; processo seletivo pr\u00f3prio est\u00e1 mantido\" \/>\n<meta property=\"og:description\" content=\"O SUS-SP confirmou \u00e0 equipe de jornalismo do Estrat\u00e9gia MED que manter\u00e1 sua sele\u00e7\u00e3o pr\u00f3pria e n\u00e3o aderiu ao Enare. Saiba mais!\" \/>\n<meta property=\"og:url\" content=\"https:\/\/med.estrategia.com\/portal\/noticias\/sus-sp-nao-fara-parte-do-enare-2025-2026-processo-seletivo-proprio-esta-mantido\/\" \/>\n<meta property=\"og:site_name\" content=\"Estrat\u00e9gia MED\" \/>\n<meta property=\"article:publisher\" content=\"https:\/\/www.facebook.com\/estrategiamed1\" \/>\n<meta property=\"article:published_time\" content=\"2025-06-06T20:39:04+00:00\" \/>\n<meta property=\"article:modified_time\" content=\"2025-06-13T22:01:22+00:00\" \/>\n<meta property=\"og:image\" content=\"https:\/\/med.estrategia.com\/portal\/wp-content\/uploads\/2025\/04\/2.jpg\" \/>\n\t<meta property=\"og:image:width\" content=\"1920\" \/>\n\t<meta property=\"og:image:height\" content=\"1080\" \/>\n\t<meta property=\"og:image:type\" content=\"image\/jpeg\" \/>\n<meta name=\"author\" content=\"Erika Coelho\" \/>\n<meta name=\"twitter:card\" content=\"summary_large_image\" \/>\n<meta name=\"twitter:creator\" content=\"@estrategiamed_\" \/>\n<meta name=\"twitter:site\" content=\"@estrategiamed_\" \/>\n<meta name=\"twitter:label1\" content=\"Escrito por\" \/>\n\t<meta name=\"twitter:data1\" content=\"Erika Coelho\" \/>\n\t<meta name=\"twitter:label2\" content=\"Est. tempo de leitura\" \/>\n\t<meta name=\"twitter:data2\" content=\"4 minutos\" \/>\n<script type=\"application\/ld+json\" class=\"yoast-schema-graph\">{\"@context\":\"https:\/\/schema.org\",\"@graph\":[{\"@type\":\"WebPage\",\"@id\":\"https:\/\/med.estrategia.com\/portal\/noticias\/sus-sp-nao-fara-parte-do-enare-2025-2026-processo-seletivo-proprio-esta-mantido\/\",\"url\":\"https:\/\/med.estrategia.com\/portal\/noticias\/sus-sp-nao-fara-parte-do-enare-2025-2026-processo-seletivo-proprio-esta-mantido\/\",\"name\":\"SUS-SP n\u00e3o far\u00e1 parte do ENARE 2025\/2026; processo seletivo pr\u00f3prio est\u00e1 mantido\",\"isPartOf\":{\"@id\":\"https:\/\/med.estrategia.com\/portal\/#website\"},\"primaryImageOfPage\":{\"@id\":\"https:\/\/med.estrategia.com\/portal\/noticias\/sus-sp-nao-fara-parte-do-enare-2025-2026-processo-seletivo-proprio-esta-mantido\/#primaryimage\"},\"image\":{\"@id\":\"https:\/\/med.estrategia.com\/portal\/noticias\/sus-sp-nao-fara-parte-do-enare-2025-2026-processo-seletivo-proprio-esta-mantido\/#primaryimage\"},\"thumbnailUrl\":\"https:\/\/med.estrategia.com\/portal\/wp-content\/uploads\/2025\/04\/2.jpg\",\"datePublished\":\"2025-06-06T20:39:04+00:00\",\"dateModified\":\"2025-06-13T22:01:22+00:00\",\"author\":{\"@id\":\"https:\/\/med.estrategia.com\/portal\/#\/schema\/person\/8e7c9b2f53f2eede3b8880ad86ff20a3\"},\"description\":\"O SUS-SP confirmou \u00e0 equipe de jornalismo do Estrat\u00e9gia MED que manter\u00e1 sua sele\u00e7\u00e3o pr\u00f3pria e n\u00e3o aderiu ao Enare. Saiba mais!\",\"breadcrumb\":{\"@id\":\"https:\/\/med.estrategia.com\/portal\/noticias\/sus-sp-nao-fara-parte-do-enare-2025-2026-processo-seletivo-proprio-esta-mantido\/#breadcrumb\"},\"inLanguage\":\"pt-BR\",\"potentialAction\":[{\"@type\":\"ReadAction\",\"target\":[\"https:\/\/med.estrategia.com\/portal\/noticias\/sus-sp-nao-fara-parte-do-enare-2025-2026-processo-seletivo-proprio-esta-mantido\/\"]}]},{\"@type\":\"ImageObject\",\"inLanguage\":\"pt-BR\",\"@id\":\"https:\/\/med.estrategia.com\/portal\/noticias\/sus-sp-nao-fara-parte-do-enare-2025-2026-processo-seletivo-proprio-esta-mantido\/#primaryimage\",\"url\":\"https:\/\/med.estrategia.com\/portal\/wp-content\/uploads\/2025\/04\/2.jpg\",\"contentUrl\":\"https:\/\/med.estrategia.com\/portal\/wp-content\/uploads\/2025\/04\/2.jpg\",\"width\":1920,\"height\":1080,\"caption\":\"Estrat\u00e9gia MED | Foto: Divulga\u00e7\u00e3o\/Irmandade da Santa Casa de Miseric\u00f3rdia de Santos\"},{\"@type\":\"BreadcrumbList\",\"@id\":\"https:\/\/med.estrategia.com\/portal\/noticias\/sus-sp-nao-fara-parte-do-enare-2025-2026-processo-seletivo-proprio-esta-mantido\/#breadcrumb\",\"itemListElement\":[{\"@type\":\"ListItem\",\"position\":1,\"name\":\"Home\",\"item\":\"https:\/\/med.estrategia.com\/portal\/\"},{\"@type\":\"ListItem\",\"position\":2,\"name\":\"Not\u00edcias\",\"item\":\"https:\/\/med.estrategia.com\/portal\/noticias\/\"},{\"@type\":\"ListItem\",\"position\":3,\"name\":\"SUS-SP n\u00e3o far\u00e1 parte do ENARE 2025\/2026; processo seletivo pr\u00f3prio est\u00e1 mantido\"}]},{\"@type\":\"WebSite\",\"@id\":\"https:\/\/med.estrategia.com\/portal\/#website\",\"url\":\"https:\/\/med.estrategia.com\/portal\/\",\"name\":\"Estrat\u00e9gia MED\",\"description\":\"\",\"potentialAction\":[{\"@type\":\"SearchAction\",\"target\":{\"@type\":\"EntryPoint\",\"urlTemplate\":\"https:\/\/med.estrategia.com\/portal\/?s={search_term_string}\"},\"query-input\":{\"@type\":\"PropertyValueSpecification\",\"valueRequired\":true,\"valueName\":\"search_term_string\"}}],\"inLanguage\":\"pt-BR\"},{\"@type\":\"Person\",\"@id\":\"https:\/\/med.estrategia.com\/portal\/#\/schema\/person\/8e7c9b2f53f2eede3b8880ad86ff20a3\",\"name\":\"Erika Coelho\",\"image\":{\"@type\":\"ImageObject\",\"inLanguage\":\"pt-BR\",\"@id\":\"https:\/\/med.estrategia.com\/portal\/#\/schema\/person\/image\/\",\"url\":\"https:\/\/secure.gravatar.com\/avatar\/8ef9ff2e2fa53829c640cca8d1a45178?s=96&d=mm&r=g\",\"contentUrl\":\"https:\/\/secure.gravatar.com\/avatar\/8ef9ff2e2fa53829c640cca8d1a45178?s=96&d=mm&r=g\",\"caption\":\"Erika Coelho\"},\"description\":\"Jornalista pela Universidade Presbiteriana Mackenzie, escrevo sobre educa\u00e7\u00e3o, sa\u00fade e pol\u00edticas p\u00fablicas\",\"url\":\"https:\/\/med.estrategia.com\/portal\/author\/erika\/\"}]}<\/script>\n<!-- \/ Yoast SEO Premium plugin. -->","yoast_head_json":{"title":"SUS-SP n\u00e3o far\u00e1 parte do ENARE 2025\/2026; processo seletivo pr\u00f3prio est\u00e1 mantido","description":"O SUS-SP confirmou \u00e0 equipe de jornalismo do Estrat\u00e9gia MED que manter\u00e1 sua sele\u00e7\u00e3o pr\u00f3pria e n\u00e3o aderiu ao Enare. Saiba mais!","robots":{"index":"index","follow":"follow","max-snippet":"max-snippet:-1","max-image-preview":"max-image-preview:large","max-video-preview":"max-video-preview:-1"},"canonical":"https:\/\/med.estrategia.com\/portal\/noticias\/sus-sp-nao-fara-parte-do-enare-2025-2026-processo-seletivo-proprio-esta-mantido\/","og_locale":"pt_BR","og_type":"article","og_title":"SUS-SP n\u00e3o far\u00e1 parte do ENARE 2025\/2026; processo seletivo pr\u00f3prio est\u00e1 mantido","og_description":"O SUS-SP confirmou \u00e0 equipe de jornalismo do Estrat\u00e9gia MED que manter\u00e1 sua sele\u00e7\u00e3o pr\u00f3pria e n\u00e3o aderiu ao Enare. Saiba mais!","og_url":"https:\/\/med.estrategia.com\/portal\/noticias\/sus-sp-nao-fara-parte-do-enare-2025-2026-processo-seletivo-proprio-esta-mantido\/","og_site_name":"Estrat\u00e9gia MED","article_publisher":"https:\/\/www.facebook.com\/estrategiamed1","article_published_time":"2025-06-06T20:39:04+00:00","article_modified_time":"2025-06-13T22:01:22+00:00","og_image":[{"width":1920,"height":1080,"url":"https:\/\/med.estrategia.com\/portal\/wp-content\/uploads\/2025\/04\/2.jpg","type":"image\/jpeg"}],"author":"Erika Coelho","twitter_card":"summary_large_image","twitter_creator":"@estrategiamed_","twitter_site":"@estrategiamed_","twitter_misc":{"Escrito por":"Erika Coelho","Est. tempo de leitura":"4 minutos"},"schema":{"@context":"https:\/\/schema.org","@graph":[{"@type":"WebPage","@id":"https:\/\/med.estrategia.com\/portal\/noticias\/sus-sp-nao-fara-parte-do-enare-2025-2026-processo-seletivo-proprio-esta-mantido\/","url":"https:\/\/med.estrategia.com\/portal\/noticias\/sus-sp-nao-fara-parte-do-enare-2025-2026-processo-seletivo-proprio-esta-mantido\/","name":"SUS-SP n\u00e3o far\u00e1 parte do ENARE 2025\/2026; processo seletivo pr\u00f3prio est\u00e1 mantido","isPartOf":{"@id":"https:\/\/med.estrategia.com\/portal\/#website"},"primaryImageOfPage":{"@id":"https:\/\/med.estrategia.com\/portal\/noticias\/sus-sp-nao-fara-parte-do-enare-2025-2026-processo-seletivo-proprio-esta-mantido\/#primaryimage"},"image":{"@id":"https:\/\/med.estrategia.com\/portal\/noticias\/sus-sp-nao-fara-parte-do-enare-2025-2026-processo-seletivo-proprio-esta-mantido\/#primaryimage"},"thumbnailUrl":"https:\/\/med.estrategia.com\/portal\/wp-content\/uploads\/2025\/04\/2.jpg","datePublished":"2025-06-06T20:39:04+00:00","dateModified":"2025-06-13T22:01:22+00:00","author":{"@id":"https:\/\/med.estrategia.com\/portal\/#\/schema\/person\/8e7c9b2f53f2eede3b8880ad86ff20a3"},"description":"O SUS-SP confirmou \u00e0 equipe de jornalismo do Estrat\u00e9gia MED que manter\u00e1 sua sele\u00e7\u00e3o pr\u00f3pria e n\u00e3o aderiu ao Enare. Saiba mais!","breadcrumb":{"@id":"https:\/\/med.estrategia.com\/portal\/noticias\/sus-sp-nao-fara-parte-do-enare-2025-2026-processo-seletivo-proprio-esta-mantido\/#breadcrumb"},"inLanguage":"pt-BR","potentialAction":[{"@type":"ReadAction","target":["https:\/\/med.estrategia.com\/portal\/noticias\/sus-sp-nao-fara-parte-do-enare-2025-2026-processo-seletivo-proprio-esta-mantido\/"]}]},{"@type":"ImageObject","inLanguage":"pt-BR","@id":"https:\/\/med.estrategia.com\/portal\/noticias\/sus-sp-nao-fara-parte-do-enare-2025-2026-processo-seletivo-proprio-esta-mantido\/#primaryimage","url":"https:\/\/med.estrategia.com\/portal\/wp-content\/uploads\/2025\/04\/2.jpg","contentUrl":"https:\/\/med.estrategia.com\/portal\/wp-content\/uploads\/2025\/04\/2.jpg","width":1920,"height":1080,"caption":"Estrat\u00e9gia MED | Foto: Divulga\u00e7\u00e3o\/Irmandade da Santa Casa de Miseric\u00f3rdia de Santos"},{"@type":"BreadcrumbList","@id":"https:\/\/med.estrategia.com\/portal\/noticias\/sus-sp-nao-fara-parte-do-enare-2025-2026-processo-seletivo-proprio-esta-mantido\/#breadcrumb","itemListElement":[{"@type":"ListItem","position":1,"name":"Home","item":"https:\/\/med.estrategia.com\/portal\/"},{"@type":"ListItem","position":2,"name":"Not\u00edcias","item":"https:\/\/med.estrategia.com\/portal\/noticias\/"},{"@type":"ListItem","position":3,"name":"SUS-SP n\u00e3o far\u00e1 parte do ENARE 2025\/2026; processo seletivo pr\u00f3prio est\u00e1 mantido"}]},{"@type":"WebSite","@id":"https:\/\/med.estrategia.com\/portal\/#website","url":"https:\/\/med.estrategia.com\/portal\/","name":"Estrat\u00e9gia MED","description":"","potentialAction":[{"@type":"SearchAction","target":{"@type":"EntryPoint","urlTemplate":"https:\/\/med.estrategia.com\/portal\/?s={search_term_string}"},"query-input":{"@type":"PropertyValueSpecification","valueRequired":true,"valueName":"search_term_string"}}],"inLanguage":"pt-BR"},{"@type":"Person","@id":"https:\/\/med.estrategia.com\/portal\/#\/schema\/person\/8e7c9b2f53f2eede3b8880ad86ff20a3","name":"Erika Coelho","image":{"@type":"ImageObject","inLanguage":"pt-BR","@id":"https:\/\/med.estrategia.com\/portal\/#\/schema\/person\/image\/","url":"https:\/\/secure.gravatar.com\/avatar\/8ef9ff2e2fa53829c640cca8d1a45178?s=96&d=mm&r=g","contentUrl":"https:\/\/secure.gravatar.com\/avatar\/8ef9ff2e2fa53829c640cca8d1a45178?s=96&d=mm&r=g","caption":"Erika Coelho"},"description":"Jornalista pela Universidade Presbiteriana Mackenzie, escrevo sobre educa\u00e7\u00e3o, sa\u00fade e pol\u00edticas p\u00fablicas","url":"https:\/\/med.estrategia.com\/portal\/author\/erika\/"}]}},"_wl_alt_label":[],"wl:entity_url":"\/post\/xxx-xx-divulgadas-as-primeiras-informacoes-do-seletivo-de-residencia-medica-2025-2026-88063","_links":{"self":[{"href":"https:\/\/med.estrategia.com\/portal\/wp-json\/wp\/v2\/posts\/88063","targetHints":{"allow":["GET"]}}],"collection":[{"href":"https:\/\/med.estrategia.com\/portal\/wp-json\/wp\/v2\/posts"}],"about":[{"href":"https:\/\/med.estrategia.com\/portal\/wp-json\/wp\/v2\/types\/post"}],"author":[{"embeddable":true,"href":"https:\/\/med.estrategia.com\/portal\/wp-json\/wp\/v2\/users\/22"}],"replies":[{"embeddable":true,"href":"https:\/\/med.estrategia.com\/portal\/wp-json\/wp\/v2\/comments?post=88063"}],"version-history":[{"count":5,"href":"https:\/\/med.estrategia.com\/portal\/wp-json\/wp\/v2\/posts\/88063\/revisions"}],"predecessor-version":[{"id":88073,"href":"https:\/\/med.estrategia.com\/portal\/wp-json\/wp\/v2\/posts\/88063\/revisions\/88073"}],"wp:featuredmedia":[{"embeddable":true,"href":"https:\/\/med.estrategia.com\/portal\/wp-json\/wp\/v2\/media\/85561"}],"wp:attachment":[{"href":"https:\/\/med.estrategia.com\/portal\/wp-json\/wp\/v2\/media?parent=88063"}],"wp:term":[{"taxonomy":"category","embeddable":true,"href":"https:\/\/med.estrategia.com\/portal\/wp-json\/wp\/v2\/categories?post=88063"},{"taxonomy":"post_tag","embeddable":true,"href":"https:\/\/med.estrategia.com\/portal\/wp-json\/wp\/v2\/tags?post=88063"},{"taxonomy":"wl_entity_type","embeddable":true,"href":"https:\/\/med.estrategia.com\/portal\/wp-json\/wp\/v2\/wl_entity_type?post=88063"}],"curies":[{"name":"wp","href":"https:\/\/api.w.org\/{rel}","templated":true}]}}