{"id":88711,"date":"2025-06-19T15:44:34","date_gmt":"2025-06-19T18:44:34","guid":{"rendered":"https:\/\/med.estrategia.com\/portal\/?p=88711"},"modified":"2025-06-30T17:56:24","modified_gmt":"2025-06-30T20:56:24","slug":"resumo-sobre-doenca-pilonidal-definicao-tratamento-e-mais","status":"publish","type":"post","link":"https:\/\/med.estrategia.com\/portal\/conteudos-gratis\/doencas\/resumo-sobre-doenca-pilonidal-definicao-tratamento-e-mais\/","title":{"rendered":"Resumo sobre Doen\u00e7a Pilonidal: defini\u00e7\u00e3o, tratamento e mais!"},"content":{"rendered":"<p>E a&iacute;, doc! Vamos explorar mais um tema essencial? Hoje o foco &eacute; a <strong>Doen&ccedil;a Pilonidal<\/strong>, uma condi&ccedil;&atilde;o inflamat&oacute;ria que afeta a regi&atilde;o sacrococc&iacute;gea, geralmente causada pelo ac&uacute;mulo de pelos na pele, levando &agrave; forma&ccedil;&atilde;o de cistos, abscessos e f&iacute;stulas.<p>No <strong>Estrat&eacute;gia MED<\/strong>, o objetivo &eacute; tornar esse conte&uacute;do mais acess&iacute;vel e direto, ajudando voc&ecirc; a dominar os principais aspectos cl&iacute;nicos e a tomar decis&otilde;es mais seguras no dia a dia da pr&aacute;tica m&eacute;dica.<\/p><p>Vamos nessa!<\/p><div id=\"ez-toc-container\" class=\"ez-toc-v2_0_79_2 counter-hierarchy ez-toc-counter ez-toc-transparent ez-toc-container-direction\">\n<div class=\"ez-toc-title-container\"><p class=\"ez-toc-title\" style=\"cursor:inherit\">Navegue pelo conte\u00fado<\/p>\n<\/div><nav><ul class='ez-toc-list ez-toc-list-level-1 ' ><li class='ez-toc-page-1 ez-toc-heading-level-2'><a class=\"ez-toc-link ez-toc-heading-1\" href=\"https:\/\/med.estrategia.com\/portal\/conteudos-gratis\/doencas\/resumo-sobre-doenca-pilonidal-definicao-tratamento-e-mais\/#Definicao-de-Doenca-Pilonidal\" >Defini&ccedil;&atilde;o de Doen&ccedil;a Pilonidal<\/a><\/li><li class='ez-toc-page-1 ez-toc-heading-level-2'><a class=\"ez-toc-link ez-toc-heading-2\" href=\"https:\/\/med.estrategia.com\/portal\/conteudos-gratis\/doencas\/resumo-sobre-doenca-pilonidal-definicao-tratamento-e-mais\/#Epidemiologia-da-Doenca-Pilonidal\" >Epidemiologia da Doen&ccedil;a Pilonidal<\/a><\/li><li class='ez-toc-page-1 ez-toc-heading-level-2'><a class=\"ez-toc-link ez-toc-heading-3\" href=\"https:\/\/med.estrategia.com\/portal\/conteudos-gratis\/doencas\/resumo-sobre-doenca-pilonidal-definicao-tratamento-e-mais\/#Fatores-de-risco-da-Doenca-Pilonidal\" >Fatores de risco da Doen&ccedil;a Pilonidal<\/a><\/li><li class='ez-toc-page-1 ez-toc-heading-level-2'><a class=\"ez-toc-link ez-toc-heading-4\" href=\"https:\/\/med.estrategia.com\/portal\/conteudos-gratis\/doencas\/resumo-sobre-doenca-pilonidal-definicao-tratamento-e-mais\/#Fisiopatologia-da-Doenca-Pilonidal\" >Fisiopatologia da Doen&ccedil;a Pilonidal<\/a><\/li><li class='ez-toc-page-1 ez-toc-heading-level-2'><a class=\"ez-toc-link ez-toc-heading-5\" href=\"https:\/\/med.estrategia.com\/portal\/conteudos-gratis\/doencas\/resumo-sobre-doenca-pilonidal-definicao-tratamento-e-mais\/#Manifestacoes-clinicas-da-Doenca-Pilonidal\" >Manifesta&ccedil;&otilde;es cl&iacute;nicas da Doen&ccedil;a Pilonidal<\/a><\/li><li class='ez-toc-page-1 ez-toc-heading-level-2'><a class=\"ez-toc-link ez-toc-heading-6\" href=\"https:\/\/med.estrategia.com\/portal\/conteudos-gratis\/doencas\/resumo-sobre-doenca-pilonidal-definicao-tratamento-e-mais\/#Tratamento-da-Doenca-Pilonidal\" >Tratamento da Doen&ccedil;a Pilonidal<\/a><\/li><li class='ez-toc-page-1 ez-toc-heading-level-2'><a class=\"ez-toc-link ez-toc-heading-7\" href=\"https:\/\/med.estrategia.com\/portal\/conteudos-gratis\/doencas\/resumo-sobre-doenca-pilonidal-definicao-tratamento-e-mais\/#O-Estrategia-MED-e-o-seu-aliado\" >O Estrat&eacute;gia MED &eacute; o seu aliado!<\/a><\/li><li class='ez-toc-page-1 ez-toc-heading-level-2'><a class=\"ez-toc-link ez-toc-heading-8\" href=\"https:\/\/med.estrategia.com\/portal\/conteudos-gratis\/doencas\/resumo-sobre-doenca-pilonidal-definicao-tratamento-e-mais\/#Veja-tambem\" >Veja tamb&eacute;m!<\/a><\/li><li class='ez-toc-page-1 ez-toc-heading-level-2'><a class=\"ez-toc-link ez-toc-heading-9\" href=\"https:\/\/med.estrategia.com\/portal\/conteudos-gratis\/doencas\/resumo-sobre-doenca-pilonidal-definicao-tratamento-e-mais\/#Referencias\" >Refer&ecirc;ncias<\/a><\/li><\/ul><\/nav><\/div>\n<h2 class=\"wp-block-heading\" id=\"h-definicao-de-doenca-pilonidal\"><span class=\"ez-toc-section\" id=\"Definicao-de-Doenca-Pilonidal\"><\/span>Defini&ccedil;&atilde;o de Doen&ccedil;a Pilonidal<span class=\"ez-toc-section-end\"><\/span><\/h2><p>A doen&ccedil;a pilonidal &eacute; uma condi&ccedil;&atilde;o supurativa que acomete a pele e o tecido subcut&acirc;neo da regi&atilde;o do sulco <strong>sacrococc&iacute;geo<\/strong>, tamb&eacute;m conhecido como fenda <strong>intergl&uacute;tea <\/strong>ou <strong>natal<\/strong>. Trata-se de um processo inflamat&oacute;rio que pode se apresentar de forma aguda ou cronicamente recorrente, frequentemente levando &agrave; forma&ccedil;&atilde;o de abscessos e infec&ccedil;&otilde;es de partes moles. Essa condi&ccedil;&atilde;o &eacute; uma causa comum de procura por atendimento m&eacute;dico e pode provocar dor e <strong>drenagem cr&ocirc;nica<\/strong>, comprometendo a qualidade de vida e as atividades di&aacute;rias do paciente.<\/p><p>A fenda intergl&uacute;tea &eacute; um sulco intertriginoso que se estende do sacro at&eacute; a por&ccedil;&atilde;o cef&aacute;lica da regi&atilde;o perianal, delimitando os m&uacute;sculos gl&uacute;teos maiores, os quais encobrem a fenda quando a pessoa est&aacute; em posi&ccedil;&atilde;o ereta.&nbsp;<\/p><p>Embora essa seja a localiza&ccedil;&atilde;o t&iacute;pica da doen&ccedil;a, h&aacute; relatos de manifesta&ccedil;&otilde;es semelhantes em locais como umbigo, couro cabeludo, espa&ccedil;os interdigitais e pregas mam&aacute;rias, al&eacute;m de casos associados a traumas locais por pelos em profissionais como cabeleireiros, tosadores de ovelhas e de c&atilde;es, sugerindo que o trauma cut&acirc;neo local, especialmente por p&ecirc;los, pode contribuir para sua etiologia.<\/p><p>A doen&ccedil;a &eacute; caracterizada por seios subd&eacute;rmicos revestidos por tecido de granula&ccedil;&atilde;o, que podem se comunicar com espa&ccedil;os subcut&acirc;neos contendo <strong>p&ecirc;los<\/strong>, <strong>detritos queratinosos<\/strong> e <strong>tecido de granula&ccedil;&atilde;o<\/strong>.&nbsp;<\/p><p>Esses espa&ccedil;os, apesar de denominados &ldquo;cistos pilonidais&rdquo;, n&atilde;o s&atilde;o verdadeiros cistos, pois n&atilde;o possuem revestimento epitelial, funcionando como foco para a forma&ccedil;&atilde;o de abscessos e inflama&ccedil;&otilde;es cr&ocirc;nicas devido &agrave; coloniza&ccedil;&atilde;o bacteriana.&nbsp;<\/p><p>Os trajetos fistulosos associados &agrave; doen&ccedil;a podem se estender em diversas dire&ccedil;&otilde;es a partir da fenda intergl&uacute;tea e, em alguns casos, podem ser confundidos com <strong>f&iacute;stulas anais<\/strong>, especialmente caso se dirigiram &agrave; regi&atilde;o p&oacute;s-anal.<\/p><p>\n\n\n\n<div class=\"estrategia-catalog\"><h3>Curso Extensivo de Resid&ecirc;ncia M&eacute;dica<\/h3><div class=\"carrossel-product\"><div><h4>Curso Extensivo Resid\u00eancia M\u00e9dica - 12 meses<\/h4><div class=\"cat-description\">Estude com nosso curso mais completo e tenha acesso a um material multim\u00eddia, elaborado por professores especialistas, de acordo com o conte\u00fado cobrado nas provas. Ideal para quem tem mais tempo para estudar e quer se dedicar ao m\u00e1ximo para obter os melhores resultados na sua prepara\u00e7\u00e3o.<\/div><div class=\"cat-price\"><span>12x<\/span> R$ 999,75<\/div><div class=\"cat-sale\">No Cart\u00e3o de Cr\u00e9dito ou 10% de desconto no Boleto ou Pix \u00e0 vista: R$ 10.797,30<\/div><a href=\"https:\/\/vestibulares.estrategia.com\/curso\/curso-extensivo-residencia-medica-12-meses\/?utm_source=portal&amp;utm_medium=post&amp;utm_campaign=emed-x-vd-seo-portal-v-catalogo\" class=\"estrategia-button\" target=\"_blank\">Saiba mais<\/a><\/div><div><h4>Curso Extensivo Resid\u00eancia M\u00e9dica - 18 meses<\/h4><div class=\"cat-description\">Estude com nosso curso mais completo e tenha acesso a um material multim\u00eddia, elaborado por professores especialistas, de acordo com o conte\u00fado cobrado nas provas. Ideal para quem tem mais tempo para estudar e quer se dedicar ao m\u00e1ximo para obter os melhores resultados na sua prepara\u00e7\u00e3o.<\/div><div class=\"cat-price\"><span>12x<\/span> R$ 1.291,41<\/div><div class=\"cat-sale\">No Cart\u00e3o de Cr\u00e9dito ou 10% de desconto no Boleto ou Pix \u00e0 vista: R$ 13.947,30<\/div><a href=\"https:\/\/vestibulares.estrategia.com\/curso\/curso-extensivo-residencia-medica-18-meses\/?utm_source=portal&amp;utm_medium=post&amp;utm_campaign=emed-x-vd-seo-portal-v-catalogo\" class=\"estrategia-button\" target=\"_blank\">Saiba mais<\/a><\/div><div><h4>Curso Extensivo Resid\u00eancia M\u00e9dica - 24 meses<\/h4><div class=\"cat-description\">Estude com nosso curso mais completo e tenha acesso a um material multim\u00eddia, elaborado por professores especialistas, de acordo com o conte\u00fado cobrado nas provas. Ideal para quem tem mais tempo para estudar e quer se dedicar ao m\u00e1ximo para obter os melhores resultados na sua prepara\u00e7\u00e3o.<\/div><div class=\"cat-price\"><span>12x<\/span> R$ 1.583,08<\/div><div class=\"cat-sale\">No Cart\u00e3o de Cr\u00e9dito ou 10% de desconto no Boleto ou Pix \u00e0 vista: R$ 17.097,30<\/div><a href=\"https:\/\/vestibulares.estrategia.com\/curso\/curso-extensivo-residencia-medica-24-meses\/?utm_source=portal&amp;utm_medium=post&amp;utm_campaign=emed-x-vd-seo-portal-v-catalogo\" class=\"estrategia-button\" target=\"_blank\">Saiba mais<\/a><\/div><div><h4>Curso Extensivo Resid\u00eancia M\u00e9dica - 30 meses<\/h4><div class=\"cat-description\">Estude com nosso curso mais completo e tenha acesso a um material multim\u00eddia, elaborado por professores especialistas, de acordo com o conte\u00fado cobrado nas provas. Ideal para quem tem mais tempo para estudar e quer se dedicar ao m\u00e1ximo para obter os melhores resultados na sua prepara\u00e7\u00e3o.<\/div><div class=\"cat-price\"><span>12x<\/span> R$ 1.874,75<\/div><div class=\"cat-sale\">No Cart\u00e3o de Cr\u00e9dito ou 10% de desconto no Boleto ou Pix \u00e0 vista: R$ 20.247,30<\/div><a href=\"https:\/\/vestibulares.estrategia.com\/curso\/curso-extensivo-residencia-medica-30-meses\/?utm_source=portal&amp;utm_medium=post&amp;utm_campaign=emed-x-vd-seo-portal-v-catalogo\" class=\"estrategia-button\" target=\"_blank\">Saiba mais<\/a><\/div><div><h4>Curso Extensivo Resid\u00eancia M\u00e9dica - 36 meses<\/h4><div class=\"cat-description\">Estude com nosso curso mais completo e tenha acesso a um material multim\u00eddia, elaborado por professores especialistas, de acordo com o conte\u00fado cobrado nas provas. Ideal para quem tem mais tempo para estudar e quer se dedicar ao m\u00e1ximo para obter os melhores resultados na sua prepara\u00e7\u00e3o.<\/div><div class=\"cat-price\"><span>12x<\/span> R$ 2.166,41<\/div><div class=\"cat-sale\">No Cart\u00e3o de Cr\u00e9dito ou 10% de desconto no Boleto ou Pix \u00e0 vista: R$ 23.397,30<\/div><a href=\"https:\/\/vestibulares.estrategia.com\/curso\/curso-extensivo-residencia-medica-36-meses\/?utm_source=portal&amp;utm_medium=post&amp;utm_campaign=emed-x-vd-seo-portal-v-catalogo\" class=\"estrategia-button\" target=\"_blank\">Saiba mais<\/a><\/div><\/div><\/div>\n\n\n\n<\/p><h2 class=\"wp-block-heading\" id=\"h-epidemiologia-da-doenca-pilonidal\"><span class=\"ez-toc-section\" id=\"Epidemiologia-da-Doenca-Pilonidal\"><\/span>Epidemiologia da Doen&ccedil;a Pilonidal<span class=\"ez-toc-section-end\"><\/span><\/h2><p>A incid&ecirc;ncia da doen&ccedil;a pilonidal &eacute; dif&iacute;cil de determinar por n&atilde;o haver rastreamento sistem&aacute;tico, sendo identificada apenas em casos sintom&aacute;ticos. Estima-se cerca de 70.000 casos anuais nos EUA, com maior ocorr&ecirc;ncia em adultos jovens, m&eacute;dia de 19 anos em mulheres e 21 em homens, sendo os <strong>homens <\/strong>afetados de duas a quatro vezes mais. A doen&ccedil;a &eacute; rara em crian&ccedil;as e em pessoas acima de 45 anos, e se apresenta de forma aguda ou cr&ocirc;nica, com poucos casos assintom&aacute;ticos.<\/p><h2 class=\"wp-block-heading\" id=\"h-fatores-de-risco-da-doenca-pilonidal\"><span class=\"ez-toc-section\" id=\"Fatores-de-risco-da-Doenca-Pilonidal\"><\/span>Fatores de risco da Doen&ccedil;a Pilonidal<span class=\"ez-toc-section-end\"><\/span><\/h2><p>Os <strong>fatores de risco<\/strong> associados ao desenvolvimento da doen&ccedil;a pilonidal incluem:<\/p><ul class=\"wp-block-list\">\n<li><strong>Sobrepeso ou obesidade;<\/strong><\/li>\n\n\n\n<li><strong>Trauma ou irrita&ccedil;&atilde;o local da pele;<\/strong><\/li>\n\n\n\n<li><strong>Estilo de vida sedent&aacute;rio<\/strong> ou longos per&iacute;odos sentado;<\/li>\n\n\n\n<li><strong>Fenda intergl&uacute;tea profunda<\/strong>, que favorece ac&uacute;mulo de pelos e umidade;<\/li>\n\n\n\n<li><strong>Fenda intergl&uacute;tea hirsuta<\/strong>, com presen&ccedil;a excessiva de pelos;<\/li>\n\n\n\n<li><strong>Hist&oacute;rico familiar<\/strong>, sugerindo poss&iacute;vel predisposi&ccedil;&atilde;o gen&eacute;tica;<\/li>\n\n\n\n<li><strong>Presen&ccedil;a de fol&iacute;culos capilares mais r&iacute;gidos<\/strong>, que podem facilitar a penetra&ccedil;&atilde;o de pelos na pele;<\/li>\n\n\n\n<li><strong>S&iacute;ndrome dos ov&aacute;rios polic&iacute;sticos<\/strong>, especialmente em mulheres, como fator hormonal e metab&oacute;lico associado.<\/li>\n<\/ul><p>\n\n\n\n<div class=\"estrategia-catalog\"><h3>Curso Extensivo de Resid&ecirc;ncia M&eacute;dica<\/h3><div class=\"carrossel-product\"><div><h4>Curso Extensivo Resid\u00eancia M\u00e9dica - 12 meses<\/h4><div class=\"cat-description\">Estude com nosso curso mais completo e tenha acesso a um material multim\u00eddia, elaborado por professores especialistas, de acordo com o conte\u00fado cobrado nas provas. Ideal para quem tem mais tempo para estudar e quer se dedicar ao m\u00e1ximo para obter os melhores resultados na sua prepara\u00e7\u00e3o.<\/div><div class=\"cat-price\"><span>12x<\/span> R$ 999,75<\/div><div class=\"cat-sale\">No Cart\u00e3o de Cr\u00e9dito ou 10% de desconto no Boleto ou Pix \u00e0 vista: R$ 10.797,30<\/div><a href=\"https:\/\/vestibulares.estrategia.com\/curso\/curso-extensivo-residencia-medica-12-meses\/?utm_source=portal&amp;utm_medium=post&amp;utm_campaign=emed-x-vd-seo-portal-v-catalogo\" class=\"estrategia-button\" target=\"_blank\">Saiba mais<\/a><\/div><div><h4>Curso Extensivo Resid\u00eancia M\u00e9dica - 18 meses<\/h4><div class=\"cat-description\">Estude com nosso curso mais completo e tenha acesso a um material multim\u00eddia, elaborado por professores especialistas, de acordo com o conte\u00fado cobrado nas provas. Ideal para quem tem mais tempo para estudar e quer se dedicar ao m\u00e1ximo para obter os melhores resultados na sua prepara\u00e7\u00e3o.<\/div><div class=\"cat-price\"><span>12x<\/span> R$ 1.291,41<\/div><div class=\"cat-sale\">No Cart\u00e3o de Cr\u00e9dito ou 10% de desconto no Boleto ou Pix \u00e0 vista: R$ 13.947,30<\/div><a href=\"https:\/\/vestibulares.estrategia.com\/curso\/curso-extensivo-residencia-medica-18-meses\/?utm_source=portal&amp;utm_medium=post&amp;utm_campaign=emed-x-vd-seo-portal-v-catalogo\" class=\"estrategia-button\" target=\"_blank\">Saiba mais<\/a><\/div><div><h4>Curso Extensivo Resid\u00eancia M\u00e9dica - 24 meses<\/h4><div class=\"cat-description\">Estude com nosso curso mais completo e tenha acesso a um material multim\u00eddia, elaborado por professores especialistas, de acordo com o conte\u00fado cobrado nas provas. Ideal para quem tem mais tempo para estudar e quer se dedicar ao m\u00e1ximo para obter os melhores resultados na sua prepara\u00e7\u00e3o.<\/div><div class=\"cat-price\"><span>12x<\/span> R$ 1.583,08<\/div><div class=\"cat-sale\">No Cart\u00e3o de Cr\u00e9dito ou 10% de desconto no Boleto ou Pix \u00e0 vista: R$ 17.097,30<\/div><a href=\"https:\/\/vestibulares.estrategia.com\/curso\/curso-extensivo-residencia-medica-24-meses\/?utm_source=portal&amp;utm_medium=post&amp;utm_campaign=emed-x-vd-seo-portal-v-catalogo\" class=\"estrategia-button\" target=\"_blank\">Saiba mais<\/a><\/div><div><h4>Curso Extensivo Resid\u00eancia M\u00e9dica - 30 meses<\/h4><div class=\"cat-description\">Estude com nosso curso mais completo e tenha acesso a um material multim\u00eddia, elaborado por professores especialistas, de acordo com o conte\u00fado cobrado nas provas. Ideal para quem tem mais tempo para estudar e quer se dedicar ao m\u00e1ximo para obter os melhores resultados na sua prepara\u00e7\u00e3o.<\/div><div class=\"cat-price\"><span>12x<\/span> R$ 1.874,75<\/div><div class=\"cat-sale\">No Cart\u00e3o de Cr\u00e9dito ou 10% de desconto no Boleto ou Pix \u00e0 vista: R$ 20.247,30<\/div><a href=\"https:\/\/vestibulares.estrategia.com\/curso\/curso-extensivo-residencia-medica-30-meses\/?utm_source=portal&amp;utm_medium=post&amp;utm_campaign=emed-x-vd-seo-portal-v-catalogo\" class=\"estrategia-button\" target=\"_blank\">Saiba mais<\/a><\/div><div><h4>Curso Extensivo Resid\u00eancia M\u00e9dica - 36 meses<\/h4><div class=\"cat-description\">Estude com nosso curso mais completo e tenha acesso a um material multim\u00eddia, elaborado por professores especialistas, de acordo com o conte\u00fado cobrado nas provas. Ideal para quem tem mais tempo para estudar e quer se dedicar ao m\u00e1ximo para obter os melhores resultados na sua prepara\u00e7\u00e3o.<\/div><div class=\"cat-price\"><span>12x<\/span> R$ 2.166,41<\/div><div class=\"cat-sale\">No Cart\u00e3o de Cr\u00e9dito ou 10% de desconto no Boleto ou Pix \u00e0 vista: R$ 23.397,30<\/div><a href=\"https:\/\/vestibulares.estrategia.com\/curso\/curso-extensivo-residencia-medica-36-meses\/?utm_source=portal&amp;utm_medium=post&amp;utm_campaign=emed-x-vd-seo-portal-v-catalogo\" class=\"estrategia-button\" target=\"_blank\">Saiba mais<\/a><\/div><\/div><\/div>\n\n\n\n<\/p><h2 class=\"wp-block-heading\" id=\"h-fisiopatologia-da-doenca-pilonidal\"><span class=\"ez-toc-section\" id=\"Fisiopatologia-da-Doenca-Pilonidal\"><\/span>Fisiopatologia da Doen&ccedil;a Pilonidal<span class=\"ez-toc-section-end\"><\/span><\/h2><p>A fisiopatologia da doen&ccedil;a pilonidal envolve principalmente um processo <strong>inflamat&oacute;rio cr&ocirc;nico<\/strong>, resultante de fatores adquiridos, embora exista debate sobre uma poss&iacute;vel origem cong&ecirc;nita.<\/p><p>A teoria mais aceita defende que a doen&ccedil;a &eacute; adquirida, causada por uma combina&ccedil;&atilde;o de temperatura elevada da pele, umidade por suor, e trauma local em regi&otilde;es com presen&ccedil;a de pelos, como a fenda intergl&uacute;tea.&nbsp;<\/p><p>Essas condi&ccedil;&otilde;es favorecem a penetra&ccedil;&atilde;o de pelos na pele, especialmente com a press&atilde;o negativa gerada ao sentar e caminhar, o que permite que os <strong>pelos se aprofundem<\/strong> nos fol&iacute;culos lesionados, desencadeando uma <strong>rea&ccedil;&atilde;o inflamat&oacute;ria<\/strong> tipo corpo estranho. Isso leva &agrave; forma&ccedil;&atilde;o de cavidades subd&eacute;rmicas e trajetos de tecido de granula&ccedil;&atilde;o, que podem evoluir para sinus tracts e abscessos.<\/p><p>Outra hip&oacute;tese, menos aceita, sugere que a doen&ccedil;a seria cong&ecirc;nita, originada de uma consolida&ccedil;&atilde;o viciosa da linha m&eacute;dia sacrococc&iacute;gea com presen&ccedil;a de restos embriol&oacute;gicos. Essa teoria se baseia em relatos de casos familiares, levantando a possibilidade de um componente gen&eacute;tico.<\/p><div class=\"wp-block-image\">\n<figure class=\"aligncenter size-full\"><img decoding=\"async\" width=\"331\" height=\"331\" src=\"https:\/\/med.estrategia.com\/portal\/wp-content\/uploads\/2025\/06\/1.png\" alt=\"Cisto pilonidal\" class=\"wp-image-88712\" srcset=\"https:\/\/med.estrategia.com\/portal\/wp-content\/uploads\/2025\/06\/1.png 331w, https:\/\/med.estrategia.com\/portal\/wp-content\/uploads\/2025\/06\/1-150x150.png 150w, https:\/\/med.estrategia.com\/portal\/wp-content\/uploads\/2025\/06\/1-60x60.png 60w\" sizes=\"(max-width: 331px) 100vw, 331px\" \/><figcaption class=\"wp-element-caption\">Esta figura &eacute; uma vista de costas com o paciente em dec&uacute;bito ventral. Ela mostra v&aacute;rios poros cut&acirc;neos (depress&otilde;es) na linha m&eacute;dia da fenda palatina. Um seio pilonidal se estende cef&aacute;lico dos poros at&eacute; a abertura. Fonte: UpToDate<\/figcaption><\/figure><\/div><h2 class=\"wp-block-heading\" id=\"h-manifestacoes-clinicas-da-doenca-pilonidal\"><span class=\"ez-toc-section\" id=\"Manifestacoes-clinicas-da-Doenca-Pilonidal\"><\/span>Manifesta&ccedil;&otilde;es cl&iacute;nicas da Doen&ccedil;a Pilonidal<span class=\"ez-toc-section-end\"><\/span><\/h2><p>As manifesta&ccedil;&otilde;es cl&iacute;nicas da doen&ccedil;a pilonidal s&atilde;o variadas, indo desde achados assintom&aacute;ticos at&eacute; quadros de inflama&ccedil;&atilde;o local significativa. A apresenta&ccedil;&atilde;o pode ser dividida em duas formas principais:<\/p><h3 class=\"wp-block-heading\" id=\"h-forma-aguda\">Forma aguda<\/h3><p>Na apresenta&ccedil;&atilde;o aguda, os pacientes costumam relatar:<\/p><ul class=\"wp-block-list\">\n<li><strong>In&iacute;cio s&uacute;bito de dor<\/strong> na regi&atilde;o da fenda intergl&uacute;tea, especialmente ao sentar-se;<\/li>\n\n\n\n<li><strong>Piora da dor<\/strong> com atividades que esticam a pele da regi&atilde;o gl&uacute;tea;<\/li>\n\n\n\n<li><strong>Endurecimento dos tecidos moles<\/strong> ao redor da les&atilde;o;<\/li>\n\n\n\n<li><strong>Secre&ccedil;&atilde;o serossanguinolenta ou purulenta<\/strong>;<\/li>\n\n\n\n<li>Em casos de infec&ccedil;&atilde;o dos tecidos moles, pode haver <strong>febre e mal-estar<\/strong>;<\/li>\n\n\n\n<li>O exame f&iacute;sico pode revelar <strong>celulite local<\/strong> e, na presen&ccedil;a de abscesso, uma &aacute;rea <strong>dolorosa, endurecida ou com flutua&ccedil;&atilde;o<\/strong>.<\/li>\n<\/ul><h3 class=\"wp-block-heading\" id=\"h-forma-cronica\">Forma cr&ocirc;nica<\/h3><p>Na forma cr&ocirc;nica, os principais achados incluem:<\/p><ul class=\"wp-block-list\">\n<li><strong>Drenagem persistente ou recorrente<\/strong>, geralmente purulenta ou serossanguinolenta;<\/li>\n\n\n\n<li><strong>Dor cr&ocirc;nica<\/strong> localizada na regi&atilde;o da fenda intergl&uacute;tea;<\/li>\n\n\n\n<li>Presen&ccedil;a de um ou mais <strong>trajetos sinusais<\/strong> vis&iacute;veis na linha m&eacute;dia;<\/li>\n\n\n\n<li>Com frequ&ecirc;ncia, &eacute; poss&iacute;vel observar <strong>cabelos saindo das aberturas sinusais<\/strong>;<\/li>\n\n\n\n<li>Embora raros, casos de <strong>carcinoma de c&eacute;lulas escamosas<\/strong> podem surgir em seios pilonidais cr&ocirc;nicos e negligenciados, sendo necess&aacute;ria <strong>bi&oacute;psia<\/strong> diante de altera&ccedil;&otilde;es cut&acirc;neas suspeitas.<\/li>\n<\/ul><h3 class=\"wp-block-heading\" id=\"h-exame-fisico\">Exame f&iacute;sico<\/h3><ul class=\"wp-block-list\">\n<li>Em pacientes assintom&aacute;ticos: <strong>fossetas ou aberturas sinusais<\/strong> na linha m&eacute;dia, geralmente sem dor;<\/li>\n\n\n\n<li>Em casos agudos: sinais de <strong>inflama&ccedil;&atilde;o e poss&iacute;vel abscesso<\/strong>;<\/li>\n\n\n\n<li>Em casos cr&ocirc;nicos: seios com drenagem recorrente e, por vezes, presen&ccedil;a de pelos no interior das les&otilde;es.<\/li>\n<\/ul><h2 class=\"wp-block-heading\" id=\"h-tratamento-da-doenca-pilonidal\"><span class=\"ez-toc-section\" id=\"Tratamento-da-Doenca-Pilonidal\"><\/span>Tratamento da Doen&ccedil;a Pilonidal<span class=\"ez-toc-section-end\"><\/span><\/h2><p>Na pr&aacute;tica cl&iacute;nica, &eacute; raro que pacientes com doen&ccedil;a pilonidal estejam completamente assintom&aacute;ticos. A maioria apresenta hist&oacute;rico de crises anteriores, como abscessos ou drenagem espont&acirc;nea, mesmo quando se encontra em um per&iacute;odo de inatividade da doen&ccedil;a. Nesses casos, a conduta preferencial tende a ser conservadora.<\/p><p>Devido &agrave; morbidade associada aos procedimentos cir&uacute;rgicos, n&atilde;o se recomenda cirurgia para pacientes sem sintomas ativos. Em um estudo retrospectivo com 26 pacientes submetidos &agrave; excis&atilde;o e fechamento prim&aacute;rio do seio pilonidal incidental, a taxa de cura foi de apenas 62%. Por isso, o risco-benef&iacute;cio da interven&ccedil;&atilde;o cir&uacute;rgica deve ser cuidadosamente considerado.<\/p><p>Uma estrat&eacute;gia conservadora com potencial benef&iacute;cio inclui a remo&ccedil;&atilde;o de pelos da fenda intergl&uacute;tea, por meio de barbear ou depila&ccedil;&atilde;o a laser, desde que n&atilde;o haja infec&ccedil;&atilde;o de partes moles presente. Embora as evid&ecirc;ncias sejam de baixa qualidade, trata-se de uma abordagem de baixo custo, f&aacute;cil implementa&ccedil;&atilde;o e risco m&iacute;nimo. A melhoria da higiene local, a depila&ccedil;&atilde;o peri&oacute;dica e a modifica&ccedil;&atilde;o de fatores de risco tamb&eacute;m t&ecirc;m sido associadas &agrave; redu&ccedil;&atilde;o da incapacidade e da necessidade de cirurgia.<\/p><p>A depila&ccedil;&atilde;o a laser ou com luz pulsada intensa mostra-se mais eficaz que m&eacute;todos tradicionais por atingir o fol&iacute;culo e o bulbo piloso. Em um estudo randomizado, essa t&eacute;cnica reduziu a taxa de recorr&ecirc;ncia de 34% para 10% em um ano, embora sem impacto estatisticamente significativo em interna&ccedil;&otilde;es ou procedimentos adicionais.<\/p><p>Outras abordagens n&atilde;o cir&uacute;rgicas incluem a aplica&ccedil;&atilde;o de subst&acirc;ncias como cola de fenol ou fibrina diretamente nos trajetos do seio pilonidal. No entanto, n&atilde;o h&aacute; evid&ecirc;ncias robustas que comprovem sua efic&aacute;cia compar&aacute;vel &agrave; de t&eacute;cnicas cir&uacute;rgicas mais estabelecidas.<\/p><h3 class=\"wp-block-heading\" id=\"h-tratamento-cirurgico-para-doenca-pilonidal-ativa\">Tratamento cir&uacute;rgico para doen&ccedil;a pilonidal ativa<\/h3><p>O tratamento da doen&ccedil;a pilonidal ativa depende do est&aacute;gio cl&iacute;nico e da presen&ccedil;a ou aus&ecirc;ncia de infec&ccedil;&atilde;o. Em casos de abscesso pilonidal, a incis&atilde;o e drenagem imediata s&atilde;o recomendadas, geralmente sobre a &aacute;rea de maior flutua&ccedil;&atilde;o. Uma incis&atilde;o menor pode ser suficiente se houver coloca&ccedil;&atilde;o de dreno, evitando o fechamento precoce da ferida e facilitando os cuidados domiciliares.<\/p><p>Caso uma incis&atilde;o mais ampla seja necess&aacute;ria, &eacute; indicado realiz&aacute;-la em ambiente cir&uacute;rgico, sob anestesia geral, permitindo tamb&eacute;m a remo&ccedil;&atilde;o de detritos e pelos. Evid&ecirc;ncias mostram que curetagem e desbridamento da cavidade promovem melhores taxas de cicatriza&ccedil;&atilde;o e menos recorr&ecirc;ncias quando comparados &agrave; drenagem simples.<\/p><p>O uso de antibi&oacute;ticos deve ser restrito a situa&ccedil;&otilde;es espec&iacute;ficas, como cole&ccedil;&otilde;es muito pequenas (menos de 3 cm), presen&ccedil;a de sinais sist&ecirc;micos de infec&ccedil;&atilde;o ou em pacientes imunocomprometidos. Nesses casos, uma combina&ccedil;&atilde;o de cefalosporina de primeira gera&ccedil;&atilde;o e metronidazol pode ser apropriada.<\/p><p>Ap&oacute;s a resolu&ccedil;&atilde;o do abscesso, recomenda-se a ado&ccedil;&atilde;o de cuidados preventivos como a depila&ccedil;&atilde;o regular da fenda gl&uacute;tea. Apesar da drenagem adequada, muitos pacientes apresentam recorr&ecirc;ncia, taxas entre 10% e 55%, especialmente quando h&aacute; m&uacute;ltiplos orif&iacute;cios ou trajetos sinusais.<\/p><h3 class=\"wp-block-heading\" id=\"h-tratamento-cirurgico-da-doenca-pilonidal-cronica\">Tratamento cir&uacute;rgico da doen&ccedil;a pilonidal cr&ocirc;nica<\/h3><p>Pacientes com doen&ccedil;a pilonidal cr&ocirc;nica podem apresentar abscessos recorrentes ou drenagem persistente de um ou mais trajetos. O tratamento definitivo &eacute; cir&uacute;rgico, mas a decis&atilde;o pela cirurgia deve considerar o impacto dos sintomas na qualidade de vida, e n&atilde;o apenas o n&uacute;mero de epis&oacute;dios.<\/p><p>Para casos considerados limitados, geralmente com um ou dois seios centrais e sem extens&atilde;o lateral significativa, t&eacute;cnicas minimamente invasivas s&atilde;o prefer&iacute;veis. Procedimentos como o Bascom I ou a t&eacute;cnica de Gips utilizam incis&otilde;es pequenas para remo&ccedil;&atilde;o seletiva das fossetas, preservando pontes de pele saud&aacute;vel e reduzindo morbidade. A taxa de cura dessas t&eacute;cnicas gira em torno de 90%, com recorr&ecirc;ncia de aproximadamente 16%.<\/p><p>Outra alternativa &eacute; a abla&ccedil;&atilde;o endosc&oacute;pica assistida por v&iacute;deo, que permite a remo&ccedil;&atilde;o dos trajetos com ferida m&iacute;nima. Estudos indicam vantagens em termos de dor, tempo de recupera&ccedil;&atilde;o e satisfa&ccedil;&atilde;o do paciente, embora sejam necess&aacute;rias mais evid&ecirc;ncias de longo prazo.<\/p><p>A aplica&ccedil;&atilde;o de fenol cristalizado em trajetos sinusais tem sido empregada com sucesso vari&aacute;vel (taxas de at&eacute; 95% em alguns relatos), muitas vezes associada &agrave; depila&ccedil;&atilde;o a laser. J&aacute; a cola de fibrina apresenta resultados mais inconsistentes, com falta de evid&ecirc;ncia robusta de efic&aacute;cia.<\/p><h2 class=\"wp-block-heading\"><span class=\"ez-toc-section\" id=\"O-Estrategia-MED-e-o-seu-aliado\"><\/span>O Estrat&eacute;gia MED &eacute; o seu aliado!<span class=\"ez-toc-section-end\"><\/span><\/h2><p>Conquiste sua vaga na resid&ecirc;ncia m&eacute;dica com o apoio de quem &eacute; refer&ecirc;ncia em aprova&ccedil;&atilde;o. No site do <strong>Estrat&eacute;gia MED<\/strong>, voc&ecirc; encontra cursos completos, cronogramas personalizados, simulados realistas, revis&otilde;es direcionadas e uma plataforma pensada para maximizar seu rendimento.&nbsp;<\/p><p><strong><a id=\"cta\" class=\"cta-imagem\" href=\"https:\/\/med.estrategia.com\/cursos\/extensivo-de-residncia-mdica\/\" target=\"blank\">\n                <img decoding=\"async\" width=\"100%\" src=\"https:\/\/med.estrategia.com\/portal\/wp-content\/uploads\/2025\/08\/extensivo_rm.jpg\" alt=\"Extensivo RM\" title=\"extensivo_rm\">\n        <\/a><\/strong><\/p><h2 class=\"wp-block-heading\" id=\"h-veja-tambem\"><span class=\"ez-toc-section\" id=\"Veja-tambem\"><\/span>Veja tamb&eacute;m!<span class=\"ez-toc-section-end\"><\/span><\/h2><p><a href=\"https:\/\/med.estrategia.com\/portal\/conteudos-gratis\/doencas\/resumo-de-hernia-de-hiato-diagnostico-tratamento-e-mais\/\">Resumo de h&eacute;rnia de hiato: diagn&oacute;stico, tratamento e mais!<\/a><\/p><p><a href=\"https:\/\/med.estrategia.com\/portal\/conteudos-gratis\/doencas\/resumo-sobre-hernia-epigastrica-definicao-tratamento-e-mais\/\">Resumo sobre H&eacute;rnia Epig&aacute;strica: defini&ccedil;&atilde;o, tratamento e mais!<\/a><\/p><p><a href=\"https:\/\/med.estrategia.com\/portal\/outros\/resumo-sobre-laparotomia-exploratoria-definicao-indicacoes-e-mais\/\">Resumo sobre Laparotomia Explorat&oacute;ria: defini&ccedil;&atilde;o, indica&ccedil;&otilde;es e mais!<\/a><\/p><p><a href=\"https:\/\/med.estrategia.com\/portal\/conteudos-gratis\/procedimentos\/resumo-sobre-colecistectomia-indicacoes-tecnica-cirurgica-e-mais\/\">Resumo sobre colecistectomia: indica&ccedil;&otilde;es, t&eacute;cnica cir&uacute;rgica e mais!<\/a>&nbsp;<\/p><p><a href=\"https:\/\/med.estrategia.com\/portal\/conteudos-gratis\/doencas\/resumo-sobre-lipoma-diagnostico-tratamento-e-mais\/\">Resumo sobre lipoma: diagn&oacute;stico, tratamento e mais!<\/a><\/p><h2 class=\"wp-block-heading\" id=\"h-referencias\"><span class=\"ez-toc-section\" id=\"Referencias\"><\/span>Refer&ecirc;ncias<span class=\"ez-toc-section-end\"><\/span><\/h2><p>David B Stewart, MD, MHA, FACS, FASCRS. <strong>Pilonidal disease<\/strong>. UpToDate, 2025. Dispon&iacute;vel em: <a href=\"https:\/\/www.uptodate.com\/contents\/pilonidal-disease?search=doen%C3%A7a%20pilonidal%20&amp;source=search_result&amp;selectedTitle=1~26&amp;usage_type=default&amp;display_rank=1#H2523655738\" target=\"_blank\" rel=\"noopener noreferrer\">UpToDate<\/a><\/p><\/p>\n","protected":false},"excerpt":{"rendered":"E a&iacute;, doc! Vamos explorar mais um tema essencial? Hoje o foco &eacute; a Doen&ccedil;a Pilonidal, uma condi&ccedil;&atilde;o&hellip;\n","protected":false},"author":53,"featured_media":88712,"comment_status":"closed","ping_status":"closed","sticky":false,"template":"","format":"standard","meta":{"wl_entities_gutenberg":"","footnotes":""},"categories":[304],"tags":[38,42],"wl_entity_type":[199],"class_list":{"0":"post-88711","1":"post","2":"type-post","3":"status-publish","4":"format-standard","5":"has-post-thumbnail","7":"category-doencas","8":"tag-cirurgia","9":"tag-cirurgia-geral","10":"wl_entity_type-article"},"acf":[],"yoast_head":"<!-- This site is optimized with the Yoast SEO Premium plugin v26.6 (Yoast SEO v26.6) - https:\/\/yoast.com\/wordpress\/plugins\/seo\/ -->\n<title>Resumo sobre Doen\u00e7a Pilonidal: defini\u00e7\u00e3o, tratamento e mais!<\/title>\n<meta name=\"description\" content=\"A Doen\u00e7a Pilonidal \u00e9 uma condi\u00e7\u00e3o inflamat\u00f3ria que afeta a regi\u00e3o sacrococc\u00edgea, geralmente causada pelo ac\u00famulo de pelos na pele, formando cistos.\" \/>\n<meta name=\"robots\" content=\"index, follow, max-snippet:-1, max-image-preview:large, max-video-preview:-1\" \/>\n<link rel=\"canonical\" href=\"https:\/\/med.estrategia.com\/portal\/conteudos-gratis\/doencas\/resumo-sobre-doenca-pilonidal-definicao-tratamento-e-mais\/\" \/>\n<meta property=\"og:locale\" content=\"pt_BR\" \/>\n<meta property=\"og:type\" content=\"article\" \/>\n<meta property=\"og:title\" content=\"Resumo sobre Doen\u00e7a Pilonidal: defini\u00e7\u00e3o, tratamento e mais!\" \/>\n<meta property=\"og:description\" content=\"A Doen\u00e7a Pilonidal \u00e9 uma condi\u00e7\u00e3o inflamat\u00f3ria que afeta a regi\u00e3o sacrococc\u00edgea, geralmente causada pelo ac\u00famulo de pelos na pele, formando cistos.\" \/>\n<meta property=\"og:url\" content=\"https:\/\/med.estrategia.com\/portal\/conteudos-gratis\/doencas\/resumo-sobre-doenca-pilonidal-definicao-tratamento-e-mais\/\" \/>\n<meta property=\"og:site_name\" content=\"Estrat\u00e9gia MED\" \/>\n<meta property=\"article:publisher\" content=\"https:\/\/www.facebook.com\/estrategiamed1\" \/>\n<meta property=\"article:published_time\" content=\"2025-06-19T18:44:34+00:00\" \/>\n<meta property=\"article:modified_time\" content=\"2025-06-30T20:56:24+00:00\" \/>\n<meta property=\"og:image\" content=\"https:\/\/med.estrategia.com\/portal\/wp-content\/uploads\/2025\/06\/1.png\" \/>\n\t<meta property=\"og:image:width\" content=\"331\" \/>\n\t<meta property=\"og:image:height\" content=\"331\" \/>\n\t<meta property=\"og:image:type\" content=\"image\/png\" \/>\n<meta name=\"author\" content=\"Laelson Junior\" \/>\n<meta name=\"twitter:card\" content=\"summary_large_image\" \/>\n<meta name=\"twitter:creator\" content=\"@estrategiamed_\" \/>\n<meta name=\"twitter:site\" content=\"@estrategiamed_\" \/>\n<meta name=\"twitter:label1\" content=\"Escrito por\" \/>\n\t<meta name=\"twitter:data1\" content=\"Laelson Junior\" \/>\n\t<meta name=\"twitter:label2\" content=\"Est. tempo de leitura\" \/>\n\t<meta name=\"twitter:data2\" content=\"10 minutos\" \/>\n<script type=\"application\/ld+json\" class=\"yoast-schema-graph\">{\"@context\":\"https:\/\/schema.org\",\"@graph\":[{\"@type\":\"WebPage\",\"@id\":\"https:\/\/med.estrategia.com\/portal\/conteudos-gratis\/doencas\/resumo-sobre-doenca-pilonidal-definicao-tratamento-e-mais\/\",\"url\":\"https:\/\/med.estrategia.com\/portal\/conteudos-gratis\/doencas\/resumo-sobre-doenca-pilonidal-definicao-tratamento-e-mais\/\",\"name\":\"Resumo sobre Doen\u00e7a Pilonidal: defini\u00e7\u00e3o, tratamento e mais!\",\"isPartOf\":{\"@id\":\"https:\/\/med.estrategia.com\/portal\/#website\"},\"primaryImageOfPage\":{\"@id\":\"https:\/\/med.estrategia.com\/portal\/conteudos-gratis\/doencas\/resumo-sobre-doenca-pilonidal-definicao-tratamento-e-mais\/#primaryimage\"},\"image\":{\"@id\":\"https:\/\/med.estrategia.com\/portal\/conteudos-gratis\/doencas\/resumo-sobre-doenca-pilonidal-definicao-tratamento-e-mais\/#primaryimage\"},\"thumbnailUrl\":\"https:\/\/med.estrategia.com\/portal\/wp-content\/uploads\/2025\/06\/1.png\",\"datePublished\":\"2025-06-19T18:44:34+00:00\",\"dateModified\":\"2025-06-30T20:56:24+00:00\",\"author\":{\"@id\":\"https:\/\/med.estrategia.com\/portal\/#\/schema\/person\/d67a9b23b48ad79833939ef92444e548\"},\"description\":\"A Doen\u00e7a Pilonidal \u00e9 uma condi\u00e7\u00e3o inflamat\u00f3ria que afeta a regi\u00e3o sacrococc\u00edgea, geralmente causada pelo ac\u00famulo de pelos na pele, formando cistos.\",\"breadcrumb\":{\"@id\":\"https:\/\/med.estrategia.com\/portal\/conteudos-gratis\/doencas\/resumo-sobre-doenca-pilonidal-definicao-tratamento-e-mais\/#breadcrumb\"},\"inLanguage\":\"pt-BR\",\"potentialAction\":[{\"@type\":\"ReadAction\",\"target\":[\"https:\/\/med.estrategia.com\/portal\/conteudos-gratis\/doencas\/resumo-sobre-doenca-pilonidal-definicao-tratamento-e-mais\/\"]}]},{\"@type\":\"ImageObject\",\"inLanguage\":\"pt-BR\",\"@id\":\"https:\/\/med.estrategia.com\/portal\/conteudos-gratis\/doencas\/resumo-sobre-doenca-pilonidal-definicao-tratamento-e-mais\/#primaryimage\",\"url\":\"https:\/\/med.estrategia.com\/portal\/wp-content\/uploads\/2025\/06\/1.png\",\"contentUrl\":\"https:\/\/med.estrategia.com\/portal\/wp-content\/uploads\/2025\/06\/1.png\",\"width\":331,\"height\":331,\"caption\":\"Esta figura \u00e9 uma vista de costas com o paciente em dec\u00fabito ventral. Ela mostra v\u00e1rios poros cut\u00e2neos (depress\u00f5es) na linha m\u00e9dia da fenda palatina. Um seio pilonidal se estende cef\u00e1lico dos poros at\u00e9 a abertura. Fonte: UpToDate\"},{\"@type\":\"BreadcrumbList\",\"@id\":\"https:\/\/med.estrategia.com\/portal\/conteudos-gratis\/doencas\/resumo-sobre-doenca-pilonidal-definicao-tratamento-e-mais\/#breadcrumb\",\"itemListElement\":[{\"@type\":\"ListItem\",\"position\":1,\"name\":\"Home\",\"item\":\"https:\/\/med.estrategia.com\/portal\/\"},{\"@type\":\"ListItem\",\"position\":2,\"name\":\"Conte\u00fados Gr\u00e1tis\",\"item\":\"https:\/\/med.estrategia.com\/portal\/conteudos-gratis\/\"},{\"@type\":\"ListItem\",\"position\":3,\"name\":\"Doen\u00e7as\",\"item\":\"https:\/\/med.estrategia.com\/portal\/conteudos-gratis\/doencas\/\"},{\"@type\":\"ListItem\",\"position\":4,\"name\":\"Resumo sobre Doen\u00e7a Pilonidal: defini\u00e7\u00e3o, tratamento e mais!\"}]},{\"@type\":\"WebSite\",\"@id\":\"https:\/\/med.estrategia.com\/portal\/#website\",\"url\":\"https:\/\/med.estrategia.com\/portal\/\",\"name\":\"Estrat\u00e9gia MED\",\"description\":\"\",\"potentialAction\":[{\"@type\":\"SearchAction\",\"target\":{\"@type\":\"EntryPoint\",\"urlTemplate\":\"https:\/\/med.estrategia.com\/portal\/?s={search_term_string}\"},\"query-input\":{\"@type\":\"PropertyValueSpecification\",\"valueRequired\":true,\"valueName\":\"search_term_string\"}}],\"inLanguage\":\"pt-BR\"},{\"@type\":\"Person\",\"@id\":\"https:\/\/med.estrategia.com\/portal\/#\/schema\/person\/d67a9b23b48ad79833939ef92444e548\",\"name\":\"Laelson Junior\",\"image\":{\"@type\":\"ImageObject\",\"inLanguage\":\"pt-BR\",\"@id\":\"https:\/\/med.estrategia.com\/portal\/#\/schema\/person\/image\/\",\"url\":\"https:\/\/med.estrategia.com\/portal\/wp-content\/uploads\/2025\/08\/HE4_3032-150x150.jpg\",\"contentUrl\":\"https:\/\/med.estrategia.com\/portal\/wp-content\/uploads\/2025\/08\/HE4_3032-150x150.jpg\",\"caption\":\"Laelson Junior\"},\"description\":\"Estudante de medicina, sergipano morando na Bahia, crist\u00e3o, cin\u00e9filo. Atualmente estou no 11\u00b0 semestre e cada vez mais me surpreendo e admiro o mundo da medicina. Gosto de pegar uma praia sempre e estar em contato com a natureza.\",\"sameAs\":[\"http:\/\/estrategia.com\"],\"url\":\"https:\/\/med.estrategia.com\/portal\/author\/laelson-junior\/\"}]}<\/script>\n<!-- \/ Yoast SEO Premium plugin. -->","yoast_head_json":{"title":"Resumo sobre Doen\u00e7a Pilonidal: defini\u00e7\u00e3o, tratamento e mais!","description":"A Doen\u00e7a Pilonidal \u00e9 uma condi\u00e7\u00e3o inflamat\u00f3ria que afeta a regi\u00e3o sacrococc\u00edgea, geralmente causada pelo ac\u00famulo de pelos na pele, formando cistos.","robots":{"index":"index","follow":"follow","max-snippet":"max-snippet:-1","max-image-preview":"max-image-preview:large","max-video-preview":"max-video-preview:-1"},"canonical":"https:\/\/med.estrategia.com\/portal\/conteudos-gratis\/doencas\/resumo-sobre-doenca-pilonidal-definicao-tratamento-e-mais\/","og_locale":"pt_BR","og_type":"article","og_title":"Resumo sobre Doen\u00e7a Pilonidal: defini\u00e7\u00e3o, tratamento e mais!","og_description":"A Doen\u00e7a Pilonidal \u00e9 uma condi\u00e7\u00e3o inflamat\u00f3ria que afeta a regi\u00e3o sacrococc\u00edgea, geralmente causada pelo ac\u00famulo de pelos na pele, formando cistos.","og_url":"https:\/\/med.estrategia.com\/portal\/conteudos-gratis\/doencas\/resumo-sobre-doenca-pilonidal-definicao-tratamento-e-mais\/","og_site_name":"Estrat\u00e9gia MED","article_publisher":"https:\/\/www.facebook.com\/estrategiamed1","article_published_time":"2025-06-19T18:44:34+00:00","article_modified_time":"2025-06-30T20:56:24+00:00","og_image":[{"width":331,"height":331,"url":"https:\/\/med.estrategia.com\/portal\/wp-content\/uploads\/2025\/06\/1.png","type":"image\/png"}],"author":"Laelson Junior","twitter_card":"summary_large_image","twitter_creator":"@estrategiamed_","twitter_site":"@estrategiamed_","twitter_misc":{"Escrito por":"Laelson Junior","Est. tempo de leitura":"10 minutos"},"schema":{"@context":"https:\/\/schema.org","@graph":[{"@type":"WebPage","@id":"https:\/\/med.estrategia.com\/portal\/conteudos-gratis\/doencas\/resumo-sobre-doenca-pilonidal-definicao-tratamento-e-mais\/","url":"https:\/\/med.estrategia.com\/portal\/conteudos-gratis\/doencas\/resumo-sobre-doenca-pilonidal-definicao-tratamento-e-mais\/","name":"Resumo sobre Doen\u00e7a Pilonidal: defini\u00e7\u00e3o, tratamento e mais!","isPartOf":{"@id":"https:\/\/med.estrategia.com\/portal\/#website"},"primaryImageOfPage":{"@id":"https:\/\/med.estrategia.com\/portal\/conteudos-gratis\/doencas\/resumo-sobre-doenca-pilonidal-definicao-tratamento-e-mais\/#primaryimage"},"image":{"@id":"https:\/\/med.estrategia.com\/portal\/conteudos-gratis\/doencas\/resumo-sobre-doenca-pilonidal-definicao-tratamento-e-mais\/#primaryimage"},"thumbnailUrl":"https:\/\/med.estrategia.com\/portal\/wp-content\/uploads\/2025\/06\/1.png","datePublished":"2025-06-19T18:44:34+00:00","dateModified":"2025-06-30T20:56:24+00:00","author":{"@id":"https:\/\/med.estrategia.com\/portal\/#\/schema\/person\/d67a9b23b48ad79833939ef92444e548"},"description":"A Doen\u00e7a Pilonidal \u00e9 uma condi\u00e7\u00e3o inflamat\u00f3ria que afeta a regi\u00e3o sacrococc\u00edgea, geralmente causada pelo ac\u00famulo de pelos na pele, formando cistos.","breadcrumb":{"@id":"https:\/\/med.estrategia.com\/portal\/conteudos-gratis\/doencas\/resumo-sobre-doenca-pilonidal-definicao-tratamento-e-mais\/#breadcrumb"},"inLanguage":"pt-BR","potentialAction":[{"@type":"ReadAction","target":["https:\/\/med.estrategia.com\/portal\/conteudos-gratis\/doencas\/resumo-sobre-doenca-pilonidal-definicao-tratamento-e-mais\/"]}]},{"@type":"ImageObject","inLanguage":"pt-BR","@id":"https:\/\/med.estrategia.com\/portal\/conteudos-gratis\/doencas\/resumo-sobre-doenca-pilonidal-definicao-tratamento-e-mais\/#primaryimage","url":"https:\/\/med.estrategia.com\/portal\/wp-content\/uploads\/2025\/06\/1.png","contentUrl":"https:\/\/med.estrategia.com\/portal\/wp-content\/uploads\/2025\/06\/1.png","width":331,"height":331,"caption":"Esta figura \u00e9 uma vista de costas com o paciente em dec\u00fabito ventral. Ela mostra v\u00e1rios poros cut\u00e2neos (depress\u00f5es) na linha m\u00e9dia da fenda palatina. Um seio pilonidal se estende cef\u00e1lico dos poros at\u00e9 a abertura. Fonte: UpToDate"},{"@type":"BreadcrumbList","@id":"https:\/\/med.estrategia.com\/portal\/conteudos-gratis\/doencas\/resumo-sobre-doenca-pilonidal-definicao-tratamento-e-mais\/#breadcrumb","itemListElement":[{"@type":"ListItem","position":1,"name":"Home","item":"https:\/\/med.estrategia.com\/portal\/"},{"@type":"ListItem","position":2,"name":"Conte\u00fados Gr\u00e1tis","item":"https:\/\/med.estrategia.com\/portal\/conteudos-gratis\/"},{"@type":"ListItem","position":3,"name":"Doen\u00e7as","item":"https:\/\/med.estrategia.com\/portal\/conteudos-gratis\/doencas\/"},{"@type":"ListItem","position":4,"name":"Resumo sobre Doen\u00e7a Pilonidal: defini\u00e7\u00e3o, tratamento e mais!"}]},{"@type":"WebSite","@id":"https:\/\/med.estrategia.com\/portal\/#website","url":"https:\/\/med.estrategia.com\/portal\/","name":"Estrat\u00e9gia MED","description":"","potentialAction":[{"@type":"SearchAction","target":{"@type":"EntryPoint","urlTemplate":"https:\/\/med.estrategia.com\/portal\/?s={search_term_string}"},"query-input":{"@type":"PropertyValueSpecification","valueRequired":true,"valueName":"search_term_string"}}],"inLanguage":"pt-BR"},{"@type":"Person","@id":"https:\/\/med.estrategia.com\/portal\/#\/schema\/person\/d67a9b23b48ad79833939ef92444e548","name":"Laelson Junior","image":{"@type":"ImageObject","inLanguage":"pt-BR","@id":"https:\/\/med.estrategia.com\/portal\/#\/schema\/person\/image\/","url":"https:\/\/med.estrategia.com\/portal\/wp-content\/uploads\/2025\/08\/HE4_3032-150x150.jpg","contentUrl":"https:\/\/med.estrategia.com\/portal\/wp-content\/uploads\/2025\/08\/HE4_3032-150x150.jpg","caption":"Laelson Junior"},"description":"Estudante de medicina, sergipano morando na Bahia, crist\u00e3o, cin\u00e9filo. Atualmente estou no 11\u00b0 semestre e cada vez mais me surpreendo e admiro o mundo da medicina. Gosto de pegar uma praia sempre e estar em contato com a natureza.","sameAs":["http:\/\/estrategia.com"],"url":"https:\/\/med.estrategia.com\/portal\/author\/laelson-junior\/"}]}},"_wl_alt_label":[],"wl:entity_url":"\/post\/resumo-sobre-doenca-pilonidal-definicao-tratamento-e-mais-88711","_links":{"self":[{"href":"https:\/\/med.estrategia.com\/portal\/wp-json\/wp\/v2\/posts\/88711","targetHints":{"allow":["GET"]}}],"collection":[{"href":"https:\/\/med.estrategia.com\/portal\/wp-json\/wp\/v2\/posts"}],"about":[{"href":"https:\/\/med.estrategia.com\/portal\/wp-json\/wp\/v2\/types\/post"}],"author":[{"embeddable":true,"href":"https:\/\/med.estrategia.com\/portal\/wp-json\/wp\/v2\/users\/53"}],"replies":[{"embeddable":true,"href":"https:\/\/med.estrategia.com\/portal\/wp-json\/wp\/v2\/comments?post=88711"}],"version-history":[{"count":3,"href":"https:\/\/med.estrategia.com\/portal\/wp-json\/wp\/v2\/posts\/88711\/revisions"}],"predecessor-version":[{"id":89331,"href":"https:\/\/med.estrategia.com\/portal\/wp-json\/wp\/v2\/posts\/88711\/revisions\/89331"}],"wp:featuredmedia":[{"embeddable":true,"href":"https:\/\/med.estrategia.com\/portal\/wp-json\/wp\/v2\/media\/88712"}],"wp:attachment":[{"href":"https:\/\/med.estrategia.com\/portal\/wp-json\/wp\/v2\/media?parent=88711"}],"wp:term":[{"taxonomy":"category","embeddable":true,"href":"https:\/\/med.estrategia.com\/portal\/wp-json\/wp\/v2\/categories?post=88711"},{"taxonomy":"post_tag","embeddable":true,"href":"https:\/\/med.estrategia.com\/portal\/wp-json\/wp\/v2\/tags?post=88711"},{"taxonomy":"wl_entity_type","embeddable":true,"href":"https:\/\/med.estrategia.com\/portal\/wp-json\/wp\/v2\/wl_entity_type?post=88711"}],"curies":[{"name":"wp","href":"https:\/\/api.w.org\/{rel}","templated":true}]}}