{"id":89161,"date":"2025-06-27T11:07:38","date_gmt":"2025-06-27T14:07:38","guid":{"rendered":"https:\/\/med.estrategia.com\/portal\/?p=89161"},"modified":"2025-06-30T20:05:00","modified_gmt":"2025-06-30T23:05:00","slug":"nao-fique-de-fora-da-revisao-de-vespera-do-concurso-policia-federal-administrativo-2025","status":"publish","type":"post","link":"https:\/\/med.estrategia.com\/portal\/concursos\/nao-fique-de-fora-da-revisao-de-vespera-do-concurso-policia-federal-administrativo-2025\/","title":{"rendered":"N\u00e3o fique de fora da Revis\u00e3o de V\u00e9spera\u00a0do Concurso Pol\u00edcia Federal Administrativo 2025"},"content":{"rendered":"<p>Com o <strong>concurso do <strong>Pol&iacute;cia Federal Administrativo<\/strong>&nbsp;<strong>(PF)<\/strong> <\/strong>est&aacute; se aproximando, &eacute; hora de intensificar os estudos. Pensando nisso, o Estrat&eacute;gia MED realiza a <strong>revis&atilde;o de v&eacute;spera <\/strong>para ajudar seus alunos a garantir um &oacute;timo resultado na prova.&nbsp;<p>A <strong>revis&atilde;o de v&eacute;spera<\/strong> acontecer&aacute; no dia <strong>28 de junho, das 8h &agrave;s 16h<\/strong>, <a href=\"https:\/\/www.youtube.com\/watch?v=iYge1Srwl4k\" target=\"_blank\">&nbsp;em nosso canal no Youtube.<\/a><strong> <\/strong>A ideia &eacute; revisar os principais t&oacute;picos do edital no dia que antecede a prova, com foco nos pontos mais cobrados e na resolu&ccedil;&atilde;o de quest&otilde;es objetivas. Essa metodologia tem como objetivo refor&ccedil;ar a mem&oacute;ria de curto prazo, aumentar a confian&ccedil;a do candidato e garantir um desempenho consistente no momento decisivo.<\/p><figure class=\"wp-block-embed is-type-video is-provider-youtube wp-block-embed-youtube wp-embed-aspect-16-9 wp-has-aspect-ratio\"><div class=\"wp-block-embed__wrapper\">\n<div class=\"cs-embed cs-embed-responsive\"><iframe title=\"Revis&atilde;o de V&eacute;spera Pol&iacute;cia Federal Administrativo\" width=\"1200\" height=\"675\" src=\"https:\/\/www.youtube.com\/embed\/iYge1Srwl4k?feature=oembed\" frameborder=\"0\" allow=\"accelerometer; autoplay; clipboard-write; encrypted-media; gyroscope; picture-in-picture; web-share\" referrerpolicy=\"strict-origin-when-cross-origin\" allowfullscreen><\/iframe><\/div>\n<\/div><\/figure><p>A equipe far&aacute; a revis&atilde;o <strong>dos conte&uacute;dos de L&iacute;ngua Portuguesa; Racioc&iacute;nio L&oacute;gico Matem&aacute;tico;<\/strong> <strong>Direito Constitucional e &Eacute;tica;<\/strong> <strong>Direito Administrativo; No&ccedil;&otilde;es de Inform&aacute;tica; Ortopedia; Psiquiatria e Cl&iacute;nica M&eacute;dica. <\/strong>Ser&aacute; o momento ideal para tirar d&uacute;vidas, revisar os assuntos mais cobrados em provas anteriores e aumentar sua confian&ccedil;a para o grande dia. Marque na agenda e confira mais detalhes abaixo!&nbsp;<\/p><div id=\"ez-toc-container\" class=\"ez-toc-v2_0_79_2 counter-hierarchy ez-toc-counter ez-toc-transparent ez-toc-container-direction\">\n<div class=\"ez-toc-title-container\"><p class=\"ez-toc-title\" style=\"cursor:inherit\">Navegue pelo conte\u00fado<\/p>\n<\/div><nav><ul class='ez-toc-list ez-toc-list-level-1 ' ><li class='ez-toc-page-1 ez-toc-heading-level-2'><a class=\"ez-toc-link ez-toc-heading-1\" href=\"https:\/\/med.estrategia.com\/portal\/concursos\/nao-fique-de-fora-da-revisao-de-vespera-do-concurso-policia-federal-administrativo-2025\/#Sobre-o-Concurso-Publico-PF-Administrativo-2025\" >Sobre o Concurso P&uacute;blico PF Administrativo 2025<\/a><\/li><li class='ez-toc-page-1 ez-toc-heading-level-2'><a class=\"ez-toc-link ez-toc-heading-2\" href=\"https:\/\/med.estrategia.com\/portal\/concursos\/nao-fique-de-fora-da-revisao-de-vespera-do-concurso-policia-federal-administrativo-2025\/#O-melhor-material-para-a-sua-preparacao-e-com-o-Estrategia-MED\" >O melhor material para a sua prepara&ccedil;&atilde;o &eacute; com o Estrat&eacute;gia MED!<\/a><\/li><\/ul><\/nav><\/div>\n<h2 class=\"wp-block-heading\" id=\"h-sobre-o-concurso-publico-pf-administrativo-2025\"><span class=\"ez-toc-section\" id=\"Sobre-o-Concurso-Publico-PF-Administrativo-2025\"><\/span>Sobre o Concurso P&uacute;blico PF Administrativo 2025<span class=\"ez-toc-section-end\"><\/span><\/h2><p>O concurso p&uacute;blico da PF Administrativo oferta&nbsp;<strong>35 vagas direcionadas aos cargos de m&eacute;dico cl&iacute;nico, ortopedista e psiquiatra<\/strong>, com&nbsp;<strong>sal&aacute;rios iniciais de at&eacute; R$ 7.605,31<\/strong>&nbsp;para<strong>&nbsp;<\/strong>uma carga hor&aacute;ria de 20 horas semanais. A taxa de inscri&ccedil;&atilde;o &eacute; de&nbsp;<strong>R$110,00<\/strong>, por&eacute;m, a solicita&ccedil;&atilde;o da isen&ccedil;&atilde;o deste valor ocorreu entre os dias 29 de abril e 5 de maio.<\/p><p>Os candidatos ser&atilde;o avaliados por meio de duas provas de car&aacute;ter classificat&oacute;rio e eliminat&oacute;rio:<strong>&nbsp;objetiva e discursiva<\/strong>, previstas para acontecer no dia&nbsp;<strong>29 de junho de 2025<\/strong>.<\/p><p class=\"wp-block-preformatted\">Para mais informa&ccedil;&otilde;es sobre o Concurso P&uacute;blico PF Administrativo, acesse: <a href=\"https:\/\/med.estrategia.com\/portal\/concursos\/policia-federal-abre-concurso-para-cargos-administrativos-35-vagas-sao-ofertadas-para-medicos\/\" target=\"_blank\">Pol&iacute;cia Federal abre concurso para cargos administrativos; 35 vagas s&atilde;o ofertadas para m&eacute;dicos.<\/a><\/p><h2 class=\"wp-block-heading\" id=\"h-o-melhor-material-para-a-sua-preparacao-e-com-o-estrategia-med\"><span class=\"ez-toc-section\" id=\"O-melhor-material-para-a-sua-preparacao-e-com-o-Estrategia-MED\"><\/span>O melhor material para a sua prepara&ccedil;&atilde;o &eacute; com o Estrat&eacute;gia MED!<span class=\"ez-toc-section-end\"><\/span><\/h2><p>O<strong>&nbsp;Estrat&eacute;gia MED<\/strong>&nbsp;oferta aos candidatos aos cargos administrativos da Pol&iacute;cia Federal,&nbsp;o curso&nbsp;&nbsp;<a href=\"https:\/\/med.estrategia.com\/curso\/concursos-medicos-policia-federal-perito-pre-edital\/\" target=\"_blank\"><\/a><a href=\"https:\/\/med.estrategia.com\/curso\/concursos-medicos-policia-federal-administrativo-pre-edital\/\" target=\"_blank\">Concursos M&eacute;dicos &ndash; Pol&iacute;cia Federal Administrativo (Pr&eacute;-edital)<\/a>! Oportunidade &uacute;nica para conquistar uma carreira est&aacute;vel e valorizada no servi&ccedil;o p&uacute;blico, garantindo seguran&ccedil;a, bons sal&aacute;rios e benef&iacute;cios. Essa &eacute; uma excelente chance para m&eacute;dicos que desejam atuar em uma institui&ccedil;&atilde;o reconhecida pela excel&ecirc;ncia e import&acirc;ncia estrat&eacute;gica no pa&iacute;s.<\/p><ul class=\"wp-block-list\">\n<li>L&iacute;ngua Portuguesa;<\/li>\n\n\n\n<li>No&ccedil;&otilde;es de Inform&aacute;tica;<\/li>\n\n\n\n<li>Racioc&iacute;nio L&oacute;gico;<\/li>\n\n\n\n<li>Atualidades;<\/li>\n\n\n\n<li>No&ccedil;&otilde;es de Direito Administrativo;<\/li>\n\n\n\n<li>No&ccedil;&otilde;es de Direito Constitucional;<\/li>\n\n\n\n<li>Cl&iacute;nica M&eacute;dica;<\/li>\n\n\n\n<li>Psiquiatria; e<\/li>\n\n\n\n<li>Ortopedia.<\/li>\n<\/ul><p>O desenvolvimento do nosso material busca proporcionar um estudo estrat&eacute;gico, permitindo que voc&ecirc; otimize seu tempo e se prepare com efici&ecirc;ncia. Os alunos do pr&eacute;-edital ter&atilde;o acesso integral e gratuito ao material p&oacute;s-edital.<\/p><p>E se voc&ecirc; ainda possui alguma d&uacute;vida, enquanto preparamos a<strong>&nbsp;revis&atilde;o de v&eacute;spera do <strong>concurso do <strong>Pol&iacute;cia Federal Administrativo<\/strong>&nbsp;<strong>(PF)<\/strong><\/strong><\/strong>,&nbsp;aproveite e n&atilde;o deixe de assistir o&nbsp;<a href=\"https:\/\/www.youtube.com\/live\/JTqgBdUD9Q8\" target=\"_blank\">webin&aacute;rio&nbsp;<\/a> comandado pelos professores do Estrat&eacute;gia MED, <strong>Jo&atilde;o Paulo Telles e Renatha Paiva<\/strong>, com informa&ccedil;&otilde;es completas sobre os&nbsp;<strong>Concursos M&eacute;dicos &ndash; Pol&iacute;cia Federal<\/strong>. A transmiss&atilde;o aconteceu em nosso canal do Youtube no dia<strong>&nbsp;07 de abril de 2025.<\/strong><\/p><p>E n&atilde;o se esque&ccedil;a de<a href=\"https:\/\/www.youtube.com\/c\/Estrat%C3%A9giaMED\" target=\"_blank\">&nbsp;se inscrever em nosso canal&nbsp;<\/a>e ativar o sino de notifica&ccedil;&atilde;o para n&atilde;o perder nenhuma novidade sobre concursos p&uacute;blicos com cargos m&eacute;dicos, atualiza&ccedil;&otilde;es m&eacute;dicas e muito mais!<\/p><div class=\"wp-block-image\">\n<figure class=\"aligncenter size-full\"><img decoding=\"async\" width=\"1280\" height=\"622\" src=\"https:\/\/med.estrategia.com\/portal\/wp-content\/uploads\/2025\/08\/concursos_medicos.jpg\" alt=\"concursos_medicos\" class=\"wp-image-91529\" srcset=\"https:\/\/med.estrategia.com\/portal\/wp-content\/uploads\/2025\/08\/concursos_medicos.jpg 1280w, https:\/\/med.estrategia.com\/portal\/wp-content\/uploads\/2025\/08\/concursos_medicos-1024x498.jpg 1024w, https:\/\/med.estrategia.com\/portal\/wp-content\/uploads\/2025\/08\/concursos_medicos-768x373.jpg 768w, https:\/\/med.estrategia.com\/portal\/wp-content\/uploads\/2025\/08\/concursos_medicos-800x389.jpg 800w, https:\/\/med.estrategia.com\/portal\/wp-content\/uploads\/2025\/08\/concursos_medicos-1160x564.jpg 1160w\" sizes=\"(max-width: 1280px) 100vw, 1280px\" \/><\/figure><\/div><p>\n\n<div id=\"new-form\">\n\t<form id=\"forms_layout\">\n\t<input type=\"hidden\" id=\"chave_de\" name=\"chave_de\" value=\"01_EMED_LEADS_TOTAIS\" \/>\n\t\t<input type=\"hidden\" id=\"mid\" name=\"mid\" value=\"515009018\" \/>\n\t\t<input type=\"hidden\" id=\"Objetivo\" name=\"Objetivo\" value=\"Medicina\" \/>\n\t\t<input type=\"hidden\" id=\"Estado_de_Origem_do_IP\" name=\"Estado_de_Origem_do_IP\"  value=\"\" \/>\n\t\t<input type=\"hidden\" id=\"Cidade_de_Origem_do_IP\" name=\"Cidade_de_Origem_do_IP\" value=\"\" \/>\n\t\t<input type=\"hidden\" id=\"Modo_de_entrada\" name=\"Modo_de_entrada\" value=\"Portal\" \/>\n\t\t<input type=\"hidden\" id=\"Pagina_Origem\" name=\"Pagina_Origem\" value=\"\" \/>\n\n\t\t<div class=\"texto\">\n\t\t\t<h3 class=\"news\">Inscreva-se em nossa newsletter!<\/h3>\n\t\t\t<p>Receba not\u00edcias sobre resid\u00eancia m\u00e9dica, revalida\u00e7\u00e3o de diplomas e concursos m\u00e9dicos, al\u00e9m de materiais de estudo gratuitos e informa\u00e7\u00f5es relevantes do mundo da Medicina.<\/p>\n\t\t<\/div>\n\t\t<div class=\"campos\">\n\t\t\t<div class=\"first_name labels\">\n\t\t\t\t<input type=\"text\" class=\"input_labels\" id=\"first_name\" name=\"Nome_Completo\" placeholder=\"Nome\" required \/>\n\t\t\t<\/div>\n\t\t\t<div class=\"email labels\">\n\t\t\t\t<input type=\"email\" class=\"input_labels\" id=\"email\" name=\"Email\" placeholder=\"E-mail\" required \/>\n\t\t\t<\/div>\n\t\t\t<button type=\"submit\" class=\"button_layout\">\n\t\t\t\t<div id=\"lblBotao\">Inscreva-se<\/div>\n\t\t\t\t<span id=\"divSpiner\" class=\"loader\" role=\"status\" style=\"display: none;\"><\/span>\t\n\t\t\t<\/button>\n\t\t<\/div><!-- \/campos -->\n\t\t\n\t\t<label class=\"container_checkbox\">Voc\u00ea concorda com a nossa\n\t\t\t<a class=\"politics_privacy_ahref\" target=\"_blank\" href=\"https:\/\/gratis.estrategiaconcursos.com.br\/politica-de-privacidade\/\">Pol\u00edtica de Privacidade<\/a> e aceita receber informa\u00e7\u00f5es adicionais do Estrat\u00e9gia Educacional.\n\t\t\t<input id=\"checkbox_layout\" type=\"checkbox\" checked=\"checked\" required \/>\n\t\t\t<span class=\"checkbox\"><\/span>\n\t\t<\/label>\n\t\t<div id=\"msg\"><\/div>\n\t\t<div id=\"error\" class=\"error\">\n\t\t<\/div>\n\t<\/form>\n<\/div><!-- \/new-form -->\n<\/p><\/p>\n","protected":false},"excerpt":{"rendered":"Garanta uma boa prepara\u00e7\u00e3o para o concurso da Pol\u00edcia Federal administrativo com o Estrat\u00e9gia MED\n","protected":false},"author":45,"featured_media":89166,"comment_status":"closed","ping_status":"closed","sticky":false,"template":"","format":"standard","meta":{"wl_entities_gutenberg":"","footnotes":""},"categories":[474],"tags":[],"wl_entity_type":[199],"class_list":{"0":"post-89161","1":"post","2":"type-post","3":"status-publish","4":"format-standard","5":"has-post-thumbnail","7":"category-concursos","8":"wl_entity_type-article"},"acf":[],"yoast_head":"<!-- This site is optimized with the Yoast SEO Premium plugin v26.6 (Yoast SEO v26.6) - https:\/\/yoast.com\/wordpress\/plugins\/seo\/ -->\n<title>Participe da Revis\u00e3o de V\u00e9spera PF Administrativo 2025<\/title>\n<meta name=\"description\" content=\"Participe da revis\u00e3o de v\u00e9spera do concurso da PF Administrativo com o Estrat\u00e9gia MED, dia 28\/06, das 8h \u00e0s 16h, em nosso canal do Youtube.\" \/>\n<meta name=\"robots\" content=\"index, follow, max-snippet:-1, max-image-preview:large, max-video-preview:-1\" \/>\n<link rel=\"canonical\" href=\"https:\/\/med.estrategia.com\/portal\/concursos\/nao-fique-de-fora-da-revisao-de-vespera-do-concurso-policia-federal-administrativo-2025\/\" \/>\n<meta property=\"og:locale\" content=\"pt_BR\" \/>\n<meta property=\"og:type\" content=\"article\" \/>\n<meta property=\"og:title\" content=\"N\u00e3o fique de fora da Revis\u00e3o de V\u00e9spera\u00a0do Concurso Pol\u00edcia Federal Administrativo 2025\" \/>\n<meta property=\"og:description\" content=\"Participe da revis\u00e3o de v\u00e9spera do concurso da PF Administrativo com o Estrat\u00e9gia MED, dia 28\/06, das 8h \u00e0s 16h, em nosso canal do Youtube.\" \/>\n<meta property=\"og:url\" content=\"https:\/\/med.estrategia.com\/portal\/concursos\/nao-fique-de-fora-da-revisao-de-vespera-do-concurso-policia-federal-administrativo-2025\/\" \/>\n<meta property=\"og:site_name\" content=\"Estrat\u00e9gia MED\" \/>\n<meta property=\"article:publisher\" content=\"https:\/\/www.facebook.com\/estrategiamed1\" \/>\n<meta property=\"article:published_time\" content=\"2025-06-27T14:07:38+00:00\" \/>\n<meta property=\"article:modified_time\" content=\"2025-06-30T23:05:00+00:00\" \/>\n<meta property=\"og:image\" content=\"https:\/\/med.estrategia.com\/portal\/wp-content\/uploads\/2025\/06\/YTB_-1.jpg\" \/>\n\t<meta property=\"og:image:width\" content=\"1280\" \/>\n\t<meta property=\"og:image:height\" content=\"720\" \/>\n\t<meta property=\"og:image:type\" content=\"image\/jpeg\" \/>\n<meta name=\"author\" content=\"Priscila Pereira\" \/>\n<meta name=\"twitter:card\" content=\"summary_large_image\" \/>\n<meta name=\"twitter:creator\" content=\"@estrategiamed_\" \/>\n<meta name=\"twitter:site\" content=\"@estrategiamed_\" \/>\n<meta name=\"twitter:label1\" content=\"Escrito por\" \/>\n\t<meta name=\"twitter:data1\" content=\"Priscila Pereira\" \/>\n\t<meta name=\"twitter:label2\" content=\"Est. tempo de leitura\" \/>\n\t<meta name=\"twitter:data2\" content=\"3 minutos\" \/>\n<script type=\"application\/ld+json\" class=\"yoast-schema-graph\">{\"@context\":\"https:\/\/schema.org\",\"@graph\":[{\"@type\":\"WebPage\",\"@id\":\"https:\/\/med.estrategia.com\/portal\/concursos\/nao-fique-de-fora-da-revisao-de-vespera-do-concurso-policia-federal-administrativo-2025\/\",\"url\":\"https:\/\/med.estrategia.com\/portal\/concursos\/nao-fique-de-fora-da-revisao-de-vespera-do-concurso-policia-federal-administrativo-2025\/\",\"name\":\"Participe da Revis\u00e3o de V\u00e9spera PF Administrativo 2025\",\"isPartOf\":{\"@id\":\"https:\/\/med.estrategia.com\/portal\/#website\"},\"primaryImageOfPage\":{\"@id\":\"https:\/\/med.estrategia.com\/portal\/concursos\/nao-fique-de-fora-da-revisao-de-vespera-do-concurso-policia-federal-administrativo-2025\/#primaryimage\"},\"image\":{\"@id\":\"https:\/\/med.estrategia.com\/portal\/concursos\/nao-fique-de-fora-da-revisao-de-vespera-do-concurso-policia-federal-administrativo-2025\/#primaryimage\"},\"thumbnailUrl\":\"https:\/\/med.estrategia.com\/portal\/wp-content\/uploads\/2025\/06\/YTB_-1.jpg\",\"datePublished\":\"2025-06-27T14:07:38+00:00\",\"dateModified\":\"2025-06-30T23:05:00+00:00\",\"author\":{\"@id\":\"https:\/\/med.estrategia.com\/portal\/#\/schema\/person\/d1df06a83a849b79b2d480e7d8952ce3\"},\"description\":\"Participe da revis\u00e3o de v\u00e9spera do concurso da PF Administrativo com o Estrat\u00e9gia MED, dia 28\/06, das 8h \u00e0s 16h, em nosso canal do Youtube.\",\"breadcrumb\":{\"@id\":\"https:\/\/med.estrategia.com\/portal\/concursos\/nao-fique-de-fora-da-revisao-de-vespera-do-concurso-policia-federal-administrativo-2025\/#breadcrumb\"},\"inLanguage\":\"pt-BR\",\"potentialAction\":[{\"@type\":\"ReadAction\",\"target\":[\"https:\/\/med.estrategia.com\/portal\/concursos\/nao-fique-de-fora-da-revisao-de-vespera-do-concurso-policia-federal-administrativo-2025\/\"]}]},{\"@type\":\"ImageObject\",\"inLanguage\":\"pt-BR\",\"@id\":\"https:\/\/med.estrategia.com\/portal\/concursos\/nao-fique-de-fora-da-revisao-de-vespera-do-concurso-policia-federal-administrativo-2025\/#primaryimage\",\"url\":\"https:\/\/med.estrategia.com\/portal\/wp-content\/uploads\/2025\/06\/YTB_-1.jpg\",\"contentUrl\":\"https:\/\/med.estrategia.com\/portal\/wp-content\/uploads\/2025\/06\/YTB_-1.jpg\",\"width\":1280,\"height\":720,\"caption\":\"Estrat\u00e9gia MED | Revis\u00e3o de V\u00e9spera Concurso P\u00fablico Pol\u00edcia Federal ADM\"},{\"@type\":\"BreadcrumbList\",\"@id\":\"https:\/\/med.estrategia.com\/portal\/concursos\/nao-fique-de-fora-da-revisao-de-vespera-do-concurso-policia-federal-administrativo-2025\/#breadcrumb\",\"itemListElement\":[{\"@type\":\"ListItem\",\"position\":1,\"name\":\"Home\",\"item\":\"https:\/\/med.estrategia.com\/portal\/\"},{\"@type\":\"ListItem\",\"position\":2,\"name\":\"Concursos M\u00e9dicos\",\"item\":\"https:\/\/med.estrategia.com\/portal\/concursos\/\"},{\"@type\":\"ListItem\",\"position\":3,\"name\":\"N\u00e3o fique de fora da Revis\u00e3o de V\u00e9spera\u00a0do Concurso Pol\u00edcia Federal Administrativo 2025\"}]},{\"@type\":\"WebSite\",\"@id\":\"https:\/\/med.estrategia.com\/portal\/#website\",\"url\":\"https:\/\/med.estrategia.com\/portal\/\",\"name\":\"Estrat\u00e9gia MED\",\"description\":\"\",\"potentialAction\":[{\"@type\":\"SearchAction\",\"target\":{\"@type\":\"EntryPoint\",\"urlTemplate\":\"https:\/\/med.estrategia.com\/portal\/?s={search_term_string}\"},\"query-input\":{\"@type\":\"PropertyValueSpecification\",\"valueRequired\":true,\"valueName\":\"search_term_string\"}}],\"inLanguage\":\"pt-BR\"},{\"@type\":\"Person\",\"@id\":\"https:\/\/med.estrategia.com\/portal\/#\/schema\/person\/d1df06a83a849b79b2d480e7d8952ce3\",\"name\":\"Priscila Pereira\",\"image\":{\"@type\":\"ImageObject\",\"inLanguage\":\"pt-BR\",\"@id\":\"https:\/\/med.estrategia.com\/portal\/#\/schema\/person\/image\/\",\"url\":\"https:\/\/secure.gravatar.com\/avatar\/fe94f8430a1d23a69c0bc7aab6202e21?s=96&d=mm&r=g\",\"contentUrl\":\"https:\/\/secure.gravatar.com\/avatar\/fe94f8430a1d23a69c0bc7aab6202e21?s=96&d=mm&r=g\",\"caption\":\"Priscila Pereira\"},\"description\":\"Formada e p\u00f3s-graduada na \u00e1rea de comunica\u00e7\u00e3o, divido minha paix\u00e3o entre o jornalismo e os esportes\",\"url\":\"https:\/\/med.estrategia.com\/portal\/author\/priscila-pereira\/\"}]}<\/script>\n<!-- \/ Yoast SEO Premium plugin. -->","yoast_head_json":{"title":"Participe da Revis\u00e3o de V\u00e9spera PF Administrativo 2025","description":"Participe da revis\u00e3o de v\u00e9spera do concurso da PF Administrativo com o Estrat\u00e9gia MED, dia 28\/06, das 8h \u00e0s 16h, em nosso canal do Youtube.","robots":{"index":"index","follow":"follow","max-snippet":"max-snippet:-1","max-image-preview":"max-image-preview:large","max-video-preview":"max-video-preview:-1"},"canonical":"https:\/\/med.estrategia.com\/portal\/concursos\/nao-fique-de-fora-da-revisao-de-vespera-do-concurso-policia-federal-administrativo-2025\/","og_locale":"pt_BR","og_type":"article","og_title":"N\u00e3o fique de fora da Revis\u00e3o de V\u00e9spera\u00a0do Concurso Pol\u00edcia Federal Administrativo 2025","og_description":"Participe da revis\u00e3o de v\u00e9spera do concurso da PF Administrativo com o Estrat\u00e9gia MED, dia 28\/06, das 8h \u00e0s 16h, em nosso canal do Youtube.","og_url":"https:\/\/med.estrategia.com\/portal\/concursos\/nao-fique-de-fora-da-revisao-de-vespera-do-concurso-policia-federal-administrativo-2025\/","og_site_name":"Estrat\u00e9gia MED","article_publisher":"https:\/\/www.facebook.com\/estrategiamed1","article_published_time":"2025-06-27T14:07:38+00:00","article_modified_time":"2025-06-30T23:05:00+00:00","og_image":[{"width":1280,"height":720,"url":"https:\/\/med.estrategia.com\/portal\/wp-content\/uploads\/2025\/06\/YTB_-1.jpg","type":"image\/jpeg"}],"author":"Priscila Pereira","twitter_card":"summary_large_image","twitter_creator":"@estrategiamed_","twitter_site":"@estrategiamed_","twitter_misc":{"Escrito por":"Priscila Pereira","Est. tempo de leitura":"3 minutos"},"schema":{"@context":"https:\/\/schema.org","@graph":[{"@type":"WebPage","@id":"https:\/\/med.estrategia.com\/portal\/concursos\/nao-fique-de-fora-da-revisao-de-vespera-do-concurso-policia-federal-administrativo-2025\/","url":"https:\/\/med.estrategia.com\/portal\/concursos\/nao-fique-de-fora-da-revisao-de-vespera-do-concurso-policia-federal-administrativo-2025\/","name":"Participe da Revis\u00e3o de V\u00e9spera PF Administrativo 2025","isPartOf":{"@id":"https:\/\/med.estrategia.com\/portal\/#website"},"primaryImageOfPage":{"@id":"https:\/\/med.estrategia.com\/portal\/concursos\/nao-fique-de-fora-da-revisao-de-vespera-do-concurso-policia-federal-administrativo-2025\/#primaryimage"},"image":{"@id":"https:\/\/med.estrategia.com\/portal\/concursos\/nao-fique-de-fora-da-revisao-de-vespera-do-concurso-policia-federal-administrativo-2025\/#primaryimage"},"thumbnailUrl":"https:\/\/med.estrategia.com\/portal\/wp-content\/uploads\/2025\/06\/YTB_-1.jpg","datePublished":"2025-06-27T14:07:38+00:00","dateModified":"2025-06-30T23:05:00+00:00","author":{"@id":"https:\/\/med.estrategia.com\/portal\/#\/schema\/person\/d1df06a83a849b79b2d480e7d8952ce3"},"description":"Participe da revis\u00e3o de v\u00e9spera do concurso da PF Administrativo com o Estrat\u00e9gia MED, dia 28\/06, das 8h \u00e0s 16h, em nosso canal do Youtube.","breadcrumb":{"@id":"https:\/\/med.estrategia.com\/portal\/concursos\/nao-fique-de-fora-da-revisao-de-vespera-do-concurso-policia-federal-administrativo-2025\/#breadcrumb"},"inLanguage":"pt-BR","potentialAction":[{"@type":"ReadAction","target":["https:\/\/med.estrategia.com\/portal\/concursos\/nao-fique-de-fora-da-revisao-de-vespera-do-concurso-policia-federal-administrativo-2025\/"]}]},{"@type":"ImageObject","inLanguage":"pt-BR","@id":"https:\/\/med.estrategia.com\/portal\/concursos\/nao-fique-de-fora-da-revisao-de-vespera-do-concurso-policia-federal-administrativo-2025\/#primaryimage","url":"https:\/\/med.estrategia.com\/portal\/wp-content\/uploads\/2025\/06\/YTB_-1.jpg","contentUrl":"https:\/\/med.estrategia.com\/portal\/wp-content\/uploads\/2025\/06\/YTB_-1.jpg","width":1280,"height":720,"caption":"Estrat\u00e9gia MED | Revis\u00e3o de V\u00e9spera Concurso P\u00fablico Pol\u00edcia Federal ADM"},{"@type":"BreadcrumbList","@id":"https:\/\/med.estrategia.com\/portal\/concursos\/nao-fique-de-fora-da-revisao-de-vespera-do-concurso-policia-federal-administrativo-2025\/#breadcrumb","itemListElement":[{"@type":"ListItem","position":1,"name":"Home","item":"https:\/\/med.estrategia.com\/portal\/"},{"@type":"ListItem","position":2,"name":"Concursos M\u00e9dicos","item":"https:\/\/med.estrategia.com\/portal\/concursos\/"},{"@type":"ListItem","position":3,"name":"N\u00e3o fique de fora da Revis\u00e3o de V\u00e9spera\u00a0do Concurso Pol\u00edcia Federal Administrativo 2025"}]},{"@type":"WebSite","@id":"https:\/\/med.estrategia.com\/portal\/#website","url":"https:\/\/med.estrategia.com\/portal\/","name":"Estrat\u00e9gia MED","description":"","potentialAction":[{"@type":"SearchAction","target":{"@type":"EntryPoint","urlTemplate":"https:\/\/med.estrategia.com\/portal\/?s={search_term_string}"},"query-input":{"@type":"PropertyValueSpecification","valueRequired":true,"valueName":"search_term_string"}}],"inLanguage":"pt-BR"},{"@type":"Person","@id":"https:\/\/med.estrategia.com\/portal\/#\/schema\/person\/d1df06a83a849b79b2d480e7d8952ce3","name":"Priscila Pereira","image":{"@type":"ImageObject","inLanguage":"pt-BR","@id":"https:\/\/med.estrategia.com\/portal\/#\/schema\/person\/image\/","url":"https:\/\/secure.gravatar.com\/avatar\/fe94f8430a1d23a69c0bc7aab6202e21?s=96&d=mm&r=g","contentUrl":"https:\/\/secure.gravatar.com\/avatar\/fe94f8430a1d23a69c0bc7aab6202e21?s=96&d=mm&r=g","caption":"Priscila Pereira"},"description":"Formada e p\u00f3s-graduada na \u00e1rea de comunica\u00e7\u00e3o, divido minha paix\u00e3o entre o jornalismo e os esportes","url":"https:\/\/med.estrategia.com\/portal\/author\/priscila-pereira\/"}]}},"_wl_alt_label":[],"wl:entity_url":"\/post\/programa-se-para-a-revisao-de-vespera-do-concurso-perito-medico-inss-com-o-estrategia-med-89161","_links":{"self":[{"href":"https:\/\/med.estrategia.com\/portal\/wp-json\/wp\/v2\/posts\/89161","targetHints":{"allow":["GET"]}}],"collection":[{"href":"https:\/\/med.estrategia.com\/portal\/wp-json\/wp\/v2\/posts"}],"about":[{"href":"https:\/\/med.estrategia.com\/portal\/wp-json\/wp\/v2\/types\/post"}],"author":[{"embeddable":true,"href":"https:\/\/med.estrategia.com\/portal\/wp-json\/wp\/v2\/users\/45"}],"replies":[{"embeddable":true,"href":"https:\/\/med.estrategia.com\/portal\/wp-json\/wp\/v2\/comments?post=89161"}],"version-history":[{"count":4,"href":"https:\/\/med.estrategia.com\/portal\/wp-json\/wp\/v2\/posts\/89161\/revisions"}],"predecessor-version":[{"id":89170,"href":"https:\/\/med.estrategia.com\/portal\/wp-json\/wp\/v2\/posts\/89161\/revisions\/89170"}],"wp:featuredmedia":[{"embeddable":true,"href":"https:\/\/med.estrategia.com\/portal\/wp-json\/wp\/v2\/media\/89166"}],"wp:attachment":[{"href":"https:\/\/med.estrategia.com\/portal\/wp-json\/wp\/v2\/media?parent=89161"}],"wp:term":[{"taxonomy":"category","embeddable":true,"href":"https:\/\/med.estrategia.com\/portal\/wp-json\/wp\/v2\/categories?post=89161"},{"taxonomy":"post_tag","embeddable":true,"href":"https:\/\/med.estrategia.com\/portal\/wp-json\/wp\/v2\/tags?post=89161"},{"taxonomy":"wl_entity_type","embeddable":true,"href":"https:\/\/med.estrategia.com\/portal\/wp-json\/wp\/v2\/wl_entity_type?post=89161"}],"curies":[{"name":"wp","href":"https:\/\/api.w.org\/{rel}","templated":true}]}}