{"id":89200,"date":"2025-06-27T14:55:28","date_gmt":"2025-06-27T17:55:28","guid":{"rendered":"https:\/\/med.estrategia.com\/portal\/?p=89200"},"modified":"2025-06-30T15:52:21","modified_gmt":"2025-06-30T18:52:21","slug":"resumo-da-sindrome-de-lofgren-sintomas-diagnostico-e-mais","status":"publish","type":"post","link":"https:\/\/med.estrategia.com\/portal\/conteudos-gratis\/doencas\/resumo-da-sindrome-de-lofgren-sintomas-diagnostico-e-mais\/","title":{"rendered":"Resumo da S\u00edndrome de L\u00f6fgren: sintomas, diagn\u00f3stico e mais!"},"content":{"rendered":"<p><strong>Ol&aacute;, querido doutor e doutora! <\/strong>A s&iacute;ndrome de L&ouml;fgren representa uma forma aguda e autolimitada de sarcoidose, com apresenta&ccedil;&atilde;o cl&iacute;nica bem definida e evolu&ccedil;&atilde;o geralmente benigna. Reconhec&ecirc;-la precocemente permite evitar exames invasivos e tratamentos desnecess&aacute;rios, especialmente em pacientes jovens.&nbsp;<p><em>Mais de 90% dos pacientes evoluem para remiss&atilde;o completa dentro de um ano<\/em>.<\/p><div id=\"ez-toc-container\" class=\"ez-toc-v2_0_79_2 counter-hierarchy ez-toc-counter ez-toc-transparent ez-toc-container-direction\">\n<div class=\"ez-toc-title-container\"><p class=\"ez-toc-title\" style=\"cursor:inherit\">Navegue pelo conte\u00fado<\/p>\n<\/div><nav><ul class='ez-toc-list ez-toc-list-level-1 ' ><li class='ez-toc-page-1 ez-toc-heading-level-2'><a class=\"ez-toc-link ez-toc-heading-1\" href=\"https:\/\/med.estrategia.com\/portal\/conteudos-gratis\/doencas\/resumo-da-sindrome-de-lofgren-sintomas-diagnostico-e-mais\/#Conceito\" >Conceito&nbsp;<\/a><\/li><li class='ez-toc-page-1 ez-toc-heading-level-2'><a class=\"ez-toc-link ez-toc-heading-2\" href=\"https:\/\/med.estrategia.com\/portal\/conteudos-gratis\/doencas\/resumo-da-sindrome-de-lofgren-sintomas-diagnostico-e-mais\/#Fisiopatologia\" >Fisiopatologia&nbsp;&nbsp;<\/a><\/li><li class='ez-toc-page-1 ez-toc-heading-level-2'><a class=\"ez-toc-link ez-toc-heading-3\" href=\"https:\/\/med.estrategia.com\/portal\/conteudos-gratis\/doencas\/resumo-da-sindrome-de-lofgren-sintomas-diagnostico-e-mais\/#Epidemiologia-e-fatores-de-risco\" >Epidemiologia e fatores de risco<\/a><\/li><li class='ez-toc-page-1 ez-toc-heading-level-2'><a class=\"ez-toc-link ez-toc-heading-4\" href=\"https:\/\/med.estrategia.com\/portal\/conteudos-gratis\/doencas\/resumo-da-sindrome-de-lofgren-sintomas-diagnostico-e-mais\/#Avaliacao-clinica\" >Avalia&ccedil;&atilde;o cl&iacute;nica<\/a><\/li><li class='ez-toc-page-1 ez-toc-heading-level-2'><a class=\"ez-toc-link ez-toc-heading-5\" href=\"https:\/\/med.estrategia.com\/portal\/conteudos-gratis\/doencas\/resumo-da-sindrome-de-lofgren-sintomas-diagnostico-e-mais\/#Diagnostico\" >Diagn&oacute;stico&nbsp;<\/a><\/li><li class='ez-toc-page-1 ez-toc-heading-level-2'><a class=\"ez-toc-link ez-toc-heading-6\" href=\"https:\/\/med.estrategia.com\/portal\/conteudos-gratis\/doencas\/resumo-da-sindrome-de-lofgren-sintomas-diagnostico-e-mais\/#Tratamento-e-prognostico\" >Tratamento e progn&oacute;stico<\/a><\/li><li class='ez-toc-page-1 ez-toc-heading-level-2'><a class=\"ez-toc-link ez-toc-heading-7\" href=\"https:\/\/med.estrategia.com\/portal\/conteudos-gratis\/doencas\/resumo-da-sindrome-de-lofgren-sintomas-diagnostico-e-mais\/#Veja-Tambem\" >Veja Tamb&eacute;m<\/a><\/li><li class='ez-toc-page-1 ez-toc-heading-level-2'><a class=\"ez-toc-link ez-toc-heading-8\" href=\"https:\/\/med.estrategia.com\/portal\/conteudos-gratis\/doencas\/resumo-da-sindrome-de-lofgren-sintomas-diagnostico-e-mais\/#Canal-do-YouTube\" >Canal do YouTube&nbsp;<\/a><\/li><li class='ez-toc-page-1 ez-toc-heading-level-2'><a class=\"ez-toc-link ez-toc-heading-9\" href=\"https:\/\/med.estrategia.com\/portal\/conteudos-gratis\/doencas\/resumo-da-sindrome-de-lofgren-sintomas-diagnostico-e-mais\/#Referencias-Bibliograficas\" >Refer&ecirc;ncias Bibliogr&aacute;ficas&nbsp;<\/a><\/li><\/ul><\/nav><\/div>\n<h2 class=\"wp-block-heading\" id=\"h-conceito-nbsp\"><span class=\"ez-toc-section\" id=\"Conceito\"><\/span>Conceito&nbsp;<span class=\"ez-toc-section-end\"><\/span><\/h2><p>A <strong>s&iacute;ndrome de L&ouml;fgren<\/strong> &eacute; uma forma de apresenta&ccedil;&atilde;o aguda da sarcoidose, caracterizada pela combina&ccedil;&atilde;o de <strong>eritema nodoso<\/strong>, <strong>linfadenopatia hilar bilateral<\/strong> e <strong>poliartralgia ou artrite migrat&oacute;ria<\/strong>. Essa tr&iacute;ade cl&iacute;nica, quando presente, &eacute; altamente sugestiva da condi&ccedil;&atilde;o e permite o diagn&oacute;stico mesmo na aus&ecirc;ncia de bi&oacute;psia. Embora fa&ccedil;a parte do espectro da sarcoidose, difere por sua <strong>evolu&ccedil;&atilde;o r&aacute;pida, curso autolimitado<\/strong> e bom desfecho cl&iacute;nico na maioria dos casos.<\/p><p>Ao contr&aacute;rio da sarcoidose cr&ocirc;nica, que pode comprometer diversos &oacute;rg&atilde;os e exigir tratamento prolongado, a s&iacute;ndrome de L&ouml;fgren costuma se resolver espontaneamente em at&eacute; um ano, com baixo risco de recidiva. Seu reconhecimento &eacute; importante para evitar exames invasivos e terapias desnecess&aacute;rias.<\/p><h2 class=\"wp-block-heading\" id=\"h-fisiopatologia-nbsp-nbsp\"><span class=\"ez-toc-section\" id=\"Fisiopatologia\"><\/span>Fisiopatologia&nbsp;&nbsp;<span class=\"ez-toc-section-end\"><\/span><\/h2><p>A <strong>s&iacute;ndrome de L&ouml;fgren<\/strong> reflete uma resposta inflamat&oacute;ria exagerada e localizada, desencadeada por fatores ambientais em indiv&iacute;duos geneticamente predispostos. Ainda n&atilde;o se conhece o agente inicial respons&aacute;vel, mas acredita-se que a exposi&ccedil;&atilde;o a ant&iacute;genos &mdash; como bact&eacute;rias (ex.: <em>Mycobacterium tuberculosis<\/em>, <em>Propionibacterium acnes<\/em>) ou part&iacute;culas inorg&acirc;nicas (ex.: poeiras, b&aacute;rio) &mdash; possa ativar a imunidade celular em certos hospedeiros.<\/p><p>O mecanismo central envolve a ativa&ccedil;&atilde;o de <strong>linf&oacute;citos T CD4+<\/strong>, que, ao reconhecerem esses ant&iacute;genos, secretam citocinas inflamat&oacute;rias como <strong>IL-2, IFN-&gamma; e TNF-&alpha;<\/strong>. Essa cascata favorece o recrutamento de <strong>macr&oacute;fagos ativados<\/strong> e promove a forma&ccedil;&atilde;o de <strong>granulomas n&atilde;o caseosos<\/strong>, caracter&iacute;sticos da sarcoidose.<\/p><p>Na forma aguda representada pela s&iacute;ndrome de L&ouml;fgren, esses granulomas surgem de forma abrupta, especialmente nos <strong>g&acirc;nglios hilares<\/strong> e no interst&iacute;cio pulmonar. O perfil imunol&oacute;gico predominante &eacute; <strong>Th1<\/strong>, com aumento na rela&ccedil;&atilde;o CD4\/CD8 no lavado broncoalveolar, embora esse achado nem sempre seja necess&aacute;rio para o diagn&oacute;stico.<\/p><div class=\"wp-block-buttons is-horizontal is-content-justification-center is-layout-flex wp-container-core-buttons-is-layout-1 wp-block-buttons-is-layout-flex\">\n<div class=\"wp-block-button\"><a class=\"wp-block-button__link has-background wp-element-button\" href=\"https:\/\/med.estrategia.com\/cursos\/\" style=\"background-color:#0ba4ae\" target=\"_blank\">Conhe&ccedil;a os cursos do Estrat&eacute;gia MED!<\/a><\/div>\n<\/div><h2 class=\"wp-block-heading\" id=\"h-epidemiologia-e-fatores-de-risco\"><span class=\"ez-toc-section\" id=\"Epidemiologia-e-fatores-de-risco\"><\/span>Epidemiologia e fatores de risco<span class=\"ez-toc-section-end\"><\/span><\/h2><p>A <strong>s&iacute;ndrome de L&ouml;fgren<\/strong> ocorre com mais frequ&ecirc;ncia em <strong>adultos jovens<\/strong>, sendo mais prevalente em indiv&iacute;duos com menos de <strong>35 anos<\/strong>. H&aacute; uma discreta predomin&acirc;ncia entre as <strong>mulheres<\/strong>, especialmente quando o eritema nodoso &eacute; a principal manifesta&ccedil;&atilde;o, enquanto as <strong>artrites<\/strong> s&atilde;o mais comuns em homens.<\/p><p>Sua distribui&ccedil;&atilde;o geogr&aacute;fica acompanha a da sarcoidose, mas com <strong>maior incid&ecirc;ncia nos pa&iacute;ses do norte da Europa<\/strong>, como Su&eacute;cia e Noruega, e <strong>menor preval&ecirc;ncia em regi&otilde;es mediterr&acirc;neas e asi&aacute;ticas<\/strong>, como Espanha e Jap&atilde;o. Entre os grupos &eacute;tnicos, <strong>europeus caucasianos de origem escandinava<\/strong> s&atilde;o os mais frequentemente acometidos.<\/p><p>Os <strong>fatores gen&eacute;ticos<\/strong> tamb&eacute;m influenciam o risco. A presen&ccedil;a do <strong>hapl&oacute;tipo HLA-DRB1*03<\/strong>, especialmente quando associado ao <strong>HLA-B8<\/strong>, est&aacute; fortemente relacionada tanto &agrave; ocorr&ecirc;ncia da s&iacute;ndrome quanto &agrave; sua remiss&atilde;o espont&acirc;nea, sendo um marcador de bom progn&oacute;stico.<\/p><h2 class=\"wp-block-heading\" id=\"h-avaliacao-clinica\"><span class=\"ez-toc-section\" id=\"Avaliacao-clinica\"><\/span>Avalia&ccedil;&atilde;o cl&iacute;nica<span class=\"ez-toc-section-end\"><\/span><\/h2><p>A apresenta&ccedil;&atilde;o cl&iacute;nica da <strong>s&iacute;ndrome de L&ouml;fgren<\/strong> &eacute; geralmente abrupta, com sintomas que se instalam de forma r&aacute;pida e marcante. A manifesta&ccedil;&atilde;o mais caracter&iacute;stica &eacute; a <strong>tr&iacute;ade cl&aacute;ssica<\/strong>, composta por:<\/p><ul class=\"wp-block-list\">\n<li><strong>Eritema nodoso<\/strong>: surgimento de n&oacute;dulos subcut&acirc;neos dolorosos, vermelhos e geralmente <strong>sim&eacute;tricos<\/strong>, localizados nas <strong>regi&otilde;es anteriores das pernas<\/strong>. Essas les&otilde;es n&atilde;o evoluem com ulcera&ccedil;&atilde;o e tendem a desaparecer espontaneamente, podendo deixar <strong>hiperpigmenta&ccedil;&atilde;o residual<\/strong>, mas sem cicatrizes.<\/li>\n<\/ul><ul class=\"wp-block-list\">\n<li><strong>Linfadenopatia hilar bilateral<\/strong>: visualizada principalmente em exames de imagem (como radiografia de t&oacute;rax), essa altera&ccedil;&atilde;o reflete o acometimento ganglionar intrator&aacute;cico e, muitas vezes, <strong>&eacute; assintom&aacute;tica<\/strong>.<\/li>\n<\/ul><ul class=\"wp-block-list\">\n<li><strong>Artrite ou poliartralgia migrat&oacute;ria<\/strong>: costuma afetar de forma <strong>sim&eacute;trica os tornozelos<\/strong>, mas pode tamb&eacute;m acometer joelhos, punhos e cotovelos. Nos homens, pode se manifestar como <strong>tenossinovite<\/strong> e edema periarticular, mais do que artrite verdadeira.<\/li>\n<\/ul><p>Al&eacute;m da tr&iacute;ade, outros sintomas podem estar presentes:<\/p><ul class=\"wp-block-list\">\n<li><strong>Febre baixa<\/strong> e <strong>mal-estar geral;<\/strong><\/li>\n<\/ul><ul class=\"wp-block-list\">\n<li><strong>Fadiga;<\/strong><\/li>\n<\/ul><ul class=\"wp-block-list\">\n<li><strong>Uve&iacute;te anterior<\/strong> (menos comum, mas poss&iacute;vel);<\/li>\n<\/ul><ul class=\"wp-block-list\">\n<li><strong>Adenopatias perif&eacute;ricas<\/strong> (ex.: cervicais ou inguinais, geralmente indolores);<\/li>\n<\/ul><ul class=\"wp-block-list\">\n<li>Sintomas respirat&oacute;rios s&atilde;o raros, mas podem ocorrer em alguns casos (ex.: tosse seca leve).<\/li>\n<\/ul><p>Os sintomas articulares e cut&acirc;neos costumam ser <strong>flutuantes<\/strong>, com epis&oacute;dios mais intensos intercalados por per&iacute;odos de melhora, frequentemente relacionados ao aparecimento e desaparecimento do eritema nodoso.<\/p><h2 class=\"wp-block-heading\" id=\"h-diagnostico-nbsp\"><span class=\"ez-toc-section\" id=\"Diagnostico\"><\/span>Diagn&oacute;stico&nbsp;<span class=\"ez-toc-section-end\"><\/span><\/h2><p>O diagn&oacute;stico da <strong>s&iacute;ndrome de L&ouml;fgren<\/strong> &eacute; eminentemente <strong>cl&iacute;nico-radiol&oacute;gico<\/strong>, baseado na identifica&ccedil;&atilde;o da tr&iacute;ade cl&aacute;ssica: <strong>eritema nodoso<\/strong>, <strong>linfadenopatia hilar bilateral<\/strong> e <strong>artralgia ou artrite<\/strong>. Quando ao menos dois desses achados est&atilde;o presentes, especialmente em pacientes jovens e com quadro t&iacute;pico, o diagn&oacute;stico pode ser feito <strong>sem necessidade de bi&oacute;psia<\/strong>.<\/p><h3 class=\"wp-block-heading\" id=\"h-exames-de-imagem\">Exames de imagem<\/h3><ul class=\"wp-block-list\">\n<li><strong>Radiografia de t&oacute;rax<\/strong>: &eacute; essencial para confirmar a <strong>linfadenopatia hilar bilateral<\/strong>, achado chave para o diagn&oacute;stico. Em casos duvidosos, a <strong>tomografia computadorizada<\/strong> pode ser indicada.<\/li>\n<\/ul><h3 class=\"wp-block-heading\" id=\"h-exames-laboratoriais\">Exames laboratoriais<\/h3><ul class=\"wp-block-list\">\n<li><strong>Velocidade de hemossedimenta&ccedil;&atilde;o (VHS)<\/strong> e <strong>PCR<\/strong>: podem estar discretamente elevadas.<\/li>\n<\/ul><ul class=\"wp-block-list\">\n<li><strong>Enzima conversora da angiotensina (ECA)<\/strong>: pode estar aumentada, embora tenha <strong>baixa especificidade e sensibilidade<\/strong>, principalmente na forma aguda.<\/li>\n<\/ul><ul class=\"wp-block-list\">\n<li><strong>Hemograma<\/strong>: pode revelar <strong>linfopenia<\/strong>.<\/li>\n<\/ul><ul class=\"wp-block-list\">\n<li><strong>Teste tubercul&iacute;nico (PPD) ou QuantiFERON<\/strong>: utilizados para <strong>excluir tuberculose<\/strong>, importante no diagn&oacute;stico diferencial.<\/li>\n<\/ul><ul class=\"wp-block-list\">\n<li><strong>Fun&ccedil;&atilde;o tireoidiana<\/strong>: pode ser investigada em casos com suspeita de associa&ccedil;&atilde;o com sarcoidose cut&acirc;nea.<\/li>\n<\/ul><h3 class=\"wp-block-heading\" id=\"h-lavado-broncoalveolar-lba\">Lavado broncoalveolar (LBA)<\/h3><p>Em casos at&iacute;picos ou persistentes, pode-se realizar LBA para an&aacute;lise da <strong>rela&ccedil;&atilde;o CD4\/CD8<\/strong>, que frequentemente est&aacute; aumentada (&gt;3,5), embora esse achado n&atilde;o seja obrigat&oacute;rio nem espec&iacute;fico.<\/p><h2 class=\"wp-block-heading\" id=\"h-tratamento-e-prognostico\"><span class=\"ez-toc-section\" id=\"Tratamento-e-prognostico\"><\/span>Tratamento e progn&oacute;stico<span class=\"ez-toc-section-end\"><\/span><\/h2><h3 class=\"wp-block-heading\" id=\"h-manejo-inicial-e-controle-sintomatico\">Manejo inicial e controle sintom&aacute;tico<\/h3><p>O tratamento da <strong>s&iacute;ndrome de L&ouml;fgren<\/strong> costuma ser conservador, voltado principalmente ao al&iacute;vio dos sintomas. Nos casos t&iacute;picos, com apresenta&ccedil;&atilde;o leve a moderada, o uso de <strong>anti-inflamat&oacute;rios n&atilde;o esteroides (AINEs)<\/strong> &eacute; suficiente para controlar febre, mal-estar e, principalmente, as <strong>artralgias<\/strong>. Esses medicamentos tamb&eacute;m auxiliam na recupera&ccedil;&atilde;o funcional das articula&ccedil;&otilde;es envolvidas, especialmente tornozelos e joelhos, que s&atilde;o frequentemente acometidos.<\/p><h3 class=\"wp-block-heading\" id=\"h-uso-de-corticosteroides\">Uso de corticosteroides<\/h3><p>Quando os sintomas articulares s&atilde;o mais intensos, com <strong>comprometimento funcional significativo<\/strong>, pode ser necess&aacute;rio o uso de <strong>corticosteroides orais<\/strong>. A prednisolona em doses baixas, como <strong>10 mg\/dia<\/strong>, costuma promover melhora cl&iacute;nica r&aacute;pida, sendo mantida por tempo curto, geralmente duas a quatro semanas. A retirada deve ser progressiva, evitando efeitos adversos e respeitando a resposta cl&iacute;nica do paciente.<\/p><h3 class=\"wp-block-heading\" id=\"h-alternativas-terapeuticas-em-casos-especificos\">Alternativas terap&ecirc;uticas em casos espec&iacute;ficos<\/h3><p>Em situa&ccedil;&otilde;es onde h&aacute; <strong>intoler&acirc;ncia aos AINEs<\/strong> ou quando os sintomas persistem por mais tempo, pode-se considerar o uso de <strong>colchicina<\/strong> ou <strong>hidroxicloroquina<\/strong>. Essas medica&ccedil;&otilde;es s&atilde;o mais utilizadas em casos de artrite prolongada ou recorrente, embora seu emprego na s&iacute;ndrome de L&ouml;fgren seja menos comum e geralmente reservado a contextos espec&iacute;ficos.<\/p><h3 class=\"wp-block-heading\" id=\"h-prognostico-favoravel-e-remissao-espontanea\">Progn&oacute;stico favor&aacute;vel e remiss&atilde;o espont&acirc;nea<\/h3><p>O desfecho da s&iacute;ndrome de L&ouml;fgren costuma ser muito positivo. Em <strong>mais de 90% dos casos<\/strong>, ocorre <strong>resolu&ccedil;&atilde;o espont&acirc;nea<\/strong> completa dentro de <strong>6 a 12 meses<\/strong>, sem necessidade de tratamento prolongado. O <strong>eritema nodoso<\/strong> tende a regredir nas primeiras seis semanas, enquanto as <strong>linfadenopatias hilares<\/strong> podem levar alguns meses para desaparecer. A presen&ccedil;a do hapl&oacute;tipo <strong>HLA-DRB1*03<\/strong> est&aacute; associada a uma taxa ainda maior de remiss&atilde;o.<\/p><p><strong><em>Venha fazer parte da maior plataforma de Medicina do Brasil! O Estrat&eacute;gia MED possui os materiais mais atualizados e cursos ministrados por especialistas na &aacute;rea. N&atilde;o perca a oportunidade de elevar seus estudos, inscreva-se agora e comece a construir um caminho de excel&ecirc;ncia na medicina!<\/em><\/strong>&nbsp;<\/p><p>\n\n\n\n<div class=\"estrategia-catalog\"><h3>Curso Extensivo de Resid&ecirc;ncia M&eacute;dica<\/h3><div class=\"carrossel-product\"><div><h4>Curso Extensivo Resid\u00eancia M\u00e9dica - 12 meses<\/h4><div class=\"cat-description\">Estude com nosso curso mais completo e tenha acesso a um material multim\u00eddia, elaborado por professores especialistas, de acordo com o conte\u00fado cobrado nas provas. Ideal para quem tem mais tempo para estudar e quer se dedicar ao m\u00e1ximo para obter os melhores resultados na sua prepara\u00e7\u00e3o.<\/div><div class=\"cat-price\"><span>12x<\/span> R$ 999,75<\/div><div class=\"cat-sale\">No Cart\u00e3o de Cr\u00e9dito ou 10% de desconto no Boleto ou Pix \u00e0 vista: R$ 10.797,30<\/div><a href=\"https:\/\/vestibulares.estrategia.com\/curso\/curso-extensivo-residencia-medica-12-meses\/?utm_source=portal&amp;utm_medium=post&amp;utm_campaign=emed-x-vd-seo-portal-v-catalogo\" class=\"estrategia-button\" target=\"_blank\">Saiba mais<\/a><\/div><div><h4>Curso Extensivo Resid\u00eancia M\u00e9dica - 18 meses<\/h4><div class=\"cat-description\">Estude com nosso curso mais completo e tenha acesso a um material multim\u00eddia, elaborado por professores especialistas, de acordo com o conte\u00fado cobrado nas provas. Ideal para quem tem mais tempo para estudar e quer se dedicar ao m\u00e1ximo para obter os melhores resultados na sua prepara\u00e7\u00e3o.<\/div><div class=\"cat-price\"><span>12x<\/span> R$ 1.291,41<\/div><div class=\"cat-sale\">No Cart\u00e3o de Cr\u00e9dito ou 10% de desconto no Boleto ou Pix \u00e0 vista: R$ 13.947,30<\/div><a href=\"https:\/\/vestibulares.estrategia.com\/curso\/curso-extensivo-residencia-medica-18-meses\/?utm_source=portal&amp;utm_medium=post&amp;utm_campaign=emed-x-vd-seo-portal-v-catalogo\" class=\"estrategia-button\" target=\"_blank\">Saiba mais<\/a><\/div><div><h4>Curso Extensivo Resid\u00eancia M\u00e9dica - 24 meses<\/h4><div class=\"cat-description\">Estude com nosso curso mais completo e tenha acesso a um material multim\u00eddia, elaborado por professores especialistas, de acordo com o conte\u00fado cobrado nas provas. Ideal para quem tem mais tempo para estudar e quer se dedicar ao m\u00e1ximo para obter os melhores resultados na sua prepara\u00e7\u00e3o.<\/div><div class=\"cat-price\"><span>12x<\/span> R$ 1.583,08<\/div><div class=\"cat-sale\">No Cart\u00e3o de Cr\u00e9dito ou 10% de desconto no Boleto ou Pix \u00e0 vista: R$ 17.097,30<\/div><a href=\"https:\/\/vestibulares.estrategia.com\/curso\/curso-extensivo-residencia-medica-24-meses\/?utm_source=portal&amp;utm_medium=post&amp;utm_campaign=emed-x-vd-seo-portal-v-catalogo\" class=\"estrategia-button\" target=\"_blank\">Saiba mais<\/a><\/div><div><h4>Curso Extensivo Resid\u00eancia M\u00e9dica - 30 meses<\/h4><div class=\"cat-description\">Estude com nosso curso mais completo e tenha acesso a um material multim\u00eddia, elaborado por professores especialistas, de acordo com o conte\u00fado cobrado nas provas. Ideal para quem tem mais tempo para estudar e quer se dedicar ao m\u00e1ximo para obter os melhores resultados na sua prepara\u00e7\u00e3o.<\/div><div class=\"cat-price\"><span>12x<\/span> R$ 1.874,75<\/div><div class=\"cat-sale\">No Cart\u00e3o de Cr\u00e9dito ou 10% de desconto no Boleto ou Pix \u00e0 vista: R$ 20.247,30<\/div><a href=\"https:\/\/vestibulares.estrategia.com\/curso\/curso-extensivo-residencia-medica-30-meses\/?utm_source=portal&amp;utm_medium=post&amp;utm_campaign=emed-x-vd-seo-portal-v-catalogo\" class=\"estrategia-button\" target=\"_blank\">Saiba mais<\/a><\/div><div><h4>Curso Extensivo Resid\u00eancia M\u00e9dica - 36 meses<\/h4><div class=\"cat-description\">Estude com nosso curso mais completo e tenha acesso a um material multim\u00eddia, elaborado por professores especialistas, de acordo com o conte\u00fado cobrado nas provas. Ideal para quem tem mais tempo para estudar e quer se dedicar ao m\u00e1ximo para obter os melhores resultados na sua prepara\u00e7\u00e3o.<\/div><div class=\"cat-price\"><span>12x<\/span> R$ 2.166,41<\/div><div class=\"cat-sale\">No Cart\u00e3o de Cr\u00e9dito ou 10% de desconto no Boleto ou Pix \u00e0 vista: R$ 23.397,30<\/div><a href=\"https:\/\/vestibulares.estrategia.com\/curso\/curso-extensivo-residencia-medica-36-meses\/?utm_source=portal&amp;utm_medium=post&amp;utm_campaign=emed-x-vd-seo-portal-v-catalogo\" class=\"estrategia-button\" target=\"_blank\">Saiba mais<\/a><\/div><\/div><\/div>\n\n\n\n<\/p><h2 class=\"wp-block-heading\" id=\"h-veja-tambem\"><span class=\"ez-toc-section\" id=\"Veja-Tambem\"><\/span>Veja Tamb&eacute;m<span class=\"ez-toc-section-end\"><\/span><\/h2><ul class=\"wp-block-list\">\n<li><a href=\"https:\/\/med.estrategia.com\/portal\/conteudos-gratis\/resumed\/resumed-de-sarcoidose\/\">ResuMED de sarcoidose: amiloidose, doen&ccedil;a relacionada &agrave; IgG4 e S&iacute;ndrome de Sapho<\/a><\/li>\n\n\n\n<li><a href=\"https:\/\/med.estrategia.com\/portal\/conteudos-gratis\/resumed\/resumed-de-artrite-reumatoide\/\">ResuMED de artrite reumatoide: epidemiologia, manifesta&ccedil;&otilde;es, diagn&oacute;stico, tratamento e mais!<\/a>;<\/li>\n\n\n\n<li><a href=\"https:\/\/med.estrategia.com\/portal\/conteudos-gratis\/doencas\/artrite-reumatoide\/\">Resumo de artrite reumatoide: manifesta&ccedil;&otilde;es cl&iacute;nicas, diagn&oacute;stico, tratamento e mais!<\/a>;<\/li>\n\n\n\n<li><a href=\"https:\/\/med.estrategia.com\/portal\/residencia-medica\/especialidades\/reumatologia\/\">Resid&ecirc;ncia M&eacute;dica em Reumatologia: rotina, remunera&ccedil;&atilde;o, estudos e mais!<\/a>;<\/li>\n\n\n\n<li><a href=\"https:\/\/www.reumatologia.org.br\/\" target=\"_blank\" rel=\"noopener noreferrer\">Sociedade Brasileira de Reumatologia.<\/a><\/li>\n<\/ul><h2 class=\"wp-block-heading\" id=\"h-canal-do-youtube-nbsp\"><span class=\"ez-toc-section\" id=\"Canal-do-YouTube\"><\/span>Canal do YouTube&nbsp;<span class=\"ez-toc-section-end\"><\/span><\/h2><ul class=\"wp-block-list\">\n<li><a href=\"https:\/\/www.youtube.com\/@EstrategiaMED\" target=\"_blank\" rel=\"noopener noreferrer\">YouTube do Estrat&eacute;gia MED<\/a><\/li>\n<\/ul><h2 class=\"wp-block-heading\" id=\"h-referencias-bibliograficas-nbsp\"><span class=\"ez-toc-section\" id=\"Referencias-Bibliograficas\"><\/span>Refer&ecirc;ncias Bibliogr&aacute;ficas&nbsp;<span class=\"ez-toc-section-end\"><\/span><\/h2><ol class=\"wp-block-list\">\n<li>BROWN, Falon; MODI, Pranav; TANNER, Laura S. <strong><em>Lofgren Syndrome<\/em><\/strong><strong>.<\/strong> StatPearls Publishing, 2023.&nbsp;<\/li>\n<\/ol><ol start=\"2\" class=\"wp-block-list\">\n<li>CASCAIS, Joana C. et al. <strong>S&iacute;ndrome L&ouml;fgren &ndash; o melhor cen&aacute;rio da sarcoidose<\/strong>. <em>Revista Ciencias de la Salud<\/em>, Bogot&aacute;, v. 17, n. 1, p. 149&ndash;155, 2019.&nbsp;<\/li>\n<\/ol><\/p>\n","protected":false},"excerpt":{"rendered":"Ol&aacute;, querido doutor e doutora! A s&iacute;ndrome de L&ouml;fgren representa uma forma aguda e autolimitada de sarcoidose, com&hellip;\n","protected":false},"author":46,"featured_media":89201,"comment_status":"closed","ping_status":"closed","sticky":false,"template":"","format":"standard","meta":{"wl_entities_gutenberg":"","footnotes":""},"categories":[304],"tags":[1419],"wl_entity_type":[199],"class_list":{"0":"post-89200","1":"post","2":"type-post","3":"status-publish","4":"format-standard","5":"has-post-thumbnail","7":"category-doencas","8":"tag-sindrome-de-lofgren","9":"wl_entity_type-article"},"acf":[],"yoast_head":"<!-- This site is optimized with the Yoast SEO Premium plugin v26.6 (Yoast SEO v26.6) - https:\/\/yoast.com\/wordpress\/plugins\/seo\/ -->\n<title>Resumo da S\u00edndrome de L\u00f6fgren: sintomas, diagn\u00f3stico e mais!<\/title>\n<meta name=\"description\" content=\"A s\u00edndrome de L\u00f6fgren ocorre com mais frequ\u00eancia em adultos jovens, sendo mais prevalente em indiv\u00edduos com menos de 35 anos.\" \/>\n<meta name=\"robots\" content=\"index, follow, max-snippet:-1, max-image-preview:large, max-video-preview:-1\" \/>\n<link rel=\"canonical\" href=\"https:\/\/med.estrategia.com\/portal\/conteudos-gratis\/doencas\/resumo-da-sindrome-de-lofgren-sintomas-diagnostico-e-mais\/\" \/>\n<meta property=\"og:locale\" content=\"pt_BR\" \/>\n<meta property=\"og:type\" content=\"article\" \/>\n<meta property=\"og:title\" content=\"Resumo da S\u00edndrome de L\u00f6fgren: sintomas, diagn\u00f3stico e mais!\" \/>\n<meta property=\"og:description\" content=\"A s\u00edndrome de L\u00f6fgren ocorre com mais frequ\u00eancia em adultos jovens, sendo mais prevalente em indiv\u00edduos com menos de 35 anos.\" \/>\n<meta property=\"og:url\" content=\"https:\/\/med.estrategia.com\/portal\/conteudos-gratis\/doencas\/resumo-da-sindrome-de-lofgren-sintomas-diagnostico-e-mais\/\" \/>\n<meta property=\"og:site_name\" content=\"Estrat\u00e9gia MED\" \/>\n<meta property=\"article:publisher\" content=\"https:\/\/www.facebook.com\/estrategiamed1\" \/>\n<meta property=\"article:published_time\" content=\"2025-06-27T17:55:28+00:00\" \/>\n<meta property=\"article:modified_time\" content=\"2025-06-30T18:52:21+00:00\" \/>\n<meta property=\"og:image\" content=\"https:\/\/med.estrategia.com\/portal\/wp-content\/uploads\/2025\/06\/iScreen-Shoter-Pre-Visualizacao-250627145442.jpg\" \/>\n\t<meta property=\"og:image:width\" content=\"705\" \/>\n\t<meta property=\"og:image:height\" content=\"732\" \/>\n\t<meta property=\"og:image:type\" content=\"image\/jpeg\" \/>\n<meta name=\"author\" content=\"Pablo Fernandes\" \/>\n<meta name=\"twitter:card\" content=\"summary_large_image\" \/>\n<meta name=\"twitter:creator\" content=\"@estrategiamed_\" \/>\n<meta name=\"twitter:site\" content=\"@estrategiamed_\" \/>\n<meta name=\"twitter:label1\" content=\"Escrito por\" \/>\n\t<meta name=\"twitter:data1\" content=\"Pablo Fernandes\" \/>\n\t<meta name=\"twitter:label2\" content=\"Est. tempo de leitura\" \/>\n\t<meta name=\"twitter:data2\" content=\"7 minutos\" \/>\n<script type=\"application\/ld+json\" class=\"yoast-schema-graph\">{\"@context\":\"https:\/\/schema.org\",\"@graph\":[{\"@type\":\"WebPage\",\"@id\":\"https:\/\/med.estrategia.com\/portal\/conteudos-gratis\/doencas\/resumo-da-sindrome-de-lofgren-sintomas-diagnostico-e-mais\/\",\"url\":\"https:\/\/med.estrategia.com\/portal\/conteudos-gratis\/doencas\/resumo-da-sindrome-de-lofgren-sintomas-diagnostico-e-mais\/\",\"name\":\"Resumo da S\u00edndrome de L\u00f6fgren: sintomas, diagn\u00f3stico e mais!\",\"isPartOf\":{\"@id\":\"https:\/\/med.estrategia.com\/portal\/#website\"},\"primaryImageOfPage\":{\"@id\":\"https:\/\/med.estrategia.com\/portal\/conteudos-gratis\/doencas\/resumo-da-sindrome-de-lofgren-sintomas-diagnostico-e-mais\/#primaryimage\"},\"image\":{\"@id\":\"https:\/\/med.estrategia.com\/portal\/conteudos-gratis\/doencas\/resumo-da-sindrome-de-lofgren-sintomas-diagnostico-e-mais\/#primaryimage\"},\"thumbnailUrl\":\"https:\/\/med.estrategia.com\/portal\/wp-content\/uploads\/2025\/06\/iScreen-Shoter-Pre-Visualizacao-250627145442.jpg\",\"datePublished\":\"2025-06-27T17:55:28+00:00\",\"dateModified\":\"2025-06-30T18:52:21+00:00\",\"author\":{\"@id\":\"https:\/\/med.estrategia.com\/portal\/#\/schema\/person\/67a72aa9c51ed5919796767d808606b4\"},\"description\":\"A s\u00edndrome de L\u00f6fgren ocorre com mais frequ\u00eancia em adultos jovens, sendo mais prevalente em indiv\u00edduos com menos de 35 anos.\",\"breadcrumb\":{\"@id\":\"https:\/\/med.estrategia.com\/portal\/conteudos-gratis\/doencas\/resumo-da-sindrome-de-lofgren-sintomas-diagnostico-e-mais\/#breadcrumb\"},\"inLanguage\":\"pt-BR\",\"potentialAction\":[{\"@type\":\"ReadAction\",\"target\":[\"https:\/\/med.estrategia.com\/portal\/conteudos-gratis\/doencas\/resumo-da-sindrome-de-lofgren-sintomas-diagnostico-e-mais\/\"]}]},{\"@type\":\"ImageObject\",\"inLanguage\":\"pt-BR\",\"@id\":\"https:\/\/med.estrategia.com\/portal\/conteudos-gratis\/doencas\/resumo-da-sindrome-de-lofgren-sintomas-diagnostico-e-mais\/#primaryimage\",\"url\":\"https:\/\/med.estrategia.com\/portal\/wp-content\/uploads\/2025\/06\/iScreen-Shoter-Pre-Visualizacao-250627145442.jpg\",\"contentUrl\":\"https:\/\/med.estrategia.com\/portal\/wp-content\/uploads\/2025\/06\/iScreen-Shoter-Pre-Visualizacao-250627145442.jpg\",\"width\":705,\"height\":732,\"caption\":\"Anais Brasileiros de Dermatologia.\"},{\"@type\":\"BreadcrumbList\",\"@id\":\"https:\/\/med.estrategia.com\/portal\/conteudos-gratis\/doencas\/resumo-da-sindrome-de-lofgren-sintomas-diagnostico-e-mais\/#breadcrumb\",\"itemListElement\":[{\"@type\":\"ListItem\",\"position\":1,\"name\":\"Home\",\"item\":\"https:\/\/med.estrategia.com\/portal\/\"},{\"@type\":\"ListItem\",\"position\":2,\"name\":\"Conte\u00fados Gr\u00e1tis\",\"item\":\"https:\/\/med.estrategia.com\/portal\/conteudos-gratis\/\"},{\"@type\":\"ListItem\",\"position\":3,\"name\":\"Doen\u00e7as\",\"item\":\"https:\/\/med.estrategia.com\/portal\/conteudos-gratis\/doencas\/\"},{\"@type\":\"ListItem\",\"position\":4,\"name\":\"Resumo da S\u00edndrome de L\u00f6fgren: sintomas, diagn\u00f3stico e mais!\"}]},{\"@type\":\"WebSite\",\"@id\":\"https:\/\/med.estrategia.com\/portal\/#website\",\"url\":\"https:\/\/med.estrategia.com\/portal\/\",\"name\":\"Estrat\u00e9gia MED\",\"description\":\"\",\"potentialAction\":[{\"@type\":\"SearchAction\",\"target\":{\"@type\":\"EntryPoint\",\"urlTemplate\":\"https:\/\/med.estrategia.com\/portal\/?s={search_term_string}\"},\"query-input\":{\"@type\":\"PropertyValueSpecification\",\"valueRequired\":true,\"valueName\":\"search_term_string\"}}],\"inLanguage\":\"pt-BR\"},{\"@type\":\"Person\",\"@id\":\"https:\/\/med.estrategia.com\/portal\/#\/schema\/person\/67a72aa9c51ed5919796767d808606b4\",\"name\":\"Pablo Fernandes\",\"image\":{\"@type\":\"ImageObject\",\"inLanguage\":\"pt-BR\",\"@id\":\"https:\/\/med.estrategia.com\/portal\/#\/schema\/person\/image\/\",\"url\":\"https:\/\/med.estrategia.com\/portal\/wp-content\/uploads\/2025\/07\/DSC_0059-1-150x150.jpg\",\"contentUrl\":\"https:\/\/med.estrategia.com\/portal\/wp-content\/uploads\/2025\/07\/DSC_0059-1-150x150.jpg\",\"caption\":\"Pablo Fernandes\"},\"description\":\"R1 em Medicina de Fam\u00edlia e Comunidade, mineiro e apaixonado por Jesus.\",\"sameAs\":[\"https:\/\/www.instagram.com\/pablowiil\/\"],\"url\":\"https:\/\/med.estrategia.com\/portal\/author\/pablo-souza\/\"}]}<\/script>\n<!-- \/ Yoast SEO Premium plugin. -->","yoast_head_json":{"title":"Resumo da S\u00edndrome de L\u00f6fgren: sintomas, diagn\u00f3stico e mais!","description":"A s\u00edndrome de L\u00f6fgren ocorre com mais frequ\u00eancia em adultos jovens, sendo mais prevalente em indiv\u00edduos com menos de 35 anos.","robots":{"index":"index","follow":"follow","max-snippet":"max-snippet:-1","max-image-preview":"max-image-preview:large","max-video-preview":"max-video-preview:-1"},"canonical":"https:\/\/med.estrategia.com\/portal\/conteudos-gratis\/doencas\/resumo-da-sindrome-de-lofgren-sintomas-diagnostico-e-mais\/","og_locale":"pt_BR","og_type":"article","og_title":"Resumo da S\u00edndrome de L\u00f6fgren: sintomas, diagn\u00f3stico e mais!","og_description":"A s\u00edndrome de L\u00f6fgren ocorre com mais frequ\u00eancia em adultos jovens, sendo mais prevalente em indiv\u00edduos com menos de 35 anos.","og_url":"https:\/\/med.estrategia.com\/portal\/conteudos-gratis\/doencas\/resumo-da-sindrome-de-lofgren-sintomas-diagnostico-e-mais\/","og_site_name":"Estrat\u00e9gia MED","article_publisher":"https:\/\/www.facebook.com\/estrategiamed1","article_published_time":"2025-06-27T17:55:28+00:00","article_modified_time":"2025-06-30T18:52:21+00:00","og_image":[{"width":705,"height":732,"url":"https:\/\/med.estrategia.com\/portal\/wp-content\/uploads\/2025\/06\/iScreen-Shoter-Pre-Visualizacao-250627145442.jpg","type":"image\/jpeg"}],"author":"Pablo Fernandes","twitter_card":"summary_large_image","twitter_creator":"@estrategiamed_","twitter_site":"@estrategiamed_","twitter_misc":{"Escrito por":"Pablo Fernandes","Est. tempo de leitura":"7 minutos"},"schema":{"@context":"https:\/\/schema.org","@graph":[{"@type":"WebPage","@id":"https:\/\/med.estrategia.com\/portal\/conteudos-gratis\/doencas\/resumo-da-sindrome-de-lofgren-sintomas-diagnostico-e-mais\/","url":"https:\/\/med.estrategia.com\/portal\/conteudos-gratis\/doencas\/resumo-da-sindrome-de-lofgren-sintomas-diagnostico-e-mais\/","name":"Resumo da S\u00edndrome de L\u00f6fgren: sintomas, diagn\u00f3stico e mais!","isPartOf":{"@id":"https:\/\/med.estrategia.com\/portal\/#website"},"primaryImageOfPage":{"@id":"https:\/\/med.estrategia.com\/portal\/conteudos-gratis\/doencas\/resumo-da-sindrome-de-lofgren-sintomas-diagnostico-e-mais\/#primaryimage"},"image":{"@id":"https:\/\/med.estrategia.com\/portal\/conteudos-gratis\/doencas\/resumo-da-sindrome-de-lofgren-sintomas-diagnostico-e-mais\/#primaryimage"},"thumbnailUrl":"https:\/\/med.estrategia.com\/portal\/wp-content\/uploads\/2025\/06\/iScreen-Shoter-Pre-Visualizacao-250627145442.jpg","datePublished":"2025-06-27T17:55:28+00:00","dateModified":"2025-06-30T18:52:21+00:00","author":{"@id":"https:\/\/med.estrategia.com\/portal\/#\/schema\/person\/67a72aa9c51ed5919796767d808606b4"},"description":"A s\u00edndrome de L\u00f6fgren ocorre com mais frequ\u00eancia em adultos jovens, sendo mais prevalente em indiv\u00edduos com menos de 35 anos.","breadcrumb":{"@id":"https:\/\/med.estrategia.com\/portal\/conteudos-gratis\/doencas\/resumo-da-sindrome-de-lofgren-sintomas-diagnostico-e-mais\/#breadcrumb"},"inLanguage":"pt-BR","potentialAction":[{"@type":"ReadAction","target":["https:\/\/med.estrategia.com\/portal\/conteudos-gratis\/doencas\/resumo-da-sindrome-de-lofgren-sintomas-diagnostico-e-mais\/"]}]},{"@type":"ImageObject","inLanguage":"pt-BR","@id":"https:\/\/med.estrategia.com\/portal\/conteudos-gratis\/doencas\/resumo-da-sindrome-de-lofgren-sintomas-diagnostico-e-mais\/#primaryimage","url":"https:\/\/med.estrategia.com\/portal\/wp-content\/uploads\/2025\/06\/iScreen-Shoter-Pre-Visualizacao-250627145442.jpg","contentUrl":"https:\/\/med.estrategia.com\/portal\/wp-content\/uploads\/2025\/06\/iScreen-Shoter-Pre-Visualizacao-250627145442.jpg","width":705,"height":732,"caption":"Anais Brasileiros de Dermatologia."},{"@type":"BreadcrumbList","@id":"https:\/\/med.estrategia.com\/portal\/conteudos-gratis\/doencas\/resumo-da-sindrome-de-lofgren-sintomas-diagnostico-e-mais\/#breadcrumb","itemListElement":[{"@type":"ListItem","position":1,"name":"Home","item":"https:\/\/med.estrategia.com\/portal\/"},{"@type":"ListItem","position":2,"name":"Conte\u00fados Gr\u00e1tis","item":"https:\/\/med.estrategia.com\/portal\/conteudos-gratis\/"},{"@type":"ListItem","position":3,"name":"Doen\u00e7as","item":"https:\/\/med.estrategia.com\/portal\/conteudos-gratis\/doencas\/"},{"@type":"ListItem","position":4,"name":"Resumo da S\u00edndrome de L\u00f6fgren: sintomas, diagn\u00f3stico e mais!"}]},{"@type":"WebSite","@id":"https:\/\/med.estrategia.com\/portal\/#website","url":"https:\/\/med.estrategia.com\/portal\/","name":"Estrat\u00e9gia MED","description":"","potentialAction":[{"@type":"SearchAction","target":{"@type":"EntryPoint","urlTemplate":"https:\/\/med.estrategia.com\/portal\/?s={search_term_string}"},"query-input":{"@type":"PropertyValueSpecification","valueRequired":true,"valueName":"search_term_string"}}],"inLanguage":"pt-BR"},{"@type":"Person","@id":"https:\/\/med.estrategia.com\/portal\/#\/schema\/person\/67a72aa9c51ed5919796767d808606b4","name":"Pablo Fernandes","image":{"@type":"ImageObject","inLanguage":"pt-BR","@id":"https:\/\/med.estrategia.com\/portal\/#\/schema\/person\/image\/","url":"https:\/\/med.estrategia.com\/portal\/wp-content\/uploads\/2025\/07\/DSC_0059-1-150x150.jpg","contentUrl":"https:\/\/med.estrategia.com\/portal\/wp-content\/uploads\/2025\/07\/DSC_0059-1-150x150.jpg","caption":"Pablo Fernandes"},"description":"R1 em Medicina de Fam\u00edlia e Comunidade, mineiro e apaixonado por Jesus.","sameAs":["https:\/\/www.instagram.com\/pablowiil\/"],"url":"https:\/\/med.estrategia.com\/portal\/author\/pablo-souza\/"}]}},"_wl_alt_label":[],"wl:entity_url":"\/post\/resumo-da-sindrome-de-lofgren-sintomas-diagnostico-e-mais-89200","_links":{"self":[{"href":"https:\/\/med.estrategia.com\/portal\/wp-json\/wp\/v2\/posts\/89200","targetHints":{"allow":["GET"]}}],"collection":[{"href":"https:\/\/med.estrategia.com\/portal\/wp-json\/wp\/v2\/posts"}],"about":[{"href":"https:\/\/med.estrategia.com\/portal\/wp-json\/wp\/v2\/types\/post"}],"author":[{"embeddable":true,"href":"https:\/\/med.estrategia.com\/portal\/wp-json\/wp\/v2\/users\/46"}],"replies":[{"embeddable":true,"href":"https:\/\/med.estrategia.com\/portal\/wp-json\/wp\/v2\/comments?post=89200"}],"version-history":[{"count":2,"href":"https:\/\/med.estrategia.com\/portal\/wp-json\/wp\/v2\/posts\/89200\/revisions"}],"predecessor-version":[{"id":89293,"href":"https:\/\/med.estrategia.com\/portal\/wp-json\/wp\/v2\/posts\/89200\/revisions\/89293"}],"wp:featuredmedia":[{"embeddable":true,"href":"https:\/\/med.estrategia.com\/portal\/wp-json\/wp\/v2\/media\/89201"}],"wp:attachment":[{"href":"https:\/\/med.estrategia.com\/portal\/wp-json\/wp\/v2\/media?parent=89200"}],"wp:term":[{"taxonomy":"category","embeddable":true,"href":"https:\/\/med.estrategia.com\/portal\/wp-json\/wp\/v2\/categories?post=89200"},{"taxonomy":"post_tag","embeddable":true,"href":"https:\/\/med.estrategia.com\/portal\/wp-json\/wp\/v2\/tags?post=89200"},{"taxonomy":"wl_entity_type","embeddable":true,"href":"https:\/\/med.estrategia.com\/portal\/wp-json\/wp\/v2\/wl_entity_type?post=89200"}],"curies":[{"name":"wp","href":"https:\/\/api.w.org\/{rel}","templated":true}]}}