{"id":89498,"date":"2025-07-07T10:00:24","date_gmt":"2025-07-07T13:00:24","guid":{"rendered":"https:\/\/med.estrategia.com\/portal\/?p=89498"},"modified":"2025-07-18T04:30:49","modified_gmt":"2025-07-18T07:30:49","slug":"inscricoes-do-enamed-e-do-enare-2025-estao-abertas","status":"publish","type":"post","link":"https:\/\/med.estrategia.com\/portal\/noticias\/inscricoes-do-enamed-e-do-enare-2025-estao-abertas\/","title":{"rendered":"Inscri\u00e7\u00f5es do Enamed e do Enare 2025 est\u00e3o abertas"},"content":{"rendered":"<p class=\"wp-block-preformatted\"><strong>ATUALIZA&Ccedil;&Atilde;O<\/strong>!<br><a href=\"https:\/\/med.estrategia.com\/portal\/noticias\/enare-2025-2026-tem-edital-retificado-e-inscricoes-vao-ate-30-07\/\" target=\"_blank\">ENARE 2025\/2026 tem edital retificado e inscri&ccedil;&otilde;es v&atilde;o at&eacute; 30\/07<\/a><br><br><a href=\"https:\/\/med.estrategia.com\/portal\/noticias\/inscricoes-do-enamed-2025-sao-prorrogadas\/\" target=\"_blank\">Inscri&ccedil;&otilde;es do Enamed 2025 s&atilde;o prorrogadas<\/a><p>Come&ccedil;ou hoje (7) o prazo para os candidatos realizarem a <strong>inscri&ccedil;&atilde;o tanto no Exame Nacional de Avalia&ccedil;&atilde;o da Forma&ccedil;&atilde;o M&eacute;dica (Enamed) quanto no Exame Nacional de Resid&ecirc;ncia M&eacute;dica (Enare)<\/strong> <strong>at&eacute; o dia 30 do mesmo m&ecirc;s<\/strong>. Para quem pretende<strong> concorrer &agrave;s vagas de Acesso Direto do Enare, &eacute; obrigat&oacute;rio se inscrever em ambos os exames<\/strong>. <\/p><p>A taxa de inscri&ccedil;&atilde;o &eacute; de <strong>R$ 330<\/strong>, paga no momento da inscri&ccedil;&atilde;o na Plataforma do Enare. Concluintes de Medicina que far&atilde;o o Enamed apenas para fins de cola&ccedil;&atilde;o de grau est&atilde;o isentos.<\/p><p class=\"wp-block-verse\">Confira o <strong>passo a passo completo para cada perfil de candidato<\/strong> no texto: <a href=\"https:\/\/med.estrategia.com\/portal\/residencia-medica\/entenda-como-se-inscrever-no-enamed-e-no-enare-2025-confira-o-passo-a-passo\/#Passo-1-preenchimento-de-cadastro-para-o-Enamed\" target=\"_blank\">Entenda como se inscrever no Enamed e no Enare 2025: confira o passo a passo<\/a><\/p><div class=\"wp-block-buttons is-content-justification-center is-layout-flex wp-container-core-buttons-is-layout-1 wp-block-buttons-is-layout-flex\">\n<div class=\"wp-block-button\"><a class=\"wp-block-button__link wp-element-button\" href=\"https:\/\/enamed.inep.gov.br\/enamed\/\" target=\"_blank\">CLIQUE AQUI PARA SE INSCREVER NO ENAMED!<\/a><\/div>\n\n\n\n<div class=\"wp-block-button\"><a class=\"wp-block-button__link wp-element-button\" href=\"https:\/\/enare-inscricao.conhecimento.fgv.br\/\" target=\"_blank\" rel=\"noopener noreferrer\">CLIQUE AQUI PARA SE INSCREVER NO ENARE!<\/a><\/div>\n<\/div><div id=\"ez-toc-container\" class=\"ez-toc-v2_0_79_2 counter-hierarchy ez-toc-counter ez-toc-transparent ez-toc-container-direction\">\n<div class=\"ez-toc-title-container\"><p class=\"ez-toc-title\" style=\"cursor:inherit\">Navegue pelo conte\u00fado<\/p>\n<\/div><nav><ul class='ez-toc-list ez-toc-list-level-1 ' ><li class='ez-toc-page-1 ez-toc-heading-level-2'><a class=\"ez-toc-link ez-toc-heading-1\" href=\"https:\/\/med.estrategia.com\/portal\/noticias\/inscricoes-do-enamed-e-do-enare-2025-estao-abertas\/#Inscricao-Enamed\" >Inscri&ccedil;&atilde;o Enamed<\/a><\/li><li class='ez-toc-page-1 ez-toc-heading-level-2'><a class=\"ez-toc-link ez-toc-heading-2\" href=\"https:\/\/med.estrategia.com\/portal\/noticias\/inscricoes-do-enamed-e-do-enare-2025-estao-abertas\/#Inscricoes-Enare\" >Inscri&ccedil;&otilde;es Enare<\/a><ul class='ez-toc-list-level-3' ><li class='ez-toc-heading-level-3'><a class=\"ez-toc-link ez-toc-heading-3\" href=\"https:\/\/med.estrategia.com\/portal\/noticias\/inscricoes-do-enamed-e-do-enare-2025-estao-abertas\/#Como-funciona-a-isencao-da-taxa-no-Enare\" >Como funciona a isen&ccedil;&atilde;o da taxa no Enare<\/a><\/li><\/ul><\/li><li class='ez-toc-page-1 ez-toc-heading-level-2'><a class=\"ez-toc-link ez-toc-heading-4\" href=\"https:\/\/med.estrategia.com\/portal\/noticias\/inscricoes-do-enamed-e-do-enare-2025-estao-abertas\/#Locais-de-Prova-%E2%80%93-EnamedEnare-Acesso-Direto\" >Locais de Prova &ndash; Enamed\/Enare Acesso Direto<\/a><\/li><li class='ez-toc-page-1 ez-toc-heading-level-2'><a class=\"ez-toc-link ez-toc-heading-5\" href=\"https:\/\/med.estrategia.com\/portal\/noticias\/inscricoes-do-enamed-e-do-enare-2025-estao-abertas\/#Locais-de-Prova-%E2%80%93-Enare-R\" >Locais de Prova &ndash; Enare R+<\/a><\/li><li class='ez-toc-page-1 ez-toc-heading-level-2'><a class=\"ez-toc-link ez-toc-heading-6\" href=\"https:\/\/med.estrategia.com\/portal\/noticias\/inscricoes-do-enamed-e-do-enare-2025-estao-abertas\/#Enamed-x-Enare-qual-a-diferenca\" >Enamed x Enare: qual a diferen&ccedil;a?<\/a><ul class='ez-toc-list-level-3' ><li class='ez-toc-heading-level-3'><a class=\"ez-toc-link ez-toc-heading-7\" href=\"https:\/\/med.estrategia.com\/portal\/noticias\/inscricoes-do-enamed-e-do-enare-2025-estao-abertas\/#O-Enamed\" >O Enamed<\/a><\/li><li class='ez-toc-page-1 ez-toc-heading-level-3'><a class=\"ez-toc-link ez-toc-heading-8\" href=\"https:\/\/med.estrategia.com\/portal\/noticias\/inscricoes-do-enamed-e-do-enare-2025-estao-abertas\/#O-Enare\" >O Enare<\/a><\/li><\/ul><\/li><\/ul><\/nav><\/div>\n<h2 class=\"wp-block-heading\" id=\"h-inscricao-enamed\"><span class=\"ez-toc-section\" id=\"Inscricao-Enamed\"><\/span>Inscri&ccedil;&atilde;o Enamed<span class=\"ez-toc-section-end\"><\/span><\/h2><p>A inscri&ccedil;&atilde;o no Enamed &eacute;<strong> obrigat&oacute;ria para todos os concluintes de Medicina de 2025<\/strong> e m&eacute;dicos j&aacute; formados que <strong>desejam participar do pr&oacute;ximo Enare para vagas de Acesso Direto<\/strong>.<\/p><p>Concluintes j&aacute; foram inscritos pela institui&ccedil;&atilde;o de ensino, mas precisam acessar o <a href=\"https:\/\/enamed.inep.gov.br\/enamed\/\" target=\"_blank\">Sistema Enamed<\/a> <strong>at&eacute; 30 de julho de 2025 para completar o cadastro<\/strong>. Nesse momento, devem escolher o <strong>munic&iacute;pio e a UF de prova, al&eacute;m de preencher o Question&aacute;rio do Estudante<\/strong>. Caso n&atilde;o desejem participar do Enare, basta realizar essa etapa para garantir a cola&ccedil;&atilde;o de grau.<\/p><p>M&eacute;dicos j&aacute; formados, <strong>antes de se inscreverem na plataforma do Enare<\/strong> para concorrer &agrave;s vagas de Acesso Direto, <strong>devem realizar a inscri&ccedil;&atilde;o do zero diretamente no Sistema Enamed.<\/strong><\/p><p>Em ambos os casos, <strong>n&atilde;o h&aacute; cobran&ccedil;a de taxa durante a inscri&ccedil;&atilde;o no Sistema Enamed<\/strong>.<\/p><p>Caso o candidato queira <strong>usar a nota do Enamed no Enare, &eacute; preciso selecionar essa op&ccedil;&atilde;o<\/strong> ainda durante o preenchimento do formul&aacute;rio de inscri&ccedil;&atilde;o no Sistema Enamed.<\/p><div class=\"wp-block-buttons is-content-justification-center is-layout-flex wp-container-core-buttons-is-layout-2 wp-block-buttons-is-layout-flex\">\n<div class=\"wp-block-button\"><a class=\"wp-block-button__link wp-element-button\" href=\"https:\/\/enamed.inep.gov.br\/enamed\/\" target=\"_blank\">inscri&ccedil;&atilde;o enamed<\/a><\/div>\n<\/div><h2 class=\"wp-block-heading\" id=\"h-inscricoes-enare\"><span class=\"ez-toc-section\" id=\"Inscricoes-Enare\"><\/span>Inscri&ccedil;&otilde;es Enare<span class=\"ez-toc-section-end\"><\/span><\/h2><p>Para concorrer &agrave;s vagas de resid&ecirc;ncia m&eacute;dica, o candidato deve <strong>acessar a <a href=\"https:\/\/enare-inscricao.conhecimento.fgv.br\/Login\/Index\" target=\"_blank\">plataforma do Enare<\/a> e realizar a inscri&ccedil;&atilde;o at&eacute; 30 de julho de 2025<\/strong>, <strong>escolhendo a especialidade de interesse<\/strong> e, se for o caso, solicitar <strong>bonifica&ccedil;&atilde;o na nota final do Enare.<\/strong> A bonifica&ccedil;&atilde;o &eacute; v&aacute;lida para quem concluiu o Programa de Resid&ecirc;ncia em Medicina Geral de Fam&iacute;lia e Comunidade (PRMGFC) ou consta na listagem de &ldquo;Aptos a utilizarem a bonifica&ccedil;&atilde;o do Provab&rdquo;, dispon&iacute;vel no site do Minist&eacute;rio da Educa&ccedil;&atilde;o.<\/p><p>Al&eacute;m da inscri&ccedil;&atilde;o, &eacute; necess&aacute;rio <strong>pagar a taxa de R$ 330 at&eacute; 1&ordm; de agosto ou solicitar isen&ccedil;&atilde;o<\/strong>, conforme os crit&eacute;rios do edital.<\/p><p>M&eacute;dicos ou concluintes de Medicina que ir&atilde;o concorrer &agrave;s vagas de<strong> Acesso Direto do Enare realizar&atilde;o a prova objetiva do Enamed<\/strong>, organizada pelo Inep, para fins de pontua&ccedil;&atilde;o no Enare. Por isso, <strong>precisam se inscrever no Enamed antes de formalizar a inscri&ccedil;&atilde;o no processo seletivo do Enare.<\/strong><\/p><p>J&aacute; m&eacute;dicos que ir&atilde;o disputar <strong>vagas com pr&eacute;-requisito (R+) devem realizar apenas a inscri&ccedil;&atilde;o no Enare<\/strong> e far&atilde;o<strong> prova espec&iacute;fica, elaborada pela Funda&ccedil;&atilde;o Getulio Vargas (FGV).<\/strong><\/p><div class=\"wp-block-buttons is-content-justification-center is-layout-flex wp-container-core-buttons-is-layout-3 wp-block-buttons-is-layout-flex\">\n<div class=\"wp-block-button\"><a class=\"wp-block-button__link wp-element-button\" href=\"https:\/\/enare-inscricao.conhecimento.fgv.br\/\" target=\"_blank\">inscri&ccedil;&atilde;o enare<\/a><\/div>\n<\/div><blockquote class=\"instagram-media\" data-instgrm-captioned data-instgrm-permalink=\"https:\/\/www.instagram.com\/reel\/DLzx9k8RBCf\/?utm_source=ig_embed&amp;utm_campaign=loading\" data-instgrm-version=\"14\" style=\" background:#FFF; border:0; border-radius:3px; box-shadow:0 0 1px 0 rgba(0,0,0,0.5),0 1px 10px 0 rgba(0,0,0,0.15); margin: 1px; max-width:540px; min-width:326px; padding:0; width:99.375%; width:-webkit-calc(100% - 2px); width:calc(100% - 2px);\"><div style=\"padding:16px;\"> <a href=\"https:\/\/www.instagram.com\/reel\/DLzx9k8RBCf\/?utm_source=ig_embed&amp;utm_campaign=loading\" style=\" background:#FFFFFF; line-height:0; padding:0 0; text-align:center; text-decoration:none; width:100%;\" target=\"_blank\"> <div style=\" display: flex; flex-direction: row; align-items: center;\"> <div style=\"background-color: #F4F4F4; border-radius: 50%; flex-grow: 0; height: 40px; margin-right: 14px; width: 40px;\"><\/div> <div style=\"display: flex; flex-direction: column; flex-grow: 1; justify-content: center;\"> <div style=\" background-color: #F4F4F4; border-radius: 4px; flex-grow: 0; height: 14px; margin-bottom: 6px; width: 100px;\"><\/div> <div style=\" background-color: #F4F4F4; border-radius: 4px; flex-grow: 0; height: 14px; width: 60px;\"><\/div><\/div><\/div><div style=\"padding: 19% 0;\"><\/div> <div style=\"display:block; height:50px; margin:0 auto 12px; width:50px;\"><svg width=\"50px\" height=\"50px\" viewbox=\"0 0 60 60\" version=\"1.1\" xmlns=\"https:\/\/www.w3.org\/2000\/svg\" xmlns:xlink=\"https:\/\/www.w3.org\/1999\/xlink\"><g stroke=\"none\" stroke-width=\"1\" fill=\"none\" fill-rule=\"evenodd\"><g transform=\"translate(-511.000000, -20.000000)\" fill=\"#000000\"><g><path d=\"M556.869,30.41 C554.814,30.41 553.148,32.076 553.148,34.131 C553.148,36.186 554.814,37.852 556.869,37.852 C558.924,37.852 560.59,36.186 560.59,34.131 C560.59,32.076 558.924,30.41 556.869,30.41 M541,60.657 C535.114,60.657 530.342,55.887 530.342,50 C530.342,44.114 535.114,39.342 541,39.342 C546.887,39.342 551.658,44.114 551.658,50 C551.658,55.887 546.887,60.657 541,60.657 M541,33.886 C532.1,33.886 524.886,41.1 524.886,50 C524.886,58.899 532.1,66.113 541,66.113 C549.9,66.113 557.115,58.899 557.115,50 C557.115,41.1 549.9,33.886 541,33.886 M565.378,62.101 C565.244,65.022 564.756,66.606 564.346,67.663 C563.803,69.06 563.154,70.057 562.106,71.106 C561.058,72.155 560.06,72.803 558.662,73.347 C557.607,73.757 556.021,74.244 553.102,74.378 C549.944,74.521 548.997,74.552 541,74.552 C533.003,74.552 532.056,74.521 528.898,74.378 C525.979,74.244 524.393,73.757 523.338,73.347 C521.94,72.803 520.942,72.155 519.894,71.106 C518.846,70.057 518.197,69.06 517.654,67.663 C517.244,66.606 516.755,65.022 516.623,62.101 C516.479,58.943 516.448,57.996 516.448,50 C516.448,42.003 516.479,41.056 516.623,37.899 C516.755,34.978 517.244,33.391 517.654,32.338 C518.197,30.938 518.846,29.942 519.894,28.894 C520.942,27.846 521.94,27.196 523.338,26.654 C524.393,26.244 525.979,25.756 528.898,25.623 C532.057,25.479 533.004,25.448 541,25.448 C548.997,25.448 549.943,25.479 553.102,25.623 C556.021,25.756 557.607,26.244 558.662,26.654 C560.06,27.196 561.058,27.846 562.106,28.894 C563.154,29.942 563.803,30.938 564.346,32.338 C564.756,33.391 565.244,34.978 565.378,37.899 C565.522,41.056 565.552,42.003 565.552,50 C565.552,57.996 565.522,58.943 565.378,62.101 M570.82,37.631 C570.674,34.438 570.167,32.258 569.425,30.349 C568.659,28.377 567.633,26.702 565.965,25.035 C564.297,23.368 562.623,22.342 560.652,21.575 C558.743,20.834 556.562,20.326 553.369,20.18 C550.169,20.033 549.148,20 541,20 C532.853,20 531.831,20.033 528.631,20.18 C525.438,20.326 523.257,20.834 521.349,21.575 C519.376,22.342 517.703,23.368 516.035,25.035 C514.368,26.702 513.342,28.377 512.574,30.349 C511.834,32.258 511.326,34.438 511.181,37.631 C511.035,40.831 511,41.851 511,50 C511,58.147 511.035,59.17 511.181,62.369 C511.326,65.562 511.834,67.743 512.574,69.651 C513.342,71.625 514.368,73.296 516.035,74.965 C517.703,76.634 519.376,77.658 521.349,78.425 C523.257,79.167 525.438,79.673 528.631,79.82 C531.831,79.965 532.853,80.001 541,80.001 C549.148,80.001 550.169,79.965 553.369,79.82 C556.562,79.673 558.743,79.167 560.652,78.425 C562.623,77.658 564.297,76.634 565.965,74.965 C567.633,73.296 568.659,71.625 569.425,69.651 C570.167,67.743 570.674,65.562 570.82,62.369 C570.966,59.17 571,58.147 571,50 C571,41.851 570.966,40.831 570.82,37.631\"><\/path><\/g><\/g><\/g><\/svg><\/div><div style=\"padding-top: 8px;\"> <div style=\" color:#3897f0; font-family:Arial,sans-serif; font-size:14px; font-style:normal; font-weight:550; line-height:18px;\">Ver essa foto no Instagram<\/div><\/div><div style=\"padding: 12.5% 0;\"><\/div> <div style=\"display: flex; flex-direction: row; margin-bottom: 14px; align-items: center;\"><div> <div style=\"background-color: #F4F4F4; border-radius: 50%; height: 12.5px; width: 12.5px; transform: translateX(0px) translateY(7px);\"><\/div> <div style=\"background-color: #F4F4F4; height: 12.5px; transform: rotate(-45deg) translateX(3px) translateY(1px); width: 12.5px; flex-grow: 0; margin-right: 14px; margin-left: 2px;\"><\/div> <div style=\"background-color: #F4F4F4; border-radius: 50%; height: 12.5px; width: 12.5px; transform: translateX(9px) translateY(-18px);\"><\/div><\/div><div style=\"margin-left: 8px;\"> <div style=\" background-color: #F4F4F4; border-radius: 50%; flex-grow: 0; height: 20px; width: 20px;\"><\/div> <div style=\" width: 0; height: 0; border-top: 2px solid transparent; border-left: 6px solid #f4f4f4; border-bottom: 2px solid transparent; transform: translateX(16px) translateY(-4px) rotate(30deg)\"><\/div><\/div><div style=\"margin-left: auto;\"> <div style=\" width: 0px; border-top: 8px solid #F4F4F4; border-right: 8px solid transparent; transform: translateY(16px);\"><\/div> <div style=\" background-color: #F4F4F4; flex-grow: 0; height: 12px; width: 16px; transform: translateY(-4px);\"><\/div> <div style=\" width: 0; height: 0; border-top: 8px solid #F4F4F4; border-left: 8px solid transparent; transform: translateY(-4px) translateX(8px);\"><\/div><\/div><\/div> <div style=\"display: flex; flex-direction: column; flex-grow: 1; justify-content: center; margin-bottom: 24px;\"> <div style=\" background-color: #F4F4F4; border-radius: 4px; flex-grow: 0; height: 14px; margin-bottom: 6px; width: 224px;\"><\/div> <div style=\" background-color: #F4F4F4; border-radius: 4px; flex-grow: 0; height: 14px; width: 144px;\"><\/div><\/div><\/a><p style=\" color:#c9c8cd; font-family:Arial,sans-serif; font-size:14px; line-height:17px; margin-bottom:0; margin-top:8px; overflow:hidden; padding:8px 0 7px; text-align:center; text-overflow:ellipsis; white-space:nowrap;\"><a href=\"https:\/\/www.instagram.com\/reel\/DLzx9k8RBCf\/?utm_source=ig_embed&amp;utm_campaign=loading\" style=\" color:#c9c8cd; font-family:Arial,sans-serif; font-size:14px; font-style:normal; font-weight:normal; line-height:17px; text-decoration:none;\" target=\"_blank\">Uma publica&ccedil;&atilde;o compartilhada por B&aacute;rbara D&rsquo;Alegria | CRM: 52-98490-6 | RQE: 32341 (@prof.barbaradalegria)<\/a><\/p><\/div><\/blockquote><script async src=\"\/\/www.instagram.com\/embed.js\"><\/script><h3 class=\"wp-block-heading\" id=\"h-como-funciona-a-isencao-da-taxa-no-enare\"><span class=\"ez-toc-section\" id=\"Como-funciona-a-isencao-da-taxa-no-Enare\"><\/span>Como funciona a isen&ccedil;&atilde;o da taxa no Enare<span class=\"ez-toc-section-end\"><\/span><\/h3><p>A &uacute;nica taxa a ser paga ser&aacute; aquela cobrada na plataforma de inscri&ccedil;&atilde;o do Enare, no valor de R$330. Por&eacute;m, h&aacute; a op&ccedil;&atilde;o de solicitar a isen&ccedil;&atilde;o dessa taxa, que dever&aacute; ser feita entre os dias <strong>7 e 9 de julho de 2025<\/strong>, junto com o envio da documenta&ccedil;&atilde;o comprobat&oacute;ria. Ter&atilde;o direito &agrave; isen&ccedil;&atilde;o os candidatos que se enquadrarem em uma das situa&ccedil;&otilde;es abaixo:<\/p><ul class=\"wp-block-list\">\n<li>Taxa de inscri&ccedil;&atilde;o superior a <strong>30% do sal&aacute;rio mensal<\/strong> do candidato, se n&atilde;o tiver dependentes;<\/li>\n\n\n\n<li>Taxa ultrapassando <strong>20% do sal&aacute;rio mensal<\/strong> do candidato com at&eacute; dois dependentes;<\/li>\n\n\n\n<li>Taxa superior a <strong>10% do sal&aacute;rio mensal<\/strong> para candidatos com mais de dois dependentes;<\/li>\n\n\n\n<li>Quando o candidato declarar impossibilidade de pagamento e comprovar <strong>renda familiar mensal de at&eacute; tr&ecirc;s sal&aacute;rios-m&iacute;nimos<\/strong> ou <strong>renda individual de at&eacute; dois sal&aacute;rios-m&iacute;nimos<\/strong>;<\/li>\n\n\n\n<li>Candidatos inscritos no <strong>Cad&Uacute;nico<\/strong> (Cadastro &Uacute;nico para Programas Sociais do Governo Federal); ou<\/li>\n\n\n\n<li>Quando declarar-se membro de <strong>fam&iacute;lia de baixa renda<\/strong>, conforme o <strong>Decreto n&ordm; 11.016\/2022<\/strong>.<\/li>\n<\/ul><p>Al&eacute;m disso, em qualquer uma das situa&ccedil;&otilde;es de isen&ccedil;&atilde;o previstas, o candidato dever&aacute; declarar no formul&aacute;rio de inscri&ccedil;&atilde;o:<\/p><ul class=\"wp-block-list\">\n<li>Que <strong>n&atilde;o custeou, com recursos pr&oacute;prios, curso preparat&oacute;rio<\/strong> para o processo seletivo de resid&ecirc;ncia m&eacute;dica;<\/li>\n\n\n\n<li>Que &eacute; <strong>egresso de institui&ccedil;&atilde;o p&uacute;blica<\/strong> ou foi <strong>benefici&aacute;rio de bolsa oficial<\/strong> durante a gradua&ccedil;&atilde;o.<\/li>\n<\/ul><h2 class=\"wp-block-heading\" id=\"h-locais-de-prova-enamed-enare-acesso-direto\"><span class=\"ez-toc-section\" id=\"Locais-de-Prova-%E2%80%93-EnamedEnare-Acesso-Direto\"><\/span>Locais de Prova &ndash; Enamed\/Enare Acesso Direto<span class=\"ez-toc-section-end\"><\/span><\/h2><figure class=\"wp-block-table table-search\"><table class=\"has-fixed-layout\"><thead><tr><th>UF<\/th><th>Munic&iacute;pio<\/th><\/tr><\/thead><tbody><tr><td>AC<\/td><td>Rio Branco<\/td><\/tr><tr><td rowspan=\"2\">AL<\/td><td>Arapiraca<\/td><\/tr><tr><td>Macei&oacute;<\/td><\/tr><tr><td>AM<\/td><td>Manaus<\/td><\/tr><tr><td>AP<\/td><td>Macap&aacute;<\/td><\/tr><tr><td rowspan=\"17\">BA<\/td><td>Alagoinhas<\/td><\/tr><tr><td>Barreiras<\/td><\/tr><tr><td>Eun&aacute;polis<\/td><\/tr><tr><td>Feira de Santana<\/td><\/tr><tr><td>Guanambi<\/td><\/tr><tr><td>Ilh&eacute;us<\/td><\/tr><tr><td>Irec&ecirc;<\/td><\/tr><tr><td>Itabuna<\/td><\/tr><tr><td>Jacobina<\/td><\/tr><tr><td>Jequi&eacute;<\/td><\/tr><tr><td>Juazeiro<\/td><\/tr><tr><td>Lauro de Freitas<\/td><\/tr><tr><td>Paulo Afonso<\/td><\/tr><tr><td>Salvador<\/td><\/tr><tr><td>Santo Ant&ocirc;nio de Jesus<\/td><\/tr><tr><td>Teixeira de Freitas<\/td><\/tr><tr><td>Vit&oacute;ria da Conquista<\/td><\/tr><tr><td rowspan=\"5\">CE<\/td><td>Barbalha<\/td><\/tr><tr><td>Canind&eacute;<\/td><\/tr><tr><td>Fortaleza<\/td><\/tr><tr><td>Juazeiro do Norte<\/td><\/tr><tr><td>Sobral<\/td><\/tr><tr><td>DF<\/td><td>Bras&iacute;lia<\/td><\/tr><tr><td rowspan=\"4\">ES<\/td><td>Cachoeiro de Itapemirim<\/td><\/tr><tr><td>Colatina<\/td><\/tr><tr><td>Vila Velha<\/td><\/tr><tr><td>Vit&oacute;ria<\/td><\/tr><tr><td rowspan=\"12\">GO<\/td><td>An&aacute;polis<\/td><\/tr><tr><td>Aparecida de Goi&acirc;nia<\/td><\/tr><tr><td>Catal&atilde;o<\/td><\/tr><tr><td>Formosa<\/td><\/tr><tr><td>Goian&eacute;sia<\/td><\/tr><tr><td>Goiatuba<\/td><\/tr><tr><td>Goi&acirc;nia<\/td><\/tr><tr><td>Itumbiara<\/td><\/tr><tr><td>Jata&iacute;<\/td><\/tr><tr><td>Mineiros<\/td><\/tr><tr><td>Rio Verde<\/td><\/tr><tr><td>Trindade<\/td><\/tr><tr><td rowspan=\"5\">MA<\/td><td>Caxias<\/td><\/tr><tr><td>Imperatriz<\/td><\/tr><tr><td>Pinheiro<\/td><\/tr><tr><td>Santa In&ecirc;s<\/td><\/tr><tr><td>S&atilde;o Lu&iacute;s<\/td><\/tr><tr><td rowspan=\"33\">MG<\/td><td>Alfenas<\/td><\/tr><tr><td>Araguari<\/td><\/tr><tr><td>Barbacena<\/td><\/tr><tr><td>Belo Horizonte<\/td><\/tr><tr><td>Betim<\/td><\/tr><tr><td>Contagem<\/td><\/tr><tr><td>Diamantina<\/td><\/tr><tr><td>Divin&oacute;polis<\/td><\/tr><tr><td>Governador Valadares<\/td><\/tr><tr><td>Ipatinga<\/td><\/tr><tr><td>Itajub&aacute;<\/td><\/tr><tr><td>Ita&uacute;na<\/td><\/tr><tr><td>Juiz de Fora<\/td><\/tr><tr><td>Lavras<\/td><\/tr><tr><td>Manhua&ccedil;u<\/td><\/tr><tr><td>Matip&oacute;<\/td><\/tr><tr><td>Montes Claros<\/td><\/tr><tr><td>Muria&eacute;<\/td><\/tr><tr><td>Ouro Preto<\/td><\/tr><tr><td>Paracatu<\/td><\/tr><tr><td>Passos<\/td><\/tr><tr><td>Patos de Minas<\/td><\/tr><tr><td>Ponte Nova<\/td><\/tr><tr><td>Pouso Alegre<\/td><\/tr><tr><td>Po&ccedil;os de Caldas<\/td><\/tr><tr><td>Sete Lagoas<\/td><\/tr><tr><td>S&atilde;o Jo&atilde;o Del Rei<\/td><\/tr><tr><td>Te&oacute;filo Otoni<\/td><\/tr><tr><td>Uberaba<\/td><\/tr><tr><td>Uberl&acirc;ndia<\/td><\/tr><tr><td>Ub&aacute;<\/td><\/tr><tr><td>Vespasiano<\/td><\/tr><tr><td>Vi&ccedil;osa<\/td><\/tr><tr><td rowspan=\"4\">MS<\/td><td>Campo Grande<\/td><\/tr><tr><td>Corumb&aacute;<\/td><\/tr><tr><td>Dourados<\/td><\/tr><tr><td>Tr&ecirc;s Lagoas<\/td><\/tr><tr><td rowspan=\"5\">MT<\/td><td>Cuiab&aacute;<\/td><\/tr><tr><td>C&aacute;ceres<\/td><\/tr><tr><td>Rondon&oacute;polis<\/td><\/tr><tr><td>Sinop<\/td><\/tr><tr><td>V&aacute;rzea Grande<\/td><\/tr><tr><td rowspan=\"5\">PA<\/td><td>Altamira<\/td><\/tr><tr><td>Bel&eacute;m<\/td><\/tr><tr><td>Marab&aacute;<\/td><\/tr><tr><td>Reden&ccedil;&atilde;o<\/td><\/tr><tr><td>Santar&eacute;m<\/td><\/tr><tr><td rowspan=\"3\">PB<\/td><td>Cajazeiras<\/td><\/tr><tr><td>Jo&atilde;o Pessoa<\/td><\/tr><tr><td>Patos<\/td><\/tr><tr><td rowspan=\"8\">PE<\/td><td>Arcoverde<\/td><\/tr><tr><td>Caruaru<\/td><\/tr><tr><td>Garanhuns<\/td><\/tr><tr><td>Jaboat&atilde;o de Guararapes<\/td><\/tr><tr><td>Olinda<\/td><\/tr><tr><td>Petrolina<\/td><\/tr><tr><td>Recife<\/td><\/tr><tr><td>Serra Talhada<\/td><\/tr><tr><td rowspan=\"3\">PI<\/td><td>Parna&iacute;ba<\/td><\/tr><tr><td>Picos<\/td><\/tr><tr><td>Teresina<\/td><\/tr><tr><td rowspan=\"12\">PR<\/td><td>Campo Mour&atilde;o<\/td><\/tr><tr><td>Cascavel<\/td><\/tr><tr><td>Curitiba<\/td><\/tr><tr><td>Foz do Igua&ccedil;u<\/td><\/tr><tr><td>Francisco Beltr&atilde;o<\/td><\/tr><tr><td>Guarapuava<\/td><\/tr><tr><td>Londrina<\/td><\/tr><tr><td>Maring&aacute;<\/td><\/tr><tr><td>Pato Branco<\/td><\/tr><tr><td>Ponta Grossa<\/td><\/tr><tr><td>Toledo<\/td><\/tr><tr><td>Umuarama<\/td><\/tr><tr><td rowspan=\"15\">RJ<\/td><td>Angra dos Reis<\/td><\/tr><tr><td>Bom Jesus do Itabapoana<\/td><\/tr><tr><td>Campo dos Goyatacazes<\/td><\/tr><tr><td>Duque de Caxias<\/td><\/tr><tr><td>Itaperuna<\/td><\/tr><tr><td>Maca&eacute;<\/td><\/tr><tr><td>Niter&oacute;i<\/td><\/tr><tr><td>Nova Igua&ccedil;u<\/td><\/tr><tr><td>Petr&oacute;polis<\/td><\/tr><tr><td>Rio de Janeiro<\/td><\/tr><tr><td>Teres&oacute;polis<\/td><\/tr><tr><td>Tr&ecirc;s Rios<\/td><\/tr><tr><td>Valen&ccedil;a<\/td><\/tr><tr><td>Vassouras<\/td><\/tr><tr><td>Volta Redonda<\/td><\/tr><tr><td rowspan=\"3\">RN<\/td><td>Caic&oacute;<\/td><\/tr><tr><td>Mossor&oacute;<\/td><\/tr><tr><td>Natal<\/td><\/tr><tr><td rowspan=\"3\">RO<\/td><td>Cacoal<\/td><\/tr><tr><td>Porto Velho<\/td><\/tr><tr><td>Vilhena<\/td><\/tr><tr><td>RR<\/td><td>Boa Vista<\/td><\/tr><tr><td rowspan=\"14\">RS<\/td><td>Canoas<\/td><\/tr><tr><td>Caxias do Sul<\/td><\/tr><tr><td>Erechim<\/td><\/tr><tr><td>Iju&iacute;<\/td><\/tr><tr><td>Lajeado<\/td><\/tr><tr><td>Novo Hamburgo<\/td><\/tr><tr><td>Passo Fundo<\/td><\/tr><tr><td>Pelotas<\/td><\/tr><tr><td>Porto Alegre<\/td><\/tr><tr><td>Rio Grande<\/td><\/tr><tr><td>Santa Cruz do Sul<\/td><\/tr><tr><td>Santa Maria<\/td><\/tr><tr><td>S&atilde;o Leopoldo<\/td><\/tr><tr><td>Uruguaiana<\/td><\/tr><tr><td rowspan=\"16\">SC<\/td><td>Arangu&aacute;<\/td><\/tr><tr><td>Blumenau<\/td><\/tr><tr><td>Brusque<\/td><\/tr><tr><td>Ca&ccedil;ador<\/td><\/tr><tr><td>Chapec&oacute;<\/td><\/tr><tr><td>Crici&uacute;ma<\/td><\/tr><tr><td>Florian&oacute;polis<\/td><\/tr><tr><td>Itaja&iacute;<\/td><\/tr><tr><td>Jaragu&aacute; do Sul<\/td><\/tr><tr><td>Joa&ccedil;aba<\/td><\/tr><tr><td>Joinville<\/td><\/tr><tr><td>Lages<\/td><\/tr><tr><td>Mafra<\/td><\/tr><tr><td>Palho&ccedil;a<\/td><\/tr><tr><td>Rio do Sul<\/td><\/tr><tr><td>Tubar&atilde;o<\/td><\/tr><tr><td rowspan=\"3\">SE<\/td><td>Aracaju<\/td><\/tr><tr><td>Est&acirc;ncia<\/td><\/tr><tr><td>Lagarto<\/td><\/tr><tr><td rowspan=\"42\">SP<\/td><td>Adamantina<\/td><\/tr><tr><td>Araraquara<\/td><\/tr><tr><td>Araras<\/td><\/tr><tr><td>Ara&ccedil;atuba<\/td><\/tr><tr><td>Barretos<\/td><\/tr><tr><td>Bauru<\/td><\/tr><tr><td>Botucatu<\/td><\/tr><tr><td>Bragan&ccedil;a Paulista<\/td><\/tr><tr><td>Campinas<\/td><\/tr><tr><td>Catanduva<\/td><\/tr><tr><td>Cubat&atilde;o<\/td><\/tr><tr><td>Dracena<\/td><\/tr><tr><td>Fernand&oacute;polis<\/td><\/tr><tr><td>Franca<\/td><\/tr><tr><td>Guaruj&aacute;<\/td><\/tr><tr><td>Guarulhos<\/td><\/tr><tr><td>Indaiatuba<\/td><\/tr><tr><td>Jaguari&uacute;na<\/td><\/tr><tr><td>Ja&uacute;<\/td><\/tr><tr><td>Mar&iacute;lia<\/td><\/tr><tr><td>Mau&aacute;<\/td><\/tr><tr><td>Mogi Gua&ccedil;u<\/td><\/tr><tr><td>Mogi das Gruzes<\/td><\/tr><tr><td>Osasco<\/td><\/tr><tr><td>Pen&aacute;polis<\/td><\/tr><tr><td>Piracicaba<\/td><\/tr><tr><td>Presidente Prudente<\/td><\/tr><tr><td>Ribeir&atilde;o Preto<\/td><\/tr><tr><td>Rio Claro<\/td><\/tr><tr><td>Santa F&eacute; do Sul<\/td><\/tr><tr><td>Santo Andr&eacute;<\/td><\/tr><tr><td>Santos<\/td><\/tr><tr><td>Sorocaba<\/td><\/tr><tr><td>S&atilde;o Bernardo do Campo<\/td><\/tr><tr><td>S&atilde;o Caetano do Sul<\/td><\/tr><tr><td>S&atilde;o Carlos<\/td><\/tr><tr><td>S&atilde;o Jos&eacute; do Rio Preto<\/td><\/tr><tr><td>S&atilde;o Jos&eacute; dos Campos<\/td><\/tr><tr><td>S&atilde;o Jo&atilde;o da Boa Vista<\/td><\/tr><tr><td>S&atilde;o Paulo<\/td><\/tr><tr><td>Taubat&eacute;<\/td><\/tr><tr><td>Votuporanga<\/td><\/tr><tr><td rowspan=\"4\">TO<\/td><td>Aragua&iacute;na<\/td><\/tr><tr><td>Gurupi<\/td><\/tr><tr><td>Palmas<\/td><\/tr><tr><td>Porto Nacional<\/td><\/tr><\/tbody><\/table><\/figure><h2 class=\"wp-block-heading\" id=\"h-locais-de-prova-enare-r\"><span class=\"ez-toc-section\" id=\"Locais-de-Prova-%E2%80%93-Enare-R\"><\/span>Locais de Prova &ndash; Enare R+<span class=\"ez-toc-section-end\"><\/span><\/h2><figure class=\"wp-block-table table-search\"><table class=\"has-fixed-layout\"><thead><tr><th>UF<\/th><th>Munic&iacute;pio<\/th><\/tr><\/thead><tbody><tr><td>AC<\/td><td>Rio Branco<\/td><\/tr><tr><td>AL<\/td><td>Macei&oacute;<\/td><\/tr><tr><td>AM<\/td><td>Manaus<\/td><\/tr><tr><td>AP<\/td><td>Macap&aacute;<\/td><\/tr><tr><td rowspan=\"3\">BA<\/td><td>Ilh&eacute;us<\/td><\/tr><tr><td>Salvador<\/td><\/tr><tr><td>Vit&oacute;ria da Conquista<\/td><\/tr><tr><td rowspan=\"4\">CE<\/td><td>Fortaleza<\/td><\/tr><tr><td>Juazeiro do Norte<\/td><\/tr><tr><td>Quixad&aacute;<\/td><\/tr><tr><td>Sobral<\/td><\/tr><tr><td>DF<\/td><td>Bras&iacute;lia<\/td><\/tr><tr><td>ES<\/td><td>Vit&oacute;ria<\/td><\/tr><tr><td>GO<\/td><td>Goi&acirc;nia<\/td><\/tr><tr><td rowspan=\"2\">MA<\/td><td>Imperatriz<\/td><\/tr><tr><td>S&atilde;o Lu&iacute;s<\/td><\/tr><tr><td rowspan=\"6\">MG<\/td><td>Belo Horizonte<\/td><\/tr><tr><td>Juiz de Fora<\/td><\/tr><tr><td>Montes Claros<\/td><\/tr><tr><td>Patos de Minas<\/td><\/tr><tr><td>Uberaba<\/td><\/tr><tr><td>Uberl&acirc;ndia<\/td><\/tr><tr><td rowspan=\"2\">MS<\/td><td>Campo Grande<\/td><\/tr><tr><td>Dourados<\/td><\/tr><tr><td>MT<\/td><td>Cuiab&aacute;<\/td><\/tr><tr><td>PA<\/td><td>Bel&eacute;m<\/td><\/tr><tr><td rowspan=\"3\">PB<\/td><td>Cajazeiras<\/td><\/tr><tr><td>Campina Grande<\/td><\/tr><tr><td>Jo&atilde;o Pessoa<\/td><\/tr><tr><td rowspan=\"2\">PE<\/td><td>Petrolina<\/td><\/tr><tr><td>Recife<\/td><\/tr><tr><td rowspan=\"2\">PI<\/td><td>Parna&iacute;ba<\/td><\/tr><tr><td>Teresina<\/td><\/tr><tr><td rowspan=\"3\">PR<\/td><td>Cascavel<\/td><\/tr><tr><td>Curitiba<\/td><\/tr><tr><td>Londrina<\/td><\/tr><tr><td rowspan=\"4\">RJ<\/td><td>Niter&oacute;i<\/td><\/tr><tr><td>Petr&oacute;polis<\/td><\/tr><tr><td>Rio de Janeiro<\/td><\/tr><tr><td>Volta Redonda<\/td><\/tr><tr><td rowspan=\"2\">RN<\/td><td>Natal<\/td><\/tr><tr><td>Santa Cruz<\/td><\/tr><tr><td>RO<\/td><td>Porto Velho<\/td><\/tr><tr><td>RR<\/td><td>Boa Vista<\/td><\/tr><tr><td rowspan=\"5\">RS<\/td><td>Passo Fundo<\/td><\/tr><tr><td>Pelotas<\/td><\/tr><tr><td>Porto Alegre<\/td><\/tr><tr><td>Rio Grande<\/td><\/tr><tr><td>Santa Maria<\/td><\/tr><tr><td>SC<\/td><td>Florian&oacute;polis<\/td><\/tr><tr><td rowspan=\"2\">SE<\/td><td>Aracaju<\/td><\/tr><tr><td>Lagarto<\/td><\/tr><tr><td rowspan=\"6\">SP<\/td><td>Bauru<\/td><\/tr><tr><td>Campinas<\/td><\/tr><tr><td>Ribeir&atilde;o Preto<\/td><\/tr><tr><td>Santos<\/td><\/tr><tr><td>S&atilde;o Carlos<\/td><\/tr><tr><td>S&atilde;o Paulo<\/td><\/tr><tr><td rowspan=\"2\">TO<\/td><td>Aragua&iacute;na<\/td><\/tr><tr><td>Palmas<\/td><\/tr><\/tbody><\/table><\/figure><h2 class=\"wp-block-heading\" id=\"h-enamed-x-enare-qual-a-diferenca\"><span class=\"ez-toc-section\" id=\"Enamed-x-Enare-qual-a-diferenca\"><\/span>Enamed x Enare: qual a diferen&ccedil;a?<span class=\"ez-toc-section-end\"><\/span><\/h2><p>Antes de garantir a participa&ccedil;&atilde;o em um desses exames &ndash; ou em ambos &ndash; &eacute; importante entender qual &eacute; a fun&ccedil;&atilde;o de cada um.<\/p><h3 class=\"wp-block-heading\" id=\"h-o-enamed\"><span class=\"ez-toc-section\" id=\"O-Enamed\"><\/span>O Enamed<span class=\"ez-toc-section-end\"><\/span><\/h3><p>O <strong>Exame Nacional de Avalia&ccedil;&atilde;o da Forma&ccedil;&atilde;o M&eacute;dica (Enamed)<\/strong> &eacute; uma avalia&ccedil;&atilde;o rec&eacute;m-criada, que passar&aacute; a ser aplicada j&aacute; em 2025 pelo <strong>Instituto Nacional de Estudos e Pesquisas Educacionais An&iacute;sio Teixeira (Inep)<\/strong>. Ele unifica os instrumentos de avalia&ccedil;&atilde;o do <strong>Enade para Medicina<\/strong> com a prova objetiva do <strong>Enare para vagas de Acesso Direto<\/strong>, criando um exame &uacute;nico, anual e <strong>obrigat&oacute;rio para concluintes da gradua&ccedil;&atilde;o em Medicina<\/strong>. A prova abordar&aacute;, principalmente, conte&uacute;dos das <strong>cinco grandes &aacute;reas da Medicina<\/strong>.<\/p><p>Ou seja: o Enamed continua exercendo a fun&ccedil;&atilde;o de avalia&ccedil;&atilde;o das institui&ccedil;&otilde;es formadoras e da qualidade da forma&ccedil;&atilde;o m&eacute;dica no Brasil &ndash; como fazia o Enade &ndash; mas, al&eacute;m disso, <strong>sua nota poder&aacute; ser usada no processo seletivo do Enare<\/strong> para as especialidades de <strong>Acesso Direto.<\/strong>&nbsp;<\/p><div class=\"wp-block-buttons is-content-justification-center is-layout-flex wp-container-core-buttons-is-layout-4 wp-block-buttons-is-layout-flex\">\n<div class=\"wp-block-button\"><a class=\"wp-block-button__link wp-element-button\" href=\"https:\/\/med.estrategia.com\/portal\/atualidades\/enamed-explicado-tudo-o-que-voce-precisa-saber\/\" target=\"_blank\">tudo sobre o enamed<\/a><\/div>\n<\/div><h3 class=\"wp-block-heading\" id=\"h-o-enare\"><span class=\"ez-toc-section\" id=\"O-Enare\"><\/span>O Enare<span class=\"ez-toc-section-end\"><\/span><\/h3><p>Conhecido como o &ldquo;<strong>ENEM da Resid&ecirc;ncia M&eacute;dica<\/strong>&ldquo;, o <strong>Exame Nacional de Resid&ecirc;ncia M&eacute;dica (Enare)<\/strong> foi criado pela <strong>Empresa Brasileira de Servi&ccedil;os Hospitalares (Ebserh)<\/strong> para otimizar e padronizar a sele&ccedil;&atilde;o de m&eacute;dicos para programas de resid&ecirc;ncia m&eacute;dica.<\/p><p>Nele, os candidatos realizam uma &uacute;nica prova e, com a pontua&ccedil;&atilde;o obtida, podem concorrer anualmente a milhares de vagas de resid&ecirc;ncia m&eacute;dica em quase <strong>200 institui&ccedil;&otilde;es brasileiras<\/strong>.<\/p><p>Vale refor&ccedil;ar que, embora o conceito seja de &ldquo;uma &uacute;nica prova&rdquo;, o conte&uacute;do varia conforme o tipo de vaga:<\/p><ul class=\"wp-block-list\">\n<li><strong>Candidatos a vagas de Acesso Direto<\/strong> realizam uma prova com conte&uacute;dos das cinco grandes &aacute;reas da Medicina;<br><\/li>\n\n\n\n<li><strong>Candidatos a vagas de R+<\/strong> fazem uma prova com conte&uacute;dos espec&iacute;ficos da(s) &aacute;rea(s) exigidas como pr&eacute;-requisito para o programa desejado.<\/li>\n<\/ul><p>O ponto mais importante &eacute; que, <strong>a partir de 2025, a prova para as vagas de Acesso Direto n&atilde;o ser&aacute; mais aplicada diretamente pelo Enare, mas sim pelo Enamed<\/strong>. Ou seja: para disputar essas vagas, o candidato &ndash; seja concluinte de Medicina, rec&eacute;m-formado ou m&eacute;dico j&aacute; graduado h&aacute; mais tempo &ndash; dever&aacute; realizar o Enamed. Com a nota obtida, poder&aacute; ent&atilde;o aplicar para as vagas disponibilizadas pelo Enare.<\/p><div class=\"wp-block-buttons is-content-justification-center is-layout-flex wp-container-core-buttons-is-layout-5 wp-block-buttons-is-layout-flex\">\n<div class=\"wp-block-button\"><a class=\"wp-block-button__link wp-element-button\" href=\"https:\/\/med.estrategia.com\/portal\/residencia-medica\/enare-vagas-cronograma-provas-edital\/\" target=\"_blank\">tudo sobre o enare<\/a><\/div>\n<\/div><p>Se voc&ecirc; quer ficar por dentro de mais conte&uacute;dos relevantes sobre a &aacute;rea m&eacute;dica, continue acompanhando o material preparado pelo Portal de Not&iacute;cias do Estrat&eacute;gia MED. Aqui, voc&ecirc; encontrar&aacute; informa&ccedil;&otilde;es atualizadas sobre resid&ecirc;ncias, carreira m&eacute;dica e muito mais.<\/p><p>Aproveite e n&atilde;o perca a chance de estudar contando com o maior banco de quest&otilde;es da &aacute;rea m&eacute;dica! Em dezembro de 2024, o BQMED contava com mais de 200 mil quest&otilde;es cadastradas, sendo mais de 108 mil quest&otilde;es com solu&ccedil;&atilde;o e, dessas, mais de 75 mil quest&otilde;es com coment&aacute;rios em v&iacute;deo dos professores especialistas do Estrat&eacute;gia MED. Saiba mais abaixo!<\/p><p>\n\n\n\n\n\n<a id=\"cta\" class=\"cta-imagem\" href=\"https:\/\/med.estrategia.com\/curso\/banco-de-questes-resumos-estrategicos-anual\/\" target=\"blank\">\n                <img decoding=\"async\" width=\"100%\" src=\"https:\/\/med.estrategia.com\/portal\/wp-content\/uploads\/2025\/08\/banco_questoes.png\" alt=\"banco_questoes\" title=\"banco_questoes\">\n        <\/a>\n<\/p><\/p>\n","protected":false},"excerpt":{"rendered":"ATUALIZA&Ccedil;&Atilde;O!ENARE 2025\/2026 tem edital retificado e inscri&ccedil;&otilde;es v&atilde;o at&eacute; 30\/07Inscri&ccedil;&otilde;es do Enamed 2025 s&atilde;o prorrogadasCome&ccedil;ou hoje (7) o&hellip;\n","protected":false},"author":22,"featured_media":85677,"comment_status":"closed","ping_status":"closed","sticky":false,"template":"","format":"standard","meta":{"wl_entities_gutenberg":"","footnotes":""},"categories":[300],"tags":[],"wl_entity_type":[199],"class_list":{"0":"post-89498","1":"post","2":"type-post","3":"status-publish","4":"format-standard","5":"has-post-thumbnail","7":"category-noticias","8":"wl_entity_type-article"},"acf":[],"yoast_head":"<!-- This site is optimized with the Yoast SEO Premium plugin v26.6 (Yoast SEO v26.6) - https:\/\/yoast.com\/wordpress\/plugins\/seo\/ -->\n<title>Inscri\u00e7\u00f5es do Enamed e do Enare 2025 est\u00e3o abertas<\/title>\n<meta name=\"description\" content=\"Come\u00e7ou o prazo para os candidatos realizarem a inscri\u00e7\u00e3o tanto no Exame Nacional de Avalia\u00e7\u00e3o da Forma\u00e7\u00e3o M\u00e9dica (Enamed) quanto no Exame Nacional de Resid\u00eancia M\u00e9dica (Enare). Confira!\" \/>\n<meta name=\"robots\" content=\"index, follow, max-snippet:-1, max-image-preview:large, max-video-preview:-1\" \/>\n<link rel=\"canonical\" href=\"https:\/\/med.estrategia.com\/portal\/noticias\/inscricoes-do-enamed-e-do-enare-2025-estao-abertas\/\" \/>\n<meta property=\"og:locale\" content=\"pt_BR\" \/>\n<meta property=\"og:type\" content=\"article\" \/>\n<meta property=\"og:title\" content=\"Inscri\u00e7\u00f5es do Enamed e do Enare 2025 est\u00e3o abertas\" \/>\n<meta property=\"og:description\" content=\"Come\u00e7ou o prazo para os candidatos realizarem a inscri\u00e7\u00e3o tanto no Exame Nacional de Avalia\u00e7\u00e3o da Forma\u00e7\u00e3o M\u00e9dica (Enamed) quanto no Exame Nacional de Resid\u00eancia M\u00e9dica (Enare). Confira!\" \/>\n<meta property=\"og:url\" content=\"https:\/\/med.estrategia.com\/portal\/noticias\/inscricoes-do-enamed-e-do-enare-2025-estao-abertas\/\" \/>\n<meta property=\"og:site_name\" content=\"Estrat\u00e9gia MED\" \/>\n<meta property=\"article:publisher\" content=\"https:\/\/www.facebook.com\/estrategiamed1\" \/>\n<meta property=\"article:published_time\" content=\"2025-07-07T13:00:24+00:00\" \/>\n<meta property=\"article:modified_time\" content=\"2025-07-18T07:30:49+00:00\" \/>\n<meta property=\"og:image\" content=\"https:\/\/med.estrategia.com\/portal\/wp-content\/uploads\/2025\/04\/enamedenare-atualizacao.png\" \/>\n\t<meta property=\"og:image:width\" content=\"1920\" \/>\n\t<meta property=\"og:image:height\" content=\"1080\" \/>\n\t<meta property=\"og:image:type\" content=\"image\/png\" \/>\n<meta name=\"author\" content=\"Erika Coelho\" \/>\n<meta name=\"twitter:card\" content=\"summary_large_image\" \/>\n<meta name=\"twitter:creator\" content=\"@estrategiamed_\" \/>\n<meta name=\"twitter:site\" content=\"@estrategiamed_\" \/>\n<meta name=\"twitter:label1\" content=\"Escrito por\" \/>\n\t<meta name=\"twitter:data1\" content=\"Erika Coelho\" \/>\n\t<meta name=\"twitter:label2\" content=\"Est. tempo de leitura\" \/>\n\t<meta name=\"twitter:data2\" content=\"8 minutos\" \/>\n<script type=\"application\/ld+json\" class=\"yoast-schema-graph\">{\"@context\":\"https:\/\/schema.org\",\"@graph\":[{\"@type\":\"WebPage\",\"@id\":\"https:\/\/med.estrategia.com\/portal\/noticias\/inscricoes-do-enamed-e-do-enare-2025-estao-abertas\/\",\"url\":\"https:\/\/med.estrategia.com\/portal\/noticias\/inscricoes-do-enamed-e-do-enare-2025-estao-abertas\/\",\"name\":\"Inscri\u00e7\u00f5es do Enamed e do Enare 2025 est\u00e3o abertas\",\"isPartOf\":{\"@id\":\"https:\/\/med.estrategia.com\/portal\/#website\"},\"primaryImageOfPage\":{\"@id\":\"https:\/\/med.estrategia.com\/portal\/noticias\/inscricoes-do-enamed-e-do-enare-2025-estao-abertas\/#primaryimage\"},\"image\":{\"@id\":\"https:\/\/med.estrategia.com\/portal\/noticias\/inscricoes-do-enamed-e-do-enare-2025-estao-abertas\/#primaryimage\"},\"thumbnailUrl\":\"https:\/\/med.estrategia.com\/portal\/wp-content\/uploads\/2025\/04\/enamedenare-atualizacao.png\",\"datePublished\":\"2025-07-07T13:00:24+00:00\",\"dateModified\":\"2025-07-18T07:30:49+00:00\",\"author\":{\"@id\":\"https:\/\/med.estrategia.com\/portal\/#\/schema\/person\/8e7c9b2f53f2eede3b8880ad86ff20a3\"},\"description\":\"Come\u00e7ou o prazo para os candidatos realizarem a inscri\u00e7\u00e3o tanto no Exame Nacional de Avalia\u00e7\u00e3o da Forma\u00e7\u00e3o M\u00e9dica (Enamed) quanto no Exame Nacional de Resid\u00eancia M\u00e9dica (Enare). Confira!\",\"breadcrumb\":{\"@id\":\"https:\/\/med.estrategia.com\/portal\/noticias\/inscricoes-do-enamed-e-do-enare-2025-estao-abertas\/#breadcrumb\"},\"inLanguage\":\"pt-BR\",\"potentialAction\":[{\"@type\":\"ReadAction\",\"target\":[\"https:\/\/med.estrategia.com\/portal\/noticias\/inscricoes-do-enamed-e-do-enare-2025-estao-abertas\/\"]}]},{\"@type\":\"ImageObject\",\"inLanguage\":\"pt-BR\",\"@id\":\"https:\/\/med.estrategia.com\/portal\/noticias\/inscricoes-do-enamed-e-do-enare-2025-estao-abertas\/#primaryimage\",\"url\":\"https:\/\/med.estrategia.com\/portal\/wp-content\/uploads\/2025\/04\/enamedenare-atualizacao.png\",\"contentUrl\":\"https:\/\/med.estrategia.com\/portal\/wp-content\/uploads\/2025\/04\/enamedenare-atualizacao.png\",\"width\":1920,\"height\":1080,\"caption\":\"Estrat\u00e9gia MED\"},{\"@type\":\"BreadcrumbList\",\"@id\":\"https:\/\/med.estrategia.com\/portal\/noticias\/inscricoes-do-enamed-e-do-enare-2025-estao-abertas\/#breadcrumb\",\"itemListElement\":[{\"@type\":\"ListItem\",\"position\":1,\"name\":\"Home\",\"item\":\"https:\/\/med.estrategia.com\/portal\/\"},{\"@type\":\"ListItem\",\"position\":2,\"name\":\"Not\u00edcias\",\"item\":\"https:\/\/med.estrategia.com\/portal\/noticias\/\"},{\"@type\":\"ListItem\",\"position\":3,\"name\":\"Inscri\u00e7\u00f5es do Enamed e do Enare 2025 est\u00e3o abertas\"}]},{\"@type\":\"WebSite\",\"@id\":\"https:\/\/med.estrategia.com\/portal\/#website\",\"url\":\"https:\/\/med.estrategia.com\/portal\/\",\"name\":\"Estrat\u00e9gia MED\",\"description\":\"\",\"potentialAction\":[{\"@type\":\"SearchAction\",\"target\":{\"@type\":\"EntryPoint\",\"urlTemplate\":\"https:\/\/med.estrategia.com\/portal\/?s={search_term_string}\"},\"query-input\":{\"@type\":\"PropertyValueSpecification\",\"valueRequired\":true,\"valueName\":\"search_term_string\"}}],\"inLanguage\":\"pt-BR\"},{\"@type\":\"Person\",\"@id\":\"https:\/\/med.estrategia.com\/portal\/#\/schema\/person\/8e7c9b2f53f2eede3b8880ad86ff20a3\",\"name\":\"Erika Coelho\",\"image\":{\"@type\":\"ImageObject\",\"inLanguage\":\"pt-BR\",\"@id\":\"https:\/\/med.estrategia.com\/portal\/#\/schema\/person\/image\/\",\"url\":\"https:\/\/secure.gravatar.com\/avatar\/8ef9ff2e2fa53829c640cca8d1a45178?s=96&d=mm&r=g\",\"contentUrl\":\"https:\/\/secure.gravatar.com\/avatar\/8ef9ff2e2fa53829c640cca8d1a45178?s=96&d=mm&r=g\",\"caption\":\"Erika Coelho\"},\"description\":\"Jornalista pela Universidade Presbiteriana Mackenzie, escrevo sobre educa\u00e7\u00e3o, sa\u00fade e pol\u00edticas p\u00fablicas\",\"url\":\"https:\/\/med.estrategia.com\/portal\/author\/erika\/\"}]}<\/script>\n<!-- \/ Yoast SEO Premium plugin. -->","yoast_head_json":{"title":"Inscri\u00e7\u00f5es do Enamed e do Enare 2025 est\u00e3o abertas","description":"Come\u00e7ou o prazo para os candidatos realizarem a inscri\u00e7\u00e3o tanto no Exame Nacional de Avalia\u00e7\u00e3o da Forma\u00e7\u00e3o M\u00e9dica (Enamed) quanto no Exame Nacional de Resid\u00eancia M\u00e9dica (Enare). Confira!","robots":{"index":"index","follow":"follow","max-snippet":"max-snippet:-1","max-image-preview":"max-image-preview:large","max-video-preview":"max-video-preview:-1"},"canonical":"https:\/\/med.estrategia.com\/portal\/noticias\/inscricoes-do-enamed-e-do-enare-2025-estao-abertas\/","og_locale":"pt_BR","og_type":"article","og_title":"Inscri\u00e7\u00f5es do Enamed e do Enare 2025 est\u00e3o abertas","og_description":"Come\u00e7ou o prazo para os candidatos realizarem a inscri\u00e7\u00e3o tanto no Exame Nacional de Avalia\u00e7\u00e3o da Forma\u00e7\u00e3o M\u00e9dica (Enamed) quanto no Exame Nacional de Resid\u00eancia M\u00e9dica (Enare). Confira!","og_url":"https:\/\/med.estrategia.com\/portal\/noticias\/inscricoes-do-enamed-e-do-enare-2025-estao-abertas\/","og_site_name":"Estrat\u00e9gia MED","article_publisher":"https:\/\/www.facebook.com\/estrategiamed1","article_published_time":"2025-07-07T13:00:24+00:00","article_modified_time":"2025-07-18T07:30:49+00:00","og_image":[{"width":1920,"height":1080,"url":"https:\/\/med.estrategia.com\/portal\/wp-content\/uploads\/2025\/04\/enamedenare-atualizacao.png","type":"image\/png"}],"author":"Erika Coelho","twitter_card":"summary_large_image","twitter_creator":"@estrategiamed_","twitter_site":"@estrategiamed_","twitter_misc":{"Escrito por":"Erika Coelho","Est. tempo de leitura":"8 minutos"},"schema":{"@context":"https:\/\/schema.org","@graph":[{"@type":"WebPage","@id":"https:\/\/med.estrategia.com\/portal\/noticias\/inscricoes-do-enamed-e-do-enare-2025-estao-abertas\/","url":"https:\/\/med.estrategia.com\/portal\/noticias\/inscricoes-do-enamed-e-do-enare-2025-estao-abertas\/","name":"Inscri\u00e7\u00f5es do Enamed e do Enare 2025 est\u00e3o abertas","isPartOf":{"@id":"https:\/\/med.estrategia.com\/portal\/#website"},"primaryImageOfPage":{"@id":"https:\/\/med.estrategia.com\/portal\/noticias\/inscricoes-do-enamed-e-do-enare-2025-estao-abertas\/#primaryimage"},"image":{"@id":"https:\/\/med.estrategia.com\/portal\/noticias\/inscricoes-do-enamed-e-do-enare-2025-estao-abertas\/#primaryimage"},"thumbnailUrl":"https:\/\/med.estrategia.com\/portal\/wp-content\/uploads\/2025\/04\/enamedenare-atualizacao.png","datePublished":"2025-07-07T13:00:24+00:00","dateModified":"2025-07-18T07:30:49+00:00","author":{"@id":"https:\/\/med.estrategia.com\/portal\/#\/schema\/person\/8e7c9b2f53f2eede3b8880ad86ff20a3"},"description":"Come\u00e7ou o prazo para os candidatos realizarem a inscri\u00e7\u00e3o tanto no Exame Nacional de Avalia\u00e7\u00e3o da Forma\u00e7\u00e3o M\u00e9dica (Enamed) quanto no Exame Nacional de Resid\u00eancia M\u00e9dica (Enare). Confira!","breadcrumb":{"@id":"https:\/\/med.estrategia.com\/portal\/noticias\/inscricoes-do-enamed-e-do-enare-2025-estao-abertas\/#breadcrumb"},"inLanguage":"pt-BR","potentialAction":[{"@type":"ReadAction","target":["https:\/\/med.estrategia.com\/portal\/noticias\/inscricoes-do-enamed-e-do-enare-2025-estao-abertas\/"]}]},{"@type":"ImageObject","inLanguage":"pt-BR","@id":"https:\/\/med.estrategia.com\/portal\/noticias\/inscricoes-do-enamed-e-do-enare-2025-estao-abertas\/#primaryimage","url":"https:\/\/med.estrategia.com\/portal\/wp-content\/uploads\/2025\/04\/enamedenare-atualizacao.png","contentUrl":"https:\/\/med.estrategia.com\/portal\/wp-content\/uploads\/2025\/04\/enamedenare-atualizacao.png","width":1920,"height":1080,"caption":"Estrat\u00e9gia MED"},{"@type":"BreadcrumbList","@id":"https:\/\/med.estrategia.com\/portal\/noticias\/inscricoes-do-enamed-e-do-enare-2025-estao-abertas\/#breadcrumb","itemListElement":[{"@type":"ListItem","position":1,"name":"Home","item":"https:\/\/med.estrategia.com\/portal\/"},{"@type":"ListItem","position":2,"name":"Not\u00edcias","item":"https:\/\/med.estrategia.com\/portal\/noticias\/"},{"@type":"ListItem","position":3,"name":"Inscri\u00e7\u00f5es do Enamed e do Enare 2025 est\u00e3o abertas"}]},{"@type":"WebSite","@id":"https:\/\/med.estrategia.com\/portal\/#website","url":"https:\/\/med.estrategia.com\/portal\/","name":"Estrat\u00e9gia MED","description":"","potentialAction":[{"@type":"SearchAction","target":{"@type":"EntryPoint","urlTemplate":"https:\/\/med.estrategia.com\/portal\/?s={search_term_string}"},"query-input":{"@type":"PropertyValueSpecification","valueRequired":true,"valueName":"search_term_string"}}],"inLanguage":"pt-BR"},{"@type":"Person","@id":"https:\/\/med.estrategia.com\/portal\/#\/schema\/person\/8e7c9b2f53f2eede3b8880ad86ff20a3","name":"Erika Coelho","image":{"@type":"ImageObject","inLanguage":"pt-BR","@id":"https:\/\/med.estrategia.com\/portal\/#\/schema\/person\/image\/","url":"https:\/\/secure.gravatar.com\/avatar\/8ef9ff2e2fa53829c640cca8d1a45178?s=96&d=mm&r=g","contentUrl":"https:\/\/secure.gravatar.com\/avatar\/8ef9ff2e2fa53829c640cca8d1a45178?s=96&d=mm&r=g","caption":"Erika Coelho"},"description":"Jornalista pela Universidade Presbiteriana Mackenzie, escrevo sobre educa\u00e7\u00e3o, sa\u00fade e pol\u00edticas p\u00fablicas","url":"https:\/\/med.estrategia.com\/portal\/author\/erika\/"}]}},"_wl_alt_label":[],"wl:entity_url":"\/post\/-89498","_links":{"self":[{"href":"https:\/\/med.estrategia.com\/portal\/wp-json\/wp\/v2\/posts\/89498","targetHints":{"allow":["GET"]}}],"collection":[{"href":"https:\/\/med.estrategia.com\/portal\/wp-json\/wp\/v2\/posts"}],"about":[{"href":"https:\/\/med.estrategia.com\/portal\/wp-json\/wp\/v2\/types\/post"}],"author":[{"embeddable":true,"href":"https:\/\/med.estrategia.com\/portal\/wp-json\/wp\/v2\/users\/22"}],"replies":[{"embeddable":true,"href":"https:\/\/med.estrategia.com\/portal\/wp-json\/wp\/v2\/comments?post=89498"}],"version-history":[{"count":14,"href":"https:\/\/med.estrategia.com\/portal\/wp-json\/wp\/v2\/posts\/89498\/revisions"}],"predecessor-version":[{"id":90535,"href":"https:\/\/med.estrategia.com\/portal\/wp-json\/wp\/v2\/posts\/89498\/revisions\/90535"}],"wp:featuredmedia":[{"embeddable":true,"href":"https:\/\/med.estrategia.com\/portal\/wp-json\/wp\/v2\/media\/85677"}],"wp:attachment":[{"href":"https:\/\/med.estrategia.com\/portal\/wp-json\/wp\/v2\/media?parent=89498"}],"wp:term":[{"taxonomy":"category","embeddable":true,"href":"https:\/\/med.estrategia.com\/portal\/wp-json\/wp\/v2\/categories?post=89498"},{"taxonomy":"post_tag","embeddable":true,"href":"https:\/\/med.estrategia.com\/portal\/wp-json\/wp\/v2\/tags?post=89498"},{"taxonomy":"wl_entity_type","embeddable":true,"href":"https:\/\/med.estrategia.com\/portal\/wp-json\/wp\/v2\/wl_entity_type?post=89498"}],"curies":[{"name":"wp","href":"https:\/\/api.w.org\/{rel}","templated":true}]}}