{"id":89915,"date":"2025-10-01T03:15:53","date_gmt":"2025-10-01T06:15:53","guid":{"rendered":"https:\/\/med.estrategia.com\/portal\/?p=89915"},"modified":"2025-11-03T08:31:48","modified_gmt":"2025-11-03T11:31:48","slug":"edital-residencia-medica-sus-sp-2026","status":"publish","type":"post","link":"https:\/\/med.estrategia.com\/portal\/noticias\/edital-residencia-medica-sus-sp-2026\/","title":{"rendered":"SUS-SP divulga edital para o processo seletivo de Resid\u00eancia M\u00e9dica 2026; Vunesp \u00e9 a banca"},"content":{"rendered":"<p>A <strong>Secretaria de Estado da Sa&uacute;de de S&atilde;o Paulo<\/strong> divulgou, nesta quarta-feira (01), o edital de abertura do processo seletivo de resid&ecirc;ncia m&eacute;dica <strong>SUS-SP 2026<\/strong>, considerado um dos mais aguardados do estado e do pa&iacute;s. A sele&ccedil;&atilde;o tem como finalidade o ingresso de m&eacute;dicos nos programas de resid&ecirc;ncia m&eacute;dica oferecidos por diversas institui&ccedil;&otilde;es participantes em S&atilde;o Paulo, com in&iacute;cio previsto para o ano de 2026. <p>Para esta edi&ccedil;&atilde;o, a <strong>Funda&ccedil;&atilde;o Vunesp fica respons&aacute;vel pela organiza&ccedil;&atilde;o e aplica&ccedil;&atilde;o do certame<\/strong>, e ser&atilde;o disponibilizadas <strong>1.421 vagas<\/strong>, distribu&iacute;das entre programas de acesso direto e com pr&eacute;-requisito exigido. O processo seletivo ser&aacute; composto por <strong>etapa &uacute;nica<\/strong>, consistente em uma <strong>prova objetiva<\/strong> de m&uacute;ltipla escolha, cuja aplica&ccedil;&atilde;o est&aacute; prevista para o dia <strong>14 de dezembro de 2025<\/strong>, conforme detalhado no edital oficial.<\/p><p>O per&iacute;odo de inscri&ccedil;&otilde;es abre no dia <strong>16 de outubro e vai at&eacute; 4 de novembro<\/strong> e, a <strong>taxa de inscri&ccedil;&atilde;o<\/strong> para esse ano &eacute; de <strong>R$ 120,00<\/strong>. Confira mais informa&ccedil;&otilde;es abaixo:<\/p><div id=\"ez-toc-container\" class=\"ez-toc-v2_0_79_2 counter-hierarchy ez-toc-counter ez-toc-transparent ez-toc-container-direction\">\n<div class=\"ez-toc-title-container\"><p class=\"ez-toc-title\" style=\"cursor:inherit\">Navegue pelo conte\u00fado<\/p>\n<\/div><nav><ul class='ez-toc-list ez-toc-list-level-1 ' ><li class='ez-toc-page-1 ez-toc-heading-level-2'><a class=\"ez-toc-link ez-toc-heading-1\" href=\"https:\/\/med.estrategia.com\/portal\/noticias\/edital-residencia-medica-sus-sp-2026\/#Resumo-Edital-SUS-SP-2025\" >Resumo Edital SUS-SP 2025<\/a><\/li><li class='ez-toc-page-1 ez-toc-heading-level-2'><a class=\"ez-toc-link ez-toc-heading-2\" href=\"https:\/\/med.estrategia.com\/portal\/noticias\/edital-residencia-medica-sus-sp-2026\/#Edital-SUS-SP-2026\" >Edital SUS-SP 2026<\/a><ul class='ez-toc-list-level-3' ><li class='ez-toc-heading-level-3'><a class=\"ez-toc-link ez-toc-heading-3\" href=\"https:\/\/med.estrategia.com\/portal\/noticias\/edital-residencia-medica-sus-sp-2026\/#Inscreva-se-em-nossa-newsletter\" >Inscreva-se em nossa newsletter!<\/a><\/li><\/ul><\/li><li class='ez-toc-page-1 ez-toc-heading-level-2'><a class=\"ez-toc-link ez-toc-heading-4\" href=\"https:\/\/med.estrategia.com\/portal\/noticias\/edital-residencia-medica-sus-sp-2026\/#Instituicoes-Participantes\" >Institui&ccedil;&otilde;es Participantes<\/a><\/li><li class='ez-toc-page-1 ez-toc-heading-level-2'><a class=\"ez-toc-link ez-toc-heading-5\" href=\"https:\/\/med.estrategia.com\/portal\/noticias\/edital-residencia-medica-sus-sp-2026\/#Vagas-SUS-SP-2026\" >Vagas SUS-SP 2026<\/a><ul class='ez-toc-list-level-3' ><li class='ez-toc-heading-level-3'><a class=\"ez-toc-link ez-toc-heading-6\" href=\"https:\/\/med.estrategia.com\/portal\/noticias\/edital-residencia-medica-sus-sp-2026\/#Acesso-Direto\" >Acesso Direto<\/a><\/li><li class='ez-toc-page-1 ez-toc-heading-level-3'><a class=\"ez-toc-link ez-toc-heading-7\" href=\"https:\/\/med.estrategia.com\/portal\/noticias\/edital-residencia-medica-sus-sp-2026\/#Pre-Requisito-Areas-de-Atuacao-e-Ano-Adicional\" >Pr&eacute;-Requisito, &Aacute;reas de Atua&ccedil;&atilde;o e Ano Adicional<\/a><\/li><\/ul><\/li><li class='ez-toc-page-1 ez-toc-heading-level-2'><a class=\"ez-toc-link ez-toc-heading-8\" href=\"https:\/\/med.estrategia.com\/portal\/noticias\/edital-residencia-medica-sus-sp-2026\/#Escolha-de-Vagas-%E2%80%93-1a-Chamada-SUS-SP-2026\" >Escolha de Vagas &ndash; 1&ordf; Chamada SUS-SP 2026<\/a><\/li><li class='ez-toc-page-1 ez-toc-heading-level-2'><a class=\"ez-toc-link ez-toc-heading-9\" href=\"https:\/\/med.estrategia.com\/portal\/noticias\/edital-residencia-medica-sus-sp-2026\/#Prepare-se-para-o-SUS-SP-2026-com-o-Estrategia-MED\" >Prepare-se para o SUS-SP 2026 com o Estrat&eacute;gia MED<\/a><\/li><\/ul><\/nav><\/div>\n<h2 class=\"wp-block-heading\" id=\"h-resumo-edital-sus-sp-2025\"><span class=\"ez-toc-section\" id=\"Resumo-Edital-SUS-SP-2025\"><\/span>Resumo Edital SUS-SP 2025<span class=\"ez-toc-section-end\"><\/span><\/h2><figure class=\"wp-block-table\"><table class=\"has-fixed-layout\"><tbody><tr><td><strong>Vagas ofertadas<\/strong><\/td><td class=\"has-text-align-center\" data-align=\"center\">1.193 (AD) + 230 (R+)<\/td><\/tr><tr><td><strong>Taxa de inscri&ccedil;&atilde;o<\/strong><\/td><td class=\"has-text-align-center\" data-align=\"center\">R$ 120,00<\/td><\/tr><tr><td><strong>Solicita&ccedil;&atilde;o de redu&ccedil;&atilde;o e isen&ccedil;&atilde;o<\/strong><\/td><td class=\"has-text-align-center\" data-align=\"center\">16 e 17\/10\/2025<\/td><\/tr><tr><td><strong>Per&iacute;odo de inscri&ccedil;&otilde;es<\/strong><\/td><td class=\"has-text-align-center\" data-align=\"center\">16\/10 a 04\/11\/2025<\/td><\/tr><tr><td><strong>Composi&ccedil;&atilde;o do processo seletivo<\/strong><\/td><td class=\"has-text-align-center\" data-align=\"center\">Fase &uacute;nica: Prova Objetiva<\/td><\/tr><tr><td><strong>Procedimento de Heteroidentifica&ccedil;&atilde;o<\/strong><\/td><td class=\"has-text-align-center\" data-align=\"center\">06 e 07\/12\/2025<\/td><\/tr><tr><td><strong>Data da prova<\/strong><\/td><td class=\"has-text-align-center\" data-align=\"center\">14\/12\/2025<\/td><\/tr><tr><td><strong>Realiza&ccedil;&atilde;o da Per&iacute;cia M&eacute;dica<\/strong><\/td><td class=\"has-text-align-center\" data-align=\"center\">15 a 18\/12\/2025<\/td><\/tr><tr><td><strong>Gabarito preliminar<\/strong><\/td><td class=\"has-text-align-center\" data-align=\"center\">16\/12\/2025<\/td><\/tr><tr><td><strong>Resultado Preliminar<\/strong><\/td><td class=\"has-text-align-center\" data-align=\"center\">20\/01\/2026<\/td><\/tr><tr><td><strong>Resultado Final<\/strong><\/td><td class=\"has-text-align-center\" data-align=\"center\">06\/02\/2026<\/td><\/tr><\/tbody><\/table><\/figure><h2 class=\"wp-block-heading\" id=\"h-edital-sus-sp-2026\"><span class=\"ez-toc-section\" id=\"Edital-SUS-SP-2026\"><\/span>Edital SUS-SP 2026<span class=\"ez-toc-section-end\"><\/span><\/h2><p>O edital completo, divulgado no dia 1&ordm; de outubro de 2025, conta com todas as informa&ccedil;&otilde;es e detalhes sobre o processo seletivo de resid&ecirc;ncia m&eacute;dica. Confira abaixo o documento:<\/p><div class=\"wp-block-buttons is-content-justification-center is-layout-flex wp-container-core-buttons-is-layout-1 wp-block-buttons-is-layout-flex\">\n<div class=\"wp-block-button\"><a class=\"wp-block-button__link wp-element-button\" href=\"https:\/\/med.estrategia.com\/portal\/wp-content\/uploads\/2025\/10\/edital_SUS-SP2026.pdf\" target=\"_blank\">Edital sus-sp 2026<\/a><\/div>\n<\/div><p class=\"wp-block-preformatted\"><strong>Aten&ccedil;&atilde;o!<\/strong> &Eacute; essencial que o candidato acompanhe atentamente a <a href=\"https:\/\/www.vunesp.com.br\/SESA2504\" target=\"_blank\" rel=\"noopener noreferrer\">p&aacute;gina oficial da banca organizadora<\/a> para verificar poss&iacute;veis retifica&ccedil;&otilde;es ou atualiza&ccedil;&otilde;es do edital. Altera&ccedil;&otilde;es podem ocorrer a qualquer momento, sendo necess&aacute;rio estar ciente de eventuais mudan&ccedil;as em prazos, requisitos ou outras informa&ccedil;&otilde;es relevantes para n&atilde;o comprometer sua participa&ccedil;&atilde;o no processo.<\/p><p>Quer saber em detalhes tudo sobre o processo seletivo para resid&ecirc;ncia m&eacute;dica do SUS-SP? <a href=\"https:\/\/med.estrategia.com\/portal\/residencia-medica\/sus-sp-residencia-medica\/\" target=\"_blank\">Clique aqui e confira o texto exclusivo<\/a> que preparamos para auxiliar voc&ecirc; a entender como funciona a inscri&ccedil;&atilde;o, prova e mais do SUS-SP 2026 para Resid&ecirc;ncia M&eacute;dica, bem como as vagas ofertadas!<\/p><p>Aproveite e <a href=\"https:\/\/news.google.com\/search?q=estrat%C3%A9gia%20med&amp;hl=pt-BR&amp;gl=BR&amp;ceid=BR%3Apt-419\" target=\"_blank\">siga o Portal do Estrat&eacute;gia MED no Google News,<\/a> <strong>clicando na estrela do lado direito<\/strong>. Al&eacute;m disso, n&atilde;o deixe de assinar a nossa Newsletter para receber essas atualiza&ccedil;&otilde;es diretamente no seu e-mail:<\/p><p>\n\n\n<div id=\"new-form\">\n\t<form id=\"forms_layout\">\n\t<input type=\"hidden\" id=\"chave_de\" name=\"chave_de\" value=\"01_EMED_LEADS_TOTAIS\" \/>\n\t\t<input type=\"hidden\" id=\"mid\" name=\"mid\" value=\"515009018\" \/>\n\t\t<input type=\"hidden\" id=\"Objetivo\" name=\"Objetivo\" value=\"Medicina\" \/>\n\t\t<input type=\"hidden\" id=\"Estado_de_Origem_do_IP\" name=\"Estado_de_Origem_do_IP\"  value=\"\" \/>\n\t\t<input type=\"hidden\" id=\"Cidade_de_Origem_do_IP\" name=\"Cidade_de_Origem_do_IP\" value=\"\" \/>\n\t\t<input type=\"hidden\" id=\"Modo_de_entrada\" name=\"Modo_de_entrada\" value=\"Portal\" \/>\n\t\t<input type=\"hidden\" id=\"Pagina_Origem\" name=\"Pagina_Origem\" value=\"\" \/>\n\n\t\t<div class=\"texto\">\n\t\t\t<h3 class=\"news\"><span class=\"ez-toc-section\" id=\"Inscreva-se-em-nossa-newsletter\"><\/span>Inscreva-se em nossa newsletter!<span class=\"ez-toc-section-end\"><\/span><\/h3>\n\t\t\t<p>Receba not\u00edcias sobre resid\u00eancia m\u00e9dica, revalida\u00e7\u00e3o de diplomas e concursos m\u00e9dicos, al\u00e9m de materiais de estudo gratuitos e informa\u00e7\u00f5es relevantes do mundo da Medicina.<\/p>\n\t\t<\/div>\n\t\t<div class=\"campos\">\n\t\t\t<div class=\"first_name labels\">\n\t\t\t\t<input type=\"text\" class=\"input_labels\" id=\"first_name\" name=\"Nome_Completo\" placeholder=\"Nome\" required \/>\n\t\t\t<\/div>\n\t\t\t<div class=\"email labels\">\n\t\t\t\t<input type=\"email\" class=\"input_labels\" id=\"email\" name=\"Email\" placeholder=\"E-mail\" required \/>\n\t\t\t<\/div>\n\t\t\t<button type=\"submit\" class=\"button_layout\">\n\t\t\t\t<div id=\"lblBotao\">Inscreva-se<\/div>\n\t\t\t\t<span id=\"divSpiner\" class=\"loader\" role=\"status\" style=\"display: none;\"><\/span>\t\n\t\t\t<\/button>\n\t\t<\/div><!-- \/campos -->\n\t\t\n\t\t<label class=\"container_checkbox\">Voc\u00ea concorda com a nossa\n\t\t\t<a class=\"politics_privacy_ahref\" target=\"_blank\" href=\"https:\/\/gratis.estrategiaconcursos.com.br\/politica-de-privacidade\/\">Pol\u00edtica de Privacidade<\/a> e aceita receber informa\u00e7\u00f5es adicionais do Estrat\u00e9gia Educacional.\n\t\t\t<input id=\"checkbox_layout\" type=\"checkbox\" checked=\"checked\" required \/>\n\t\t\t<span class=\"checkbox\"><\/span>\n\t\t<\/label>\n\t\t<div id=\"msg\"><\/div>\n\t\t<div id=\"error\" class=\"error\">\n\t\t<\/div>\n\t<\/form>\n<\/div><!-- \/new-form -->\n\n\n\n<\/p><h2 class=\"wp-block-heading\" id=\"h-instituicoes-participantes\"><span class=\"ez-toc-section\" id=\"Instituicoes-Participantes\"><\/span>Institui&ccedil;&otilde;es Participantes<span class=\"ez-toc-section-end\"><\/span><\/h2><figure class=\"wp-block-table\"><table class=\"has-fixed-layout\"><tbody><tr><td>A.C.Camargo Cancer Center<\/td><\/tr><tr><td>Associa&ccedil;&atilde;o Beneficente S&iacute;ria &ndash; Hcor<\/td><\/tr><tr><td>BP &ndash; Benefic&ecirc;ncia Portuguesa de S&atilde;o Paulo<\/td><\/tr><tr><td>CAISM &ldquo;Philippe Pinel&rdquo;<\/td><\/tr><tr><td>Centro de Reabilita&ccedil;&atilde;o Lucy Montoro<\/td><\/tr><tr><td>Centro Universit&aacute;rio Padre Albino &ndash; UNIFIPA<\/td><\/tr><tr><td>Complexo Hospitalar Padre Bento de Guarulhos<\/td><\/tr><tr><td>Conjunto Hospitalar de Mandaqui<\/td><\/tr><tr><td>Conjunto Hospitalar de Sorocaba<\/td><\/tr><tr><td>Faculdade de Medicina de Jundia&iacute;<\/td><\/tr><tr><td>Hospital Amaral Carvalho<\/td><\/tr><tr><td>Hospital Augusto de Oliveira Camargo &ndash; HAOC<\/td><\/tr><tr><td>Hospital Brigadeiro<\/td><\/tr><tr><td>Hospital da Mulher<\/td><\/tr><tr><td>Hospital das Cl&iacute;nicas Luzia de Pinho Melo<\/td><\/tr><tr><td>Hospital de Amor de Barretos<\/td><\/tr><tr><td>Hospital e Maternidade Salvalus<\/td><\/tr><tr><td>Hospital e Maternidade S&atilde;o Crist&oacute;v&atilde;o<\/td><\/tr><tr><td>Hospital Estadual de Bauru<\/td><\/tr><tr><td>Hospital Estadual de Franco da Rocha<\/td><\/tr><tr><td>Hospital Estadual de Sapopemba<\/td><\/tr><tr><td>Hospital Estadual Vila Alpina<\/td><\/tr><tr><td>Hospital Geral de Carapicu&iacute;ba<\/td><\/tr><tr><td>Hospital Geral de Itapecerica da Serra<\/td><\/tr><tr><td>Hospital Geral de Itapevi<\/td><\/tr><tr><td>Hospital Geral de Vila Penteado<\/td><\/tr><tr><td>Hospital Guilherme &Aacute;lvaro<\/td><\/tr><tr><td>Hospital Heli&oacute;polis<\/td><\/tr><tr><td>Hospital Infantil C&acirc;ndido Fontoura<\/td><\/tr><tr><td>Hospital Infantil Darcy Vargas<\/td><\/tr><tr><td>Hospital Ipiranga<\/td><\/tr><tr><td>Hospital Maternidade Leonor Mendes de Barros<\/td><\/tr><tr><td>Hospital Municipal Central de Osasco &ndash; Ant&ocirc;nio Giglio<\/td><\/tr><tr><td>Hospital Municipal Dr. Jos&eacute; de Carvalho Florence<\/td><\/tr><tr><td>Hospital Nossa Senhora do Pari<\/td><\/tr><tr><td>Hospital Quarteir&atilde;o da Sa&uacute;de &ndash; Prefeitura Municipal de Diadema<\/td><\/tr><tr><td>Hospital Regional de Cotia<\/td><\/tr><tr><td>Hospital Regional de Osasco<\/td><\/tr><tr><td>Hospital Regional Jorge Rossmann<\/td><\/tr><tr><td>Hospital Regional Sul<\/td><\/tr><tr><td>Hospital Santa Marcelina<\/td><\/tr><tr><td>Hospital Sepaco<\/td><\/tr><tr><td>Instituto Bairral de Psiquiatria<\/td><\/tr><tr><td>Instituto das Pequenas Mission&aacute;rias de Maria Imaculada Obra de A&ccedil;&atilde;o Social Pio XII<\/td><\/tr><tr><td>Instituto de Infectologia Em&iacute;lio Ribas<\/td><\/tr><tr><td>Instituto Lauro de Souza Lima<\/td><\/tr><tr><td>Prefeitura Municipal de Guarulhos<\/td><\/tr><tr><td>Prefeitura Municipal de Mau&aacute;<\/td><\/tr><tr><td>Prefeitura Municipal de Osasco<\/td><\/tr><tr><td>Santa Casa de Miseric&oacute;rdia de Barretos<\/td><\/tr><tr><td>Santa Casa de Miseric&oacute;rdia de Franca<\/td><\/tr><tr><td>Santa Casa de Miseric&oacute;rdia de Ja&uacute;<\/td><\/tr><tr><td>Santa Casa de Miseric&oacute;rdia de Santos<\/td><\/tr><tr><td>Servi&ccedil;o de Sa&uacute;de Dr. C&acirc;ndido Ferreira<\/td><\/tr><tr><td>Universidade Anhembi Morumbi\/ISAM &ndash; Piracicaba<\/td><\/tr><tr><td>Universidade Anhembi Morumbi\/ISAM &ndash; S&atilde;o Jos&eacute; dos Campos<\/td><\/tr><tr><td>Universidade Santo Amaro &ndash; UNISA<\/td><\/tr><\/tbody><\/table><\/figure><h2 class=\"wp-block-heading\" id=\"h-vagas-sus-sp-2026\"><span class=\"ez-toc-section\" id=\"Vagas-SUS-SP-2026\"><\/span>Vagas SUS-SP 2026<span class=\"ez-toc-section-end\"><\/span><\/h2><h3 class=\"wp-block-heading\" id=\"h-acesso-direto\"><span class=\"ez-toc-section\" id=\"Acesso-Direto\"><\/span>Acesso Direto<span class=\"ez-toc-section-end\"><\/span><\/h3><figure class=\"wp-block-table\"><table><thead><tr><th>ESPECIALIDADE<\/th><th class=\"has-text-align-center\" data-align=\"center\">Total de Vagas Ofertadas<br>2026<\/th><th class=\"has-text-align-center\" data-align=\"center\">Vagas Reservadas para<br>PCD<\/th><\/tr><\/thead><tbody><tr><td>Anestesiologia<\/td><td class=\"has-text-align-center\" data-align=\"center\">123<\/td><td class=\"has-text-align-center\" data-align=\"center\">7<\/td><\/tr><tr><td>Cirurgia Cardiovascular<\/td><td class=\"has-text-align-center\" data-align=\"center\">2<\/td><td class=\"has-text-align-center\" data-align=\"center\">0<\/td><\/tr><tr><td>Cirurgia Geral<\/td><td class=\"has-text-align-center\" data-align=\"center\">127<\/td><td class=\"has-text-align-center\" data-align=\"center\">7<\/td><\/tr><tr><td>Cl&iacute;nica M&eacute;dica<\/td><td class=\"has-text-align-center\" data-align=\"center\">245<\/td><td class=\"has-text-align-center\" data-align=\"center\">13<\/td><\/tr><tr><td>Dermatologia<\/td><td class=\"has-text-align-center\" data-align=\"center\">24<\/td><td class=\"has-text-align-center\" data-align=\"center\">2<\/td><\/tr><tr><td>Ginecologia e Obstetr&iacute;cia<\/td><td class=\"has-text-align-center\" data-align=\"center\">147<\/td><td class=\"has-text-align-center\" data-align=\"center\">8<\/td><\/tr><tr><td>Infectologia<\/td><td class=\"has-text-align-center\" data-align=\"center\">28<\/td><td class=\"has-text-align-center\" data-align=\"center\">2<\/td><\/tr><tr><td>Medicina de Emerg&ecirc;ncia<\/td><td class=\"has-text-align-center\" data-align=\"center\">17<\/td><td class=\"has-text-align-center\" data-align=\"center\">1<\/td><\/tr><tr><td>Medicina F&iacute;sica e Reabilita&ccedil;&atilde;o<\/td><td class=\"has-text-align-center\" data-align=\"center\">2<\/td><td class=\"has-text-align-center\" data-align=\"center\">0<\/td><\/tr><tr><td>Medicina Intensiva<\/td><td class=\"has-text-align-center\" data-align=\"center\">30<\/td><td class=\"has-text-align-center\" data-align=\"center\">2<\/td><\/tr><tr><td>Medicina Nuclear<\/td><td class=\"has-text-align-center\" data-align=\"center\">5<\/td><td class=\"has-text-align-center\" data-align=\"center\">1<\/td><\/tr><tr><td>Medicina de Fam&iacute;lia e Comunidade<\/td><td class=\"has-text-align-center\" data-align=\"center\">39<\/td><td class=\"has-text-align-center\" data-align=\"center\">2<\/td><\/tr><tr><td>Neurocirurgia<\/td><td class=\"has-text-align-center\" data-align=\"center\">8<\/td><td class=\"has-text-align-center\" data-align=\"center\">1<\/td><\/tr><tr><td>Neurologia<\/td><td class=\"has-text-align-center\" data-align=\"center\">15<\/td><td class=\"has-text-align-center\" data-align=\"center\">1<\/td><\/tr><tr><td>Oftalmologia<\/td><td class=\"has-text-align-center\" data-align=\"center\">20<\/td><td class=\"has-text-align-center\" data-align=\"center\">1<\/td><\/tr><tr><td>Ortopedia e Traumatologia<\/td><td class=\"has-text-align-center\" data-align=\"center\">89<\/td><td class=\"has-text-align-center\" data-align=\"center\">5<\/td><\/tr><tr><td>Otorrinolaringologia<\/td><td class=\"has-text-align-center\" data-align=\"center\">13<\/td><td class=\"has-text-align-center\" data-align=\"center\">1<\/td><\/tr><tr><td>Patologia<\/td><td class=\"has-text-align-center\" data-align=\"center\">10<\/td><td class=\"has-text-align-center\" data-align=\"center\">1<\/td><\/tr><tr><td>Pediatria<\/td><td class=\"has-text-align-center\" data-align=\"center\">131<\/td><td class=\"has-text-align-center\" data-align=\"center\">7<\/td><\/tr><tr><td>Psiquiatia<\/td><td class=\"has-text-align-center\" data-align=\"center\">66<\/td><td class=\"has-text-align-center\" data-align=\"center\">4<\/td><\/tr><tr><td>Radiologia e Diagn&oacute;stico por Imagem<\/td><td class=\"has-text-align-center\" data-align=\"center\">44<\/td><td class=\"has-text-align-center\" data-align=\"center\">3<\/td><\/tr><tr><td>Radioterapia<\/td><td class=\"has-text-align-center\" data-align=\"center\">8<\/td><td class=\"has-text-align-center\" data-align=\"center\">1<\/td><\/tr><\/tbody><\/table><\/figure><h3 class=\"wp-block-heading\" id=\"h-pre-requisito-areas-de-atuacao-e-ano-adicional\"><span class=\"ez-toc-section\" id=\"Pre-Requisito-Areas-de-Atuacao-e-Ano-Adicional\"><\/span>Pr&eacute;-Requisito, &Aacute;reas de Atua&ccedil;&atilde;o e Ano Adicional<span class=\"ez-toc-section-end\"><\/span><\/h3><figure class=\"wp-block-table\"><table><thead><tr><th>ESPECIALIDADE<\/th><th class=\"has-text-align-center\" data-align=\"center\">Total de Vagas Ofertadas 2026<\/th><th class=\"has-text-align-center\" data-align=\"center\">Vagas Reservadas para PCD<\/th><\/tr><\/thead><tbody><tr><td>Cardiologia<\/td><td class=\"has-text-align-center\" data-align=\"center\">16<\/td><td class=\"has-text-align-center\" data-align=\"center\">1<\/td><\/tr><tr><td>Cirurgia de Cabe&ccedil;a e Pesco&ccedil;o<\/td><td class=\"has-text-align-center\" data-align=\"center\">5<\/td><td class=\"has-text-align-center\" data-align=\"center\">1<\/td><\/tr><tr><td>Cirurgia do Aparelho Digestivo<\/td><td class=\"has-text-align-center\" data-align=\"center\">11<\/td><td class=\"has-text-align-center\" data-align=\"center\">1<\/td><\/tr><tr><td>Cirurgia Oncol&oacute;gica<\/td><td class=\"has-text-align-center\" data-align=\"center\">12<\/td><td class=\"has-text-align-center\" data-align=\"center\">1<\/td><\/tr><tr><td>Cirurgia Pedi&aacute;trica<\/td><td class=\"has-text-align-center\" data-align=\"center\">7<\/td><td class=\"has-text-align-center\" data-align=\"center\">1<\/td><\/tr><tr><td>Cirurgia Pl&aacute;stica<\/td><td class=\"has-text-align-center\" data-align=\"center\">13<\/td><td class=\"has-text-align-center\" data-align=\"center\">1<\/td><\/tr><tr><td>Cirurgia Tor&aacute;cica<\/td><td class=\"has-text-align-center\" data-align=\"center\">2<\/td><td class=\"has-text-align-center\" data-align=\"center\">0<\/td><\/tr><tr><td>Cirurgia Vascular<\/td><td class=\"has-text-align-center\" data-align=\"center\">14<\/td><td class=\"has-text-align-center\" data-align=\"center\">1<\/td><\/tr><tr><td>Coloproctologia<\/td><td class=\"has-text-align-center\" data-align=\"center\">5<\/td><td class=\"has-text-align-center\" data-align=\"center\">1<\/td><\/tr><tr><td>Ecografia Vascular com Doppler<\/td><td class=\"has-text-align-center\" data-align=\"center\">1<\/td><td class=\"has-text-align-center\" data-align=\"center\">0<\/td><\/tr><tr><td>Emerg&ecirc;ncia Pedi&aacute;trica<\/td><td class=\"has-text-align-center\" data-align=\"center\">2<\/td><td class=\"has-text-align-center\" data-align=\"center\">0<\/td><\/tr><tr><td>Endocrinologia e Metabologia<\/td><td class=\"has-text-align-center\" data-align=\"center\">6<\/td><td class=\"has-text-align-center\" data-align=\"center\">1<\/td><\/tr><tr><td>Endoscopia<\/td><td class=\"has-text-align-center\" data-align=\"center\">3<\/td><td class=\"has-text-align-center\" data-align=\"center\">0<\/td><\/tr><tr><td>Geriatria<\/td><td class=\"has-text-align-center\" data-align=\"center\">4<\/td><td class=\"has-text-align-center\" data-align=\"center\">0<\/td><\/tr><tr><td>Hematologia e Hemoterapia<\/td><td class=\"has-text-align-center\" data-align=\"center\">17<\/td><td class=\"has-text-align-center\" data-align=\"center\">1<\/td><\/tr><tr><td>Hemodin&acirc;mica e Cardiologia Intervencionista<\/td><td class=\"has-text-align-center\" data-align=\"center\">3<\/td><td class=\"has-text-align-center\" data-align=\"center\">0<\/td><\/tr><tr><td>Mastologia<\/td><td class=\"has-text-align-center\" data-align=\"center\">19<\/td><td class=\"has-text-align-center\" data-align=\"center\">1<\/td><\/tr><tr><td>Medicina Intensiva Pedi&aacute;trica<\/td><td class=\"has-text-align-center\" data-align=\"center\">8<\/td><td class=\"has-text-align-center\" data-align=\"center\">1<\/td><\/tr><tr><td>Medicina Paliativa<\/td><td class=\"has-text-align-center\" data-align=\"center\">2<\/td><td class=\"has-text-align-center\" data-align=\"center\">0<\/td><\/tr><tr><td>Nefrologia<\/td><td class=\"has-text-align-center\" data-align=\"center\">9<\/td><td class=\"has-text-align-center\" data-align=\"center\">1<\/td><\/tr><tr><td>Neonatologia<\/td><td class=\"has-text-align-center\" data-align=\"center\">7<\/td><td class=\"has-text-align-center\" data-align=\"center\">1<\/td><\/tr><tr><td>Nutrologia<\/td><td class=\"has-text-align-center\" data-align=\"center\">2<\/td><td class=\"has-text-align-center\" data-align=\"center\">0<\/td><\/tr><tr><td>Oncologia Cl&iacute;nica<\/td><td class=\"has-text-align-center\" data-align=\"center\">28<\/td><td class=\"has-text-align-center\" data-align=\"center\">2<\/td><\/tr><tr><td>Oncologia Pedi&aacute;trica<\/td><td class=\"has-text-align-center\" data-align=\"center\">11<\/td><td class=\"has-text-align-center\" data-align=\"center\">1<\/td><\/tr><tr><td>Ortopedia e Traumatologia (Ano Adicional)<\/td><td class=\"has-text-align-center\" data-align=\"center\">2<\/td><td class=\"has-text-align-center\" data-align=\"center\">0<\/td><\/tr><tr><td>Pneumologia<\/td><td class=\"has-text-align-center\" data-align=\"center\">2<\/td><td class=\"has-text-align-center\" data-align=\"center\">0<\/td><\/tr><tr><td>Transplante de Medula &Oacute;ssea<\/td><td class=\"has-text-align-center\" data-align=\"center\">5<\/td><td class=\"has-text-align-center\" data-align=\"center\">1<\/td><\/tr><tr><td>Urologia<\/td><td class=\"has-text-align-center\" data-align=\"center\">19<\/td><td class=\"has-text-align-center\" data-align=\"center\">1<\/td><\/tr><\/tbody><\/table><\/figure><h2 class=\"wp-block-heading\" id=\"h-escolha-de-vagas-1&ordf;-chamada-sus-sp-2026\"><span class=\"ez-toc-section\" id=\"Escolha-de-Vagas-%E2%80%93-1a-Chamada-SUS-SP-2026\"><\/span>Escolha de Vagas &ndash; 1&ordf; Chamada SUS-SP 2026<span class=\"ez-toc-section-end\"><\/span><\/h2><p>Ap&oacute;s a divulga&ccedil;&atilde;o do resultado final, as devidas convoca&ccedil;&otilde;es ser&atilde;o feitas em at&eacute; 4 chamadas para a escolha de vagas dispon&iacute;veis. Confira abaixo o cronograma previsto para a 1&ordf; chamada:<\/p><figure class=\"wp-block-table\"><table><tbody><tr><td>Convoca&ccedil;&atilde;o (1&ordf; Chamada)<\/td><td class=\"has-text-align-center\" data-align=\"center\">12\/02\/2026<\/td><\/tr><tr><td>Sele&ccedil;&atilde;o de Vagas ONLINE<\/td><td class=\"has-text-align-center\" data-align=\"center\">13 a 19\/02\/2026<\/td><\/tr><tr><td>Divulga&ccedil;&atilde;o das vagas selecionadas<\/td><td class=\"has-text-align-center\" data-align=\"center\">20\/02\/2026<\/td><\/tr><tr><td>Per&iacute;odo de matr&iacute;culas (1&ordf; chamada)<\/td><td class=\"has-text-align-center\" data-align=\"center\">23 a 27\/02\/2026<\/td><\/tr><\/tbody><\/table><\/figure><div class=\"wp-block-buttons is-content-justification-center is-layout-flex wp-container-core-buttons-is-layout-2 wp-block-buttons-is-layout-flex\">\n<div class=\"wp-block-button\"><a class=\"wp-block-button__link wp-element-button\" href=\"https:\/\/med.estrategia.com\/portal\/residencia-medica\/sus-sp-leilao-de-vagas\/\" target=\"_blank\">Entenda como funciona a escolha de vagas<\/a><\/div>\n<\/div><p>Por fim, aproveite e n&atilde;o deixe de conferir alguns dos artigos que preparamos e que podem ser &uacute;teis nesta reta final de prepara&ccedil;&atilde;o para a sele&ccedil;&atilde;o do SUS-SP que vem a&iacute;. Confira:<\/p><p class=\"wp-block-preformatted\">Tudo sobre o processo seletivo: <br>+ <a href=\"https:\/\/med.estrategia.com\/portal\/residencia-medica\/sus-sp-residencia-medica\/\" target=\"_blank\">Resid&ecirc;ncia M&eacute;dica SUS-SP: edital, cronograma, vagas e mais sobre a prova<\/a><br>+ <a href=\"https:\/\/med.estrategia.com\/portal\/noticias\/sus-sp-como-funciona-o-sistema-de-pontuacao-diferenciada-para-ppi\/\">SUS-SP 2026: como funciona o sistema de pontua&ccedil;&atilde;o diferenciada para PPI<\/a><\/p><p class=\"wp-block-preformatted\">Concorr&ecirc;ncia da &uacute;ltima edi&ccedil;&atilde;o: <a href=\"https:\/\/med.estrategia.com\/portal\/noticias\/sus-sp-2025-divulga-a-concorrencia-para-o-seletivo-de-residencia-medica\/\" target=\"_blank\">Divulgada a rela&ccedil;&atilde;o candidato\/vaga do SUS-SP 2025<\/a><\/p><p class=\"wp-block-preformatted\">Calend&aacute;rio de Provas: <a href=\"https:\/\/med.estrategia.com\/portal\/residencia-medica\/calendario-de-residencia-medica-confira-as-datas-das-proximas-provas\/\" target=\"_blank\">Resid&ecirc;ncia M&eacute;dica 2025\/2026<\/a><\/p><h2 class=\"wp-block-heading\" id=\"h-prepare-se-para-o-sus-sp-2026-com-o-estrategia-med\"><span class=\"ez-toc-section\" id=\"Prepare-se-para-o-SUS-SP-2026-com-o-Estrategia-MED\"><\/span>Prepare-se para o SUS-SP 2026 com o Estrat&eacute;gia MED<span class=\"ez-toc-section-end\"><\/span><\/h2><p>O&nbsp;Estrat&eacute;gia MED&nbsp;preparou uma revis&atilde;o para Reta Final completa, com conte&uacute;dos espec&iacute;ficos e direcionados para a banca. Inscreva-se no&nbsp;<a href=\"https:\/\/www.youtube.com\/c\/Estrat%C3%A9giaMED\" target=\"_blank\">nosso canal do&nbsp;Youtube<\/a>&nbsp;e acompanhe as transmiss&otilde;es do&nbsp;<strong>Reta Final SUS-SP Resid&ecirc;ncia M&eacute;dica 2025\/26<\/strong>. Confira a programa&ccedil;&atilde;o:<\/p><figure class=\"wp-block-table\"><table><thead><tr><th class=\"has-text-align-center\" data-align=\"center\">DATA<\/th><th class=\"has-text-align-center\" data-align=\"center\">HOR&Aacute;RIO<\/th><th class=\"has-text-align-center\" data-align=\"center\">EVENTO<\/th><\/tr><\/thead><tbody><tr><td class=\"has-text-align-center\" data-align=\"center\">30\/11<\/td><td class=\"has-text-align-center\" data-align=\"center\">8h &agrave;s 15h20<\/td><td class=\"has-text-align-center\" data-align=\"center\">Premoni&ccedil;&atilde;o SUS-SP<\/td><\/tr><tr><td class=\"has-text-align-center\" data-align=\"center\">01\/12<\/td><td class=\"has-text-align-center\" data-align=\"center\">19h &agrave;s 21h30<\/td><td class=\"has-text-align-center\" data-align=\"center\">Hora da Verdade Ginecologia&nbsp;&ndash; SUS-SP&nbsp;&nbsp;<\/td><\/tr><tr><td class=\"has-text-align-center\" data-align=\"center\">02\/12<\/td><td class=\"has-text-align-center\" data-align=\"center\">19h &agrave;s 21h30<\/td><td class=\"has-text-align-center\" data-align=\"center\">Hora da Verdade Cirurgia&nbsp;Parte 1 &ndash; SUS-SP<\/td><\/tr><tr><td class=\"has-text-align-center\" data-align=\"center\">03\/12<\/td><td class=\"has-text-align-center\" data-align=\"center\">19h &agrave;s 21h30<\/td><td class=\"has-text-align-center\" data-align=\"center\">Hora da Verdade Pediatria&nbsp;Parte 1 &ndash; SUS-SP<\/td><\/tr><tr><td class=\"has-text-align-center\" data-align=\"center\">04\/12<\/td><td class=\"has-text-align-center\" data-align=\"center\">19h &agrave;s 21h30<\/td><td class=\"has-text-align-center\" data-align=\"center\">Hora da Verdade Medicina Preventiva Parte 1 &ndash; SUS-SP<\/td><\/tr><tr><td class=\"has-text-align-center\" data-align=\"center\">05\/12<\/td><td class=\"has-text-align-center\" data-align=\"center\">19h &agrave;s 23h<\/td><td class=\"has-text-align-center\" data-align=\"center\">Hora da Verdade Cl&iacute;nica M&eacute;dica&nbsp;Parte 1&nbsp;&ndash; SUS-SP<\/td><\/tr><tr><td class=\"has-text-align-center\" data-align=\"center\">07\/12<\/td><td class=\"has-text-align-center\" data-align=\"center\">14h &agrave;s 18h30<\/td><td class=\"has-text-align-center\" data-align=\"center\">Simulado Final SUS-SP Acesso Direto<\/td><\/tr><tr><td class=\"has-text-align-center\" data-align=\"center\">08\/12<\/td><td class=\"has-text-align-center\" data-align=\"center\">19h &agrave;s 21h30<\/td><td class=\"has-text-align-center\" data-align=\"center\">Hora da Verdade Obstetr&iacute;cia&nbsp;&ndash; SUS-SP<\/td><\/tr><tr><td class=\"has-text-align-center\" data-align=\"center\">09\/12<\/td><td class=\"has-text-align-center\" data-align=\"center\">19h &agrave;s 21h30<\/td><td class=\"has-text-align-center\" data-align=\"center\">Hora da Verdade Cirurgia Parte 2 &ndash; SUS-SP<\/td><\/tr><tr><td class=\"has-text-align-center\" data-align=\"center\">10\/12<\/td><td class=\"has-text-align-center\" data-align=\"center\">19h &agrave;s 21h30<\/td><td class=\"has-text-align-center\" data-align=\"center\">Hora da Verdade Pediatria Parte 2 &ndash; SUS-SP<\/td><\/tr><tr><td class=\"has-text-align-center\" data-align=\"center\">11\/12<\/td><td class=\"has-text-align-center\" data-align=\"center\">19h &agrave;s 21h30<\/td><td class=\"has-text-align-center\" data-align=\"center\">Hora da Verdade Medicina Preventiva Parte 2&nbsp;&ndash; SUS-SP<\/td><\/tr><tr><td class=\"has-text-align-center\" data-align=\"center\">12\/12<\/td><td class=\"has-text-align-center\" data-align=\"center\">19h &agrave;s 23h<\/td><td class=\"has-text-align-center\" data-align=\"center\">Hora da Verdade Cl&iacute;nica M&eacute;dica Parte 2 &ndash; SUS-SP<\/td><\/tr><tr><td class=\"has-text-align-center\" data-align=\"center\">13\/12<\/td><td class=\"has-text-align-center\" data-align=\"center\">8h &agrave;s 15h20<\/td><td class=\"has-text-align-center\" data-align=\"center\">Revis&atilde;o de V&eacute;spera SUS-SP<\/td><\/tr><tr><td class=\"has-text-align-center\" data-align=\"center\">14\/12<\/td><td class=\"has-text-align-center\" data-align=\"center\">a confirmar<\/td><td class=\"has-text-align-center\" data-align=\"center\">Discuss&atilde;o P&oacute;s-Prova SUS-SP<\/td><\/tr><tr><td class=\"has-text-align-center\" data-align=\"center\">15\/12<\/td><td class=\"has-text-align-center\" data-align=\"center\">a partir das 10h<\/td><td class=\"has-text-align-center\" data-align=\"center\">Gabarito SUS-SP<\/td><\/tr><\/tbody><\/table><\/figure><p>Se voc&ecirc; quer ficar por dentro de mais conte&uacute;dos relevantes sobre a &aacute;rea m&eacute;dica, continue acompanhando o material preparado pelo&nbsp;<a href=\"https:\/\/med.estrategia.com\/portal\/\">Portal de Not&iacute;cias do Estrat&eacute;gia MED<\/a>. Aqui, voc&ecirc; encontrar&aacute; informa&ccedil;&otilde;es atualizadas sobre resid&ecirc;ncias, carreira m&eacute;dica e muito mais.<\/p><p>\n\n\n\n\n\n<a id=\"cta\" class=\"cta-imagem\" href=\"https:\/\/med.estrategia.com\/curso\/banco-de-questes-resumos-estrategicos-anual\/\" target=\"blank\">\n                <img decoding=\"async\" width=\"100%\" src=\"https:\/\/med.estrategia.com\/portal\/wp-content\/uploads\/2025\/08\/banco_questoes.png\" alt=\"banco_questoes\" title=\"banco_questoes\">\n        <\/a>\n<\/p><\/p>\n","protected":false},"excerpt":{"rendered":"A Secretaria de Estado da Sa&uacute;de de S&atilde;o Paulo divulgou, nesta quarta-feira (01), o edital de abertura do&hellip;\n","protected":false},"author":52,"featured_media":85560,"comment_status":"closed","ping_status":"closed","sticky":false,"template":"","format":"standard","meta":{"wl_entities_gutenberg":"","footnotes":""},"categories":[300],"tags":[],"wl_entity_type":[199],"class_list":{"0":"post-89915","1":"post","2":"type-post","3":"status-publish","4":"format-standard","5":"has-post-thumbnail","7":"category-noticias","8":"wl_entity_type-article"},"acf":[],"yoast_head":"<!-- This site is optimized with the Yoast SEO Premium plugin v26.6 (Yoast SEO v26.6) - https:\/\/yoast.com\/wordpress\/plugins\/seo\/ -->\n<title>SUS-SP divulga edital para o processo seletivo de Resid\u00eancia M\u00e9dica 2026; Vunesp \u00e9 a banca<\/title>\n<meta name=\"description\" content=\"Confira informa\u00e7\u00f5es sobre edital, vagas, formato da prova e institui\u00e7\u00f5es participantes do processo seletivo de resid\u00eancia m\u00e9dica SUS-SP 2026.\" \/>\n<meta name=\"robots\" content=\"index, follow, max-snippet:-1, max-image-preview:large, max-video-preview:-1\" \/>\n<link rel=\"canonical\" href=\"https:\/\/med.estrategia.com\/portal\/noticias\/edital-residencia-medica-sus-sp-2026\/\" \/>\n<meta property=\"og:locale\" content=\"pt_BR\" \/>\n<meta property=\"og:type\" content=\"article\" \/>\n<meta property=\"og:title\" content=\"SUS-SP divulga edital para o processo seletivo de Resid\u00eancia M\u00e9dica 2026; Vunesp \u00e9 a banca\" \/>\n<meta property=\"og:description\" content=\"Confira informa\u00e7\u00f5es sobre edital, vagas, formato da prova e institui\u00e7\u00f5es participantes do processo seletivo de resid\u00eancia m\u00e9dica SUS-SP 2026.\" \/>\n<meta property=\"og:url\" content=\"https:\/\/med.estrategia.com\/portal\/noticias\/edital-residencia-medica-sus-sp-2026\/\" \/>\n<meta property=\"og:site_name\" content=\"Estrat\u00e9gia MED\" \/>\n<meta property=\"article:publisher\" content=\"https:\/\/www.facebook.com\/estrategiamed1\" \/>\n<meta property=\"article:published_time\" content=\"2025-10-01T06:15:53+00:00\" \/>\n<meta property=\"article:modified_time\" content=\"2025-11-03T11:31:48+00:00\" \/>\n<meta property=\"og:image\" content=\"https:\/\/med.estrategia.com\/portal\/wp-content\/uploads\/2025\/04\/1.jpg\" \/>\n\t<meta property=\"og:image:width\" content=\"1920\" \/>\n\t<meta property=\"og:image:height\" content=\"1080\" \/>\n\t<meta property=\"og:image:type\" content=\"image\/jpeg\" \/>\n<meta name=\"author\" content=\"Arion Wolff\" \/>\n<meta name=\"twitter:card\" content=\"summary_large_image\" \/>\n<meta name=\"twitter:creator\" content=\"@estrategiamed_\" \/>\n<meta name=\"twitter:site\" content=\"@estrategiamed_\" \/>\n<meta name=\"twitter:label1\" content=\"Escrito por\" \/>\n\t<meta name=\"twitter:data1\" content=\"Arion Wolff\" \/>\n\t<meta name=\"twitter:label2\" content=\"Est. tempo de leitura\" \/>\n\t<meta name=\"twitter:data2\" content=\"6 minutos\" \/>\n<script type=\"application\/ld+json\" class=\"yoast-schema-graph\">{\"@context\":\"https:\/\/schema.org\",\"@graph\":[{\"@type\":\"WebPage\",\"@id\":\"https:\/\/med.estrategia.com\/portal\/noticias\/edital-residencia-medica-sus-sp-2026\/\",\"url\":\"https:\/\/med.estrategia.com\/portal\/noticias\/edital-residencia-medica-sus-sp-2026\/\",\"name\":\"SUS-SP divulga edital para o processo seletivo de Resid\u00eancia M\u00e9dica 2026; Vunesp \u00e9 a banca\",\"isPartOf\":{\"@id\":\"https:\/\/med.estrategia.com\/portal\/#website\"},\"primaryImageOfPage\":{\"@id\":\"https:\/\/med.estrategia.com\/portal\/noticias\/edital-residencia-medica-sus-sp-2026\/#primaryimage\"},\"image\":{\"@id\":\"https:\/\/med.estrategia.com\/portal\/noticias\/edital-residencia-medica-sus-sp-2026\/#primaryimage\"},\"thumbnailUrl\":\"https:\/\/med.estrategia.com\/portal\/wp-content\/uploads\/2025\/04\/1.jpg\",\"datePublished\":\"2025-10-01T06:15:53+00:00\",\"dateModified\":\"2025-11-03T11:31:48+00:00\",\"author\":{\"@id\":\"https:\/\/med.estrategia.com\/portal\/#\/schema\/person\/b6aba49604868a427dd15c3b1fc6a8bc\"},\"description\":\"Confira informa\u00e7\u00f5es sobre edital, vagas, formato da prova e institui\u00e7\u00f5es participantes do processo seletivo de resid\u00eancia m\u00e9dica SUS-SP 2026.\",\"breadcrumb\":{\"@id\":\"https:\/\/med.estrategia.com\/portal\/noticias\/edital-residencia-medica-sus-sp-2026\/#breadcrumb\"},\"inLanguage\":\"pt-BR\",\"potentialAction\":[{\"@type\":\"ReadAction\",\"target\":[\"https:\/\/med.estrategia.com\/portal\/noticias\/edital-residencia-medica-sus-sp-2026\/\"]}]},{\"@type\":\"ImageObject\",\"inLanguage\":\"pt-BR\",\"@id\":\"https:\/\/med.estrategia.com\/portal\/noticias\/edital-residencia-medica-sus-sp-2026\/#primaryimage\",\"url\":\"https:\/\/med.estrategia.com\/portal\/wp-content\/uploads\/2025\/04\/1.jpg\",\"contentUrl\":\"https:\/\/med.estrategia.com\/portal\/wp-content\/uploads\/2025\/04\/1.jpg\",\"width\":1920,\"height\":1080,\"caption\":\"Estrat\u00e9gia MED | Foto: Divulga\u00e7\u00e3o\/Irmandade da Santa Casa de Miseric\u00f3rdia de Santos\"},{\"@type\":\"BreadcrumbList\",\"@id\":\"https:\/\/med.estrategia.com\/portal\/noticias\/edital-residencia-medica-sus-sp-2026\/#breadcrumb\",\"itemListElement\":[{\"@type\":\"ListItem\",\"position\":1,\"name\":\"Home\",\"item\":\"https:\/\/med.estrategia.com\/portal\/\"},{\"@type\":\"ListItem\",\"position\":2,\"name\":\"Not\u00edcias\",\"item\":\"https:\/\/med.estrategia.com\/portal\/noticias\/\"},{\"@type\":\"ListItem\",\"position\":3,\"name\":\"SUS-SP divulga edital para o processo seletivo de Resid\u00eancia M\u00e9dica 2026; Vunesp \u00e9 a banca\"}]},{\"@type\":\"WebSite\",\"@id\":\"https:\/\/med.estrategia.com\/portal\/#website\",\"url\":\"https:\/\/med.estrategia.com\/portal\/\",\"name\":\"Estrat\u00e9gia MED\",\"description\":\"\",\"potentialAction\":[{\"@type\":\"SearchAction\",\"target\":{\"@type\":\"EntryPoint\",\"urlTemplate\":\"https:\/\/med.estrategia.com\/portal\/?s={search_term_string}\"},\"query-input\":{\"@type\":\"PropertyValueSpecification\",\"valueRequired\":true,\"valueName\":\"search_term_string\"}}],\"inLanguage\":\"pt-BR\"},{\"@type\":\"Person\",\"@id\":\"https:\/\/med.estrategia.com\/portal\/#\/schema\/person\/b6aba49604868a427dd15c3b1fc6a8bc\",\"name\":\"Arion Wolff\",\"image\":{\"@type\":\"ImageObject\",\"inLanguage\":\"pt-BR\",\"@id\":\"https:\/\/med.estrategia.com\/portal\/#\/schema\/person\/image\/\",\"url\":\"https:\/\/med.estrategia.com\/portal\/wp-content\/uploads\/2023\/12\/arion-wolff-estrategia-med-150x150.jpg\",\"contentUrl\":\"https:\/\/med.estrategia.com\/portal\/wp-content\/uploads\/2023\/12\/arion-wolff-estrategia-med-150x150.jpg\",\"caption\":\"Arion Wolff\"},\"description\":\"Jornalista formado pela UNIFATEC e p\u00f3s-graduado em Jornalismo Digital pela UNINTER. Escrevo sobre medicina, resid\u00eancia m\u00e9dica e sa\u00fade. Entusiasta de filmes, livros, bons dramas e romances gen\u00e9ricos.\",\"sameAs\":[\"http:\/\/med.estrategia.com\"],\"url\":\"https:\/\/med.estrategia.com\/portal\/author\/arion-santos\/\"}]}<\/script>\n<!-- \/ Yoast SEO Premium plugin. -->","yoast_head_json":{"title":"SUS-SP divulga edital para o processo seletivo de Resid\u00eancia M\u00e9dica 2026; Vunesp \u00e9 a banca","description":"Confira informa\u00e7\u00f5es sobre edital, vagas, formato da prova e institui\u00e7\u00f5es participantes do processo seletivo de resid\u00eancia m\u00e9dica SUS-SP 2026.","robots":{"index":"index","follow":"follow","max-snippet":"max-snippet:-1","max-image-preview":"max-image-preview:large","max-video-preview":"max-video-preview:-1"},"canonical":"https:\/\/med.estrategia.com\/portal\/noticias\/edital-residencia-medica-sus-sp-2026\/","og_locale":"pt_BR","og_type":"article","og_title":"SUS-SP divulga edital para o processo seletivo de Resid\u00eancia M\u00e9dica 2026; Vunesp \u00e9 a banca","og_description":"Confira informa\u00e7\u00f5es sobre edital, vagas, formato da prova e institui\u00e7\u00f5es participantes do processo seletivo de resid\u00eancia m\u00e9dica SUS-SP 2026.","og_url":"https:\/\/med.estrategia.com\/portal\/noticias\/edital-residencia-medica-sus-sp-2026\/","og_site_name":"Estrat\u00e9gia MED","article_publisher":"https:\/\/www.facebook.com\/estrategiamed1","article_published_time":"2025-10-01T06:15:53+00:00","article_modified_time":"2025-11-03T11:31:48+00:00","og_image":[{"width":1920,"height":1080,"url":"https:\/\/med.estrategia.com\/portal\/wp-content\/uploads\/2025\/04\/1.jpg","type":"image\/jpeg"}],"author":"Arion Wolff","twitter_card":"summary_large_image","twitter_creator":"@estrategiamed_","twitter_site":"@estrategiamed_","twitter_misc":{"Escrito por":"Arion Wolff","Est. tempo de leitura":"6 minutos"},"schema":{"@context":"https:\/\/schema.org","@graph":[{"@type":"WebPage","@id":"https:\/\/med.estrategia.com\/portal\/noticias\/edital-residencia-medica-sus-sp-2026\/","url":"https:\/\/med.estrategia.com\/portal\/noticias\/edital-residencia-medica-sus-sp-2026\/","name":"SUS-SP divulga edital para o processo seletivo de Resid\u00eancia M\u00e9dica 2026; Vunesp \u00e9 a banca","isPartOf":{"@id":"https:\/\/med.estrategia.com\/portal\/#website"},"primaryImageOfPage":{"@id":"https:\/\/med.estrategia.com\/portal\/noticias\/edital-residencia-medica-sus-sp-2026\/#primaryimage"},"image":{"@id":"https:\/\/med.estrategia.com\/portal\/noticias\/edital-residencia-medica-sus-sp-2026\/#primaryimage"},"thumbnailUrl":"https:\/\/med.estrategia.com\/portal\/wp-content\/uploads\/2025\/04\/1.jpg","datePublished":"2025-10-01T06:15:53+00:00","dateModified":"2025-11-03T11:31:48+00:00","author":{"@id":"https:\/\/med.estrategia.com\/portal\/#\/schema\/person\/b6aba49604868a427dd15c3b1fc6a8bc"},"description":"Confira informa\u00e7\u00f5es sobre edital, vagas, formato da prova e institui\u00e7\u00f5es participantes do processo seletivo de resid\u00eancia m\u00e9dica SUS-SP 2026.","breadcrumb":{"@id":"https:\/\/med.estrategia.com\/portal\/noticias\/edital-residencia-medica-sus-sp-2026\/#breadcrumb"},"inLanguage":"pt-BR","potentialAction":[{"@type":"ReadAction","target":["https:\/\/med.estrategia.com\/portal\/noticias\/edital-residencia-medica-sus-sp-2026\/"]}]},{"@type":"ImageObject","inLanguage":"pt-BR","@id":"https:\/\/med.estrategia.com\/portal\/noticias\/edital-residencia-medica-sus-sp-2026\/#primaryimage","url":"https:\/\/med.estrategia.com\/portal\/wp-content\/uploads\/2025\/04\/1.jpg","contentUrl":"https:\/\/med.estrategia.com\/portal\/wp-content\/uploads\/2025\/04\/1.jpg","width":1920,"height":1080,"caption":"Estrat\u00e9gia MED | Foto: Divulga\u00e7\u00e3o\/Irmandade da Santa Casa de Miseric\u00f3rdia de Santos"},{"@type":"BreadcrumbList","@id":"https:\/\/med.estrategia.com\/portal\/noticias\/edital-residencia-medica-sus-sp-2026\/#breadcrumb","itemListElement":[{"@type":"ListItem","position":1,"name":"Home","item":"https:\/\/med.estrategia.com\/portal\/"},{"@type":"ListItem","position":2,"name":"Not\u00edcias","item":"https:\/\/med.estrategia.com\/portal\/noticias\/"},{"@type":"ListItem","position":3,"name":"SUS-SP divulga edital para o processo seletivo de Resid\u00eancia M\u00e9dica 2026; Vunesp \u00e9 a banca"}]},{"@type":"WebSite","@id":"https:\/\/med.estrategia.com\/portal\/#website","url":"https:\/\/med.estrategia.com\/portal\/","name":"Estrat\u00e9gia MED","description":"","potentialAction":[{"@type":"SearchAction","target":{"@type":"EntryPoint","urlTemplate":"https:\/\/med.estrategia.com\/portal\/?s={search_term_string}"},"query-input":{"@type":"PropertyValueSpecification","valueRequired":true,"valueName":"search_term_string"}}],"inLanguage":"pt-BR"},{"@type":"Person","@id":"https:\/\/med.estrategia.com\/portal\/#\/schema\/person\/b6aba49604868a427dd15c3b1fc6a8bc","name":"Arion Wolff","image":{"@type":"ImageObject","inLanguage":"pt-BR","@id":"https:\/\/med.estrategia.com\/portal\/#\/schema\/person\/image\/","url":"https:\/\/med.estrategia.com\/portal\/wp-content\/uploads\/2023\/12\/arion-wolff-estrategia-med-150x150.jpg","contentUrl":"https:\/\/med.estrategia.com\/portal\/wp-content\/uploads\/2023\/12\/arion-wolff-estrategia-med-150x150.jpg","caption":"Arion Wolff"},"description":"Jornalista formado pela UNIFATEC e p\u00f3s-graduado em Jornalismo Digital pela UNINTER. Escrevo sobre medicina, resid\u00eancia m\u00e9dica e sa\u00fade. Entusiasta de filmes, livros, bons dramas e romances gen\u00e9ricos.","sameAs":["http:\/\/med.estrategia.com"],"url":"https:\/\/med.estrategia.com\/portal\/author\/arion-santos\/"}]}},"_wl_alt_label":[],"wl:entity_url":"\/post\/sus-sp-divulga-edital-para-o-processo-seletivo-de-residencia-medica-2026-89915","_links":{"self":[{"href":"https:\/\/med.estrategia.com\/portal\/wp-json\/wp\/v2\/posts\/89915","targetHints":{"allow":["GET"]}}],"collection":[{"href":"https:\/\/med.estrategia.com\/portal\/wp-json\/wp\/v2\/posts"}],"about":[{"href":"https:\/\/med.estrategia.com\/portal\/wp-json\/wp\/v2\/types\/post"}],"author":[{"embeddable":true,"href":"https:\/\/med.estrategia.com\/portal\/wp-json\/wp\/v2\/users\/52"}],"replies":[{"embeddable":true,"href":"https:\/\/med.estrategia.com\/portal\/wp-json\/wp\/v2\/comments?post=89915"}],"version-history":[{"count":16,"href":"https:\/\/med.estrategia.com\/portal\/wp-json\/wp\/v2\/posts\/89915\/revisions"}],"predecessor-version":[{"id":99459,"href":"https:\/\/med.estrategia.com\/portal\/wp-json\/wp\/v2\/posts\/89915\/revisions\/99459"}],"wp:featuredmedia":[{"embeddable":true,"href":"https:\/\/med.estrategia.com\/portal\/wp-json\/wp\/v2\/media\/85560"}],"wp:attachment":[{"href":"https:\/\/med.estrategia.com\/portal\/wp-json\/wp\/v2\/media?parent=89915"}],"wp:term":[{"taxonomy":"category","embeddable":true,"href":"https:\/\/med.estrategia.com\/portal\/wp-json\/wp\/v2\/categories?post=89915"},{"taxonomy":"post_tag","embeddable":true,"href":"https:\/\/med.estrategia.com\/portal\/wp-json\/wp\/v2\/tags?post=89915"},{"taxonomy":"wl_entity_type","embeddable":true,"href":"https:\/\/med.estrategia.com\/portal\/wp-json\/wp\/v2\/wl_entity_type?post=89915"}],"curies":[{"name":"wp","href":"https:\/\/api.w.org\/{rel}","templated":true}]}}