{"id":92346,"date":"2025-08-18T15:29:55","date_gmt":"2025-08-18T18:29:55","guid":{"rendered":"https:\/\/med.estrategia.com\/portal\/?p=92346"},"modified":"2025-09-22T22:16:16","modified_gmt":"2025-09-23T01:16:16","slug":"resumo-da-sindrome-de-crouzon-formacao-diagnostico-e-mais","status":"publish","type":"post","link":"https:\/\/med.estrategia.com\/portal\/conteudos-gratis\/doencas\/resumo-da-sindrome-de-crouzon-formacao-diagnostico-e-mais\/","title":{"rendered":"Resumo da S\u00edndrome de Crouzon: forma\u00e7\u00e3o, diagn\u00f3stico e mais!"},"content":{"rendered":"<p><strong>Ol&aacute;, querido doutor e doutora!<\/strong> A <strong>S&iacute;ndrome de Crouzon<\/strong> &eacute; uma condi&ccedil;&atilde;o gen&eacute;tica rara caracterizada pela fus&atilde;o precoce das suturas cranianas, levando a deformidades craniofaciais progressivas. Foi descrita em 1912 por Octave Crouzon e representa uma das formas mais comuns de craniossinostose sindr&ocirc;mica. As manifesta&ccedil;&otilde;es incluem <strong>hipoplasia m&eacute;dio-facial, proptose ocular e altera&ccedil;&otilde;es dent&aacute;rias<\/strong>, exigindo manejo multidisciplinar.&nbsp;<p><em>Apesar das altera&ccedil;&otilde;es faciais marcantes, a intelig&ecirc;ncia geralmente &eacute; preservada quando as complica&ccedil;&otilde;es neurol&oacute;gicas s&atilde;o prevenidas precocemente<\/em>.<\/p><div id=\"ez-toc-container\" class=\"ez-toc-v2_0_79_2 counter-hierarchy ez-toc-counter ez-toc-transparent ez-toc-container-direction\">\n<div class=\"ez-toc-title-container\"><p class=\"ez-toc-title\" style=\"cursor:inherit\">Navegue pelo conte\u00fado<\/p>\n<\/div><nav><ul class='ez-toc-list ez-toc-list-level-1 ' ><li class='ez-toc-page-1 ez-toc-heading-level-2'><a class=\"ez-toc-link ez-toc-heading-1\" href=\"https:\/\/med.estrategia.com\/portal\/conteudos-gratis\/doencas\/resumo-da-sindrome-de-crouzon-formacao-diagnostico-e-mais\/#Conceito\" >Conceito&nbsp;<\/a><\/li><li class='ez-toc-page-1 ez-toc-heading-level-2'><a class=\"ez-toc-link ez-toc-heading-2\" href=\"https:\/\/med.estrategia.com\/portal\/conteudos-gratis\/doencas\/resumo-da-sindrome-de-crouzon-formacao-diagnostico-e-mais\/#Etiologia-e-genetica\" >Etiologia e gen&eacute;tica&nbsp;&nbsp;<\/a><\/li><li class='ez-toc-page-1 ez-toc-heading-level-2'><a class=\"ez-toc-link ez-toc-heading-3\" href=\"https:\/\/med.estrategia.com\/portal\/conteudos-gratis\/doencas\/resumo-da-sindrome-de-crouzon-formacao-diagnostico-e-mais\/#Epidemiologia\" >Epidemiologia<\/a><\/li><li class='ez-toc-page-1 ez-toc-heading-level-2'><a class=\"ez-toc-link ez-toc-heading-4\" href=\"https:\/\/med.estrategia.com\/portal\/conteudos-gratis\/doencas\/resumo-da-sindrome-de-crouzon-formacao-diagnostico-e-mais\/#Avaliacao-clinica\" >Avalia&ccedil;&atilde;o cl&iacute;nica<\/a><\/li><li class='ez-toc-page-1 ez-toc-heading-level-2'><a class=\"ez-toc-link ez-toc-heading-5\" href=\"https:\/\/med.estrategia.com\/portal\/conteudos-gratis\/doencas\/resumo-da-sindrome-de-crouzon-formacao-diagnostico-e-mais\/#Diagnostico\" >Diagn&oacute;stico&nbsp;<\/a><\/li><li class='ez-toc-page-1 ez-toc-heading-level-2'><a class=\"ez-toc-link ez-toc-heading-6\" href=\"https:\/\/med.estrategia.com\/portal\/conteudos-gratis\/doencas\/resumo-da-sindrome-de-crouzon-formacao-diagnostico-e-mais\/#Tratamento-e-prognostico\" >Tratamento e progn&oacute;stico<\/a><\/li><li class='ez-toc-page-1 ez-toc-heading-level-2'><a class=\"ez-toc-link ez-toc-heading-7\" href=\"https:\/\/med.estrategia.com\/portal\/conteudos-gratis\/doencas\/resumo-da-sindrome-de-crouzon-formacao-diagnostico-e-mais\/#Veja-Tambem\" >Veja Tamb&eacute;m<\/a><\/li><li class='ez-toc-page-1 ez-toc-heading-level-2'><a class=\"ez-toc-link ez-toc-heading-8\" href=\"https:\/\/med.estrategia.com\/portal\/conteudos-gratis\/doencas\/resumo-da-sindrome-de-crouzon-formacao-diagnostico-e-mais\/#Canal-do-YouTube\" >Canal do YouTube&nbsp;<\/a><\/li><li class='ez-toc-page-1 ez-toc-heading-level-2'><a class=\"ez-toc-link ez-toc-heading-9\" href=\"https:\/\/med.estrategia.com\/portal\/conteudos-gratis\/doencas\/resumo-da-sindrome-de-crouzon-formacao-diagnostico-e-mais\/#Referencias-Bibliograficas\" >Refer&ecirc;ncias Bibliogr&aacute;ficas&nbsp;<\/a><\/li><\/ul><\/nav><\/div>\n<h2 class=\"wp-block-heading\" id=\"h-conceito-nbsp\"><span class=\"ez-toc-section\" id=\"Conceito\"><\/span>Conceito&nbsp;<span class=\"ez-toc-section-end\"><\/span><\/h2><p>A <strong>S&iacute;ndrome de Crouzon<\/strong> &eacute; uma condi&ccedil;&atilde;o gen&eacute;tica rara, caracterizada pela <strong>craniossinostose m&uacute;ltipla<\/strong>, geralmente envolvendo as suturas coronais, levando a altera&ccedil;&otilde;es progressivas do formato craniano e da face. Foi descrita pela primeira vez em 1912 pelo m&eacute;dico franc&ecirc;s <strong>Octave Crouzon<\/strong>, que observou a associa&ccedil;&atilde;o entre deformidades cranianas, dismorfismos faciais e proptose.<\/p><p>Trata-se de uma <strong>doen&ccedil;a cong&ecirc;nita de heran&ccedil;a autoss&ocirc;mica dominante<\/strong>, com <strong>penetr&acirc;ncia completa<\/strong> e <strong>expressividade vari&aacute;vel<\/strong>, o que significa que todos os indiv&iacute;duos portadores da muta&ccedil;&atilde;o apresentam manifesta&ccedil;&otilde;es cl&iacute;nicas, mas em intensidades distintas. As principais caracter&iacute;sticas incluem <strong>hipoplasia do ter&ccedil;o m&eacute;dio da face<\/strong>, <strong>exorbitismo ocular<\/strong> e <strong>nariz em forma de bico<\/strong>, compondo o chamado &ldquo;fen&oacute;tipo crouzonoide&rdquo;.<\/p><p>Um ponto importante para o diagn&oacute;stico diferencial &eacute; a <strong>aus&ecirc;ncia de malforma&ccedil;&otilde;es nos membros<\/strong> (como sindactilia), o que a distingue de outras s&iacute;ndromes craniofaciais, como a de Apert.<\/p><div class=\"wp-block-buttons is-horizontal is-content-justification-center is-layout-flex wp-container-core-buttons-is-layout-1 wp-block-buttons-is-layout-flex\">\n<div class=\"wp-block-button\"><a class=\"wp-block-button__link has-background wp-element-button\" href=\"https:\/\/med.estrategia.com\/cursos\/\" style=\"background-color:#0ba4ae\" target=\"_blank\">Conhe&ccedil;a os cursos do Estrat&eacute;gia MED!<\/a><\/div>\n<\/div><h2 class=\"wp-block-heading\" id=\"h-etiologia-e-genetica-nbsp-nbsp\"><span class=\"ez-toc-section\" id=\"Etiologia-e-genetica\"><\/span>Etiologia e gen&eacute;tica&nbsp;&nbsp;<span class=\"ez-toc-section-end\"><\/span><\/h2><p>A <strong>etiologia da S&iacute;ndrome de Crouzon<\/strong> est&aacute; diretamente ligada a <strong>muta&ccedil;&otilde;es em genes da fam&iacute;lia dos receptores do fator de crescimento de fibroblastos (FGFR)<\/strong>. O gene mais frequentemente envolvido &eacute; o <strong>FGFR2<\/strong>, localizado no cromossomo 10, respons&aacute;vel por regular a diferencia&ccedil;&atilde;o e prolifera&ccedil;&atilde;o dos osteoblastos durante o desenvolvimento craniofacial. Altera&ccedil;&otilde;es nesse gene geram um <strong>ganho de fun&ccedil;&atilde;o<\/strong>, resultando em ossifica&ccedil;&atilde;o precoce das suturas cranianas e, consequentemente, na craniossinostose.<\/p><p>Em uma parcela menor dos casos, foram descritas muta&ccedil;&otilde;es no <strong>FGFR3<\/strong>, especialmente na variante associada &agrave; <strong>acantose nigricans<\/strong>. Outros genes, como <strong>TWIST1<\/strong>, tamb&eacute;m foram relatados em situa&ccedil;&otilde;es raras.<\/p><p>A s&iacute;ndrome apresenta <strong>padr&atilde;o de heran&ccedil;a autoss&ocirc;mico dominante<\/strong>, com <strong>penetr&acirc;ncia completa<\/strong>, mas grande <strong>variabilidade fenot&iacute;pica<\/strong>. Isso significa que indiv&iacute;duos da mesma fam&iacute;lia podem manifestar graus distintos de gravidade, desde altera&ccedil;&otilde;es leves at&eacute; deformidades craniofaciais severas.<\/p><p>Cerca de <strong>50% dos casos surgem de muta&ccedil;&otilde;es de novo<\/strong>, sem hist&oacute;ria familiar pr&eacute;via. Estudos sugerem que a <strong>idade paterna avan&ccedil;ada<\/strong> est&aacute; associada a maior risco de muta&ccedil;&otilde;es espont&acirc;neas em FGFR2, possivelmente por erros acumulados durante a espermatog&ecirc;nese.<\/p><h2 class=\"wp-block-heading\" id=\"h-epidemiologia\"><span class=\"ez-toc-section\" id=\"Epidemiologia\"><\/span>Epidemiologia<span class=\"ez-toc-section-end\"><\/span><\/h2><p>A <strong>S&iacute;ndrome de Crouzon<\/strong> &eacute; considerada uma condi&ccedil;&atilde;o rara, com preval&ecirc;ncia estimada entre <strong>1 a cada 25.000 e 1 a cada 60.000 nascidos vivos<\/strong>, dependendo da popula&ccedil;&atilde;o estudada. Ela corresponde a uma das s&iacute;ndromes mais comuns entre as formas <strong>sindr&ocirc;micas de craniossinostose<\/strong>, ficando atr&aacute;s apenas da s&iacute;ndrome de Muenke em alguns levantamentos.<\/p><p>N&atilde;o h&aacute; <strong>predile&ccedil;&atilde;o por sexo<\/strong>, e sua ocorr&ecirc;ncia &eacute; semelhante entre meninos e meninas. A distribui&ccedil;&atilde;o geogr&aacute;fica tamb&eacute;m parece homog&ecirc;nea, embora haja relatos de poss&iacute;veis diferen&ccedil;as relacionadas a fatores gen&eacute;ticos e &agrave; disponibilidade de diagn&oacute;stico em determinados pa&iacute;ses.<\/p><p>Em aproximadamente <strong>metade dos casos<\/strong>, a muta&ccedil;&atilde;o gen&eacute;tica &eacute; <strong>espor&aacute;dica (de novo)<\/strong>, sem hist&oacute;rico familiar pr&eacute;vio. Nos demais, h&aacute; <strong>heran&ccedil;a autoss&ocirc;mica dominante<\/strong>, com risco de transmiss&atilde;o de 50% para os descendentes.<\/p><p>A idade do diagn&oacute;stico varia: em casos graves, as altera&ccedil;&otilde;es craniofaciais podem ser reconhecidas j&aacute; no <strong>per&iacute;odo neonatal<\/strong>; nas formas mais leves, a confirma&ccedil;&atilde;o pode ocorrer apenas durante a <strong>inf&acirc;ncia<\/strong>, quando surgem complica&ccedil;&otilde;es funcionais ou atraso no desenvolvimento.<\/p><h2 class=\"wp-block-heading\" id=\"h-avaliacao-clinica\"><span class=\"ez-toc-section\" id=\"Avaliacao-clinica\"><\/span>Avalia&ccedil;&atilde;o cl&iacute;nica<span class=\"ez-toc-section-end\"><\/span><\/h2><p>As <strong>manifesta&ccedil;&otilde;es cl&iacute;nicas da S&iacute;ndrome de Crouzon<\/strong> surgem geralmente nos primeiros anos de vida e refletem a fus&atilde;o precoce das suturas cranianas e a hipoplasia do ter&ccedil;o m&eacute;dio da face.<\/p><p><strong>Achados craniofaciais t&iacute;picos<\/strong>:<\/p><ul class=\"wp-block-list\">\n<li><strong>Braquicefalia<\/strong> (cr&acirc;nio encurtado e alargado) devido &agrave; fus&atilde;o bicoronal.<\/li>\n<\/ul><ul class=\"wp-block-list\">\n<li><strong>Proptose<\/strong> (olhos proeminentes) e <strong>hipertelorismo<\/strong>, decorrentes de &oacute;rbitas rasas.<\/li>\n<\/ul><ul class=\"wp-block-list\">\n<li><strong>Nariz em bico de papagaio<\/strong> e <strong>hipoplasia maxilar<\/strong>, que conferem o aspecto denominado <em>face crouzonoide<\/em>.<\/li>\n<\/ul><ul class=\"wp-block-list\">\n<li><strong>Palato ogival<\/strong>, maloclus&atilde;o dent&aacute;ria e atraso na erup&ccedil;&atilde;o dent&aacute;ria.<br><\/li>\n<\/ul><p><strong>Complica&ccedil;&otilde;es oftalmol&oacute;gicas<\/strong>: a proptose pode levar a <strong>exposi&ccedil;&atilde;o corneana, ceratopatia, estrabismo e, em casos graves, atrofia &oacute;ptica<\/strong>.<\/p><p><strong>Altera&ccedil;&otilde;es respirat&oacute;rias<\/strong>: a hipoplasia m&eacute;dio-facial reduz o espa&ccedil;o das vias a&eacute;reas superiores, predispondo a <strong>apneia obstrutiva do sono, roncos intensos e dificuldade respirat&oacute;ria<\/strong>.<\/p><p><strong>Aspectos neurol&oacute;gicos<\/strong>: o fechamento precoce das suturas pode resultar em <strong>hipertens&atilde;o intracraniana<\/strong>, hidrocefalia e, em casos n&atilde;o tratados, <strong>atraso no desenvolvimento neuropsicomotor<\/strong>.<\/p><p><strong>Comprometimento auditivo<\/strong>: &eacute; frequente a presen&ccedil;a de <strong>perda auditiva condutiva<\/strong> devido &agrave; disfun&ccedil;&atilde;o da tuba auditiva e otites de repeti&ccedil;&atilde;o.<\/p><p>Um ponto relevante no diagn&oacute;stico diferencial &eacute; que, ao contr&aacute;rio de s&iacute;ndromes como a de <strong>Apert<\/strong> e <strong>Pfeiffer<\/strong>, a S&iacute;ndrome de Crouzon <strong>n&atilde;o apresenta malforma&ccedil;&otilde;es nas m&atilde;os ou p&eacute;s<\/strong>, preservando a morfologia dos membros.<\/p><h2 class=\"wp-block-heading\" id=\"h-diagnostico-nbsp\"><span class=\"ez-toc-section\" id=\"Diagnostico\"><\/span>Diagn&oacute;stico&nbsp;<span class=\"ez-toc-section-end\"><\/span><\/h2><p>O diagn&oacute;stico da <strong>S&iacute;ndrome de Crouzon<\/strong> &eacute; essencialmente cl&iacute;nico, apoiado por exames de imagem e testes gen&eacute;ticos. Ele deve ser estabelecido precocemente para permitir interven&ccedil;&otilde;es que previnam complica&ccedil;&otilde;es visuais, respirat&oacute;rias e neurol&oacute;gicas.<\/p><h3 class=\"wp-block-heading\" id=\"h-avaliacao-clinica-0\">Avalia&ccedil;&atilde;o cl&iacute;nica<\/h3><p>A suspeita surge a partir dos <strong>achados craniofaciais caracter&iacute;sticos<\/strong>, como braquicefalia, proptose, hipertelorismo e hipoplasia m&eacute;dio-facial. A hist&oacute;ria familiar tamb&eacute;m deve ser investigada, visto que a heran&ccedil;a autoss&ocirc;mica dominante &eacute; frequente. O exame f&iacute;sico detalhado permite diferenciar Crouzon de outras craniossinostoses sindr&ocirc;micas.<\/p><h3 class=\"wp-block-heading\" id=\"h-exames-de-imagem\">Exames de imagem<\/h3><p>A <strong>tomografia computadorizada (TC) com reconstru&ccedil;&atilde;o 3D<\/strong> &eacute; o m&eacute;todo de escolha para demonstrar fus&atilde;o prematura das suturas cranianas, al&eacute;m de evidenciar deformidades orbit&aacute;rias e do ter&ccedil;o m&eacute;dio da face. A <strong>resson&acirc;ncia magn&eacute;tica (RM)<\/strong> auxilia na avalia&ccedil;&atilde;o de complica&ccedil;&otilde;es intracranianas, como hidrocefalia e malforma&ccedil;&otilde;es de Chiari, al&eacute;m de permitir o acompanhamento da press&atilde;o intracraniana.<\/p><h3 class=\"wp-block-heading\" id=\"h-testes-geneticos\">Testes gen&eacute;ticos<\/h3><p>A an&aacute;lise molecular confirma muta&ccedil;&otilde;es em <strong>FGFR2<\/strong> ou, em casos menos comuns, em <strong>FGFR3<\/strong>, sendo de grande import&acirc;ncia para o <strong>aconselhamento gen&eacute;tico familiar<\/strong>. Esses testes tamb&eacute;m ajudam a distinguir a s&iacute;ndrome de outras craniossinostoses com sobreposi&ccedil;&atilde;o cl&iacute;nica, como Apert e Pfeiffer.<\/p><h3 class=\"wp-block-heading\" id=\"h-avaliacao-funcional\">Avalia&ccedil;&atilde;o funcional<\/h3><p>Exames complementares s&atilde;o fundamentais para rastrear complica&ccedil;&otilde;es: <strong>oftalmol&oacute;gicos<\/strong> (detec&ccedil;&atilde;o de estrabismo, ceratopatia e atrofia &oacute;ptica), <strong>audiometria<\/strong> (perda auditiva condutiva ou mista) e <strong>polissonografia<\/strong> (apneia do sono). Esse conjunto de avalia&ccedil;&otilde;es garante um acompanhamento abrangente e multidisciplinar.<\/p><h2 class=\"wp-block-heading\" id=\"h-tratamento-e-prognostico\"><span class=\"ez-toc-section\" id=\"Tratamento-e-prognostico\"><\/span>Tratamento e progn&oacute;stico<span class=\"ez-toc-section-end\"><\/span><\/h2><h3 class=\"wp-block-heading\" id=\"h-abordagem-multidisciplinar\">Abordagem multidisciplinar<\/h3><p>O manejo da <strong>S&iacute;ndrome de Crouzon<\/strong> exige acompanhamento conjunto de neurocirurgi&otilde;es, cirurgi&otilde;es craniofaciais, otorrinolaringologistas, oftalmologistas, ortodontistas e geneticistas. O objetivo principal &eacute; <strong>corrigir deformidades craniofaciais<\/strong> e prevenir complica&ccedil;&otilde;es respirat&oacute;rias, visuais e neurol&oacute;gicas.<\/p><h3 class=\"wp-block-heading\" id=\"h-tratamento-cirurgico\">Tratamento cir&uacute;rgico<\/h3><p>A cirurgia &eacute; a <strong>principal forma de tratamento<\/strong>, geralmente realizada em etapas conforme o crescimento da crian&ccedil;a. Nos primeiros anos de vida, pode ser indicada a <strong>expans&atilde;o da caixa craniana<\/strong> para reduzir a press&atilde;o intracraniana e permitir o crescimento cerebral adequado. Em fases posteriores, realizam-se procedimentos como <strong>avan&ccedil;o m&eacute;dio-facial (Le Fort III)<\/strong> e <strong>distra&ccedil;&atilde;o osteog&ecirc;nica<\/strong> para melhorar o posicionamento orbit&aacute;rio, a via a&eacute;rea superior e a est&eacute;tica facial. Cirurgias corretivas oftalmol&oacute;gicas e ortod&ocirc;nticas tamb&eacute;m podem ser necess&aacute;rias ao longo do desenvolvimento.<\/p><h3 class=\"wp-block-heading\" id=\"h-tratamento-de-suporte\">Tratamento de suporte<\/h3><p>Al&eacute;m das interven&ccedil;&otilde;es cir&uacute;rgicas, medidas de suporte s&atilde;o importantes: <strong>uso de CPAP ou cirurgias de via a&eacute;rea<\/strong> para apneia do sono, aparelhos auditivos em casos de perda condutiva e terapias fonoaudiol&oacute;gicas para dist&uacute;rbios de fala e degluti&ccedil;&atilde;o. O acompanhamento peri&oacute;dico com exames oftalmol&oacute;gicos previne complica&ccedil;&otilde;es irrevers&iacute;veis como atrofia &oacute;ptica.<\/p><h3 class=\"wp-block-heading\" id=\"h-prognostico\">Progn&oacute;stico<\/h3><p>O progn&oacute;stico depende da <strong>precocidade do diagn&oacute;stico e do in&iacute;cio do tratamento<\/strong>. Pacientes acompanhados adequadamente podem alcan&ccedil;ar <strong>expectativa de vida pr&oacute;xima ao normal<\/strong>, com bom desenvolvimento intelectual e funcional. Entretanto, casos n&atilde;o tratados est&atilde;o sujeitos a complica&ccedil;&otilde;es graves, como <strong>cegueira, d&eacute;ficit cognitivo, insufici&ecirc;ncia respirat&oacute;ria e hidrocefalia<\/strong>. &Eacute; comum a necessidade de m&uacute;ltiplas cirurgias ao longo da vida para acompanhar o crescimento craniofacial.<\/p><p><strong><em>Venha fazer parte da maior plataforma de Medicina do Brasil! O Estrat&eacute;gia MED possui os materiais mais atualizados e cursos ministrados por especialistas na &aacute;rea. N&atilde;o perca a oportunidade de elevar seus estudos, inscreva-se agora e comece a construir um caminho de excel&ecirc;ncia na medicina!<\/em><\/strong>&nbsp;<\/p><p>\n\n\n\n<div class=\"estrategia-catalog\"><h3>Curso Extensivo de Resid&ecirc;ncia M&eacute;dica<\/h3><div class=\"carrossel-product\"><div><h4>Curso Extensivo Resid\u00eancia M\u00e9dica - 12 meses<\/h4><div class=\"cat-description\">Estude com nosso curso mais completo e tenha acesso a um material multim\u00eddia, elaborado por professores especialistas, de acordo com o conte\u00fado cobrado nas provas. Ideal para quem tem mais tempo para estudar e quer se dedicar ao m\u00e1ximo para obter os melhores resultados na sua prepara\u00e7\u00e3o.<\/div><div class=\"cat-price\"><span>12x<\/span> R$ 999,75<\/div><div class=\"cat-sale\">No Cart\u00e3o de Cr\u00e9dito ou 10% de desconto no Boleto ou Pix \u00e0 vista: R$ 10.797,30<\/div><a href=\"https:\/\/vestibulares.estrategia.com\/curso\/curso-extensivo-residencia-medica-12-meses\/?utm_source=portal&amp;utm_medium=post&amp;utm_campaign=emed-x-vd-seo-portal-v-catalogo\" class=\"estrategia-button\" target=\"_blank\">Saiba mais<\/a><\/div><div><h4>Curso Extensivo Resid\u00eancia M\u00e9dica - 18 meses<\/h4><div class=\"cat-description\">Estude com nosso curso mais completo e tenha acesso a um material multim\u00eddia, elaborado por professores especialistas, de acordo com o conte\u00fado cobrado nas provas. Ideal para quem tem mais tempo para estudar e quer se dedicar ao m\u00e1ximo para obter os melhores resultados na sua prepara\u00e7\u00e3o.<\/div><div class=\"cat-price\"><span>12x<\/span> R$ 1.291,41<\/div><div class=\"cat-sale\">No Cart\u00e3o de Cr\u00e9dito ou 10% de desconto no Boleto ou Pix \u00e0 vista: R$ 13.947,30<\/div><a href=\"https:\/\/vestibulares.estrategia.com\/curso\/curso-extensivo-residencia-medica-18-meses\/?utm_source=portal&amp;utm_medium=post&amp;utm_campaign=emed-x-vd-seo-portal-v-catalogo\" class=\"estrategia-button\" target=\"_blank\">Saiba mais<\/a><\/div><div><h4>Curso Extensivo Resid\u00eancia M\u00e9dica - 24 meses<\/h4><div class=\"cat-description\">Estude com nosso curso mais completo e tenha acesso a um material multim\u00eddia, elaborado por professores especialistas, de acordo com o conte\u00fado cobrado nas provas. Ideal para quem tem mais tempo para estudar e quer se dedicar ao m\u00e1ximo para obter os melhores resultados na sua prepara\u00e7\u00e3o.<\/div><div class=\"cat-price\"><span>12x<\/span> R$ 1.583,08<\/div><div class=\"cat-sale\">No Cart\u00e3o de Cr\u00e9dito ou 10% de desconto no Boleto ou Pix \u00e0 vista: R$ 17.097,30<\/div><a href=\"https:\/\/vestibulares.estrategia.com\/curso\/curso-extensivo-residencia-medica-24-meses\/?utm_source=portal&amp;utm_medium=post&amp;utm_campaign=emed-x-vd-seo-portal-v-catalogo\" class=\"estrategia-button\" target=\"_blank\">Saiba mais<\/a><\/div><div><h4>Curso Extensivo Resid\u00eancia M\u00e9dica - 30 meses<\/h4><div class=\"cat-description\">Estude com nosso curso mais completo e tenha acesso a um material multim\u00eddia, elaborado por professores especialistas, de acordo com o conte\u00fado cobrado nas provas. Ideal para quem tem mais tempo para estudar e quer se dedicar ao m\u00e1ximo para obter os melhores resultados na sua prepara\u00e7\u00e3o.<\/div><div class=\"cat-price\"><span>12x<\/span> R$ 1.874,75<\/div><div class=\"cat-sale\">No Cart\u00e3o de Cr\u00e9dito ou 10% de desconto no Boleto ou Pix \u00e0 vista: R$ 20.247,30<\/div><a href=\"https:\/\/vestibulares.estrategia.com\/curso\/curso-extensivo-residencia-medica-30-meses\/?utm_source=portal&amp;utm_medium=post&amp;utm_campaign=emed-x-vd-seo-portal-v-catalogo\" class=\"estrategia-button\" target=\"_blank\">Saiba mais<\/a><\/div><div><h4>Curso Extensivo Resid\u00eancia M\u00e9dica - 36 meses<\/h4><div class=\"cat-description\">Estude com nosso curso mais completo e tenha acesso a um material multim\u00eddia, elaborado por professores especialistas, de acordo com o conte\u00fado cobrado nas provas. Ideal para quem tem mais tempo para estudar e quer se dedicar ao m\u00e1ximo para obter os melhores resultados na sua prepara\u00e7\u00e3o.<\/div><div class=\"cat-price\"><span>12x<\/span> R$ 2.166,41<\/div><div class=\"cat-sale\">No Cart\u00e3o de Cr\u00e9dito ou 10% de desconto no Boleto ou Pix \u00e0 vista: R$ 23.397,30<\/div><a href=\"https:\/\/vestibulares.estrategia.com\/curso\/curso-extensivo-residencia-medica-36-meses\/?utm_source=portal&amp;utm_medium=post&amp;utm_campaign=emed-x-vd-seo-portal-v-catalogo\" class=\"estrategia-button\" target=\"_blank\">Saiba mais<\/a><\/div><\/div><\/div>\n\n\n\n<\/p><h2 class=\"wp-block-heading\" id=\"h-veja-tambem\"><span class=\"ez-toc-section\" id=\"Veja-Tambem\"><\/span>Veja Tamb&eacute;m<span class=\"ez-toc-section-end\"><\/span><\/h2><ul class=\"wp-block-list\">\n<li><a href=\"https:\/\/med.estrategia.com\/portal\/conteudos-gratis\/doencas\/resumo-da-sindrome-de-treacher-collins-formacao-e-mais\/\">Resumo da S&iacute;ndrome de Treacher Collins: forma&ccedil;&atilde;o e mais!<\/a><\/li>\n\n\n\n<li><a href=\"https:\/\/med.estrategia.com\/portal\/conteudos-gratis\/doencas\/resumo-sobre-hiperinsulinismo-congenito-definicao-fisiopatologia-e-mais\/\">Resumo sobre Hiperinsulinismo Cong&ecirc;nito: defini&ccedil;&atilde;o, fisiopatologia e mais!<\/a><\/li>\n\n\n\n<li><a href=\"https:\/\/med.estrategia.com\/portal\/conteudos-gratis\/ciclo-basico\/resumo-sobre-glucagon-onde-e-produzido-qual-sua-funcao-e-mais\/\">Resumo sobre Glucagon: onde &eacute; produzido, qual sua fun&ccedil;&atilde;o e mais!<\/a><\/li>\n\n\n\n<li><a href=\"https:\/\/med.estrategia.com\/portal\/conteudos-gratis\/doencas\/resumo-sobre-hiperparatireoidismo-primario-definicao-etiologias-e-mais\/\">Resumo sobre Hiperparatireoidismo Prim&aacute;rio: defini&ccedil;&atilde;o, etiologias e mais<\/a><\/li>\n\n\n\n<li><a href=\"https:\/\/med.estrategia.com\/portal\/conteudos-gratis\/farmacos\/resumo-sobre-vasopressina-mecanismo-de-acao-indicacoes-e-mais\/\">Resumo sobre Vasopressina: mecanismo de a&ccedil;&atilde;o, uso cl&iacute;nico e mais!<\/a><\/li>\n\n\n\n<li><a href=\"https:\/\/med.estrategia.com\/portal\/conteudos-gratis\/doencas\/resumo-sobre-diabetes-monogenica-definicao-etiologia-e-mais\/\">Resumo sobre Diabetes Monog&ecirc;nica: defini&ccedil;&atilde;o, etiologia e mais!<\/a><\/li>\n\n\n\n<li><a href=\"https:\/\/med.estrategia.com\/portal\/conteudos-gratis\/doencas\/resumo-sobre-hipomagnesemia-e-diabetes-tipo-2-entenda-essa-relacao\/\">Resumo sobre Hipomagnesemia e diabetes tipo 2: entenda essa rela&ccedil;&atilde;o<\/a><\/li>\n<\/ul><h2 class=\"wp-block-heading\" id=\"h-canal-do-youtube-nbsp\"><span class=\"ez-toc-section\" id=\"Canal-do-YouTube\"><\/span>Canal do YouTube&nbsp;<span class=\"ez-toc-section-end\"><\/span><\/h2><ul class=\"wp-block-list\">\n<li><a href=\"https:\/\/www.youtube.com\/@EstrategiaMED\" target=\"_blank\" rel=\"noopener noreferrer\">YouTube do Estrat&eacute;gia MED<\/a><\/li>\n<\/ul><h2 class=\"wp-block-heading\" id=\"h-referencias-bibliograficas-nbsp\"><span class=\"ez-toc-section\" id=\"Referencias-Bibliograficas\"><\/span>Refer&ecirc;ncias Bibliogr&aacute;ficas&nbsp;<span class=\"ez-toc-section-end\"><\/span><\/h2><ol class=\"wp-block-list\">\n<li>ZEPPIERI, M.; KARSONOVICH, T.; PATEL, B. C. <strong>Crouzon Syndrome<\/strong>. StatPearls. Treasure Island (FL): StatPearls Publishing; 2025. Dispon&iacute;vel em:<a href=\"https:\/\/www.ncbi.nlm.nih.gov\/books\/NBK518998\/\" target=\"_blank\" rel=\"noopener noreferrer\"> https:\/\/www.ncbi.nlm.nih.gov\/books\/NBK518998\/<\/a>. Acesso em: 18 ago. 2025.<\/li>\n<\/ol><ol start=\"2\" class=\"wp-block-list\">\n<li>SIGURDARDOTTIR, L. Y.; FEDOROWICZ, Z.; RAE-GRANT, A. <strong>Craniosynostosis<\/strong>. DynaMed. Ipswich (MA): EBSCO Information Services; 2025. Dispon&iacute;vel em:<a href=\"https:\/\/www.dynamed.com\/condition\/craniosynostosis\" target=\"_blank\" rel=\"noopener noreferrer\"> https:\/\/www.dynamed.com\/condition\/craniosynostosis<\/a>. Acesso em: 18 ago. 2025.<\/li>\n<\/ol><\/p>\n","protected":false},"excerpt":{"rendered":"Ol&aacute;, querido doutor e doutora! A S&iacute;ndrome de Crouzon &eacute; uma condi&ccedil;&atilde;o gen&eacute;tica rara caracterizada pela fus&atilde;o precoce&hellip;\n","protected":false},"author":46,"featured_media":92347,"comment_status":"closed","ping_status":"closed","sticky":false,"template":"","format":"standard","meta":{"wl_entities_gutenberg":"","footnotes":""},"categories":[304],"tags":[1461],"wl_entity_type":[199],"class_list":{"0":"post-92346","1":"post","2":"type-post","3":"status-publish","4":"format-standard","5":"has-post-thumbnail","7":"category-doencas","8":"tag-sindrome-de-crouzon","9":"wl_entity_type-article"},"acf":[],"yoast_head":"<!-- This site is optimized with the Yoast SEO Premium plugin v26.6 (Yoast SEO v26.6) - https:\/\/yoast.com\/wordpress\/plugins\/seo\/ -->\n<title>Resumo da S\u00edndrome de Crouzon: forma\u00e7\u00e3o, diagn\u00f3stico e mais!<\/title>\n<meta name=\"description\" content=\"A etiologia da S\u00edndrome de Crouzon est\u00e1 ligada a muta\u00e7\u00f5es em genes da fam\u00edlia dos receptores do fator de crescimento de fibroblastos.\" \/>\n<meta name=\"robots\" content=\"index, follow, max-snippet:-1, max-image-preview:large, max-video-preview:-1\" \/>\n<link rel=\"canonical\" href=\"https:\/\/med.estrategia.com\/portal\/conteudos-gratis\/doencas\/resumo-da-sindrome-de-crouzon-formacao-diagnostico-e-mais\/\" \/>\n<meta property=\"og:locale\" content=\"pt_BR\" \/>\n<meta property=\"og:type\" content=\"article\" \/>\n<meta property=\"og:title\" content=\"Resumo da S\u00edndrome de Crouzon: forma\u00e7\u00e3o, diagn\u00f3stico e mais!\" \/>\n<meta property=\"og:description\" content=\"A etiologia da S\u00edndrome de Crouzon est\u00e1 ligada a muta\u00e7\u00f5es em genes da fam\u00edlia dos receptores do fator de crescimento de fibroblastos.\" \/>\n<meta property=\"og:url\" content=\"https:\/\/med.estrategia.com\/portal\/conteudos-gratis\/doencas\/resumo-da-sindrome-de-crouzon-formacao-diagnostico-e-mais\/\" \/>\n<meta property=\"og:site_name\" content=\"Estrat\u00e9gia MED\" \/>\n<meta property=\"article:publisher\" content=\"https:\/\/www.facebook.com\/estrategiamed1\" \/>\n<meta property=\"article:published_time\" content=\"2025-08-18T18:29:55+00:00\" \/>\n<meta property=\"article:modified_time\" content=\"2025-09-23T01:16:16+00:00\" \/>\n<meta property=\"og:image\" content=\"https:\/\/med.estrategia.com\/portal\/wp-content\/uploads\/2025\/08\/crouzon-patient-3.jpg\" \/>\n\t<meta property=\"og:image:width\" content=\"700\" \/>\n\t<meta property=\"og:image:height\" content=\"474\" \/>\n\t<meta property=\"og:image:type\" content=\"image\/jpeg\" \/>\n<meta name=\"author\" content=\"Pablo Fernandes\" \/>\n<meta name=\"twitter:card\" content=\"summary_large_image\" \/>\n<meta name=\"twitter:creator\" content=\"@estrategiamed_\" \/>\n<meta name=\"twitter:site\" content=\"@estrategiamed_\" \/>\n<meta name=\"twitter:label1\" content=\"Escrito por\" \/>\n\t<meta name=\"twitter:data1\" content=\"Pablo Fernandes\" \/>\n\t<meta name=\"twitter:label2\" content=\"Est. tempo de leitura\" \/>\n\t<meta name=\"twitter:data2\" content=\"8 minutos\" \/>\n<script type=\"application\/ld+json\" class=\"yoast-schema-graph\">{\"@context\":\"https:\/\/schema.org\",\"@graph\":[{\"@type\":\"WebPage\",\"@id\":\"https:\/\/med.estrategia.com\/portal\/conteudos-gratis\/doencas\/resumo-da-sindrome-de-crouzon-formacao-diagnostico-e-mais\/\",\"url\":\"https:\/\/med.estrategia.com\/portal\/conteudos-gratis\/doencas\/resumo-da-sindrome-de-crouzon-formacao-diagnostico-e-mais\/\",\"name\":\"Resumo da S\u00edndrome de Crouzon: forma\u00e7\u00e3o, diagn\u00f3stico e mais!\",\"isPartOf\":{\"@id\":\"https:\/\/med.estrategia.com\/portal\/#website\"},\"primaryImageOfPage\":{\"@id\":\"https:\/\/med.estrategia.com\/portal\/conteudos-gratis\/doencas\/resumo-da-sindrome-de-crouzon-formacao-diagnostico-e-mais\/#primaryimage\"},\"image\":{\"@id\":\"https:\/\/med.estrategia.com\/portal\/conteudos-gratis\/doencas\/resumo-da-sindrome-de-crouzon-formacao-diagnostico-e-mais\/#primaryimage\"},\"thumbnailUrl\":\"https:\/\/med.estrategia.com\/portal\/wp-content\/uploads\/2025\/08\/crouzon-patient-3.jpg\",\"datePublished\":\"2025-08-18T18:29:55+00:00\",\"dateModified\":\"2025-09-23T01:16:16+00:00\",\"author\":{\"@id\":\"https:\/\/med.estrategia.com\/portal\/#\/schema\/person\/67a72aa9c51ed5919796767d808606b4\"},\"description\":\"A etiologia da S\u00edndrome de Crouzon est\u00e1 ligada a muta\u00e7\u00f5es em genes da fam\u00edlia dos receptores do fator de crescimento de fibroblastos.\",\"breadcrumb\":{\"@id\":\"https:\/\/med.estrategia.com\/portal\/conteudos-gratis\/doencas\/resumo-da-sindrome-de-crouzon-formacao-diagnostico-e-mais\/#breadcrumb\"},\"inLanguage\":\"pt-BR\",\"potentialAction\":[{\"@type\":\"ReadAction\",\"target\":[\"https:\/\/med.estrategia.com\/portal\/conteudos-gratis\/doencas\/resumo-da-sindrome-de-crouzon-formacao-diagnostico-e-mais\/\"]}]},{\"@type\":\"ImageObject\",\"inLanguage\":\"pt-BR\",\"@id\":\"https:\/\/med.estrategia.com\/portal\/conteudos-gratis\/doencas\/resumo-da-sindrome-de-crouzon-formacao-diagnostico-e-mais\/#primaryimage\",\"url\":\"https:\/\/med.estrategia.com\/portal\/wp-content\/uploads\/2025\/08\/crouzon-patient-3.jpg\",\"contentUrl\":\"https:\/\/med.estrategia.com\/portal\/wp-content\/uploads\/2025\/08\/crouzon-patient-3.jpg\",\"width\":700,\"height\":474,\"caption\":\"Sargentcraniofacial\"},{\"@type\":\"BreadcrumbList\",\"@id\":\"https:\/\/med.estrategia.com\/portal\/conteudos-gratis\/doencas\/resumo-da-sindrome-de-crouzon-formacao-diagnostico-e-mais\/#breadcrumb\",\"itemListElement\":[{\"@type\":\"ListItem\",\"position\":1,\"name\":\"Home\",\"item\":\"https:\/\/med.estrategia.com\/portal\/\"},{\"@type\":\"ListItem\",\"position\":2,\"name\":\"Conte\u00fados Gr\u00e1tis\",\"item\":\"https:\/\/med.estrategia.com\/portal\/conteudos-gratis\/\"},{\"@type\":\"ListItem\",\"position\":3,\"name\":\"Doen\u00e7as\",\"item\":\"https:\/\/med.estrategia.com\/portal\/conteudos-gratis\/doencas\/\"},{\"@type\":\"ListItem\",\"position\":4,\"name\":\"Resumo da S\u00edndrome de Crouzon: forma\u00e7\u00e3o, diagn\u00f3stico e mais!\"}]},{\"@type\":\"WebSite\",\"@id\":\"https:\/\/med.estrategia.com\/portal\/#website\",\"url\":\"https:\/\/med.estrategia.com\/portal\/\",\"name\":\"Estrat\u00e9gia MED\",\"description\":\"\",\"potentialAction\":[{\"@type\":\"SearchAction\",\"target\":{\"@type\":\"EntryPoint\",\"urlTemplate\":\"https:\/\/med.estrategia.com\/portal\/?s={search_term_string}\"},\"query-input\":{\"@type\":\"PropertyValueSpecification\",\"valueRequired\":true,\"valueName\":\"search_term_string\"}}],\"inLanguage\":\"pt-BR\"},{\"@type\":\"Person\",\"@id\":\"https:\/\/med.estrategia.com\/portal\/#\/schema\/person\/67a72aa9c51ed5919796767d808606b4\",\"name\":\"Pablo Fernandes\",\"image\":{\"@type\":\"ImageObject\",\"inLanguage\":\"pt-BR\",\"@id\":\"https:\/\/med.estrategia.com\/portal\/#\/schema\/person\/image\/\",\"url\":\"https:\/\/med.estrategia.com\/portal\/wp-content\/uploads\/2025\/07\/DSC_0059-1-150x150.jpg\",\"contentUrl\":\"https:\/\/med.estrategia.com\/portal\/wp-content\/uploads\/2025\/07\/DSC_0059-1-150x150.jpg\",\"caption\":\"Pablo Fernandes\"},\"description\":\"R1 em Medicina de Fam\u00edlia e Comunidade, mineiro e apaixonado por Jesus.\",\"sameAs\":[\"https:\/\/www.instagram.com\/pablowiil\/\"],\"url\":\"https:\/\/med.estrategia.com\/portal\/author\/pablo-souza\/\"}]}<\/script>\n<!-- \/ Yoast SEO Premium plugin. -->","yoast_head_json":{"title":"Resumo da S\u00edndrome de Crouzon: forma\u00e7\u00e3o, diagn\u00f3stico e mais!","description":"A etiologia da S\u00edndrome de Crouzon est\u00e1 ligada a muta\u00e7\u00f5es em genes da fam\u00edlia dos receptores do fator de crescimento de fibroblastos.","robots":{"index":"index","follow":"follow","max-snippet":"max-snippet:-1","max-image-preview":"max-image-preview:large","max-video-preview":"max-video-preview:-1"},"canonical":"https:\/\/med.estrategia.com\/portal\/conteudos-gratis\/doencas\/resumo-da-sindrome-de-crouzon-formacao-diagnostico-e-mais\/","og_locale":"pt_BR","og_type":"article","og_title":"Resumo da S\u00edndrome de Crouzon: forma\u00e7\u00e3o, diagn\u00f3stico e mais!","og_description":"A etiologia da S\u00edndrome de Crouzon est\u00e1 ligada a muta\u00e7\u00f5es em genes da fam\u00edlia dos receptores do fator de crescimento de fibroblastos.","og_url":"https:\/\/med.estrategia.com\/portal\/conteudos-gratis\/doencas\/resumo-da-sindrome-de-crouzon-formacao-diagnostico-e-mais\/","og_site_name":"Estrat\u00e9gia MED","article_publisher":"https:\/\/www.facebook.com\/estrategiamed1","article_published_time":"2025-08-18T18:29:55+00:00","article_modified_time":"2025-09-23T01:16:16+00:00","og_image":[{"width":700,"height":474,"url":"https:\/\/med.estrategia.com\/portal\/wp-content\/uploads\/2025\/08\/crouzon-patient-3.jpg","type":"image\/jpeg"}],"author":"Pablo Fernandes","twitter_card":"summary_large_image","twitter_creator":"@estrategiamed_","twitter_site":"@estrategiamed_","twitter_misc":{"Escrito por":"Pablo Fernandes","Est. tempo de leitura":"8 minutos"},"schema":{"@context":"https:\/\/schema.org","@graph":[{"@type":"WebPage","@id":"https:\/\/med.estrategia.com\/portal\/conteudos-gratis\/doencas\/resumo-da-sindrome-de-crouzon-formacao-diagnostico-e-mais\/","url":"https:\/\/med.estrategia.com\/portal\/conteudos-gratis\/doencas\/resumo-da-sindrome-de-crouzon-formacao-diagnostico-e-mais\/","name":"Resumo da S\u00edndrome de Crouzon: forma\u00e7\u00e3o, diagn\u00f3stico e mais!","isPartOf":{"@id":"https:\/\/med.estrategia.com\/portal\/#website"},"primaryImageOfPage":{"@id":"https:\/\/med.estrategia.com\/portal\/conteudos-gratis\/doencas\/resumo-da-sindrome-de-crouzon-formacao-diagnostico-e-mais\/#primaryimage"},"image":{"@id":"https:\/\/med.estrategia.com\/portal\/conteudos-gratis\/doencas\/resumo-da-sindrome-de-crouzon-formacao-diagnostico-e-mais\/#primaryimage"},"thumbnailUrl":"https:\/\/med.estrategia.com\/portal\/wp-content\/uploads\/2025\/08\/crouzon-patient-3.jpg","datePublished":"2025-08-18T18:29:55+00:00","dateModified":"2025-09-23T01:16:16+00:00","author":{"@id":"https:\/\/med.estrategia.com\/portal\/#\/schema\/person\/67a72aa9c51ed5919796767d808606b4"},"description":"A etiologia da S\u00edndrome de Crouzon est\u00e1 ligada a muta\u00e7\u00f5es em genes da fam\u00edlia dos receptores do fator de crescimento de fibroblastos.","breadcrumb":{"@id":"https:\/\/med.estrategia.com\/portal\/conteudos-gratis\/doencas\/resumo-da-sindrome-de-crouzon-formacao-diagnostico-e-mais\/#breadcrumb"},"inLanguage":"pt-BR","potentialAction":[{"@type":"ReadAction","target":["https:\/\/med.estrategia.com\/portal\/conteudos-gratis\/doencas\/resumo-da-sindrome-de-crouzon-formacao-diagnostico-e-mais\/"]}]},{"@type":"ImageObject","inLanguage":"pt-BR","@id":"https:\/\/med.estrategia.com\/portal\/conteudos-gratis\/doencas\/resumo-da-sindrome-de-crouzon-formacao-diagnostico-e-mais\/#primaryimage","url":"https:\/\/med.estrategia.com\/portal\/wp-content\/uploads\/2025\/08\/crouzon-patient-3.jpg","contentUrl":"https:\/\/med.estrategia.com\/portal\/wp-content\/uploads\/2025\/08\/crouzon-patient-3.jpg","width":700,"height":474,"caption":"Sargentcraniofacial"},{"@type":"BreadcrumbList","@id":"https:\/\/med.estrategia.com\/portal\/conteudos-gratis\/doencas\/resumo-da-sindrome-de-crouzon-formacao-diagnostico-e-mais\/#breadcrumb","itemListElement":[{"@type":"ListItem","position":1,"name":"Home","item":"https:\/\/med.estrategia.com\/portal\/"},{"@type":"ListItem","position":2,"name":"Conte\u00fados Gr\u00e1tis","item":"https:\/\/med.estrategia.com\/portal\/conteudos-gratis\/"},{"@type":"ListItem","position":3,"name":"Doen\u00e7as","item":"https:\/\/med.estrategia.com\/portal\/conteudos-gratis\/doencas\/"},{"@type":"ListItem","position":4,"name":"Resumo da S\u00edndrome de Crouzon: forma\u00e7\u00e3o, diagn\u00f3stico e mais!"}]},{"@type":"WebSite","@id":"https:\/\/med.estrategia.com\/portal\/#website","url":"https:\/\/med.estrategia.com\/portal\/","name":"Estrat\u00e9gia MED","description":"","potentialAction":[{"@type":"SearchAction","target":{"@type":"EntryPoint","urlTemplate":"https:\/\/med.estrategia.com\/portal\/?s={search_term_string}"},"query-input":{"@type":"PropertyValueSpecification","valueRequired":true,"valueName":"search_term_string"}}],"inLanguage":"pt-BR"},{"@type":"Person","@id":"https:\/\/med.estrategia.com\/portal\/#\/schema\/person\/67a72aa9c51ed5919796767d808606b4","name":"Pablo Fernandes","image":{"@type":"ImageObject","inLanguage":"pt-BR","@id":"https:\/\/med.estrategia.com\/portal\/#\/schema\/person\/image\/","url":"https:\/\/med.estrategia.com\/portal\/wp-content\/uploads\/2025\/07\/DSC_0059-1-150x150.jpg","contentUrl":"https:\/\/med.estrategia.com\/portal\/wp-content\/uploads\/2025\/07\/DSC_0059-1-150x150.jpg","caption":"Pablo Fernandes"},"description":"R1 em Medicina de Fam\u00edlia e Comunidade, mineiro e apaixonado por Jesus.","sameAs":["https:\/\/www.instagram.com\/pablowiil\/"],"url":"https:\/\/med.estrategia.com\/portal\/author\/pablo-souza\/"}]}},"_wl_alt_label":[],"wl:entity_url":"\/post\/resumo-da-sindrome-de-crouzon-formacao-diagnostico-e-mais-92346","_links":{"self":[{"href":"https:\/\/med.estrategia.com\/portal\/wp-json\/wp\/v2\/posts\/92346","targetHints":{"allow":["GET"]}}],"collection":[{"href":"https:\/\/med.estrategia.com\/portal\/wp-json\/wp\/v2\/posts"}],"about":[{"href":"https:\/\/med.estrategia.com\/portal\/wp-json\/wp\/v2\/types\/post"}],"author":[{"embeddable":true,"href":"https:\/\/med.estrategia.com\/portal\/wp-json\/wp\/v2\/users\/46"}],"replies":[{"embeddable":true,"href":"https:\/\/med.estrategia.com\/portal\/wp-json\/wp\/v2\/comments?post=92346"}],"version-history":[{"count":2,"href":"https:\/\/med.estrategia.com\/portal\/wp-json\/wp\/v2\/posts\/92346\/revisions"}],"predecessor-version":[{"id":95131,"href":"https:\/\/med.estrategia.com\/portal\/wp-json\/wp\/v2\/posts\/92346\/revisions\/95131"}],"wp:featuredmedia":[{"embeddable":true,"href":"https:\/\/med.estrategia.com\/portal\/wp-json\/wp\/v2\/media\/92347"}],"wp:attachment":[{"href":"https:\/\/med.estrategia.com\/portal\/wp-json\/wp\/v2\/media?parent=92346"}],"wp:term":[{"taxonomy":"category","embeddable":true,"href":"https:\/\/med.estrategia.com\/portal\/wp-json\/wp\/v2\/categories?post=92346"},{"taxonomy":"post_tag","embeddable":true,"href":"https:\/\/med.estrategia.com\/portal\/wp-json\/wp\/v2\/tags?post=92346"},{"taxonomy":"wl_entity_type","embeddable":true,"href":"https:\/\/med.estrategia.com\/portal\/wp-json\/wp\/v2\/wl_entity_type?post=92346"}],"curies":[{"name":"wp","href":"https:\/\/api.w.org\/{rel}","templated":true}]}}