{"id":92620,"date":"2025-08-20T14:46:34","date_gmt":"2025-08-20T17:46:34","guid":{"rendered":"https:\/\/med.estrategia.com\/portal\/?p=92620"},"modified":"2025-08-20T14:46:40","modified_gmt":"2025-08-20T17:46:40","slug":"ifpe-e-utfpr-abrem-concurso-para-tae-com-vagas-na-area-medica","status":"publish","type":"post","link":"https:\/\/med.estrategia.com\/portal\/concursos\/ifpe-e-utfpr-abrem-concurso-para-tae-com-vagas-na-area-medica\/","title":{"rendered":"IFPE e UTFPR abrem concurso para TAE com vagas na \u00e1rea m\u00e9dica"},"content":{"rendered":"<p>O<strong> Instituto Federal de Educa&ccedil;&atilde;o, Ci&ecirc;ncia e Tecnologia de Pernambuco (IFPE) e a<\/strong> <strong>Universidade Tecnol&oacute;gica Federal do Paran&aacute; (UTFPR) <\/strong>publicaram os editais dos <strong>concursos p&uacute;blicos<\/strong> com vagas para <strong>T&eacute;cnico-Administrativos em Educa&ccedil;&atilde;o<\/strong> <strong>(TAE)<\/strong> para os cargos de M&eacute;dico do Trabalho, al&eacute;m de vaga para o cargo de m&eacute;dico Psiquiatra no certame do IFPE. A remunera&ccedil;&atilde;o inicial &eacute; de <strong>R$ 4.967,04<\/strong> para o IFPE e <strong>R$ 4.761,98<\/strong> para o UTFPR, ambos com carga hor&aacute;ria de 20 horas semanais. <p>As <strong>inscri&ccedil;&otilde;es j&aacute; est&atilde;o abertas <\/strong>para o concurso do<strong> IFPE e seguem at&eacute; o dia 04 de setembro<\/strong>. J&aacute; para o edital da <strong>UTFPR<\/strong>, os candidatos interessados poder&atilde;o se inscrever a partir do dia <strong>28<\/strong> <strong>de agosto<\/strong> <strong>at&eacute; o dia 28 de setembro de 2025<\/strong>. Confira, a seguir, as principais datas e informa&ccedil;&otilde;es de cada edital.<\/p><p>\n\n\n<div id=\"new-form\">\n\t<form id=\"forms_layout\">\n\t<input type=\"hidden\" id=\"chave_de\" name=\"chave_de\" value=\"01_EMED_LEADS_TOTAIS\" \/>\n\t\t<input type=\"hidden\" id=\"mid\" name=\"mid\" value=\"515009018\" \/>\n\t\t<input type=\"hidden\" id=\"Objetivo\" name=\"Objetivo\" value=\"Medicina\" \/>\n\t\t<input type=\"hidden\" id=\"Estado_de_Origem_do_IP\" name=\"Estado_de_Origem_do_IP\"  value=\"\" \/>\n\t\t<input type=\"hidden\" id=\"Cidade_de_Origem_do_IP\" name=\"Cidade_de_Origem_do_IP\" value=\"\" \/>\n\t\t<input type=\"hidden\" id=\"Modo_de_entrada\" name=\"Modo_de_entrada\" value=\"Portal\" \/>\n\t\t<input type=\"hidden\" id=\"Pagina_Origem\" name=\"Pagina_Origem\" value=\"\" \/>\n\n\t\t<div class=\"texto\">\n\t\t\t<h3 class=\"news\">Inscreva-se em nossa newsletter!<\/h3>\n\t\t\t<p>Receba not\u00edcias sobre resid\u00eancia m\u00e9dica, revalida\u00e7\u00e3o de diplomas e concursos m\u00e9dicos, al\u00e9m de materiais de estudo gratuitos e informa\u00e7\u00f5es relevantes do mundo da Medicina.<\/p>\n\t\t<\/div>\n\t\t<div class=\"campos\">\n\t\t\t<div class=\"first_name labels\">\n\t\t\t\t<input type=\"text\" class=\"input_labels\" id=\"first_name\" name=\"Nome_Completo\" placeholder=\"Nome\" required \/>\n\t\t\t<\/div>\n\t\t\t<div class=\"email labels\">\n\t\t\t\t<input type=\"email\" class=\"input_labels\" id=\"email\" name=\"Email\" placeholder=\"E-mail\" required \/>\n\t\t\t<\/div>\n\t\t\t<button type=\"submit\" class=\"button_layout\">\n\t\t\t\t<div id=\"lblBotao\">Inscreva-se<\/div>\n\t\t\t\t<span id=\"divSpiner\" class=\"loader\" role=\"status\" style=\"display: none;\"><\/span>\t\n\t\t\t<\/button>\n\t\t<\/div><!-- \/campos -->\n\t\t\n\t\t<label class=\"container_checkbox\">Voc\u00ea concorda com a nossa\n\t\t\t<a class=\"politics_privacy_ahref\" target=\"_blank\" href=\"https:\/\/gratis.estrategiaconcursos.com.br\/politica-de-privacidade\/\">Pol\u00edtica de Privacidade<\/a> e aceita receber informa\u00e7\u00f5es adicionais do Estrat\u00e9gia Educacional.\n\t\t\t<input id=\"checkbox_layout\" type=\"checkbox\" checked=\"checked\" required \/>\n\t\t\t<span class=\"checkbox\"><\/span>\n\t\t<\/label>\n\t\t<div id=\"msg\"><\/div>\n\t\t<div id=\"error\" class=\"error\">\n\t\t<\/div>\n\t<\/form>\n<\/div><!-- \/new-form -->\n\n\n\n<\/p><div id=\"ez-toc-container\" class=\"ez-toc-v2_0_79_2 counter-hierarchy ez-toc-counter ez-toc-transparent ez-toc-container-direction\">\n<div class=\"ez-toc-title-container\"><p class=\"ez-toc-title\" style=\"cursor:inherit\">Navegue pelo conte\u00fado<\/p>\n<\/div><nav><ul class='ez-toc-list ez-toc-list-level-1 ' ><li class='ez-toc-page-1 ez-toc-heading-level-2'><a class=\"ez-toc-link ez-toc-heading-1\" href=\"https:\/\/med.estrategia.com\/portal\/concursos\/ifpe-e-utfpr-abrem-concurso-para-tae-com-vagas-na-area-medica\/#Concurso-IFPE-%E2%80%93-PE\" >Concurso IFPE &ndash; PE<\/a><\/li><li class='ez-toc-page-1 ez-toc-heading-level-2'><a class=\"ez-toc-link ez-toc-heading-2\" href=\"https:\/\/med.estrategia.com\/portal\/concursos\/ifpe-e-utfpr-abrem-concurso-para-tae-com-vagas-na-area-medica\/#Concurso-UTFPR-%E2%80%93-PR\" >Concurso UTFPR &ndash; PR<\/a><\/li><li class='ez-toc-page-1 ez-toc-heading-level-2'><a class=\"ez-toc-link ez-toc-heading-3\" href=\"https:\/\/med.estrategia.com\/portal\/concursos\/ifpe-e-utfpr-abrem-concurso-para-tae-com-vagas-na-area-medica\/#Prepare-se-para-o-concurso-publico-na-area-medica-com-o-Estrategia-MED\" >Prepare-se para o concurso p&uacute;blico na &aacute;rea m&eacute;dica com o Estrat&eacute;gia MED!&nbsp;&nbsp;<\/a><\/li><\/ul><\/nav><\/div>\n<h2 class=\"wp-block-heading\" id=\"h-concurso-ifpe-pe\"><span class=\"ez-toc-section\" id=\"Concurso-IFPE-%E2%80%93-PE\"><\/span>Concurso IFPE &ndash; PE<span class=\"ez-toc-section-end\"><\/span><\/h2><figure class=\"wp-block-table\"><table class=\"has-fixed-layout\"><tbody><tr><td><strong>Vagas Ofertadas<\/strong><\/td><td class=\"has-text-align-center\" data-align=\"center\">2<\/td><\/tr><tr><td><strong>Banca organizadora<\/strong><\/td><td class=\"has-text-align-center\" data-align=\"center\"><a href=\"https:\/\/funcern.br\/concursos\/ifpe-docente-2025\/\" target=\"_blank\">FUNCERN<\/a><\/td><\/tr><tr><td><strong>Vencimentos<\/strong><\/td><td class=\"has-text-align-center\" data-align=\"center\">R$ 4.967,04<\/td><\/tr><tr><td><strong>Carga Hor&aacute;ria<\/strong><\/td><td class=\"has-text-align-center\" data-align=\"center\">20 horas semanais<\/td><\/tr><tr><td><strong>Composi&ccedil;&atilde;o do Processo Seletivo<\/strong><\/td><td class=\"has-text-align-center\" data-align=\"center\">Prova Escrita Objetiva <\/td><\/tr><tr><td><strong>Taxa de Inscri&ccedil;&atilde;o<\/strong><\/td><td class=\"has-text-align-center\" data-align=\"center\">R$ 150,00<\/td><\/tr><tr><td><strong>Per&iacute;odo de Inscri&ccedil;&otilde;es <\/strong><\/td><td class=\"has-text-align-center\" data-align=\"center\">20\/08\/2025 e 04\/09\/2025<\/td><\/tr><tr><td><strong>&Uacute;ltimo dia do pagamento da taxa de inscri&ccedil;&atilde;o<\/strong><\/td><td class=\"has-text-align-center\" data-align=\"center\">09\/09\/2025<\/td><\/tr><tr><td><strong>Prova Escrita Objetiva<\/strong><\/td><td class=\"has-text-align-center\" data-align=\"center\">19\/10\/2025<\/td><\/tr><tr><td><strong>Homologa&ccedil;&atilde;o final do certame<\/strong><\/td><td class=\"has-text-align-center\" data-align=\"center\">08\/12\/2025<\/td><\/tr><\/tbody><\/table><\/figure><div class=\"wp-block-buttons is-content-justification-center is-layout-flex wp-container-core-buttons-is-layout-1 wp-block-buttons-is-layout-flex\">\n<div class=\"wp-block-button has-custom-font-size has-medium-font-size\"><a class=\"wp-block-button__link wp-element-button\" href=\"https:\/\/med.estrategia.com\/portal\/wp-content\/uploads\/2025\/08\/1a_Retificacao_do_Edital_no_036-2025-REI-IFPE_11-08-2025.pdf\" target=\"_blank\">confira aqui o edital completo!<\/a><\/div>\n<\/div><h3 class=\"wp-block-heading\" id=\"h-vagas-ifpe\">Vagas &ndash; IFPE<\/h3><figure class=\"wp-block-table\"><table><thead><tr><th class=\"has-text-align-center\" data-align=\"center\">CARGO<\/th><th class=\"has-text-align-center\" data-align=\"center\">VAGAS AMPLA CONCORRR&Ecirc;NCIA<\/th><th class=\"has-text-align-center\" data-align=\"center\">REMUNERA&Ccedil;&Atilde;O<\/th><th class=\"has-text-align-center\" data-align=\"center\">CARGA HOR&Aacute;RIA<\/th><\/tr><\/thead><tbody><tr><td class=\"has-text-align-center\" data-align=\"center\">M&eacute;dico do Trabalho<\/td><td class=\"has-text-align-center\" data-align=\"center\">1<\/td><td class=\"has-text-align-center\" data-align=\"center\">R$ 4.967,04<\/td><td class=\"has-text-align-center\" data-align=\"center\">20 horas<\/td><\/tr><tr><td class=\"has-text-align-center\" data-align=\"center\">M&eacute;dico Psiquiatria<\/td><td class=\"has-text-align-center\" data-align=\"center\">1<\/td><td class=\"has-text-align-center\" data-align=\"center\">R$ 4.967,04<\/td><td class=\"has-text-align-center\" data-align=\"center\">20 horas<\/td><\/tr><\/tbody><\/table><\/figure><p>Como requisito para o cargo m&eacute;dico, o candidato precisa possuir Bacharelado em Medicina com Resid&ecirc;ncia M&eacute;dica em Medicina do Trabalho ou Denomina&ccedil;&atilde;o Equivalente, reconhecida pela Comiss&atilde;o Nacional de Resid&ecirc;ncia M&eacute;dica do Minist&eacute;rio da Educa&ccedil;&atilde;o (MEC), ou com Especializa&ccedil;&atilde;o em Medicina do Trabalho, e registro no Conselho Profissional competente.<\/p><p>Para o cargo de M&eacute;dico Psiquiatra, o profissional deve ser formado em Bacharelado em Medicina com Resid&ecirc;ncia M&eacute;dica em Psiquiatria, em Servi&ccedil;o Credenciado e Reconhecido pelo Minist&eacute;rio da Educa&ccedil;&atilde;o (MEC) e pela Sociedade Brasileira de Psiquiatria ou com Especializa&ccedil;&atilde;o em Psiquiatria, e registro no Conselho Profissional competente.<\/p><p>Os valores contam os seguintes acr&eacute;scimos:<\/p><ul class=\"wp-block-list\">\n<li>30% para candidatos que possuem especializa&ccedil;&atilde;o, <em>lato sensu<\/em>, com carga hor&aacute;ria igual ou superior a 360 horas; <\/li>\n\n\n\n<li>52% para candidatos com Mestrado; e<\/li>\n\n\n\n<li>75% para candidatos com Doutorado. <\/li>\n<\/ul><h3 class=\"wp-block-heading\" id=\"h-como-sera-o-processo-seletivo\">Como ser&aacute; o Processo Seletivo<\/h3><p>Os candidatos ser&atilde;o submetidos a uma prova escrita objetiva, de car&aacute;ter eliminat&oacute;rio e classificat&oacute;rio, <strong>realizada no dia 19 de outubro de 2025<\/strong>, na cidade de Recife, que poder&aacute; tamb&eacute;m ser realizada nos munic&iacute;pios integrantes da Regi&atilde;o Metropolitana do Recife (RMR). A prova escrita objetiva ter&aacute; <strong>dura&ccedil;&atilde;o de 4 horas e contar&aacute; com 50 quest&otilde;es<\/strong>, cada uma com cinco alternativas, das quais apenas uma &eacute; correta, conforme o quadro abaixo:<\/p><figure class=\"wp-block-table\"><table><thead><tr><th>Tipo de Prova<\/th><th class=\"has-text-align-center\" data-align=\"center\">N&ordm; de Quest&otilde;es<\/th><th class=\"has-text-align-center\" data-align=\"center\">Valor de cada quest&atilde;o<\/th><th class=\"has-text-align-center\" data-align=\"center\">Pontua&ccedil;&atilde;o<\/th><\/tr><\/thead><tbody><tr><td>L&iacute;ngua Portuguesa <\/td><td class=\"has-text-align-center\" data-align=\"center\">10<\/td><td class=\"has-text-align-center\" data-align=\"center\">1<\/td><td class=\"has-text-align-center\" data-align=\"center\">10<\/td><\/tr><tr><td>No&ccedil;&otilde;es de Inform&aacute;tica <\/td><td class=\"has-text-align-center\" data-align=\"center\">5<\/td><td class=\"has-text-align-center\" data-align=\"center\">1<\/td><td class=\"has-text-align-center\" data-align=\"center\">5<\/td><\/tr><tr><td>Legisla&ccedil;&atilde;o Aplicada<\/td><td class=\"has-text-align-center\" data-align=\"center\">10<\/td><td class=\"has-text-align-center\" data-align=\"center\">2<\/td><td class=\"has-text-align-center\" data-align=\"center\">20<\/td><\/tr><tr><td>Integridade<\/td><td class=\"has-text-align-center\" data-align=\"center\">5<\/td><td class=\"has-text-align-center\" data-align=\"center\">1<\/td><td class=\"has-text-align-center\" data-align=\"center\">05<\/td><\/tr><tr><td>Conhecimentos Espec&iacute;ficos<\/td><td class=\"has-text-align-center\" data-align=\"center\">20<\/td><td class=\"has-text-align-center\" data-align=\"center\">3<\/td><td class=\"has-text-align-center\" data-align=\"center\">60<\/td><\/tr><\/tbody><\/table><figcaption class=\"wp-element-caption\">Estar&atilde;o classificados os candidatos que obtiverem no m&iacute;nimo 60% da prova objetiva e n&atilde;o zerar nenhuma quest&atilde;o de Legisla&ccedil;&atilde;o. <\/figcaption><\/figure><p>Para informa&ccedil;&otilde;es sobre o concurso p&uacute;blico de IFPE, <a href=\"https:\/\/www.estrategiaconcursos.com.br\/blog\/concurso-ifpe\/\" target=\"_blank\">acesse aqui!<\/a><\/p><h2 class=\"wp-block-heading\" id=\"h-concurso-utfpr-pr\"><span class=\"ez-toc-section\" id=\"Concurso-UTFPR-%E2%80%93-PR\"><\/span>Concurso UTFPR &ndash; PR<span class=\"ez-toc-section-end\"><\/span><\/h2><figure class=\"wp-block-table\"><table class=\"has-fixed-layout\"><tbody><tr><td><strong>Vagas Ofertadas<\/strong><\/td><td class=\"has-text-align-center\" data-align=\"center\">1<\/td><\/tr><tr><td><strong>Banca organizadora<\/strong><\/td><td class=\"has-text-align-center\" data-align=\"center\"><a href=\"https:\/\/www.utfpr.edu.br\/concursos\/tecnicos\/multicampus\/edital-001-2025-cpcp-tecnico-administrativo-em-educacao\" target=\"_blank\">FUNTEF-PR<\/a><\/td><\/tr><tr><td><strong>Vencimentos<\/strong><\/td><td class=\"has-text-align-center\" data-align=\"center\">R$ 4.761,98<\/td><\/tr><tr><td><strong>Carga Hor&aacute;ria<\/strong><\/td><td class=\"has-text-align-center\" data-align=\"center\">20 horas semanais<\/td><\/tr><tr><td><strong>Composi&ccedil;&atilde;o do Processo Seletivo<\/strong><\/td><td class=\"has-text-align-center\" data-align=\"center\">&nbsp;Prova Escrita Objetiva<\/td><\/tr><tr><td><strong>Taxa de Inscri&ccedil;&atilde;o<\/strong><\/td><td class=\"has-text-align-center\" data-align=\"center\">R$ 149,00<\/td><\/tr><tr><td><strong>Per&iacute;odo de Inscri&ccedil;&otilde;es<\/strong><\/td><td class=\"has-text-align-center\" data-align=\"center\">28\/08\/2025 a 28\/09\/2025<\/td><\/tr><tr><td><strong>&Uacute;ltimo dia do pagamento da taxa de inscri&ccedil;&atilde;o<\/strong><\/td><td class=\"has-text-align-center\" data-align=\"center\">29\/09\/2025<\/td><\/tr><tr><td><strong>Prova Objetiva<\/strong><\/td><td class=\"has-text-align-center\" data-align=\"center\">26\/10\/2025&nbsp;<\/td><\/tr><tr><td><strong>Resultado Final<\/strong><\/td><td class=\"has-text-align-center\" data-align=\"center\">08\/12\/2025<\/td><\/tr><\/tbody><\/table><\/figure><div class=\"wp-block-buttons is-content-justification-center is-layout-flex wp-container-core-buttons-is-layout-2 wp-block-buttons-is-layout-flex\">\n<div class=\"wp-block-button has-custom-font-size has-medium-font-size\"><a class=\"wp-block-button__link wp-element-button\" href=\"https:\/\/med.estrategia.com\/portal\/wp-content\/uploads\/2025\/08\/SEI_UTFPR-5133188-Edital-de-Abertura-Concurso-Publico.pdf\" target=\"_blank\">CONFIRA AQUI O EDITAL completo!<\/a><\/div>\n<\/div><h3 class=\"wp-block-heading\" id=\"h-vagas-utfpr-pr\">Vagas &ndash; UTFPR &ndash; PR<\/h3><figure class=\"wp-block-table\"><table><thead><tr><th class=\"has-text-align-center\" data-align=\"center\">CARGO<\/th><th class=\"has-text-align-center\" data-align=\"center\">VAGAS AMPLA CONCORRR&Ecirc;NCIA<\/th><th class=\"has-text-align-center\" data-align=\"center\">REMUNERA&Ccedil;&Atilde;O<\/th><th class=\"has-text-align-center\" data-align=\"center\">CARGA HOR&Aacute;RIA<\/th><\/tr><\/thead><tbody><tr><td class=\"has-text-align-center\" data-align=\"center\">M&eacute;dico do Trabalho<\/td><td class=\"has-text-align-center\" data-align=\"center\">1<\/td><td class=\"has-text-align-center\" data-align=\"center\">R$ 4.761,98<\/td><td class=\"has-text-align-center\" data-align=\"center\">20 horas<\/td><\/tr><\/tbody><\/table><\/figure><p>O candidato precisa possuir curso superior em Medicina, com Especializa&ccedil;&atilde;o na &aacute;rea de Medicina do Trabalho, com registro de qualifica&ccedil;&atilde;o de especialista, registro no Conselho de Classe.<\/p><p>A lota&ccedil;&atilde;o do cargo para M&eacute;dico do Trabalho ser&aacute; na cidade de Curitiba, capital do estado do Paran&aacute;. <\/p><p>O valor da remunera&ccedil;&atilde;o ser&aacute; acrescido de:<\/p><ul class=\"wp-block-list\">\n<li>25% para candidatos que possuem urso de gradua&ccedil;&atilde;o completo;<\/li>\n\n\n\n<li>30% para candidatos com especializa&ccedil;&atilde;o, com carga hor&aacute;ria igual ou superior a 360 horas;<\/li>\n\n\n\n<li>52% para candidatos com Mestrado; e<\/li>\n\n\n\n<li>75% para candidatos com Doutorado. <\/li>\n<\/ul><h3 class=\"wp-block-heading\" id=\"h-como-sera-o-processo-seletivo-1\">Como ser&aacute; o Processo Seletivo<\/h3><p>O processo seletivo conta com uma <strong>prova objetiva prevista para o dia 26 de outubro de 2025<\/strong>. Com <strong>40 quest&otilde;es objetivas<\/strong>, a avalia&ccedil;&atilde;o ter&aacute; <strong>dura&ccedil;&atilde;o m&aacute;xima de 3 horas, das 9h &agrave;s 12h<\/strong>.  Confira a divis&atilde;o de quest&otilde;es e como se dar&aacute; a pontua&ccedil;&atilde;o da prova objetiva:<\/p><figure class=\"wp-block-table\"><table><thead><tr><th>Mat&eacute;ria<\/th><th class=\"has-text-align-center\" data-align=\"center\">N&ordm; de Quest&otilde;es<\/th><\/tr><\/thead><tbody><tr><td>L&iacute;ngua Portuguesa<\/td><td class=\"has-text-align-center\" data-align=\"center\">10<\/td><\/tr><tr><td>Racioc&iacute;nio L&oacute;gico e Quantitativo<\/td><td class=\"has-text-align-center\" data-align=\"center\">5<\/td><\/tr><tr><td>Legisla&ccedil;&atilde;o <\/td><td class=\"has-text-align-center\" data-align=\"center\">5<\/td><\/tr><tr><td>Conhecimentos Espec&iacute;ficos do Cargo <\/td><td class=\"has-text-align-center\" data-align=\"center\">20<\/td><\/tr><\/tbody><\/table><\/figure><p>Ser&aacute; considerado aprovado o candidato que obtiver, no m&iacute;nimo, nota igual ou superior a 50 pontos da prova objetiva, n&atilde;o zerar nenhuma disciplina e ter acertado no m&iacute;nimo 10 quest&otilde;es na &aacute;rea de Conhecimentos Espec&iacute;ficos. <\/p><p>Para mais informa&ccedil;&otilde;es sobre o concurso p&uacute;blico de UTFPR, <a href=\"https:\/\/www.estrategiaconcursos.com.br\/blog\/concurso-utfpr\/\" target=\"_blank\">acesse aqui! <\/a><\/p><h2 class=\"wp-block-heading\" id=\"h-prepare-se-para-o-concurso-publico-na-area-medica-com-o-estrategia-med-nbsp-nbsp\"><span class=\"ez-toc-section\" id=\"Prepare-se-para-o-concurso-publico-na-area-medica-com-o-Estrategia-MED\"><\/span>Prepare-se para o concurso p&uacute;blico na &aacute;rea m&eacute;dica com o Estrat&eacute;gia MED!&nbsp;&nbsp;<span class=\"ez-toc-section-end\"><\/span><\/h2><p>Com os&nbsp;<a href=\"https:\/\/med.estrategia.com\/cursos\/\" target=\"_blank\">Cursos voltados para a &aacute;rea m&eacute;dica do Estrat&eacute;gia MED<\/a>&nbsp;voc&ecirc; ter&aacute; acesso a uma ampla variedade de materiais voltados para concursos p&uacute;blicos em cargos m&eacute;dicos. Produtos com mais de 3.500 quest&otilde;es comentadas, abrangendo as disciplinas mais recorrentes nesse tipo de sele&ccedil;&atilde;o: Portugu&ecirc;s, Matem&aacute;tica, Inform&aacute;tica, Direito e, naturalmente, Medicina, entre outros.<\/p><p>Conhe&ccedil;a tamb&eacute;m o nosso<a href=\"https:\/\/med.estrategia.com\/curso\/banco-de-questes-resumos-estrategicos-anual\/\" target=\"_blank\">&nbsp;Banco de Quest&otilde;es<\/a>, que atualmente conta com mais de 200 mil quest&otilde;es cadastradas e n&atilde;o para de crescer. Vem ser coruja!<\/p><div class=\"wp-block-image\">\n<figure class=\"aligncenter size-full\"><img decoding=\"async\" width=\"1280\" height=\"622\" src=\"https:\/\/med.estrategia.com\/portal\/wp-content\/uploads\/2025\/08\/concursos_medicos.jpg\" alt=\"concursos_medicos\" class=\"wp-image-91529\" srcset=\"https:\/\/med.estrategia.com\/portal\/wp-content\/uploads\/2025\/08\/concursos_medicos.jpg 1280w, https:\/\/med.estrategia.com\/portal\/wp-content\/uploads\/2025\/08\/concursos_medicos-1024x498.jpg 1024w, https:\/\/med.estrategia.com\/portal\/wp-content\/uploads\/2025\/08\/concursos_medicos-768x373.jpg 768w, https:\/\/med.estrategia.com\/portal\/wp-content\/uploads\/2025\/08\/concursos_medicos-800x389.jpg 800w, https:\/\/med.estrategia.com\/portal\/wp-content\/uploads\/2025\/08\/concursos_medicos-1160x564.jpg 1160w\" sizes=\"(max-width: 1280px) 100vw, 1280px\" \/><\/figure><\/div><\/p>\n","protected":false},"excerpt":{"rendered":"Sele\u00e7\u00e3o para T\u00e9cnico-Administrativos em Educa\u00e7\u00e3o (TAE) traz oportunidades para m\u00e9dicos do trabalho e psiquiatra\n","protected":false},"author":45,"featured_media":92624,"comment_status":"closed","ping_status":"closed","sticky":false,"template":"","format":"standard","meta":{"wl_entities_gutenberg":"","footnotes":""},"categories":[474],"tags":[],"wl_entity_type":[199],"class_list":{"0":"post-92620","1":"post","2":"type-post","3":"status-publish","4":"format-standard","5":"has-post-thumbnail","7":"category-concursos","8":"wl_entity_type-article"},"acf":[],"yoast_head":"<!-- This site is optimized with the Yoast SEO Premium plugin v26.6 (Yoast SEO v26.6) - https:\/\/yoast.com\/wordpress\/plugins\/seo\/ -->\n<title>IFPE e UTFPR abrem concurso para TAE com vagas para m\u00e9dicos<\/title>\n<meta name=\"description\" content=\"Editas publicados para os concursos p\u00fablicos das institui\u00e7\u00f5es de ensino: IFPE e UTFPR ambos com vagas para \u00e1rea m\u00e9dica\" \/>\n<meta name=\"robots\" content=\"index, follow, max-snippet:-1, max-image-preview:large, max-video-preview:-1\" \/>\n<link rel=\"canonical\" href=\"https:\/\/med.estrategia.com\/portal\/concursos\/ifpe-e-utfpr-abrem-concurso-para-tae-com-vagas-na-area-medica\/\" \/>\n<meta property=\"og:locale\" content=\"pt_BR\" \/>\n<meta property=\"og:type\" content=\"article\" \/>\n<meta property=\"og:title\" content=\"IFPE e UTFPR abrem concurso para TAE com vagas na \u00e1rea m\u00e9dica\" \/>\n<meta property=\"og:description\" content=\"Editas publicados para os concursos p\u00fablicos das institui\u00e7\u00f5es de ensino: IFPE e UTFPR ambos com vagas para \u00e1rea m\u00e9dica\" \/>\n<meta property=\"og:url\" content=\"https:\/\/med.estrategia.com\/portal\/concursos\/ifpe-e-utfpr-abrem-concurso-para-tae-com-vagas-na-area-medica\/\" \/>\n<meta property=\"og:site_name\" content=\"Estrat\u00e9gia MED\" \/>\n<meta property=\"article:publisher\" content=\"https:\/\/www.facebook.com\/estrategiamed1\" \/>\n<meta property=\"article:published_time\" content=\"2025-08-20T17:46:34+00:00\" \/>\n<meta property=\"article:modified_time\" content=\"2025-08-20T17:46:40+00:00\" \/>\n<meta property=\"og:image\" content=\"https:\/\/med.estrategia.com\/portal\/wp-content\/uploads\/2025\/08\/capa-concursos_IFPE_UTFPR.jpg\" \/>\n\t<meta property=\"og:image:width\" content=\"1280\" \/>\n\t<meta property=\"og:image:height\" content=\"720\" \/>\n\t<meta property=\"og:image:type\" content=\"image\/jpeg\" \/>\n<meta name=\"author\" content=\"Priscila Pereira\" \/>\n<meta name=\"twitter:card\" content=\"summary_large_image\" \/>\n<meta name=\"twitter:creator\" content=\"@estrategiamed_\" \/>\n<meta name=\"twitter:site\" content=\"@estrategiamed_\" \/>\n<meta name=\"twitter:label1\" content=\"Escrito por\" \/>\n\t<meta name=\"twitter:data1\" content=\"Priscila Pereira\" \/>\n\t<meta name=\"twitter:label2\" content=\"Est. tempo de leitura\" \/>\n\t<meta name=\"twitter:data2\" content=\"4 minutos\" \/>\n<script type=\"application\/ld+json\" class=\"yoast-schema-graph\">{\"@context\":\"https:\/\/schema.org\",\"@graph\":[{\"@type\":\"WebPage\",\"@id\":\"https:\/\/med.estrategia.com\/portal\/concursos\/ifpe-e-utfpr-abrem-concurso-para-tae-com-vagas-na-area-medica\/\",\"url\":\"https:\/\/med.estrategia.com\/portal\/concursos\/ifpe-e-utfpr-abrem-concurso-para-tae-com-vagas-na-area-medica\/\",\"name\":\"IFPE e UTFPR abrem concurso para TAE com vagas para m\u00e9dicos\",\"isPartOf\":{\"@id\":\"https:\/\/med.estrategia.com\/portal\/#website\"},\"primaryImageOfPage\":{\"@id\":\"https:\/\/med.estrategia.com\/portal\/concursos\/ifpe-e-utfpr-abrem-concurso-para-tae-com-vagas-na-area-medica\/#primaryimage\"},\"image\":{\"@id\":\"https:\/\/med.estrategia.com\/portal\/concursos\/ifpe-e-utfpr-abrem-concurso-para-tae-com-vagas-na-area-medica\/#primaryimage\"},\"thumbnailUrl\":\"https:\/\/med.estrategia.com\/portal\/wp-content\/uploads\/2025\/08\/capa-concursos_IFPE_UTFPR.jpg\",\"datePublished\":\"2025-08-20T17:46:34+00:00\",\"dateModified\":\"2025-08-20T17:46:40+00:00\",\"author\":{\"@id\":\"https:\/\/med.estrategia.com\/portal\/#\/schema\/person\/d1df06a83a849b79b2d480e7d8952ce3\"},\"description\":\"Editas publicados para os concursos p\u00fablicos das institui\u00e7\u00f5es de ensino: IFPE e UTFPR ambos com vagas para \u00e1rea m\u00e9dica\",\"breadcrumb\":{\"@id\":\"https:\/\/med.estrategia.com\/portal\/concursos\/ifpe-e-utfpr-abrem-concurso-para-tae-com-vagas-na-area-medica\/#breadcrumb\"},\"inLanguage\":\"pt-BR\",\"potentialAction\":[{\"@type\":\"ReadAction\",\"target\":[\"https:\/\/med.estrategia.com\/portal\/concursos\/ifpe-e-utfpr-abrem-concurso-para-tae-com-vagas-na-area-medica\/\"]}]},{\"@type\":\"ImageObject\",\"inLanguage\":\"pt-BR\",\"@id\":\"https:\/\/med.estrategia.com\/portal\/concursos\/ifpe-e-utfpr-abrem-concurso-para-tae-com-vagas-na-area-medica\/#primaryimage\",\"url\":\"https:\/\/med.estrategia.com\/portal\/wp-content\/uploads\/2025\/08\/capa-concursos_IFPE_UTFPR.jpg\",\"contentUrl\":\"https:\/\/med.estrategia.com\/portal\/wp-content\/uploads\/2025\/08\/capa-concursos_IFPE_UTFPR.jpg\",\"width\":1280,\"height\":720,\"caption\":\"Estrat\u00e9gia MED | Concurso P\u00fablico IFPE e UTFPR\"},{\"@type\":\"BreadcrumbList\",\"@id\":\"https:\/\/med.estrategia.com\/portal\/concursos\/ifpe-e-utfpr-abrem-concurso-para-tae-com-vagas-na-area-medica\/#breadcrumb\",\"itemListElement\":[{\"@type\":\"ListItem\",\"position\":1,\"name\":\"Home\",\"item\":\"https:\/\/med.estrategia.com\/portal\/\"},{\"@type\":\"ListItem\",\"position\":2,\"name\":\"Concursos M\u00e9dicos\",\"item\":\"https:\/\/med.estrategia.com\/portal\/concursos\/\"},{\"@type\":\"ListItem\",\"position\":3,\"name\":\"IFPE e UTFPR abrem concurso para TAE com vagas na \u00e1rea m\u00e9dica\"}]},{\"@type\":\"WebSite\",\"@id\":\"https:\/\/med.estrategia.com\/portal\/#website\",\"url\":\"https:\/\/med.estrategia.com\/portal\/\",\"name\":\"Estrat\u00e9gia MED\",\"description\":\"\",\"potentialAction\":[{\"@type\":\"SearchAction\",\"target\":{\"@type\":\"EntryPoint\",\"urlTemplate\":\"https:\/\/med.estrategia.com\/portal\/?s={search_term_string}\"},\"query-input\":{\"@type\":\"PropertyValueSpecification\",\"valueRequired\":true,\"valueName\":\"search_term_string\"}}],\"inLanguage\":\"pt-BR\"},{\"@type\":\"Person\",\"@id\":\"https:\/\/med.estrategia.com\/portal\/#\/schema\/person\/d1df06a83a849b79b2d480e7d8952ce3\",\"name\":\"Priscila Pereira\",\"image\":{\"@type\":\"ImageObject\",\"inLanguage\":\"pt-BR\",\"@id\":\"https:\/\/med.estrategia.com\/portal\/#\/schema\/person\/image\/\",\"url\":\"https:\/\/secure.gravatar.com\/avatar\/fe94f8430a1d23a69c0bc7aab6202e21?s=96&d=mm&r=g\",\"contentUrl\":\"https:\/\/secure.gravatar.com\/avatar\/fe94f8430a1d23a69c0bc7aab6202e21?s=96&d=mm&r=g\",\"caption\":\"Priscila Pereira\"},\"description\":\"Formada e p\u00f3s-graduada na \u00e1rea de comunica\u00e7\u00e3o, divido minha paix\u00e3o entre o jornalismo e os esportes\",\"url\":\"https:\/\/med.estrategia.com\/portal\/author\/priscila-pereira\/\"}]}<\/script>\n<!-- \/ Yoast SEO Premium plugin. -->","yoast_head_json":{"title":"IFPE e UTFPR abrem concurso para TAE com vagas para m\u00e9dicos","description":"Editas publicados para os concursos p\u00fablicos das institui\u00e7\u00f5es de ensino: IFPE e UTFPR ambos com vagas para \u00e1rea m\u00e9dica","robots":{"index":"index","follow":"follow","max-snippet":"max-snippet:-1","max-image-preview":"max-image-preview:large","max-video-preview":"max-video-preview:-1"},"canonical":"https:\/\/med.estrategia.com\/portal\/concursos\/ifpe-e-utfpr-abrem-concurso-para-tae-com-vagas-na-area-medica\/","og_locale":"pt_BR","og_type":"article","og_title":"IFPE e UTFPR abrem concurso para TAE com vagas na \u00e1rea m\u00e9dica","og_description":"Editas publicados para os concursos p\u00fablicos das institui\u00e7\u00f5es de ensino: IFPE e UTFPR ambos com vagas para \u00e1rea m\u00e9dica","og_url":"https:\/\/med.estrategia.com\/portal\/concursos\/ifpe-e-utfpr-abrem-concurso-para-tae-com-vagas-na-area-medica\/","og_site_name":"Estrat\u00e9gia MED","article_publisher":"https:\/\/www.facebook.com\/estrategiamed1","article_published_time":"2025-08-20T17:46:34+00:00","article_modified_time":"2025-08-20T17:46:40+00:00","og_image":[{"width":1280,"height":720,"url":"https:\/\/med.estrategia.com\/portal\/wp-content\/uploads\/2025\/08\/capa-concursos_IFPE_UTFPR.jpg","type":"image\/jpeg"}],"author":"Priscila Pereira","twitter_card":"summary_large_image","twitter_creator":"@estrategiamed_","twitter_site":"@estrategiamed_","twitter_misc":{"Escrito por":"Priscila Pereira","Est. tempo de leitura":"4 minutos"},"schema":{"@context":"https:\/\/schema.org","@graph":[{"@type":"WebPage","@id":"https:\/\/med.estrategia.com\/portal\/concursos\/ifpe-e-utfpr-abrem-concurso-para-tae-com-vagas-na-area-medica\/","url":"https:\/\/med.estrategia.com\/portal\/concursos\/ifpe-e-utfpr-abrem-concurso-para-tae-com-vagas-na-area-medica\/","name":"IFPE e UTFPR abrem concurso para TAE com vagas para m\u00e9dicos","isPartOf":{"@id":"https:\/\/med.estrategia.com\/portal\/#website"},"primaryImageOfPage":{"@id":"https:\/\/med.estrategia.com\/portal\/concursos\/ifpe-e-utfpr-abrem-concurso-para-tae-com-vagas-na-area-medica\/#primaryimage"},"image":{"@id":"https:\/\/med.estrategia.com\/portal\/concursos\/ifpe-e-utfpr-abrem-concurso-para-tae-com-vagas-na-area-medica\/#primaryimage"},"thumbnailUrl":"https:\/\/med.estrategia.com\/portal\/wp-content\/uploads\/2025\/08\/capa-concursos_IFPE_UTFPR.jpg","datePublished":"2025-08-20T17:46:34+00:00","dateModified":"2025-08-20T17:46:40+00:00","author":{"@id":"https:\/\/med.estrategia.com\/portal\/#\/schema\/person\/d1df06a83a849b79b2d480e7d8952ce3"},"description":"Editas publicados para os concursos p\u00fablicos das institui\u00e7\u00f5es de ensino: IFPE e UTFPR ambos com vagas para \u00e1rea m\u00e9dica","breadcrumb":{"@id":"https:\/\/med.estrategia.com\/portal\/concursos\/ifpe-e-utfpr-abrem-concurso-para-tae-com-vagas-na-area-medica\/#breadcrumb"},"inLanguage":"pt-BR","potentialAction":[{"@type":"ReadAction","target":["https:\/\/med.estrategia.com\/portal\/concursos\/ifpe-e-utfpr-abrem-concurso-para-tae-com-vagas-na-area-medica\/"]}]},{"@type":"ImageObject","inLanguage":"pt-BR","@id":"https:\/\/med.estrategia.com\/portal\/concursos\/ifpe-e-utfpr-abrem-concurso-para-tae-com-vagas-na-area-medica\/#primaryimage","url":"https:\/\/med.estrategia.com\/portal\/wp-content\/uploads\/2025\/08\/capa-concursos_IFPE_UTFPR.jpg","contentUrl":"https:\/\/med.estrategia.com\/portal\/wp-content\/uploads\/2025\/08\/capa-concursos_IFPE_UTFPR.jpg","width":1280,"height":720,"caption":"Estrat\u00e9gia MED | Concurso P\u00fablico IFPE e UTFPR"},{"@type":"BreadcrumbList","@id":"https:\/\/med.estrategia.com\/portal\/concursos\/ifpe-e-utfpr-abrem-concurso-para-tae-com-vagas-na-area-medica\/#breadcrumb","itemListElement":[{"@type":"ListItem","position":1,"name":"Home","item":"https:\/\/med.estrategia.com\/portal\/"},{"@type":"ListItem","position":2,"name":"Concursos M\u00e9dicos","item":"https:\/\/med.estrategia.com\/portal\/concursos\/"},{"@type":"ListItem","position":3,"name":"IFPE e UTFPR abrem concurso para TAE com vagas na \u00e1rea m\u00e9dica"}]},{"@type":"WebSite","@id":"https:\/\/med.estrategia.com\/portal\/#website","url":"https:\/\/med.estrategia.com\/portal\/","name":"Estrat\u00e9gia MED","description":"","potentialAction":[{"@type":"SearchAction","target":{"@type":"EntryPoint","urlTemplate":"https:\/\/med.estrategia.com\/portal\/?s={search_term_string}"},"query-input":{"@type":"PropertyValueSpecification","valueRequired":true,"valueName":"search_term_string"}}],"inLanguage":"pt-BR"},{"@type":"Person","@id":"https:\/\/med.estrategia.com\/portal\/#\/schema\/person\/d1df06a83a849b79b2d480e7d8952ce3","name":"Priscila Pereira","image":{"@type":"ImageObject","inLanguage":"pt-BR","@id":"https:\/\/med.estrategia.com\/portal\/#\/schema\/person\/image\/","url":"https:\/\/secure.gravatar.com\/avatar\/fe94f8430a1d23a69c0bc7aab6202e21?s=96&d=mm&r=g","contentUrl":"https:\/\/secure.gravatar.com\/avatar\/fe94f8430a1d23a69c0bc7aab6202e21?s=96&d=mm&r=g","caption":"Priscila Pereira"},"description":"Formada e p\u00f3s-graduada na \u00e1rea de comunica\u00e7\u00e3o, divido minha paix\u00e3o entre o jornalismo e os esportes","url":"https:\/\/med.estrategia.com\/portal\/author\/priscila-pereira\/"}]}},"_wl_alt_label":[],"wl:entity_url":"\/post\/ifpe-e-utfp-oferecem-vagas-para-medicos-92620","_links":{"self":[{"href":"https:\/\/med.estrategia.com\/portal\/wp-json\/wp\/v2\/posts\/92620","targetHints":{"allow":["GET"]}}],"collection":[{"href":"https:\/\/med.estrategia.com\/portal\/wp-json\/wp\/v2\/posts"}],"about":[{"href":"https:\/\/med.estrategia.com\/portal\/wp-json\/wp\/v2\/types\/post"}],"author":[{"embeddable":true,"href":"https:\/\/med.estrategia.com\/portal\/wp-json\/wp\/v2\/users\/45"}],"replies":[{"embeddable":true,"href":"https:\/\/med.estrategia.com\/portal\/wp-json\/wp\/v2\/comments?post=92620"}],"version-history":[{"count":6,"href":"https:\/\/med.estrategia.com\/portal\/wp-json\/wp\/v2\/posts\/92620\/revisions"}],"predecessor-version":[{"id":97293,"href":"https:\/\/med.estrategia.com\/portal\/wp-json\/wp\/v2\/posts\/92620\/revisions\/97293"}],"wp:featuredmedia":[{"embeddable":true,"href":"https:\/\/med.estrategia.com\/portal\/wp-json\/wp\/v2\/media\/92624"}],"wp:attachment":[{"href":"https:\/\/med.estrategia.com\/portal\/wp-json\/wp\/v2\/media?parent=92620"}],"wp:term":[{"taxonomy":"category","embeddable":true,"href":"https:\/\/med.estrategia.com\/portal\/wp-json\/wp\/v2\/categories?post=92620"},{"taxonomy":"post_tag","embeddable":true,"href":"https:\/\/med.estrategia.com\/portal\/wp-json\/wp\/v2\/tags?post=92620"},{"taxonomy":"wl_entity_type","embeddable":true,"href":"https:\/\/med.estrategia.com\/portal\/wp-json\/wp\/v2\/wl_entity_type?post=92620"}],"curies":[{"name":"wp","href":"https:\/\/api.w.org\/{rel}","templated":true}]}}