{"id":92722,"date":"2025-08-22T11:00:00","date_gmt":"2025-08-22T14:00:00","guid":{"rendered":"https:\/\/med.estrategia.com\/portal\/?p=92722"},"modified":"2025-08-21T15:11:26","modified_gmt":"2025-08-21T18:11:26","slug":"como-e-a-residencia-medica-de-oftalmologia-pelo-hospital-geral-de-fortaleza","status":"publish","type":"post","link":"https:\/\/med.estrategia.com\/portal\/residencia-medica\/como-e-a-residencia-medica-de-oftalmologia-pelo-hospital-geral-de-fortaleza\/","title":{"rendered":"Como \u00e9 a resid\u00eancia m\u00e9dica de Oftalmologia pelo Hospital Geral de Fortaleza"},"content":{"rendered":"<p>A resid&ecirc;ncia m&eacute;dica de <strong>Oftalmologia<\/strong> do <strong>Hospital Geral de Fortaleza (HGF)<\/strong> &eacute; uma das mais concorridas do pa&iacute;s, atraindo candidatos de todas as regi&otilde;es. Conhecido pelo alto volume cir&uacute;rgico, pela variedade de casos e pela estrutura de ponta, o programa forma especialistas completos, capazes de atuar tanto na Oftalmologia geral quanto em subespecialidades.<p>Para entender melhor a estrutura e as particularidades da resid&ecirc;ncia m&eacute;dica em Oftalmologia do HGF, conversamos com o <strong>Dr. Leonardo Albuquerque<\/strong>, ex-residente do servi&ccedil;o e que est&aacute; atualmente cursando fellowship de <strong>Retina e V&iacute;treo<\/strong> na institui&ccedil;&atilde;o. Siga no texto e confira como foi sua experi&ecirc;ncia durante e ap&oacute;s os anos de resid&ecirc;ncia!<\/p><div id=\"ez-toc-container\" class=\"ez-toc-v2_0_79_2 counter-hierarchy ez-toc-counter ez-toc-transparent ez-toc-container-direction\">\n<div class=\"ez-toc-title-container\"><p class=\"ez-toc-title\" style=\"cursor:inherit\">Navegue pelo conte\u00fado<\/p>\n<\/div><nav><ul class='ez-toc-list ez-toc-list-level-1 ' ><li class='ez-toc-page-1 ez-toc-heading-level-2'><a class=\"ez-toc-link ez-toc-heading-1\" href=\"https:\/\/med.estrategia.com\/portal\/residencia-medica\/como-e-a-residencia-medica-de-oftalmologia-pelo-hospital-geral-de-fortaleza\/#Estrutura-do-hospital\" >Estrutura do hospital<\/a><\/li><li class='ez-toc-page-1 ez-toc-heading-level-2'><a class=\"ez-toc-link ez-toc-heading-2\" href=\"https:\/\/med.estrategia.com\/portal\/residencia-medica\/como-e-a-residencia-medica-de-oftalmologia-pelo-hospital-geral-de-fortaleza\/#Rotina-atraves-dos-anos\" >Rotina atrav&eacute;s dos anos<\/a><\/li><li class='ez-toc-page-1 ez-toc-heading-level-2'><a class=\"ez-toc-link ez-toc-heading-3\" href=\"https:\/\/med.estrategia.com\/portal\/residencia-medica\/como-e-a-residencia-medica-de-oftalmologia-pelo-hospital-geral-de-fortaleza\/#Subespecializacao-e-caminhos-pos-residencia\" >Subespecializa&ccedil;&atilde;o e caminhos p&oacute;s-resid&ecirc;ncia<\/a><\/li><li class='ez-toc-page-1 ez-toc-heading-level-2'><a class=\"ez-toc-link ez-toc-heading-4\" href=\"https:\/\/med.estrategia.com\/portal\/residencia-medica\/como-e-a-residencia-medica-de-oftalmologia-pelo-hospital-geral-de-fortaleza\/#Pontos-fortes-e-possiveis-melhorias\" >Pontos fortes e poss&iacute;veis melhorias<\/a><\/li><\/ul><\/nav><\/div>\n<h2 class=\"wp-block-heading\" id=\"h-estrutura-do-hospital\"><span class=\"ez-toc-section\" id=\"Estrutura-do-hospital\"><\/span>Estrutura do hospital<span class=\"ez-toc-section-end\"><\/span><\/h2><p>O HGF &eacute; o maior hospital do Cear&aacute; e um dos mais importantes do Brasil. Embora seja refer&ecirc;ncia nacional em Neurologia, tamb&eacute;m se destaca na Oftalmologia, contando com <strong>equipamentos de primeira linha<\/strong>, compar&aacute;veis aos melhores servi&ccedil;os particulares. O ambulat&oacute;rio conta com <strong>salas de atendimento<\/strong>, al&eacute;m de <strong>espa&ccedil;os dedicados a exames<\/strong> como <strong>ultrassonografia<\/strong>, <strong>tomografia de coer&ecirc;ncia &oacute;ptica<\/strong> e <strong>retinografia<\/strong>.<\/p><p>O <strong>centro cir&uacute;rgico<\/strong> funciona praticamente todos os dias, de manh&atilde; e &agrave; tarde, e em alguns dias com duas salas simult&acirc;neas, gra&ccedil;as &agrave; disponibilidade de dois <strong>microsc&oacute;pios cir&uacute;rgicos<\/strong>. A infraestrutura contempla praticamente todas as &aacute;reas da Oftalmologia: <strong>catarata, c&oacute;rnea, retina, estrabismo, oftalmopediatria e vis&atilde;o subnormal<\/strong>, com procedimentos que v&atilde;o desde o b&aacute;sico at&eacute; cirurgias de alta complexidade, como <strong>transplantes de c&oacute;rnea<\/strong>.<\/p><p>O hospital tamb&eacute;m mant&eacute;m um <strong>Banco de Olhos<\/strong> ativo, respons&aacute;vel por captar, preparar e distribuir c&oacute;rneas para transplantes dentro e fora do HGF. Recentemente, houve um aumento expressivo no n&uacute;mero desses procedimentos, com melhorias na capta&ccedil;&atilde;o e na disponibilidade de tecidos.<\/p><p>\n\n\n<div id=\"new-form\">\n\t<form id=\"forms_layout\">\n\t<input type=\"hidden\" id=\"chave_de\" name=\"chave_de\" value=\"01_EMED_LEADS_TOTAIS\" \/>\n\t\t<input type=\"hidden\" id=\"mid\" name=\"mid\" value=\"515009018\" \/>\n\t\t<input type=\"hidden\" id=\"Objetivo\" name=\"Objetivo\" value=\"Medicina\" \/>\n\t\t<input type=\"hidden\" id=\"Estado_de_Origem_do_IP\" name=\"Estado_de_Origem_do_IP\"  value=\"\" \/>\n\t\t<input type=\"hidden\" id=\"Cidade_de_Origem_do_IP\" name=\"Cidade_de_Origem_do_IP\" value=\"\" \/>\n\t\t<input type=\"hidden\" id=\"Modo_de_entrada\" name=\"Modo_de_entrada\" value=\"Portal\" \/>\n\t\t<input type=\"hidden\" id=\"Pagina_Origem\" name=\"Pagina_Origem\" value=\"\" \/>\n\n\t\t<div class=\"texto\">\n\t\t\t<h3 class=\"news\">Inscreva-se em nossa newsletter!<\/h3>\n\t\t\t<p>Receba not\u00edcias sobre resid\u00eancia m\u00e9dica, revalida\u00e7\u00e3o de diplomas e concursos m\u00e9dicos, al\u00e9m de materiais de estudo gratuitos e informa\u00e7\u00f5es relevantes do mundo da Medicina.<\/p>\n\t\t<\/div>\n\t\t<div class=\"campos\">\n\t\t\t<div class=\"first_name labels\">\n\t\t\t\t<input type=\"text\" class=\"input_labels\" id=\"first_name\" name=\"Nome_Completo\" placeholder=\"Nome\" required \/>\n\t\t\t<\/div>\n\t\t\t<div class=\"email labels\">\n\t\t\t\t<input type=\"email\" class=\"input_labels\" id=\"email\" name=\"Email\" placeholder=\"E-mail\" required \/>\n\t\t\t<\/div>\n\t\t\t<button type=\"submit\" class=\"button_layout\">\n\t\t\t\t<div id=\"lblBotao\">Inscreva-se<\/div>\n\t\t\t\t<span id=\"divSpiner\" class=\"loader\" role=\"status\" style=\"display: none;\"><\/span>\t\n\t\t\t<\/button>\n\t\t<\/div><!-- \/campos -->\n\t\t\n\t\t<label class=\"container_checkbox\">Voc\u00ea concorda com a nossa\n\t\t\t<a class=\"politics_privacy_ahref\" target=\"_blank\" href=\"https:\/\/gratis.estrategiaconcursos.com.br\/politica-de-privacidade\/\">Pol\u00edtica de Privacidade<\/a> e aceita receber informa\u00e7\u00f5es adicionais do Estrat\u00e9gia Educacional.\n\t\t\t<input id=\"checkbox_layout\" type=\"checkbox\" checked=\"checked\" required \/>\n\t\t\t<span class=\"checkbox\"><\/span>\n\t\t<\/label>\n\t\t<div id=\"msg\"><\/div>\n\t\t<div id=\"error\" class=\"error\">\n\t\t<\/div>\n\t<\/form>\n<\/div><!-- \/new-form -->\n\n\n\n<\/p><h2 class=\"wp-block-heading\" id=\"h-rotina-atraves-dos-anos\"><span class=\"ez-toc-section\" id=\"Rotina-atraves-dos-anos\"><\/span>Rotina atrav&eacute;s dos anos<span class=\"ez-toc-section-end\"><\/span><\/h2><p>A resid&ecirc;ncia dura <strong>tr&ecirc;s anos<\/strong>, com <strong>quatro vagas anuais<\/strong>. A integra&ccedil;&atilde;o entre os residentes de diferentes anos &eacute; pr&oacute;xima e colaborativa, o que facilita o aprendizado. Confira abaixo os principais pontos de cada ano do programa:<\/p><ul class=\"wp-block-list\">\n<li><strong>R1<\/strong>: o foco est&aacute; na base da Oftalmologia e no desenvolvimento de habilidades manuais iniciais, como manuseio do microsc&oacute;pio, suturas e pequenas cirurgias (pter&iacute;gio, tumores palpebrais, inje&ccedil;&otilde;es intrav&iacute;treas). O R1 tamb&eacute;m assume parte da burocracia do servi&ccedil;o, como organiza&ccedil;&atilde;o do mapa cir&uacute;rgico e acompanhamento de pacientes internados;<br><\/li>\n\n\n\n<li><strong>R2<\/strong>: &eacute; o momento de evoluir tecnicamente, com cirurgias mais complexas, como a facectomia extracapsular em cataratas densas. &Eacute; nesse per&iacute;odo que muitos residentes consolidam sua paix&atilde;o pela especialidade, ao vivenciar resultados imediatos e transformadores na vida dos pacientes; e<br><\/li>\n\n\n\n<li><strong>R3<\/strong>: com menor carga burocr&aacute;tica, o residente atua em cirurgias mais complexas e em maior volume. Tamb&eacute;m pode assumir responsabilidades como plant&otilde;es noturnos eventuais e maior participa&ccedil;&atilde;o no treinamento dos mais novos.<\/li>\n<\/ul><p>A <strong>hierarquia<\/strong> existe, mas &eacute; pautada pelo respeito e proximidade. N&atilde;o h&aacute; barreiras formais de comunica&ccedil;&atilde;o com os chefes de servi&ccedil;o, que participam ativamente do ensino.<\/p><h3 class=\"wp-block-heading\" id=\"h-carga-horaria-e-trabalho-externo\">Carga hor&aacute;ria e trabalho externo<\/h3><p>A carga hor&aacute;ria gira em torno de <strong>60 horas semanais<\/strong>, mas com <strong>varia&ccedil;&otilde;es conforme o rod&iacute;zio<\/strong>. Sempre h&aacute; pelo menos um turno livre fixo na semana, o que permite que alguns residentes fa&ccedil;am trabalhos externos, como plant&otilde;es noturnos.<\/p><p>Os <strong>finais de semana costumam ser livres<\/strong>, exceto quando h&aacute; pacientes internados sob responsabilidade do R1 ou cirurgias eletivas eventuais. O HGF <strong>n&atilde;o possui pronto-socorro de Oftalmologia<\/strong>, o que reduz a imprevisibilidade da rotina.<\/p><h3 class=\"wp-block-heading\" id=\"h-parte-teorica\">Parte te&oacute;rica<\/h3><p>A forma&ccedil;&atilde;o te&oacute;rica &eacute; intensa. H&aacute; <strong>aulas di&aacute;rias<\/strong> cobrindo todas as sub&aacute;reas da Oftalmologia &mdash; catarata, retina, c&oacute;rnea, estrabismo, oftalmopediatria, entre outras &mdash; com cronogramas pr&oacute;prios. As aulas podem ser ministradas por <em>staffs<\/em> ou pelos pr&oacute;prios residentes, incentivando o estudo e a did&aacute;tica.<\/p><p>As <strong>avalia&ccedil;&otilde;es internas<\/strong> acontecem de duas a tr&ecirc;s vezes por ano, com <strong>provas te&oacute;ricas<\/strong> (muitas vezes iguais para todos os anos, refor&ccedil;ando a revis&atilde;o de conte&uacute;dos) e, eventualmente, <strong>provas pr&aacute;ticas<\/strong>. Esse sistema serve tamb&eacute;m como prepara&ccedil;&atilde;o para a <strong>prova de t&iacute;tulo<\/strong>, que, embora n&atilde;o seja obrigat&oacute;ria para quem conclui resid&ecirc;ncia credenciada pelo MEC, funciona como um diferencial em concursos e sele&ccedil;&otilde;es.<\/p><h3 class=\"wp-block-heading\" id=\"h-producao-cientifica-e-congressos\">Produ&ccedil;&atilde;o cient&iacute;fica e congressos<\/h3><p>O servi&ccedil;o valoriza a <strong>produ&ccedil;&atilde;o cient&iacute;fica<\/strong>. O trabalho de conclus&atilde;o de resid&ecirc;ncia pode ser apresentado como <strong>artigo cient&iacute;fico<\/strong> e h&aacute; incentivo para <strong>publica&ccedil;&atilde;o e participa&ccedil;&atilde;o em congressos<\/strong>, como o <strong>Congresso Cearense de Oftalmologia<\/strong>. Os residentes tamb&eacute;m participam de concursos de imagens e de apresenta&ccedil;&otilde;es orais e p&ocirc;steres, mantendo-se atualizados com as novidades da especialidade.<\/p><h2 class=\"wp-block-heading\" id=\"h-subespecializacao-e-caminhos-pos-residencia\"><span class=\"ez-toc-section\" id=\"Subespecializacao-e-caminhos-pos-residencia\"><\/span>Subespecializa&ccedil;&atilde;o e caminhos p&oacute;s-resid&ecirc;ncia<span class=\"ez-toc-section-end\"><\/span><\/h2><p>Embora seja poss&iacute;vel atuar como oftalmologista geral ao concluir o programa, a <strong>tend&ecirc;ncia<\/strong> atual &eacute; seguir para uma <strong>subespecializa&ccedil;&atilde;o<\/strong>, com dura&ccedil;&atilde;o de um a dois anos, dependendo da &aacute;rea. No HGF, h&aacute; fellows em &aacute;reas como <strong>retina e v&iacute;treo<\/strong>, <strong>c&oacute;rnea<\/strong> e <strong>transplantes<\/strong>, entre outros. Algumas &aacute;reas, como catarata, n&atilde;o t&ecirc;m fellowship formal, pois a forma&ccedil;&atilde;o do R3 j&aacute; &eacute; considerada suficiente.<\/p><h2 class=\"wp-block-heading\" id=\"h-pontos-fortes-e-possiveis-melhorias\"><span class=\"ez-toc-section\" id=\"Pontos-fortes-e-possiveis-melhorias\"><\/span>Pontos fortes e poss&iacute;veis melhorias<span class=\"ez-toc-section-end\"><\/span><\/h2><p>O grande diferencial do HGF &eacute; o <strong>volume e a diversidade de casos<\/strong>, que exp&otilde;em o residente a situa&ccedil;&otilde;es comuns e tamb&eacute;m a <strong>doen&ccedil;as raras<\/strong>, aumentando a <strong>seguran&ccedil;a para atuar em qualquer cen&aacute;rio<\/strong>. A <strong>estrutura tecnol&oacute;gica &eacute; de ponta<\/strong>, com equipamentos de alto valor, muitos obtidos por doa&ccedil;&otilde;es internacionais.<\/p><p>O ponto que ainda pode melhorar &eacute; o <strong>espa&ccedil;o f&iacute;sico para o ambulat&oacute;rio<\/strong>, que por vezes fica <strong>sobrecarregado<\/strong>. Existe, por&eacute;m, a perspectiva de expans&atilde;o com novas salas.<\/p><p>Descubra mais sobre como &eacute; o programa de resid&ecirc;ncia m&eacute;dica em <strong>Oftalmologia do HGF<\/strong> com o bate-papo &ldquo;Vida de Residente&rdquo; entre o <strong>Dr. Guilherme Cardoso<\/strong> e o <strong>Dr. Leonardo Albuquerque<\/strong>, que concluiu a sua forma&ccedil;&atilde;o na institui&ccedil;&atilde;o.<\/p><figure class=\"wp-block-embed is-type-video is-provider-youtube wp-block-embed-youtube wp-embed-aspect-16-9 wp-has-aspect-ratio\"><div class=\"wp-block-embed__wrapper\">\n<div class=\"cs-embed cs-embed-responsive\"><iframe title=\"Como &eacute; a Resid&ecirc;ncia de Oftalmologia pelo Hospital Geral de Fortaleza - Vida de Residente\" width=\"1200\" height=\"675\" src=\"https:\/\/www.youtube.com\/embed\/uwA0RLMZTfs?feature=oembed\" frameborder=\"0\" allow=\"accelerometer; autoplay; clipboard-write; encrypted-media; gyroscope; picture-in-picture; web-share\" referrerpolicy=\"strict-origin-when-cross-origin\" allowfullscreen><\/iframe><\/div>\n<\/div><\/figure><p>Para ingressar na Resid&ecirc;ncia no HGF, &eacute; necess&aacute;rio prestar a prova de resid&ecirc;ncia m&eacute;dica do Enare. Clique no bot&atilde;o abaixo para saber mais sobre:<\/p><div class=\"wp-block-buttons is-content-justification-center is-layout-flex wp-container-core-buttons-is-layout-1 wp-block-buttons-is-layout-flex\">\n<div class=\"wp-block-button\"><a class=\"wp-block-button__link wp-element-button\" href=\"https:\/\/med.estrategia.com\/portal\/residencia-medica\/enare-vagas-cronograma-provas-edital\/\" target=\"_blank\">Tudo sobre o Enare<\/a><\/div>\n<\/div><p>Por fim, se voc&ecirc; quer ficar por dentro de mais conte&uacute;dos relevantes sobre a &aacute;rea m&eacute;dica, continue acompanhando o material preparado pelo <a href=\"https:\/\/med.estrategia.com\/portal\/\" target=\"_blank\">Portal de Not&iacute;cias do Estrat&eacute;gia MED<\/a>. Aqui, voc&ecirc; encontrar&aacute; informa&ccedil;&otilde;es atualizadas sobre resid&ecirc;ncias, carreira m&eacute;dica e muito mais.<\/p><p>\n\n\n\n\n\n<a id=\"cta\" class=\"cta-imagem\" href=\"https:\/\/med.estrategia.com\/curso\/banco-de-questes-resumos-estrategicos-anual\/\" target=\"blank\">\n                <img decoding=\"async\" width=\"100%\" src=\"https:\/\/med.estrategia.com\/portal\/wp-content\/uploads\/2025\/08\/banco_questoes.png\" alt=\"banco_questoes\" title=\"banco_questoes\">\n        <\/a>\n<\/p><\/p>\n","protected":false},"excerpt":{"rendered":"A resid&ecirc;ncia m&eacute;dica de Oftalmologia do Hospital Geral de Fortaleza (HGF) &eacute; uma das mais concorridas do pa&iacute;s,&hellip;\n","protected":false},"author":52,"featured_media":38502,"comment_status":"closed","ping_status":"closed","sticky":false,"template":"","format":"standard","meta":{"wl_entities_gutenberg":"","footnotes":""},"categories":[24],"tags":[],"wl_entity_type":[199],"class_list":{"0":"post-92722","1":"post","2":"type-post","3":"status-publish","4":"format-standard","5":"has-post-thumbnail","7":"category-residencia-medica","8":"wl_entity_type-article"},"acf":[],"yoast_head":"<!-- This site is optimized with the Yoast SEO Premium plugin v26.6 (Yoast SEO v26.6) - https:\/\/yoast.com\/wordpress\/plugins\/seo\/ -->\n<title>Como \u00e9 a resid\u00eancia m\u00e9dica de Oftalmologia pelo Hospital Geral de Fortaleza<\/title>\n<meta name=\"description\" content=\"Descubra mais sobre como \u00e9 o programa de resid\u00eancia m\u00e9dica em Oftalmologia do HGF com o bate-papo \u201cVida de Residente&quot;.\" \/>\n<meta name=\"robots\" content=\"index, follow, max-snippet:-1, max-image-preview:large, max-video-preview:-1\" \/>\n<link rel=\"canonical\" href=\"https:\/\/med.estrategia.com\/portal\/residencia-medica\/como-e-a-residencia-medica-de-oftalmologia-pelo-hospital-geral-de-fortaleza\/\" \/>\n<meta property=\"og:locale\" content=\"pt_BR\" \/>\n<meta property=\"og:type\" content=\"article\" \/>\n<meta property=\"og:title\" content=\"Como \u00e9 a resid\u00eancia m\u00e9dica de Oftalmologia pelo Hospital Geral de Fortaleza\" \/>\n<meta property=\"og:description\" content=\"Descubra mais sobre como \u00e9 o programa de resid\u00eancia m\u00e9dica em Oftalmologia do HGF com o bate-papo \u201cVida de Residente&quot;.\" \/>\n<meta property=\"og:url\" content=\"https:\/\/med.estrategia.com\/portal\/residencia-medica\/como-e-a-residencia-medica-de-oftalmologia-pelo-hospital-geral-de-fortaleza\/\" \/>\n<meta property=\"og:site_name\" content=\"Estrat\u00e9gia MED\" \/>\n<meta property=\"article:publisher\" content=\"https:\/\/www.facebook.com\/estrategiamed1\" \/>\n<meta property=\"article:published_time\" content=\"2025-08-22T14:00:00+00:00\" \/>\n<meta property=\"og:image\" content=\"https:\/\/med.estrategia.com\/portal\/wp-content\/uploads\/2023\/04\/YTB_.png\" \/>\n\t<meta property=\"og:image:width\" content=\"1280\" \/>\n\t<meta property=\"og:image:height\" content=\"720\" \/>\n\t<meta property=\"og:image:type\" content=\"image\/png\" \/>\n<meta name=\"author\" content=\"Arion Wolff\" \/>\n<meta name=\"twitter:card\" content=\"summary_large_image\" \/>\n<meta name=\"twitter:creator\" content=\"@estrategiamed_\" \/>\n<meta name=\"twitter:site\" content=\"@estrategiamed_\" \/>\n<meta name=\"twitter:label1\" content=\"Escrito por\" \/>\n\t<meta name=\"twitter:data1\" content=\"Arion Wolff\" \/>\n\t<meta name=\"twitter:label2\" content=\"Est. tempo de leitura\" \/>\n\t<meta name=\"twitter:data2\" content=\"5 minutos\" \/>\n<script type=\"application\/ld+json\" class=\"yoast-schema-graph\">{\"@context\":\"https:\/\/schema.org\",\"@graph\":[{\"@type\":\"WebPage\",\"@id\":\"https:\/\/med.estrategia.com\/portal\/residencia-medica\/como-e-a-residencia-medica-de-oftalmologia-pelo-hospital-geral-de-fortaleza\/\",\"url\":\"https:\/\/med.estrategia.com\/portal\/residencia-medica\/como-e-a-residencia-medica-de-oftalmologia-pelo-hospital-geral-de-fortaleza\/\",\"name\":\"Como \u00e9 a resid\u00eancia m\u00e9dica de Oftalmologia pelo Hospital Geral de Fortaleza\",\"isPartOf\":{\"@id\":\"https:\/\/med.estrategia.com\/portal\/#website\"},\"primaryImageOfPage\":{\"@id\":\"https:\/\/med.estrategia.com\/portal\/residencia-medica\/como-e-a-residencia-medica-de-oftalmologia-pelo-hospital-geral-de-fortaleza\/#primaryimage\"},\"image\":{\"@id\":\"https:\/\/med.estrategia.com\/portal\/residencia-medica\/como-e-a-residencia-medica-de-oftalmologia-pelo-hospital-geral-de-fortaleza\/#primaryimage\"},\"thumbnailUrl\":\"https:\/\/med.estrategia.com\/portal\/wp-content\/uploads\/2023\/04\/YTB_.png\",\"datePublished\":\"2025-08-22T14:00:00+00:00\",\"author\":{\"@id\":\"https:\/\/med.estrategia.com\/portal\/#\/schema\/person\/b6aba49604868a427dd15c3b1fc6a8bc\"},\"description\":\"Descubra mais sobre como \u00e9 o programa de resid\u00eancia m\u00e9dica em Oftalmologia do HGF com o bate-papo \u201cVida de Residente\\\".\",\"breadcrumb\":{\"@id\":\"https:\/\/med.estrategia.com\/portal\/residencia-medica\/como-e-a-residencia-medica-de-oftalmologia-pelo-hospital-geral-de-fortaleza\/#breadcrumb\"},\"inLanguage\":\"pt-BR\",\"potentialAction\":[{\"@type\":\"ReadAction\",\"target\":[\"https:\/\/med.estrategia.com\/portal\/residencia-medica\/como-e-a-residencia-medica-de-oftalmologia-pelo-hospital-geral-de-fortaleza\/\"]}]},{\"@type\":\"ImageObject\",\"inLanguage\":\"pt-BR\",\"@id\":\"https:\/\/med.estrategia.com\/portal\/residencia-medica\/como-e-a-residencia-medica-de-oftalmologia-pelo-hospital-geral-de-fortaleza\/#primaryimage\",\"url\":\"https:\/\/med.estrategia.com\/portal\/wp-content\/uploads\/2023\/04\/YTB_.png\",\"contentUrl\":\"https:\/\/med.estrategia.com\/portal\/wp-content\/uploads\/2023\/04\/YTB_.png\",\"width\":1280,\"height\":720,\"caption\":\"Estrat\u00e9gia MED\"},{\"@type\":\"BreadcrumbList\",\"@id\":\"https:\/\/med.estrategia.com\/portal\/residencia-medica\/como-e-a-residencia-medica-de-oftalmologia-pelo-hospital-geral-de-fortaleza\/#breadcrumb\",\"itemListElement\":[{\"@type\":\"ListItem\",\"position\":1,\"name\":\"Home\",\"item\":\"https:\/\/med.estrategia.com\/portal\/\"},{\"@type\":\"ListItem\",\"position\":2,\"name\":\"Resid\u00eancia M\u00e9dica\",\"item\":\"https:\/\/med.estrategia.com\/portal\/residencia-medica\/\"},{\"@type\":\"ListItem\",\"position\":3,\"name\":\"Como \u00e9 a resid\u00eancia m\u00e9dica de Oftalmologia pelo Hospital Geral de Fortaleza\"}]},{\"@type\":\"WebSite\",\"@id\":\"https:\/\/med.estrategia.com\/portal\/#website\",\"url\":\"https:\/\/med.estrategia.com\/portal\/\",\"name\":\"Estrat\u00e9gia MED\",\"description\":\"\",\"potentialAction\":[{\"@type\":\"SearchAction\",\"target\":{\"@type\":\"EntryPoint\",\"urlTemplate\":\"https:\/\/med.estrategia.com\/portal\/?s={search_term_string}\"},\"query-input\":{\"@type\":\"PropertyValueSpecification\",\"valueRequired\":true,\"valueName\":\"search_term_string\"}}],\"inLanguage\":\"pt-BR\"},{\"@type\":\"Person\",\"@id\":\"https:\/\/med.estrategia.com\/portal\/#\/schema\/person\/b6aba49604868a427dd15c3b1fc6a8bc\",\"name\":\"Arion Wolff\",\"image\":{\"@type\":\"ImageObject\",\"inLanguage\":\"pt-BR\",\"@id\":\"https:\/\/med.estrategia.com\/portal\/#\/schema\/person\/image\/\",\"url\":\"https:\/\/med.estrategia.com\/portal\/wp-content\/uploads\/2023\/12\/arion-wolff-estrategia-med-150x150.jpg\",\"contentUrl\":\"https:\/\/med.estrategia.com\/portal\/wp-content\/uploads\/2023\/12\/arion-wolff-estrategia-med-150x150.jpg\",\"caption\":\"Arion Wolff\"},\"description\":\"Jornalista formado pela UNIFATEC e p\u00f3s-graduado em Jornalismo Digital pela UNINTER. Escrevo sobre medicina, resid\u00eancia m\u00e9dica e sa\u00fade. Entusiasta de filmes, livros, bons dramas e romances gen\u00e9ricos.\",\"sameAs\":[\"http:\/\/med.estrategia.com\"],\"url\":\"https:\/\/med.estrategia.com\/portal\/author\/arion-santos\/\"}]}<\/script>\n<!-- \/ Yoast SEO Premium plugin. -->","yoast_head_json":{"title":"Como \u00e9 a resid\u00eancia m\u00e9dica de Oftalmologia pelo Hospital Geral de Fortaleza","description":"Descubra mais sobre como \u00e9 o programa de resid\u00eancia m\u00e9dica em Oftalmologia do HGF com o bate-papo \u201cVida de Residente\".","robots":{"index":"index","follow":"follow","max-snippet":"max-snippet:-1","max-image-preview":"max-image-preview:large","max-video-preview":"max-video-preview:-1"},"canonical":"https:\/\/med.estrategia.com\/portal\/residencia-medica\/como-e-a-residencia-medica-de-oftalmologia-pelo-hospital-geral-de-fortaleza\/","og_locale":"pt_BR","og_type":"article","og_title":"Como \u00e9 a resid\u00eancia m\u00e9dica de Oftalmologia pelo Hospital Geral de Fortaleza","og_description":"Descubra mais sobre como \u00e9 o programa de resid\u00eancia m\u00e9dica em Oftalmologia do HGF com o bate-papo \u201cVida de Residente\".","og_url":"https:\/\/med.estrategia.com\/portal\/residencia-medica\/como-e-a-residencia-medica-de-oftalmologia-pelo-hospital-geral-de-fortaleza\/","og_site_name":"Estrat\u00e9gia MED","article_publisher":"https:\/\/www.facebook.com\/estrategiamed1","article_published_time":"2025-08-22T14:00:00+00:00","og_image":[{"width":1280,"height":720,"url":"https:\/\/med.estrategia.com\/portal\/wp-content\/uploads\/2023\/04\/YTB_.png","type":"image\/png"}],"author":"Arion Wolff","twitter_card":"summary_large_image","twitter_creator":"@estrategiamed_","twitter_site":"@estrategiamed_","twitter_misc":{"Escrito por":"Arion Wolff","Est. tempo de leitura":"5 minutos"},"schema":{"@context":"https:\/\/schema.org","@graph":[{"@type":"WebPage","@id":"https:\/\/med.estrategia.com\/portal\/residencia-medica\/como-e-a-residencia-medica-de-oftalmologia-pelo-hospital-geral-de-fortaleza\/","url":"https:\/\/med.estrategia.com\/portal\/residencia-medica\/como-e-a-residencia-medica-de-oftalmologia-pelo-hospital-geral-de-fortaleza\/","name":"Como \u00e9 a resid\u00eancia m\u00e9dica de Oftalmologia pelo Hospital Geral de Fortaleza","isPartOf":{"@id":"https:\/\/med.estrategia.com\/portal\/#website"},"primaryImageOfPage":{"@id":"https:\/\/med.estrategia.com\/portal\/residencia-medica\/como-e-a-residencia-medica-de-oftalmologia-pelo-hospital-geral-de-fortaleza\/#primaryimage"},"image":{"@id":"https:\/\/med.estrategia.com\/portal\/residencia-medica\/como-e-a-residencia-medica-de-oftalmologia-pelo-hospital-geral-de-fortaleza\/#primaryimage"},"thumbnailUrl":"https:\/\/med.estrategia.com\/portal\/wp-content\/uploads\/2023\/04\/YTB_.png","datePublished":"2025-08-22T14:00:00+00:00","author":{"@id":"https:\/\/med.estrategia.com\/portal\/#\/schema\/person\/b6aba49604868a427dd15c3b1fc6a8bc"},"description":"Descubra mais sobre como \u00e9 o programa de resid\u00eancia m\u00e9dica em Oftalmologia do HGF com o bate-papo \u201cVida de Residente\".","breadcrumb":{"@id":"https:\/\/med.estrategia.com\/portal\/residencia-medica\/como-e-a-residencia-medica-de-oftalmologia-pelo-hospital-geral-de-fortaleza\/#breadcrumb"},"inLanguage":"pt-BR","potentialAction":[{"@type":"ReadAction","target":["https:\/\/med.estrategia.com\/portal\/residencia-medica\/como-e-a-residencia-medica-de-oftalmologia-pelo-hospital-geral-de-fortaleza\/"]}]},{"@type":"ImageObject","inLanguage":"pt-BR","@id":"https:\/\/med.estrategia.com\/portal\/residencia-medica\/como-e-a-residencia-medica-de-oftalmologia-pelo-hospital-geral-de-fortaleza\/#primaryimage","url":"https:\/\/med.estrategia.com\/portal\/wp-content\/uploads\/2023\/04\/YTB_.png","contentUrl":"https:\/\/med.estrategia.com\/portal\/wp-content\/uploads\/2023\/04\/YTB_.png","width":1280,"height":720,"caption":"Estrat\u00e9gia MED"},{"@type":"BreadcrumbList","@id":"https:\/\/med.estrategia.com\/portal\/residencia-medica\/como-e-a-residencia-medica-de-oftalmologia-pelo-hospital-geral-de-fortaleza\/#breadcrumb","itemListElement":[{"@type":"ListItem","position":1,"name":"Home","item":"https:\/\/med.estrategia.com\/portal\/"},{"@type":"ListItem","position":2,"name":"Resid\u00eancia M\u00e9dica","item":"https:\/\/med.estrategia.com\/portal\/residencia-medica\/"},{"@type":"ListItem","position":3,"name":"Como \u00e9 a resid\u00eancia m\u00e9dica de Oftalmologia pelo Hospital Geral de Fortaleza"}]},{"@type":"WebSite","@id":"https:\/\/med.estrategia.com\/portal\/#website","url":"https:\/\/med.estrategia.com\/portal\/","name":"Estrat\u00e9gia MED","description":"","potentialAction":[{"@type":"SearchAction","target":{"@type":"EntryPoint","urlTemplate":"https:\/\/med.estrategia.com\/portal\/?s={search_term_string}"},"query-input":{"@type":"PropertyValueSpecification","valueRequired":true,"valueName":"search_term_string"}}],"inLanguage":"pt-BR"},{"@type":"Person","@id":"https:\/\/med.estrategia.com\/portal\/#\/schema\/person\/b6aba49604868a427dd15c3b1fc6a8bc","name":"Arion Wolff","image":{"@type":"ImageObject","inLanguage":"pt-BR","@id":"https:\/\/med.estrategia.com\/portal\/#\/schema\/person\/image\/","url":"https:\/\/med.estrategia.com\/portal\/wp-content\/uploads\/2023\/12\/arion-wolff-estrategia-med-150x150.jpg","contentUrl":"https:\/\/med.estrategia.com\/portal\/wp-content\/uploads\/2023\/12\/arion-wolff-estrategia-med-150x150.jpg","caption":"Arion Wolff"},"description":"Jornalista formado pela UNIFATEC e p\u00f3s-graduado em Jornalismo Digital pela UNINTER. Escrevo sobre medicina, resid\u00eancia m\u00e9dica e sa\u00fade. Entusiasta de filmes, livros, bons dramas e romances gen\u00e9ricos.","sameAs":["http:\/\/med.estrategia.com"],"url":"https:\/\/med.estrategia.com\/portal\/author\/arion-santos\/"}]}},"_wl_alt_label":[],"wl:entity_url":"\/post\/como-e-a-residencia-medica-de-oftalmologia-pelo-hospital-geral-de-fortaleza-92722","_links":{"self":[{"href":"https:\/\/med.estrategia.com\/portal\/wp-json\/wp\/v2\/posts\/92722","targetHints":{"allow":["GET"]}}],"collection":[{"href":"https:\/\/med.estrategia.com\/portal\/wp-json\/wp\/v2\/posts"}],"about":[{"href":"https:\/\/med.estrategia.com\/portal\/wp-json\/wp\/v2\/types\/post"}],"author":[{"embeddable":true,"href":"https:\/\/med.estrategia.com\/portal\/wp-json\/wp\/v2\/users\/52"}],"replies":[{"embeddable":true,"href":"https:\/\/med.estrategia.com\/portal\/wp-json\/wp\/v2\/comments?post=92722"}],"version-history":[{"count":1,"href":"https:\/\/med.estrategia.com\/portal\/wp-json\/wp\/v2\/posts\/92722\/revisions"}],"predecessor-version":[{"id":92723,"href":"https:\/\/med.estrategia.com\/portal\/wp-json\/wp\/v2\/posts\/92722\/revisions\/92723"}],"wp:featuredmedia":[{"embeddable":true,"href":"https:\/\/med.estrategia.com\/portal\/wp-json\/wp\/v2\/media\/38502"}],"wp:attachment":[{"href":"https:\/\/med.estrategia.com\/portal\/wp-json\/wp\/v2\/media?parent=92722"}],"wp:term":[{"taxonomy":"category","embeddable":true,"href":"https:\/\/med.estrategia.com\/portal\/wp-json\/wp\/v2\/categories?post=92722"},{"taxonomy":"post_tag","embeddable":true,"href":"https:\/\/med.estrategia.com\/portal\/wp-json\/wp\/v2\/tags?post=92722"},{"taxonomy":"wl_entity_type","embeddable":true,"href":"https:\/\/med.estrategia.com\/portal\/wp-json\/wp\/v2\/wl_entity_type?post=92722"}],"curies":[{"name":"wp","href":"https:\/\/api.w.org\/{rel}","templated":true}]}}