{"id":93123,"date":"2025-09-10T10:36:31","date_gmt":"2025-09-10T13:36:31","guid":{"rendered":"https:\/\/med.estrategia.com\/portal\/?p=93123"},"modified":"2025-09-10T10:36:37","modified_gmt":"2025-09-10T13:36:37","slug":"selecao-de-residencia-medica-para-2026-do-sirio-libanes-tem-inscricoes-abertas","status":"publish","type":"post","link":"https:\/\/med.estrategia.com\/portal\/noticias\/selecao-de-residencia-medica-para-2026-do-sirio-libanes-tem-inscricoes-abertas\/","title":{"rendered":"Sele\u00e7\u00e3o de resid\u00eancia m\u00e9dica para 2026 do S\u00edrio-Liban\u00eas tem inscri\u00e7\u00f5es abertas"},"content":{"rendered":"<p>A partir de hoje, 10 de setembro, as <strong>inscri&ccedil;&otilde;es do processo seletivo de resid&ecirc;ncia m&eacute;dica<\/strong> para 2026 do <strong>Hospital S&iacute;rio-Liban&ecirc;s<\/strong> est&atilde;o abertas. Os interessados poder&atilde;o garantir a participa&ccedil;&atilde;o na sele&ccedil;&atilde;o <strong>at&eacute; o dia 14 de outubro de 2025<\/strong>, mediante preenchimento de formul&aacute;rio de inscri&ccedil;&atilde;o dispon&iacute;vel na <a href=\"https:\/\/www.vunesp.com.br\/HSLI2502\" target=\"_blank\">p&aacute;gina oficial do certame<\/a> e pagamento da <strong>taxa de R$600,00<\/strong>, n&atilde;o havendo a possibilidade de isen&ccedil;&atilde;o total ou parcial deste valor.<p>No ato de inscri&ccedil;&atilde;o, o candidato dever&aacute; optar pelo <strong>local em que deseja realizar a prova objetiva<\/strong>, prevista para o dia 22 de novembro deste ano. Est&atilde;o dispon&iacute;veis os mun&iacute;cipios de <strong>Bel&eacute;m\/PA<\/strong>, <strong>Belo Horizonte\/MG<\/strong>, <strong>Bras&iacute;lia\/DF<\/strong>, <strong>Fortaleza\/CE<\/strong>, <strong>Porto Alegre\/RS<\/strong>, <strong>Rio de Janeiro\/RJ<\/strong>, <strong>Salvador\/BA<\/strong> e <strong>S&atilde;o Paulo\/SP<\/strong>. A escolha pela especialidade tamb&eacute;m dever&aacute; ser realizada neste momento. Ap&oacute;s efetiva&ccedil;&atilde;o da inscri&ccedil;&atilde;o, o local de prova e a especialidade escolhida n&atilde;o poder&atilde;o ser alterados. <\/p><p>&Eacute; tamb&eacute;m durante a inscri&ccedil;&atilde;o que o candidato dever&aacute; realizar as <strong>solicita&ccedil;&otilde;es correspondentes ao seletivo<\/strong>, caso se enquadre nas disposi&ccedil;&otilde;es do edital. S&atilde;o elas:<\/p><ul class=\"wp-block-list\">\n<li><strong>Condi&ccedil;&atilde;o especial<\/strong>: o candidato que necessitar de atendimento especial durante a realiza&ccedil;&atilde;o da prova dever&aacute;, durante o ato de inscri&ccedil;&atilde;o, <strong>especificar as condi&ccedil;&otilde;es<\/strong> que precisa, seguindo as instru&ccedil;&otilde;es do campo &ldquo;Condi&ccedil;&atilde;o Especial&rdquo;. Ainda, ser&aacute; necess&aacute;rio o <strong>envio de laudo m&eacute;dico digitalizado ou documenta&ccedil;&atilde;o comprobat&oacute;ria<\/strong>, contendo CID, nome completo do candidato e o nome, assinatura e  CRM do m&eacute;dico. <strong>Confira o item 6 do edital para mais informa&ccedil;&otilde;es<\/strong> <strong>(inclua o item 7 se lactante)<\/strong>.<\/li>\n<\/ul><p><\/p><ul class=\"wp-block-list\">\n<li><strong>Nome Social<\/strong>: o candidato, amparado pelo Decreto Federal n&ordm; 8.727\/2016, poder&aacute; solicitar o uso do nome social, bem como o reconhecimento da sua identidade de g&ecirc;nero. No campo designado para esta solicita&ccedil;&atilde;o, o candidato dever&aacute; <strong>enviar o requerimento de uso do nome social e o RG<\/strong>, por meio digital. <strong>Confira o item 8 do edital para mais informa&ccedil;&otilde;es<\/strong>.<\/li>\n<\/ul><p><\/p><ul class=\"wp-block-list\">\n<li><strong>Pontua&ccedil;&atilde;o adicional para acesso<\/strong>: candidatos que participaram e cumpriram integralmente o Programa de Valoriza&ccedil;&atilde;o do Profissional da Aten&ccedil;&atilde;o B&aacute;sica &ndash; PROVAB, ter&atilde;o direito ao <strong>adicional de 10% na nota<\/strong> em todas as fases do seletivo, sendo aplicada na prova objetiva e mantida nas demais fases. Candidatos que ingressaram em Programas de Resid&ecirc;ncia em Medicina de Fam&iacute;lia e Comunidade\/Medicina Geral de Fam&iacute;lia e Comunidade a partir de 2015, e que tenham conclu&iacute;do o programa, tamb&eacute;m receber&atilde;o pontua&ccedil;&atilde;o adicional. <strong>Confira o item 9 do edital para mais informa&ccedil;&otilde;es<\/strong>.<\/li>\n<\/ul><p><\/p><ul class=\"wp-block-list\">\n<li><strong>Vagas reservadas<\/strong>: caso o candidato deseje participar concorrendo &agrave;s vagas destinadas &agrave;s pessoas com defici&ecirc;ncia, pretas e pardas, ind&iacute;genas, quilombolas, com defici&ecirc;ncia ou trans, tamb&eacute;m dever&aacute; sinalizar no ato de inscri&ccedil;&atilde;o, mediante envio da autodeclara&ccedil;&atilde;o. Para todas as informa&ccedil;&otilde;es sobre as vagas de a&ccedil;&otilde;es afirmativas e suas regras, <strong>n&atilde;o deixe de conferir o Anexo IV do edital, dispon&iacute;vel a partir da p&aacute;gina 54 do documento<\/strong>.<\/li>\n<\/ul><div class=\"wp-block-buttons is-content-justification-center is-layout-flex wp-container-core-buttons-is-layout-1 wp-block-buttons-is-layout-flex\">\n<div class=\"wp-block-button\"><a class=\"wp-block-button__link wp-element-button\" href=\"https:\/\/cdn.medblog.estrategiaeducacional.com.br\/wp-content\/uploads\/2025\/08\/sirio-libanes_edital2026.pdf\" target=\"_blank\">edital s&iacute;rio-liban&ecirc;s 2026<\/a><\/div>\n\n\n\n<div class=\"wp-block-button\"><a class=\"wp-block-button__link wp-element-button\" href=\"https:\/\/cdn.medblog.estrategiaeducacional.com.br\/wp-content\/uploads\/2025\/09\/HSLI2502_224_20250909133541.pdf.pdf\" target=\"_blank\">retifica&ccedil;&atilde;o edital (09\/09)<\/a><\/div>\n\n\n\n<div class=\"wp-block-button\"><a class=\"wp-block-button__link wp-element-button\" href=\"https:\/\/www.vunesp.com.br\/HSLI2502\" target=\"_blank\">aproveite e inscreva-se aqui!<\/a><\/div>\n<\/div><p class=\"wp-block-preformatted\"><strong>Aten&ccedil;&atilde;o!<\/strong> &Eacute; essencial que o candidato acompanhe atentamente a p&aacute;gina oficial da banca organizadora para verificar poss&iacute;veis retifica&ccedil;&otilde;es ou atualiza&ccedil;&otilde;es do edital. Altera&ccedil;&otilde;es podem ocorrer a qualquer momento, sendo necess&aacute;rio estar ciente de eventuais mudan&ccedil;as em prazos, requisitos ou outras informa&ccedil;&otilde;es relevantes para n&atilde;o comprometer sua participa&ccedil;&atilde;o no processo. <\/p><p>\n\n\n<div id=\"new-form\">\n\t<form id=\"forms_layout\">\n\t<input type=\"hidden\" id=\"chave_de\" name=\"chave_de\" value=\"01_EMED_LEADS_TOTAIS\" \/>\n\t\t<input type=\"hidden\" id=\"mid\" name=\"mid\" value=\"515009018\" \/>\n\t\t<input type=\"hidden\" id=\"Objetivo\" name=\"Objetivo\" value=\"Medicina\" \/>\n\t\t<input type=\"hidden\" id=\"Estado_de_Origem_do_IP\" name=\"Estado_de_Origem_do_IP\"  value=\"\" \/>\n\t\t<input type=\"hidden\" id=\"Cidade_de_Origem_do_IP\" name=\"Cidade_de_Origem_do_IP\" value=\"\" \/>\n\t\t<input type=\"hidden\" id=\"Modo_de_entrada\" name=\"Modo_de_entrada\" value=\"Portal\" \/>\n\t\t<input type=\"hidden\" id=\"Pagina_Origem\" name=\"Pagina_Origem\" value=\"\" \/>\n\n\t\t<div class=\"texto\">\n\t\t\t<h3 class=\"news\">Inscreva-se em nossa newsletter!<\/h3>\n\t\t\t<p>Receba not\u00edcias sobre resid\u00eancia m\u00e9dica, revalida\u00e7\u00e3o de diplomas e concursos m\u00e9dicos, al\u00e9m de materiais de estudo gratuitos e informa\u00e7\u00f5es relevantes do mundo da Medicina.<\/p>\n\t\t<\/div>\n\t\t<div class=\"campos\">\n\t\t\t<div class=\"first_name labels\">\n\t\t\t\t<input type=\"text\" class=\"input_labels\" id=\"first_name\" name=\"Nome_Completo\" placeholder=\"Nome\" required \/>\n\t\t\t<\/div>\n\t\t\t<div class=\"email labels\">\n\t\t\t\t<input type=\"email\" class=\"input_labels\" id=\"email\" name=\"Email\" placeholder=\"E-mail\" required \/>\n\t\t\t<\/div>\n\t\t\t<button type=\"submit\" class=\"button_layout\">\n\t\t\t\t<div id=\"lblBotao\">Inscreva-se<\/div>\n\t\t\t\t<span id=\"divSpiner\" class=\"loader\" role=\"status\" style=\"display: none;\"><\/span>\t\n\t\t\t<\/button>\n\t\t<\/div><!-- \/campos -->\n\t\t\n\t\t<label class=\"container_checkbox\">Voc\u00ea concorda com a nossa\n\t\t\t<a class=\"politics_privacy_ahref\" target=\"_blank\" href=\"https:\/\/gratis.estrategiaconcursos.com.br\/politica-de-privacidade\/\">Pol\u00edtica de Privacidade<\/a> e aceita receber informa\u00e7\u00f5es adicionais do Estrat\u00e9gia Educacional.\n\t\t\t<input id=\"checkbox_layout\" type=\"checkbox\" checked=\"checked\" required \/>\n\t\t\t<span class=\"checkbox\"><\/span>\n\t\t<\/label>\n\t\t<div id=\"msg\"><\/div>\n\t\t<div id=\"error\" class=\"error\">\n\t\t<\/div>\n\t<\/form>\n<\/div><!-- \/new-form -->\n\n\n\n<\/p><div id=\"ez-toc-container\" class=\"ez-toc-v2_0_79_2 counter-hierarchy ez-toc-counter ez-toc-transparent ez-toc-container-direction\">\n<div class=\"ez-toc-title-container\"><p class=\"ez-toc-title\" style=\"cursor:inherit\">Navegue pelo conte\u00fado<\/p>\n<\/div><nav><ul class='ez-toc-list ez-toc-list-level-1 ' ><li class='ez-toc-page-1 ez-toc-heading-level-2'><a class=\"ez-toc-link ez-toc-heading-1\" href=\"https:\/\/med.estrategia.com\/portal\/noticias\/selecao-de-residencia-medica-para-2026-do-sirio-libanes-tem-inscricoes-abertas\/#O-Hospital-Sirio-Libanes\" >O Hospital S&iacute;rio-Liban&ecirc;s<\/a><\/li><li class='ez-toc-page-1 ez-toc-heading-level-2'><a class=\"ez-toc-link ez-toc-heading-2\" href=\"https:\/\/med.estrategia.com\/portal\/noticias\/selecao-de-residencia-medica-para-2026-do-sirio-libanes-tem-inscricoes-abertas\/#Prepare-se-para-a-Sirio-Libanes-2026-com-o-Estrategia-MED\" >Prepare-se para a S&iacute;rio-Liban&ecirc;s 2026 com o Estrat&eacute;gia MED<\/a><\/li><\/ul><\/nav><\/div>\n<h2 class=\"wp-block-heading\" id=\"h-o-hospital-sirio-libanes\"><span class=\"ez-toc-section\" id=\"O-Hospital-Sirio-Libanes\"><\/span>O Hospital S&iacute;rio-Liban&ecirc;s<span class=\"ez-toc-section-end\"><\/span><\/h2><p>Fundado em 1921, por imigrantes da comunidade s&iacute;rio-libanesa no Brasil, o Hospital S&iacute;rio-Liban&ecirc;s &eacute; uma institui&ccedil;&atilde;o p&uacute;blico-privada que oferece servi&ccedil;os &agrave; sa&uacute;de. Atualmente, o hospital &eacute; um<strong>&nbsp;centro de refer&ecirc;ncia internacional<\/strong>&nbsp;quando se fala da &aacute;rea.<\/p><p>Quer saber ainda mais? Dispomos abaixo alguns artigos que podem ser &uacute;teis na hora de se preparar para a sele&ccedil;&atilde;o que vem a&iacute;. N&atilde;o deixe de conferir!<\/p><p class=\"wp-block-preformatted\">Tudo sobre o processo seletivo: <a href=\"https:\/\/med.estrategia.com\/portal\/residencia-medica\/hospital-sirio-libanes-residencia-medica\/\">Hospital S&iacute;rio-Liban&ecirc;s: edital para resid&ecirc;ncia m&eacute;dica, nota de corte, concorr&ecirc;ncia e mais<\/a><\/p><p class=\"wp-block-preformatted\">Concorr&ecirc;ncia da &uacute;ltima edi&ccedil;&atilde;o: <a href=\"https:\/\/med.estrategia.com\/portal\/noticias\/hospital-sirio-libanes-2025-confira-a-concorrencia-da-residencia-medica\/\" target=\"_blank\">Hospital S&iacute;rio-Liban&ecirc;s 2025: confira a concorr&ecirc;ncia para Resid&ecirc;ncia M&eacute;dica<\/a><\/p><p class=\"wp-block-preformatted\">Calend&aacute;rio de Provas: <a href=\"https:\/\/med.estrategia.com\/portal\/residencia-medica\/calendario-de-residencia-medica-confira-as-datas-das-proximas-provas\/\" target=\"_blank\">Resid&ecirc;ncia M&eacute;dica 2025\/2026<\/a><\/p><p>Se voc&ecirc; quer ficar por dentro de mais conte&uacute;dos relevantes sobre a &aacute;rea m&eacute;dica, continue acompanhando o material preparado pelo Portal de Not&iacute;cias do Estrat&eacute;gia MED. Aqui, voc&ecirc; encontrar&aacute; informa&ccedil;&otilde;es atualizadas sobre resid&ecirc;ncias, carreira m&eacute;dica e muito mais.<\/p><h2 class=\"wp-block-heading\" id=\"h-prepare-se-para-a-sirio-libanes-2026-com-o-estrategia-med\"><span class=\"ez-toc-section\" id=\"Prepare-se-para-a-Sirio-Libanes-2026-com-o-Estrategia-MED\"><\/span>Prepare-se para a S&iacute;rio-Liban&ecirc;s 2026 com o Estrat&eacute;gia MED<span class=\"ez-toc-section-end\"><\/span><\/h2><p>O&nbsp;Estrat&eacute;gia MED&nbsp;preparou uma revis&atilde;o para Reta Final completa, com conte&uacute;dos espec&iacute;ficos e direcionados para a banca. Inscreva-se no&nbsp;<a href=\"https:\/\/www.youtube.com\/c\/Estrat%C3%A9giaMED\" target=\"_blank\">nosso canal do&nbsp;Youtube<\/a>&nbsp;e acompanhe as transmiss&otilde;es do&nbsp;<strong>Reta Final S&iacute;rio-Liban&ecirc;s Resid&ecirc;ncia M&eacute;dica 2025\/26<\/strong>. Confira a programa&ccedil;&atilde;o:<\/p><figure class=\"wp-block-table\"><table><thead><tr><th class=\"has-text-align-center\" data-align=\"center\">DATA<\/th><th class=\"has-text-align-center\" data-align=\"center\">HOR&Aacute;RIO<\/th><th>EVENTO<\/th><\/tr><\/thead><tbody><tr><td class=\"has-text-align-center\" data-align=\"center\"><strong>16\/11<\/strong><\/td><td class=\"has-text-align-center\" data-align=\"center\">8h &agrave;s 17h20<\/td><td>Premoni&ccedil;&atilde;o S&iacute;rio-Liban&ecirc;s<\/td><\/tr><tr><td class=\"has-text-align-center\" data-align=\"center\"><strong>17\/11<\/strong><\/td><td class=\"has-text-align-center\" data-align=\"center\">19h &agrave;s 21h30<\/td><td>Hora da Verdade Ginecologia e Obstetr&iacute;cia &ndash; S&iacute;rio-Liban&ecirc;s<\/td><\/tr><tr><td class=\"has-text-align-center\" data-align=\"center\"><strong>18\/11<\/strong><\/td><td class=\"has-text-align-center\" data-align=\"center\">19h &agrave;s 21h30<\/td><td>Hora da Verdade Cirurgia &ndash; S&iacute;rio-Liban&ecirc;s<\/td><\/tr><tr><td class=\"has-text-align-center\" data-align=\"center\"><strong>19\/11<\/strong><\/td><td class=\"has-text-align-center\" data-align=\"center\">19h &agrave;s 21h30<\/td><td>Hora da Verdade Pediatria &ndash; S&iacute;rio-Liban&ecirc;s<\/td><\/tr><tr><td class=\"has-text-align-center\" data-align=\"center\"><strong>20\/11<\/strong><\/td><td class=\"has-text-align-center\" data-align=\"center\">19h &agrave;s 21h30<\/td><td>Hora da Verdade Medicina Preventiva &ndash; S&iacute;rio-Liban&ecirc;s<\/td><\/tr><tr><td class=\"has-text-align-center\" data-align=\"center\"><strong>21\/11<\/strong><\/td><td class=\"has-text-align-center\" data-align=\"center\">19h &agrave;s 23h<\/td><td>Hora da Verdade Cl&iacute;nica M&eacute;dica &ndash; S&iacute;rio-Liban&ecirc;s<\/td><\/tr><tr><td class=\"has-text-align-center\" data-align=\"center\"><strong>24\/11<\/strong><\/td><td class=\"has-text-align-center\" data-align=\"center\">a partir das 17h<\/td><td>Gabarito S&iacute;rio-Liban&ecirc;s<\/td><\/tr><\/tbody><\/table><\/figure><p>Aproveite e n&atilde;o perca a chance de estudar contando com o maior banco de quest&otilde;es da &aacute;rea m&eacute;dica! O BQMED conta com milhares de quest&otilde;es cadastradas, sendo mais de 108 mil quest&otilde;es com solu&ccedil;&atilde;o e, dessas, mais de 75 mil quest&otilde;es com coment&aacute;rios em v&iacute;deo dos professores especialistas do Estrat&eacute;gia MED. Saiba mais abaixo!<\/p><p>\n\n\n\n<div class=\"estrategia-catalog\"><h3>Estude por Quest&otilde;es!<\/h3><div class=\"carrossel-product\"><div><h4>Banco de Quest\u00f5es + B\u00f4nus Resumos Estrat\u00e9gicos - Anual<\/h4><div class=\"cat-description\">Estude com o maior Banco de Quest\u00f5es aut\u00f4nomo da \u00e1rea m\u00e9dica, com mais de 200 mil quest\u00f5es dispon\u00edveis, sendo mais de 108 mil comentadas alternativa por alternativa e mais de 75 mil resolvidas em v\u00eddeo pelos professores especialistas do Estrat\u00e9gia MED.<\/div><div class=\"cat-price\"><span>12x<\/span> R$ 416,41<\/div><div class=\"cat-sale\">No Cart\u00e3o de Cr\u00e9dito ou 10% de desconto no Boleto ou Pix \u00e0 vista: R$ 4.497,30<\/div><a href=\"https:\/\/med.estrategia.com\/curso\/banco-de-questes-resumos-estrategicos-anual\/?utm_source=portal&amp;utm_medium=post&amp;utm_campaign=emed-x-vd-seo-portal-v-catalogo\" class=\"estrategia-button\" target=\"_blank\">Saiba mais<\/a><\/div><\/div><\/div>\n<\/p><\/p>\n","protected":false},"excerpt":{"rendered":"A partir de hoje, 10 de setembro, as inscri&ccedil;&otilde;es do processo seletivo de resid&ecirc;ncia m&eacute;dica para 2026 do&hellip;\n","protected":false},"author":39,"featured_media":85558,"comment_status":"closed","ping_status":"closed","sticky":false,"template":"","format":"standard","meta":{"wl_entities_gutenberg":"","footnotes":""},"categories":[300],"tags":[],"wl_entity_type":[199],"class_list":{"0":"post-93123","1":"post","2":"type-post","3":"status-publish","4":"format-standard","5":"has-post-thumbnail","7":"category-noticias","8":"wl_entity_type-article"},"acf":[],"yoast_head":"<!-- This site is optimized with the Yoast SEO Premium plugin v26.6 (Yoast SEO v26.6) - https:\/\/yoast.com\/wordpress\/plugins\/seo\/ -->\n<title>Sele\u00e7\u00e3o de resid\u00eancia m\u00e9dica para 2026 do S\u00edrio-Liban\u00eas tem inscri\u00e7\u00f5es abertas<\/title>\n<meta name=\"robots\" content=\"index, follow, max-snippet:-1, max-image-preview:large, max-video-preview:-1\" \/>\n<link rel=\"canonical\" href=\"https:\/\/med.estrategia.com\/portal\/noticias\/selecao-de-residencia-medica-para-2026-do-sirio-libanes-tem-inscricoes-abertas\/\" \/>\n<meta property=\"og:locale\" content=\"pt_BR\" \/>\n<meta property=\"og:type\" content=\"article\" \/>\n<meta property=\"og:title\" content=\"Sele\u00e7\u00e3o de resid\u00eancia m\u00e9dica para 2026 do S\u00edrio-Liban\u00eas tem inscri\u00e7\u00f5es abertas\" \/>\n<meta property=\"og:description\" content=\"A partir de hoje, 10 de setembro, as inscri&ccedil;&otilde;es do processo seletivo de resid&ecirc;ncia m&eacute;dica para 2026 do&hellip;\" \/>\n<meta property=\"og:url\" content=\"https:\/\/med.estrategia.com\/portal\/noticias\/selecao-de-residencia-medica-para-2026-do-sirio-libanes-tem-inscricoes-abertas\/\" \/>\n<meta property=\"og:site_name\" content=\"Estrat\u00e9gia MED\" \/>\n<meta property=\"article:publisher\" content=\"https:\/\/www.facebook.com\/estrategiamed1\" \/>\n<meta property=\"article:published_time\" content=\"2025-09-10T13:36:31+00:00\" \/>\n<meta property=\"article:modified_time\" content=\"2025-09-10T13:36:37+00:00\" \/>\n<meta property=\"og:image\" content=\"https:\/\/med.estrategia.com\/portal\/wp-content\/uploads\/2025\/04\/sirio-atualizacao.jpg\" \/>\n\t<meta property=\"og:image:width\" content=\"1920\" \/>\n\t<meta property=\"og:image:height\" content=\"1080\" \/>\n\t<meta property=\"og:image:type\" content=\"image\/jpeg\" \/>\n<meta name=\"author\" content=\"Ana Carolina Damasceno\" \/>\n<meta name=\"twitter:card\" content=\"summary_large_image\" \/>\n<meta name=\"twitter:creator\" content=\"@estrategiamed_\" \/>\n<meta name=\"twitter:site\" content=\"@estrategiamed_\" \/>\n<meta name=\"twitter:label1\" content=\"Escrito por\" \/>\n\t<meta name=\"twitter:data1\" content=\"Ana Carolina Damasceno\" \/>\n\t<meta name=\"twitter:label2\" content=\"Est. tempo de leitura\" \/>\n\t<meta name=\"twitter:data2\" content=\"5 minutos\" \/>\n<script type=\"application\/ld+json\" class=\"yoast-schema-graph\">{\"@context\":\"https:\/\/schema.org\",\"@graph\":[{\"@type\":\"WebPage\",\"@id\":\"https:\/\/med.estrategia.com\/portal\/noticias\/selecao-de-residencia-medica-para-2026-do-sirio-libanes-tem-inscricoes-abertas\/\",\"url\":\"https:\/\/med.estrategia.com\/portal\/noticias\/selecao-de-residencia-medica-para-2026-do-sirio-libanes-tem-inscricoes-abertas\/\",\"name\":\"Sele\u00e7\u00e3o de resid\u00eancia m\u00e9dica para 2026 do S\u00edrio-Liban\u00eas tem inscri\u00e7\u00f5es abertas\",\"isPartOf\":{\"@id\":\"https:\/\/med.estrategia.com\/portal\/#website\"},\"primaryImageOfPage\":{\"@id\":\"https:\/\/med.estrategia.com\/portal\/noticias\/selecao-de-residencia-medica-para-2026-do-sirio-libanes-tem-inscricoes-abertas\/#primaryimage\"},\"image\":{\"@id\":\"https:\/\/med.estrategia.com\/portal\/noticias\/selecao-de-residencia-medica-para-2026-do-sirio-libanes-tem-inscricoes-abertas\/#primaryimage\"},\"thumbnailUrl\":\"https:\/\/med.estrategia.com\/portal\/wp-content\/uploads\/2025\/04\/sirio-atualizacao.jpg\",\"datePublished\":\"2025-09-10T13:36:31+00:00\",\"dateModified\":\"2025-09-10T13:36:37+00:00\",\"author\":{\"@id\":\"https:\/\/med.estrategia.com\/portal\/#\/schema\/person\/2f553adbb8e25fe39d145c5b2927f58c\"},\"breadcrumb\":{\"@id\":\"https:\/\/med.estrategia.com\/portal\/noticias\/selecao-de-residencia-medica-para-2026-do-sirio-libanes-tem-inscricoes-abertas\/#breadcrumb\"},\"inLanguage\":\"pt-BR\",\"potentialAction\":[{\"@type\":\"ReadAction\",\"target\":[\"https:\/\/med.estrategia.com\/portal\/noticias\/selecao-de-residencia-medica-para-2026-do-sirio-libanes-tem-inscricoes-abertas\/\"]}]},{\"@type\":\"ImageObject\",\"inLanguage\":\"pt-BR\",\"@id\":\"https:\/\/med.estrategia.com\/portal\/noticias\/selecao-de-residencia-medica-para-2026-do-sirio-libanes-tem-inscricoes-abertas\/#primaryimage\",\"url\":\"https:\/\/med.estrategia.com\/portal\/wp-content\/uploads\/2025\/04\/sirio-atualizacao.jpg\",\"contentUrl\":\"https:\/\/med.estrategia.com\/portal\/wp-content\/uploads\/2025\/04\/sirio-atualizacao.jpg\",\"width\":1920,\"height\":1080,\"caption\":\"Estrat\u00e9gia MED | Foto: Divulga\u00e7\u00e3o\/Hospital S\u00edrio-Liban\u00eas\"},{\"@type\":\"BreadcrumbList\",\"@id\":\"https:\/\/med.estrategia.com\/portal\/noticias\/selecao-de-residencia-medica-para-2026-do-sirio-libanes-tem-inscricoes-abertas\/#breadcrumb\",\"itemListElement\":[{\"@type\":\"ListItem\",\"position\":1,\"name\":\"Home\",\"item\":\"https:\/\/med.estrategia.com\/portal\/\"},{\"@type\":\"ListItem\",\"position\":2,\"name\":\"Not\u00edcias\",\"item\":\"https:\/\/med.estrategia.com\/portal\/noticias\/\"},{\"@type\":\"ListItem\",\"position\":3,\"name\":\"Sele\u00e7\u00e3o de resid\u00eancia m\u00e9dica para 2026 do S\u00edrio-Liban\u00eas tem inscri\u00e7\u00f5es abertas\"}]},{\"@type\":\"WebSite\",\"@id\":\"https:\/\/med.estrategia.com\/portal\/#website\",\"url\":\"https:\/\/med.estrategia.com\/portal\/\",\"name\":\"Estrat\u00e9gia MED\",\"description\":\"\",\"potentialAction\":[{\"@type\":\"SearchAction\",\"target\":{\"@type\":\"EntryPoint\",\"urlTemplate\":\"https:\/\/med.estrategia.com\/portal\/?s={search_term_string}\"},\"query-input\":{\"@type\":\"PropertyValueSpecification\",\"valueRequired\":true,\"valueName\":\"search_term_string\"}}],\"inLanguage\":\"pt-BR\"},{\"@type\":\"Person\",\"@id\":\"https:\/\/med.estrategia.com\/portal\/#\/schema\/person\/2f553adbb8e25fe39d145c5b2927f58c\",\"name\":\"Ana Carolina Damasceno\",\"image\":{\"@type\":\"ImageObject\",\"inLanguage\":\"pt-BR\",\"@id\":\"https:\/\/med.estrategia.com\/portal\/#\/schema\/person\/image\/\",\"url\":\"https:\/\/med.estrategia.com\/portal\/wp-content\/uploads\/2021\/09\/WhatsApp-Image-2023-08-18-at-16.46.43-150x150.jpeg\",\"contentUrl\":\"https:\/\/med.estrategia.com\/portal\/wp-content\/uploads\/2021\/09\/WhatsApp-Image-2023-08-18-at-16.46.43-150x150.jpeg\",\"caption\":\"Ana Carolina Damasceno\"},\"description\":\"Coordenadora de Jornalismo EMED. Comunicadora por natureza e forma\u00e7\u00e3o, que ama e perde a no\u00e7\u00e3o do tempo com m\u00fasica e s\u00e9rie.\",\"url\":\"https:\/\/med.estrategia.com\/portal\/author\/ana-carolina-damasceno\/\"}]}<\/script>\n<!-- \/ Yoast SEO Premium plugin. -->","yoast_head_json":{"title":"Sele\u00e7\u00e3o de resid\u00eancia m\u00e9dica para 2026 do S\u00edrio-Liban\u00eas tem inscri\u00e7\u00f5es abertas","robots":{"index":"index","follow":"follow","max-snippet":"max-snippet:-1","max-image-preview":"max-image-preview:large","max-video-preview":"max-video-preview:-1"},"canonical":"https:\/\/med.estrategia.com\/portal\/noticias\/selecao-de-residencia-medica-para-2026-do-sirio-libanes-tem-inscricoes-abertas\/","og_locale":"pt_BR","og_type":"article","og_title":"Sele\u00e7\u00e3o de resid\u00eancia m\u00e9dica para 2026 do S\u00edrio-Liban\u00eas tem inscri\u00e7\u00f5es abertas","og_description":"A partir de hoje, 10 de setembro, as inscri&ccedil;&otilde;es do processo seletivo de resid&ecirc;ncia m&eacute;dica para 2026 do&hellip;","og_url":"https:\/\/med.estrategia.com\/portal\/noticias\/selecao-de-residencia-medica-para-2026-do-sirio-libanes-tem-inscricoes-abertas\/","og_site_name":"Estrat\u00e9gia MED","article_publisher":"https:\/\/www.facebook.com\/estrategiamed1","article_published_time":"2025-09-10T13:36:31+00:00","article_modified_time":"2025-09-10T13:36:37+00:00","og_image":[{"width":1920,"height":1080,"url":"https:\/\/med.estrategia.com\/portal\/wp-content\/uploads\/2025\/04\/sirio-atualizacao.jpg","type":"image\/jpeg"}],"author":"Ana Carolina Damasceno","twitter_card":"summary_large_image","twitter_creator":"@estrategiamed_","twitter_site":"@estrategiamed_","twitter_misc":{"Escrito por":"Ana Carolina Damasceno","Est. tempo de leitura":"5 minutos"},"schema":{"@context":"https:\/\/schema.org","@graph":[{"@type":"WebPage","@id":"https:\/\/med.estrategia.com\/portal\/noticias\/selecao-de-residencia-medica-para-2026-do-sirio-libanes-tem-inscricoes-abertas\/","url":"https:\/\/med.estrategia.com\/portal\/noticias\/selecao-de-residencia-medica-para-2026-do-sirio-libanes-tem-inscricoes-abertas\/","name":"Sele\u00e7\u00e3o de resid\u00eancia m\u00e9dica para 2026 do S\u00edrio-Liban\u00eas tem inscri\u00e7\u00f5es abertas","isPartOf":{"@id":"https:\/\/med.estrategia.com\/portal\/#website"},"primaryImageOfPage":{"@id":"https:\/\/med.estrategia.com\/portal\/noticias\/selecao-de-residencia-medica-para-2026-do-sirio-libanes-tem-inscricoes-abertas\/#primaryimage"},"image":{"@id":"https:\/\/med.estrategia.com\/portal\/noticias\/selecao-de-residencia-medica-para-2026-do-sirio-libanes-tem-inscricoes-abertas\/#primaryimage"},"thumbnailUrl":"https:\/\/med.estrategia.com\/portal\/wp-content\/uploads\/2025\/04\/sirio-atualizacao.jpg","datePublished":"2025-09-10T13:36:31+00:00","dateModified":"2025-09-10T13:36:37+00:00","author":{"@id":"https:\/\/med.estrategia.com\/portal\/#\/schema\/person\/2f553adbb8e25fe39d145c5b2927f58c"},"breadcrumb":{"@id":"https:\/\/med.estrategia.com\/portal\/noticias\/selecao-de-residencia-medica-para-2026-do-sirio-libanes-tem-inscricoes-abertas\/#breadcrumb"},"inLanguage":"pt-BR","potentialAction":[{"@type":"ReadAction","target":["https:\/\/med.estrategia.com\/portal\/noticias\/selecao-de-residencia-medica-para-2026-do-sirio-libanes-tem-inscricoes-abertas\/"]}]},{"@type":"ImageObject","inLanguage":"pt-BR","@id":"https:\/\/med.estrategia.com\/portal\/noticias\/selecao-de-residencia-medica-para-2026-do-sirio-libanes-tem-inscricoes-abertas\/#primaryimage","url":"https:\/\/med.estrategia.com\/portal\/wp-content\/uploads\/2025\/04\/sirio-atualizacao.jpg","contentUrl":"https:\/\/med.estrategia.com\/portal\/wp-content\/uploads\/2025\/04\/sirio-atualizacao.jpg","width":1920,"height":1080,"caption":"Estrat\u00e9gia MED | Foto: Divulga\u00e7\u00e3o\/Hospital S\u00edrio-Liban\u00eas"},{"@type":"BreadcrumbList","@id":"https:\/\/med.estrategia.com\/portal\/noticias\/selecao-de-residencia-medica-para-2026-do-sirio-libanes-tem-inscricoes-abertas\/#breadcrumb","itemListElement":[{"@type":"ListItem","position":1,"name":"Home","item":"https:\/\/med.estrategia.com\/portal\/"},{"@type":"ListItem","position":2,"name":"Not\u00edcias","item":"https:\/\/med.estrategia.com\/portal\/noticias\/"},{"@type":"ListItem","position":3,"name":"Sele\u00e7\u00e3o de resid\u00eancia m\u00e9dica para 2026 do S\u00edrio-Liban\u00eas tem inscri\u00e7\u00f5es abertas"}]},{"@type":"WebSite","@id":"https:\/\/med.estrategia.com\/portal\/#website","url":"https:\/\/med.estrategia.com\/portal\/","name":"Estrat\u00e9gia MED","description":"","potentialAction":[{"@type":"SearchAction","target":{"@type":"EntryPoint","urlTemplate":"https:\/\/med.estrategia.com\/portal\/?s={search_term_string}"},"query-input":{"@type":"PropertyValueSpecification","valueRequired":true,"valueName":"search_term_string"}}],"inLanguage":"pt-BR"},{"@type":"Person","@id":"https:\/\/med.estrategia.com\/portal\/#\/schema\/person\/2f553adbb8e25fe39d145c5b2927f58c","name":"Ana Carolina Damasceno","image":{"@type":"ImageObject","inLanguage":"pt-BR","@id":"https:\/\/med.estrategia.com\/portal\/#\/schema\/person\/image\/","url":"https:\/\/med.estrategia.com\/portal\/wp-content\/uploads\/2021\/09\/WhatsApp-Image-2023-08-18-at-16.46.43-150x150.jpeg","contentUrl":"https:\/\/med.estrategia.com\/portal\/wp-content\/uploads\/2021\/09\/WhatsApp-Image-2023-08-18-at-16.46.43-150x150.jpeg","caption":"Ana Carolina Damasceno"},"description":"Coordenadora de Jornalismo EMED. Comunicadora por natureza e forma\u00e7\u00e3o, que ama e perde a no\u00e7\u00e3o do tempo com m\u00fasica e s\u00e9rie.","url":"https:\/\/med.estrategia.com\/portal\/author\/ana-carolina-damasceno\/"}]}},"_wl_alt_label":[],"wl:entity_url":"\/post\/selecao-de-residencia-medica-para-2026-do-sirio-libanes-tem-inscricoes-abertas-93123","_links":{"self":[{"href":"https:\/\/med.estrategia.com\/portal\/wp-json\/wp\/v2\/posts\/93123","targetHints":{"allow":["GET"]}}],"collection":[{"href":"https:\/\/med.estrategia.com\/portal\/wp-json\/wp\/v2\/posts"}],"about":[{"href":"https:\/\/med.estrategia.com\/portal\/wp-json\/wp\/v2\/types\/post"}],"author":[{"embeddable":true,"href":"https:\/\/med.estrategia.com\/portal\/wp-json\/wp\/v2\/users\/39"}],"replies":[{"embeddable":true,"href":"https:\/\/med.estrategia.com\/portal\/wp-json\/wp\/v2\/comments?post=93123"}],"version-history":[{"count":7,"href":"https:\/\/med.estrategia.com\/portal\/wp-json\/wp\/v2\/posts\/93123\/revisions"}],"predecessor-version":[{"id":93978,"href":"https:\/\/med.estrategia.com\/portal\/wp-json\/wp\/v2\/posts\/93123\/revisions\/93978"}],"wp:featuredmedia":[{"embeddable":true,"href":"https:\/\/med.estrategia.com\/portal\/wp-json\/wp\/v2\/media\/85558"}],"wp:attachment":[{"href":"https:\/\/med.estrategia.com\/portal\/wp-json\/wp\/v2\/media?parent=93123"}],"wp:term":[{"taxonomy":"category","embeddable":true,"href":"https:\/\/med.estrategia.com\/portal\/wp-json\/wp\/v2\/categories?post=93123"},{"taxonomy":"post_tag","embeddable":true,"href":"https:\/\/med.estrategia.com\/portal\/wp-json\/wp\/v2\/tags?post=93123"},{"taxonomy":"wl_entity_type","embeddable":true,"href":"https:\/\/med.estrategia.com\/portal\/wp-json\/wp\/v2\/wl_entity_type?post=93123"}],"curies":[{"name":"wp","href":"https:\/\/api.w.org\/{rel}","templated":true}]}}