{"id":93502,"date":"2025-09-05T10:45:48","date_gmt":"2025-09-05T13:45:48","guid":{"rendered":"https:\/\/med.estrategia.com\/portal\/?p=93502"},"modified":"2025-09-05T10:45:54","modified_gmt":"2025-09-05T13:45:54","slug":"scmrp-inscricoes-processo-seletivo-de-residencia-medica-2026","status":"publish","type":"post","link":"https:\/\/med.estrategia.com\/portal\/noticias\/scmrp-inscricoes-processo-seletivo-de-residencia-medica-2026\/","title":{"rendered":"SCMRP abre per\u00edodo de inscri\u00e7\u00f5es para o processo seletivo de resid\u00eancia m\u00e9dica 2026"},"content":{"rendered":"<p>Est&atilde;o abertas a partir de hoje (5) as inscri&ccedil;&otilde;es para o processo seletivo de resid&ecirc;ncia m&eacute;dica da <strong>Santa Casa de Miseric&oacute;rdia de Ribeir&atilde;o Preto (SCMRP)<\/strong>. Os candidatos interessados em ingressar nos programas oferecidos pela institui&ccedil;&atilde;o poder&atilde;o se inscrever pelo <a href=\"https:\/\/www.vunesp.com.br\/SCRP2502\" target=\"_blank\">site da Funda&ccedil;&atilde;o VUNESP<\/a> <strong>a partir das 10h do dia 5 de setembro at&eacute; &agrave;s 23h59 do dia 9 de outubro de 2025<\/strong>.<p>Para ter a inscri&ccedil;&atilde;o aceita, o candidato precisa, al&eacute;m de <a href=\"https:\/\/www.vunesp.com.br\/SCRP2502\/Inscricao\" target=\"_blank\">preencher o formul&aacute;rio<\/a> e optar por apenas uma &aacute;rea\/especialidade, realizar o pagamento da <strong>taxa de inscri&ccedil;&atilde;o<\/strong> no valor de <strong>R$700<\/strong> at&eacute; o dia 10 de outubro de 2025. A institui&ccedil;&atilde;o n&atilde;o oferece a possibilidade de solicitar isen&ccedil;&atilde;o desta taxa.<\/p><p>\n\n\n<div id=\"new-form\">\n\t<form id=\"forms_layout\">\n\t<input type=\"hidden\" id=\"chave_de\" name=\"chave_de\" value=\"01_EMED_LEADS_TOTAIS\" \/>\n\t\t<input type=\"hidden\" id=\"mid\" name=\"mid\" value=\"515009018\" \/>\n\t\t<input type=\"hidden\" id=\"Objetivo\" name=\"Objetivo\" value=\"Medicina\" \/>\n\t\t<input type=\"hidden\" id=\"Estado_de_Origem_do_IP\" name=\"Estado_de_Origem_do_IP\"  value=\"\" \/>\n\t\t<input type=\"hidden\" id=\"Cidade_de_Origem_do_IP\" name=\"Cidade_de_Origem_do_IP\" value=\"\" \/>\n\t\t<input type=\"hidden\" id=\"Modo_de_entrada\" name=\"Modo_de_entrada\" value=\"Portal\" \/>\n\t\t<input type=\"hidden\" id=\"Pagina_Origem\" name=\"Pagina_Origem\" value=\"\" \/>\n\n\t\t<div class=\"texto\">\n\t\t\t<div id=\"ez-toc-container\" class=\"ez-toc-v2_0_79_2 counter-hierarchy ez-toc-counter ez-toc-transparent ez-toc-container-direction\">\n<div class=\"ez-toc-title-container\"><p class=\"ez-toc-title\" style=\"cursor:inherit\">Navegue pelo conte\u00fado<\/p>\n<\/div><nav><ul class='ez-toc-list ez-toc-list-level-1 ' ><ul class='ez-toc-list-level-3' ><li class='ez-toc-heading-level-3'><a class=\"ez-toc-link ez-toc-heading-1\" href=\"https:\/\/med.estrategia.com\/portal\/noticias\/scmrp-inscricoes-processo-seletivo-de-residencia-medica-2026\/#Inscreva-se-em-nossa-newsletter\" >Inscreva-se em nossa newsletter!<\/a><\/li><\/ul><\/li><li class='ez-toc-page-1 ez-toc-heading-level-2'><a class=\"ez-toc-link ez-toc-heading-2\" href=\"https:\/\/med.estrategia.com\/portal\/noticias\/scmrp-inscricoes-processo-seletivo-de-residencia-medica-2026\/#Solicitacao-de-atendimento-especial\" >Solicita&ccedil;&atilde;o de atendimento especial<\/a><\/li><li class='ez-toc-page-1 ez-toc-heading-level-2'><a class=\"ez-toc-link ez-toc-heading-3\" href=\"https:\/\/med.estrategia.com\/portal\/noticias\/scmrp-inscricoes-processo-seletivo-de-residencia-medica-2026\/#Inscricao-para-vagas-reservadas\" >Inscri&ccedil;&atilde;o para vagas reservadas<\/a><\/li><li class='ez-toc-page-1 ez-toc-heading-level-2'><a class=\"ez-toc-link ez-toc-heading-4\" href=\"https:\/\/med.estrategia.com\/portal\/noticias\/scmrp-inscricoes-processo-seletivo-de-residencia-medica-2026\/#Requerimento-de-bonificacao-na-nota-final\" >Requerimento de bonifica&ccedil;&atilde;o na nota final<\/a><\/li><li class='ez-toc-page-1 ez-toc-heading-level-2'><a class=\"ez-toc-link ez-toc-heading-5\" href=\"https:\/\/med.estrategia.com\/portal\/noticias\/scmrp-inscricoes-processo-seletivo-de-residencia-medica-2026\/#Processo-seletivo-SCMRP\" >Processo seletivo SCMRP<\/a><\/li><\/ul><\/nav><\/div>\n<h3 class=\"news\"><span class=\"ez-toc-section\" id=\"Inscreva-se-em-nossa-newsletter\"><\/span>Inscreva-se em nossa newsletter!<span class=\"ez-toc-section-end\"><\/span><\/h3>\n\t\t\t<p>Receba not\u00edcias sobre resid\u00eancia m\u00e9dica, revalida\u00e7\u00e3o de diplomas e concursos m\u00e9dicos, al\u00e9m de materiais de estudo gratuitos e informa\u00e7\u00f5es relevantes do mundo da Medicina.<\/p>\n\t\t<\/div>\n\t\t<div class=\"campos\">\n\t\t\t<div class=\"first_name labels\">\n\t\t\t\t<input type=\"text\" class=\"input_labels\" id=\"first_name\" name=\"Nome_Completo\" placeholder=\"Nome\" required \/>\n\t\t\t<\/div>\n\t\t\t<div class=\"email labels\">\n\t\t\t\t<input type=\"email\" class=\"input_labels\" id=\"email\" name=\"Email\" placeholder=\"E-mail\" required \/>\n\t\t\t<\/div>\n\t\t\t<button type=\"submit\" class=\"button_layout\">\n\t\t\t\t<div id=\"lblBotao\">Inscreva-se<\/div>\n\t\t\t\t<span id=\"divSpiner\" class=\"loader\" role=\"status\" style=\"display: none;\"><\/span>\t\n\t\t\t<\/button>\n\t\t<\/div><!-- \/campos -->\n\t\t\n\t\t<label class=\"container_checkbox\">Voc\u00ea concorda com a nossa\n\t\t\t<a class=\"politics_privacy_ahref\" target=\"_blank\" href=\"https:\/\/gratis.estrategiaconcursos.com.br\/politica-de-privacidade\/\">Pol\u00edtica de Privacidade<\/a> e aceita receber informa\u00e7\u00f5es adicionais do Estrat\u00e9gia Educacional.\n\t\t\t<input id=\"checkbox_layout\" type=\"checkbox\" checked=\"checked\" required \/>\n\t\t\t<span class=\"checkbox\"><\/span>\n\t\t<\/label>\n\t\t<div id=\"msg\"><\/div>\n\t\t<div id=\"error\" class=\"error\">\n\t\t<\/div>\n\t<\/form>\n<\/div><!-- \/new-form -->\n\n\n\n<\/p><h2 class=\"wp-block-heading\" id=\"h-solicitacao-de-atendimento-especial\"><span class=\"ez-toc-section\" id=\"Solicitacao-de-atendimento-especial\"><\/span>Solicita&ccedil;&atilde;o de atendimento especial<span class=\"ez-toc-section-end\"><\/span><\/h2><p>Se o candidato precisar de algum<strong> atendimento especial para realizar a prova<\/strong>, deve fazer a solicita&ccedil;&atilde;o j&aacute; no momento da inscri&ccedil;&atilde;o. Para isso, &eacute; necess&aacute;rio acessar o link de inscri&ccedil;&atilde;o na sele&ccedil;&atilde;o e, ao preencher a ficha, indicar no campo &ldquo;Condi&ccedil;&atilde;o Especial&rdquo; quais adapta&ccedil;&otilde;es s&atilde;o necess&aacute;rias, conforme as orienta&ccedil;&otilde;es dispon&iacute;veis. Em alguns casos, tamb&eacute;m ser&aacute; preciso<strong> enviar um laudo m&eacute;dico que comprove a necessidade do atendimento solicitado<\/strong>.<\/p><h2 class=\"wp-block-heading\" id=\"h-inscricao-para-vagas-reservadas\"><span class=\"ez-toc-section\" id=\"Inscricao-para-vagas-reservadas\"><\/span>Inscri&ccedil;&atilde;o para vagas reservadas<span class=\"ez-toc-section-end\"><\/span><\/h2><p>Para participar do processo seletivo nas<strong> vagas reservadas a pessoas com defici&ecirc;ncia<\/strong>, o candidato deve informar na <strong>ficha de inscri&ccedil;&atilde;o o tipo de defici&ecirc;ncia que possui e apresentar o laudo m&eacute;dico correspondente<\/strong>. Essa etapa &eacute; essencial para garantir o direito de concorrer dentro da reserva legal prevista para PcD.<\/p><p>J&aacute; para disputar as<strong> vagas destinadas a candidatos pretos e pardos<\/strong>, &eacute; necess&aacute;rio realizar a <strong>autodeclara&ccedil;&atilde;o no ato da inscri&ccedil;&atilde;o<\/strong>, conforme o quesito cor ou ra&ccedil;a adotado pelo IBGE. O candidato deve indicar na inscri&ccedil;&atilde;o o interesse em concorrer &agrave;s vagas para pretos e pardos, preencher, assinar e digitalizar a autodeclara&ccedil;&atilde;o constante no anexo II do edital e envi&aacute;-la dentro do prazo de inscri&ccedil;&otilde;es. Al&eacute;m disso, o candidato dever&aacute; passar porteriormente pelo procedimento de heteroidentifica&ccedil;&atilde;o<\/p><h2 class=\"wp-block-heading\" id=\"h-requerimento-de-bonificacao-na-nota-final\"><span class=\"ez-toc-section\" id=\"Requerimento-de-bonificacao-na-nota-final\"><\/span>Requerimento de bonifica&ccedil;&atilde;o na nota final<span class=\"ez-toc-section-end\"><\/span><\/h2><p>Candidatos que tenham participado do <strong>Programa de Valoriza&ccedil;&atilde;o do Profissional da Aten&ccedil;&atilde;o B&aacute;sica (PROVAB)<\/strong>, a partir de 2012, ou que tenham ingressado e conclu&iacute;do os <strong>Programas de Resid&ecirc;ncia em Medicina de Fam&iacute;lia e Comunidade\/Medicina Geral de Fam&iacute;lia e Comunidade (PRMFC\/PRMGFC)<\/strong> podem <strong>solicitar bonifica&ccedil;&atilde;o na nota final do processo seletivo<\/strong>. A solicita&ccedil;&atilde;o tamb&eacute;m deve ser feita no momento da inscri&ccedil;&atilde;o. <\/p><p>\n\n\n\n<div class=\"estrategia-catalog\"><p>Categoria \"Banco de Quest&otilde;es\" n\u00e3o encontrada no cat\u00e1logo.<\/p><\/div>\n\n\n\n<\/p><h2 class=\"wp-block-heading\" id=\"h-processo-seletivo-scmrp\"><span class=\"ez-toc-section\" id=\"Processo-seletivo-SCMRP\"><\/span>Processo seletivo SCMRP<span class=\"ez-toc-section-end\"><\/span><\/h2><p>O seletivo ser&aacute;&nbsp;<strong>constitu&iacute;do por etapa &uacute;nica: prova objetiva&nbsp;<\/strong>com peso de&nbsp;<strong>100%<\/strong>.<\/p><p>A Prova Objetiva ser&aacute; aplicada no dia<strong>&nbsp;23 de novembro de 2025,<\/strong>&nbsp;no per&iacute;odo da tarde, na cidade de&nbsp;<strong>Ribeir&atilde;o Preto\/SP.<\/strong>&nbsp;A confirma&ccedil;&atilde;o do local exato de realiza&ccedil;&atilde;o da prova para cada candidato ser&aacute; divulgado por meio de Edital de Convoca&ccedil;&atilde;o no site da COREME da SCMRP e tamb&eacute;m na p&aacute;gina do processo seletivo no site Vunesp.<\/p><p>Para as especialidades de<strong>&nbsp;Acesso Direto<\/strong>, a prova ser&aacute; composta por&nbsp;<strong>100 quest&otilde;es de m&uacute;ltipla escolha, modelo ABCDE<\/strong>, com o tempo m&aacute;ximo de&nbsp;<strong>5 horas&nbsp;<\/strong>para a realiza&ccedil;&atilde;o.&nbsp;O conte&uacute;do das provas foi cobrado de acordo com as seguintes &aacute;reas, sendo 20 quest&otilde;es para cada uma:<\/p><ul class=\"wp-block-list\">\n<li>Medicina Preventiva e Social;<\/li>\n\n\n\n<li>Cl&iacute;nica M&eacute;dica;<\/li>\n\n\n\n<li>Ginecologia e Obstetr&iacute;cia;<\/li>\n\n\n\n<li>Cirurgia Geral; e<\/li>\n\n\n\n<li>Pediatria.<\/li>\n<\/ul><p>No caso das especialidades com<strong>&nbsp;Pr&eacute;-Requisito<\/strong>, o exame ser&aacute; constitu&iacute;do por&nbsp;<strong>50 quest&otilde;es<\/strong>&nbsp;objetivas e&nbsp;<strong>dura&ccedil;&atilde;o de 3 horas.&nbsp;<\/strong>Para as especialidades de&nbsp;<strong>Cardiologia, Nefrologia e Oncologia Cl&iacute;nica<\/strong>, o&nbsp;<strong>conte&uacute;do da prova abordar&aacute; a &aacute;rea de Cl&iacute;nica M&eacute;dica<\/strong>. J&aacute; para a especialidade de<strong>&nbsp;Urologia<\/strong>, o conte&uacute;do da prova ser&aacute; baseado na &aacute;rea de&nbsp;<strong>Cirurgia Geral<\/strong>.<\/p><p>Se voc&ecirc; quer ficar por dentro de mais conte&uacute;dos relevantes sobre a &aacute;rea m&eacute;dica, continue acompanhando o material preparado pelo Portal de Not&iacute;cias do Estrat&eacute;gia MED. Aqui, voc&ecirc; encontrar&aacute; informa&ccedil;&otilde;es atualizadas sobre resid&ecirc;ncias, carreira m&eacute;dica e muito mais.<\/p><p>\n\n\n\n<a id=\"cta\" class=\"cta-imagem\" href=\"https:\/\/med.estrategia.com\/cursos\/simulados\/\" target=\"blank\">\n                <img decoding=\"async\" width=\"100%\" src=\"https:\/\/med.estrategia.com\/portal\/wp-content\/uploads\/2025\/08\/simulados_emed.jpg\" alt=\"\" title=\"simulados_emed\">\n        <\/a>\n<\/p><\/p>\n","protected":false},"excerpt":{"rendered":"Est&atilde;o abertas a partir de hoje (5) as inscri&ccedil;&otilde;es para o processo seletivo de resid&ecirc;ncia m&eacute;dica da Santa&hellip;\n","protected":false},"author":22,"featured_media":86959,"comment_status":"closed","ping_status":"closed","sticky":false,"template":"","format":"standard","meta":{"wl_entities_gutenberg":"","footnotes":""},"categories":[300],"tags":[],"wl_entity_type":[199],"class_list":{"0":"post-93502","1":"post","2":"type-post","3":"status-publish","4":"format-standard","5":"has-post-thumbnail","7":"category-noticias","8":"wl_entity_type-article"},"acf":[],"yoast_head":"<!-- This site is optimized with the Yoast SEO Premium plugin v26.6 (Yoast SEO v26.6) - https:\/\/yoast.com\/wordpress\/plugins\/seo\/ -->\n<title>SCMRP abre per\u00edodo de inscri\u00e7\u00f5es para o processo seletivo de resid\u00eancia m\u00e9dica 2026<\/title>\n<meta name=\"description\" content=\"Saiba como realizar a sua inscri\u00e7\u00e3o no processo seletivo de resid\u00eancia m\u00e9dica da Santa Casa de Miseric\u00f3rdia de Ribeir\u00e3o Preto (SCMRP) 2026!\" \/>\n<meta name=\"robots\" content=\"index, follow, max-snippet:-1, max-image-preview:large, max-video-preview:-1\" \/>\n<link rel=\"canonical\" href=\"https:\/\/med.estrategia.com\/portal\/noticias\/scmrp-inscricoes-processo-seletivo-de-residencia-medica-2026\/\" \/>\n<meta property=\"og:locale\" content=\"pt_BR\" \/>\n<meta property=\"og:type\" content=\"article\" \/>\n<meta property=\"og:title\" content=\"SCMRP abre per\u00edodo de inscri\u00e7\u00f5es para o processo seletivo de resid\u00eancia m\u00e9dica 2026\" \/>\n<meta property=\"og:description\" content=\"Saiba como realizar a sua inscri\u00e7\u00e3o no processo seletivo de resid\u00eancia m\u00e9dica da Santa Casa de Miseric\u00f3rdia de Ribeir\u00e3o Preto (SCMRP) 2026!\" \/>\n<meta property=\"og:url\" content=\"https:\/\/med.estrategia.com\/portal\/noticias\/scmrp-inscricoes-processo-seletivo-de-residencia-medica-2026\/\" \/>\n<meta property=\"og:site_name\" content=\"Estrat\u00e9gia MED\" \/>\n<meta property=\"article:publisher\" content=\"https:\/\/www.facebook.com\/estrategiamed1\" \/>\n<meta property=\"article:published_time\" content=\"2025-09-05T13:45:48+00:00\" \/>\n<meta property=\"article:modified_time\" content=\"2025-09-05T13:45:54+00:00\" \/>\n<meta property=\"og:image\" content=\"https:\/\/med.estrategia.com\/portal\/wp-content\/uploads\/2025\/05\/scmrp-atualizacao.jpg\" \/>\n\t<meta property=\"og:image:width\" content=\"1920\" \/>\n\t<meta property=\"og:image:height\" content=\"1080\" \/>\n\t<meta property=\"og:image:type\" content=\"image\/jpeg\" \/>\n<meta name=\"author\" content=\"Erika Coelho\" \/>\n<meta name=\"twitter:card\" content=\"summary_large_image\" \/>\n<meta name=\"twitter:creator\" content=\"@estrategiamed_\" \/>\n<meta name=\"twitter:site\" content=\"@estrategiamed_\" \/>\n<meta name=\"twitter:label1\" content=\"Escrito por\" \/>\n\t<meta name=\"twitter:data1\" content=\"Erika Coelho\" \/>\n\t<meta name=\"twitter:label2\" content=\"Est. tempo de leitura\" \/>\n\t<meta name=\"twitter:data2\" content=\"4 minutos\" \/>\n<script type=\"application\/ld+json\" class=\"yoast-schema-graph\">{\"@context\":\"https:\/\/schema.org\",\"@graph\":[{\"@type\":\"WebPage\",\"@id\":\"https:\/\/med.estrategia.com\/portal\/noticias\/scmrp-inscricoes-processo-seletivo-de-residencia-medica-2026\/\",\"url\":\"https:\/\/med.estrategia.com\/portal\/noticias\/scmrp-inscricoes-processo-seletivo-de-residencia-medica-2026\/\",\"name\":\"SCMRP abre per\u00edodo de inscri\u00e7\u00f5es para o processo seletivo de resid\u00eancia m\u00e9dica 2026\",\"isPartOf\":{\"@id\":\"https:\/\/med.estrategia.com\/portal\/#website\"},\"primaryImageOfPage\":{\"@id\":\"https:\/\/med.estrategia.com\/portal\/noticias\/scmrp-inscricoes-processo-seletivo-de-residencia-medica-2026\/#primaryimage\"},\"image\":{\"@id\":\"https:\/\/med.estrategia.com\/portal\/noticias\/scmrp-inscricoes-processo-seletivo-de-residencia-medica-2026\/#primaryimage\"},\"thumbnailUrl\":\"https:\/\/med.estrategia.com\/portal\/wp-content\/uploads\/2025\/05\/scmrp-atualizacao.jpg\",\"datePublished\":\"2025-09-05T13:45:48+00:00\",\"dateModified\":\"2025-09-05T13:45:54+00:00\",\"author\":{\"@id\":\"https:\/\/med.estrategia.com\/portal\/#\/schema\/person\/8e7c9b2f53f2eede3b8880ad86ff20a3\"},\"description\":\"Saiba como realizar a sua inscri\u00e7\u00e3o no processo seletivo de resid\u00eancia m\u00e9dica da Santa Casa de Miseric\u00f3rdia de Ribeir\u00e3o Preto (SCMRP) 2026!\",\"breadcrumb\":{\"@id\":\"https:\/\/med.estrategia.com\/portal\/noticias\/scmrp-inscricoes-processo-seletivo-de-residencia-medica-2026\/#breadcrumb\"},\"inLanguage\":\"pt-BR\",\"potentialAction\":[{\"@type\":\"ReadAction\",\"target\":[\"https:\/\/med.estrategia.com\/portal\/noticias\/scmrp-inscricoes-processo-seletivo-de-residencia-medica-2026\/\"]}]},{\"@type\":\"ImageObject\",\"inLanguage\":\"pt-BR\",\"@id\":\"https:\/\/med.estrategia.com\/portal\/noticias\/scmrp-inscricoes-processo-seletivo-de-residencia-medica-2026\/#primaryimage\",\"url\":\"https:\/\/med.estrategia.com\/portal\/wp-content\/uploads\/2025\/05\/scmrp-atualizacao.jpg\",\"contentUrl\":\"https:\/\/med.estrategia.com\/portal\/wp-content\/uploads\/2025\/05\/scmrp-atualizacao.jpg\",\"width\":1920,\"height\":1080,\"caption\":\"Estrat\u00e9gia MED | Foto de Divulga\u00e7\u00e3o: Santa Casa de Miseric\u00f3rdia de Ribeir\u00e3o Preto\"},{\"@type\":\"BreadcrumbList\",\"@id\":\"https:\/\/med.estrategia.com\/portal\/noticias\/scmrp-inscricoes-processo-seletivo-de-residencia-medica-2026\/#breadcrumb\",\"itemListElement\":[{\"@type\":\"ListItem\",\"position\":1,\"name\":\"Home\",\"item\":\"https:\/\/med.estrategia.com\/portal\/\"},{\"@type\":\"ListItem\",\"position\":2,\"name\":\"Not\u00edcias\",\"item\":\"https:\/\/med.estrategia.com\/portal\/noticias\/\"},{\"@type\":\"ListItem\",\"position\":3,\"name\":\"SCMRP abre per\u00edodo de inscri\u00e7\u00f5es para o processo seletivo de resid\u00eancia m\u00e9dica 2026\"}]},{\"@type\":\"WebSite\",\"@id\":\"https:\/\/med.estrategia.com\/portal\/#website\",\"url\":\"https:\/\/med.estrategia.com\/portal\/\",\"name\":\"Estrat\u00e9gia MED\",\"description\":\"\",\"potentialAction\":[{\"@type\":\"SearchAction\",\"target\":{\"@type\":\"EntryPoint\",\"urlTemplate\":\"https:\/\/med.estrategia.com\/portal\/?s={search_term_string}\"},\"query-input\":{\"@type\":\"PropertyValueSpecification\",\"valueRequired\":true,\"valueName\":\"search_term_string\"}}],\"inLanguage\":\"pt-BR\"},{\"@type\":\"Person\",\"@id\":\"https:\/\/med.estrategia.com\/portal\/#\/schema\/person\/8e7c9b2f53f2eede3b8880ad86ff20a3\",\"name\":\"Erika Coelho\",\"image\":{\"@type\":\"ImageObject\",\"inLanguage\":\"pt-BR\",\"@id\":\"https:\/\/med.estrategia.com\/portal\/#\/schema\/person\/image\/\",\"url\":\"https:\/\/secure.gravatar.com\/avatar\/8ef9ff2e2fa53829c640cca8d1a45178?s=96&d=mm&r=g\",\"contentUrl\":\"https:\/\/secure.gravatar.com\/avatar\/8ef9ff2e2fa53829c640cca8d1a45178?s=96&d=mm&r=g\",\"caption\":\"Erika Coelho\"},\"description\":\"Jornalista pela Universidade Presbiteriana Mackenzie, escrevo sobre educa\u00e7\u00e3o, sa\u00fade e pol\u00edticas p\u00fablicas\",\"url\":\"https:\/\/med.estrategia.com\/portal\/author\/erika\/\"}]}<\/script>\n<!-- \/ Yoast SEO Premium plugin. -->","yoast_head_json":{"title":"SCMRP abre per\u00edodo de inscri\u00e7\u00f5es para o processo seletivo de resid\u00eancia m\u00e9dica 2026","description":"Saiba como realizar a sua inscri\u00e7\u00e3o no processo seletivo de resid\u00eancia m\u00e9dica da Santa Casa de Miseric\u00f3rdia de Ribeir\u00e3o Preto (SCMRP) 2026!","robots":{"index":"index","follow":"follow","max-snippet":"max-snippet:-1","max-image-preview":"max-image-preview:large","max-video-preview":"max-video-preview:-1"},"canonical":"https:\/\/med.estrategia.com\/portal\/noticias\/scmrp-inscricoes-processo-seletivo-de-residencia-medica-2026\/","og_locale":"pt_BR","og_type":"article","og_title":"SCMRP abre per\u00edodo de inscri\u00e7\u00f5es para o processo seletivo de resid\u00eancia m\u00e9dica 2026","og_description":"Saiba como realizar a sua inscri\u00e7\u00e3o no processo seletivo de resid\u00eancia m\u00e9dica da Santa Casa de Miseric\u00f3rdia de Ribeir\u00e3o Preto (SCMRP) 2026!","og_url":"https:\/\/med.estrategia.com\/portal\/noticias\/scmrp-inscricoes-processo-seletivo-de-residencia-medica-2026\/","og_site_name":"Estrat\u00e9gia MED","article_publisher":"https:\/\/www.facebook.com\/estrategiamed1","article_published_time":"2025-09-05T13:45:48+00:00","article_modified_time":"2025-09-05T13:45:54+00:00","og_image":[{"width":1920,"height":1080,"url":"https:\/\/med.estrategia.com\/portal\/wp-content\/uploads\/2025\/05\/scmrp-atualizacao.jpg","type":"image\/jpeg"}],"author":"Erika Coelho","twitter_card":"summary_large_image","twitter_creator":"@estrategiamed_","twitter_site":"@estrategiamed_","twitter_misc":{"Escrito por":"Erika Coelho","Est. tempo de leitura":"4 minutos"},"schema":{"@context":"https:\/\/schema.org","@graph":[{"@type":"WebPage","@id":"https:\/\/med.estrategia.com\/portal\/noticias\/scmrp-inscricoes-processo-seletivo-de-residencia-medica-2026\/","url":"https:\/\/med.estrategia.com\/portal\/noticias\/scmrp-inscricoes-processo-seletivo-de-residencia-medica-2026\/","name":"SCMRP abre per\u00edodo de inscri\u00e7\u00f5es para o processo seletivo de resid\u00eancia m\u00e9dica 2026","isPartOf":{"@id":"https:\/\/med.estrategia.com\/portal\/#website"},"primaryImageOfPage":{"@id":"https:\/\/med.estrategia.com\/portal\/noticias\/scmrp-inscricoes-processo-seletivo-de-residencia-medica-2026\/#primaryimage"},"image":{"@id":"https:\/\/med.estrategia.com\/portal\/noticias\/scmrp-inscricoes-processo-seletivo-de-residencia-medica-2026\/#primaryimage"},"thumbnailUrl":"https:\/\/med.estrategia.com\/portal\/wp-content\/uploads\/2025\/05\/scmrp-atualizacao.jpg","datePublished":"2025-09-05T13:45:48+00:00","dateModified":"2025-09-05T13:45:54+00:00","author":{"@id":"https:\/\/med.estrategia.com\/portal\/#\/schema\/person\/8e7c9b2f53f2eede3b8880ad86ff20a3"},"description":"Saiba como realizar a sua inscri\u00e7\u00e3o no processo seletivo de resid\u00eancia m\u00e9dica da Santa Casa de Miseric\u00f3rdia de Ribeir\u00e3o Preto (SCMRP) 2026!","breadcrumb":{"@id":"https:\/\/med.estrategia.com\/portal\/noticias\/scmrp-inscricoes-processo-seletivo-de-residencia-medica-2026\/#breadcrumb"},"inLanguage":"pt-BR","potentialAction":[{"@type":"ReadAction","target":["https:\/\/med.estrategia.com\/portal\/noticias\/scmrp-inscricoes-processo-seletivo-de-residencia-medica-2026\/"]}]},{"@type":"ImageObject","inLanguage":"pt-BR","@id":"https:\/\/med.estrategia.com\/portal\/noticias\/scmrp-inscricoes-processo-seletivo-de-residencia-medica-2026\/#primaryimage","url":"https:\/\/med.estrategia.com\/portal\/wp-content\/uploads\/2025\/05\/scmrp-atualizacao.jpg","contentUrl":"https:\/\/med.estrategia.com\/portal\/wp-content\/uploads\/2025\/05\/scmrp-atualizacao.jpg","width":1920,"height":1080,"caption":"Estrat\u00e9gia MED | Foto de Divulga\u00e7\u00e3o: Santa Casa de Miseric\u00f3rdia de Ribeir\u00e3o Preto"},{"@type":"BreadcrumbList","@id":"https:\/\/med.estrategia.com\/portal\/noticias\/scmrp-inscricoes-processo-seletivo-de-residencia-medica-2026\/#breadcrumb","itemListElement":[{"@type":"ListItem","position":1,"name":"Home","item":"https:\/\/med.estrategia.com\/portal\/"},{"@type":"ListItem","position":2,"name":"Not\u00edcias","item":"https:\/\/med.estrategia.com\/portal\/noticias\/"},{"@type":"ListItem","position":3,"name":"SCMRP abre per\u00edodo de inscri\u00e7\u00f5es para o processo seletivo de resid\u00eancia m\u00e9dica 2026"}]},{"@type":"WebSite","@id":"https:\/\/med.estrategia.com\/portal\/#website","url":"https:\/\/med.estrategia.com\/portal\/","name":"Estrat\u00e9gia MED","description":"","potentialAction":[{"@type":"SearchAction","target":{"@type":"EntryPoint","urlTemplate":"https:\/\/med.estrategia.com\/portal\/?s={search_term_string}"},"query-input":{"@type":"PropertyValueSpecification","valueRequired":true,"valueName":"search_term_string"}}],"inLanguage":"pt-BR"},{"@type":"Person","@id":"https:\/\/med.estrategia.com\/portal\/#\/schema\/person\/8e7c9b2f53f2eede3b8880ad86ff20a3","name":"Erika Coelho","image":{"@type":"ImageObject","inLanguage":"pt-BR","@id":"https:\/\/med.estrategia.com\/portal\/#\/schema\/person\/image\/","url":"https:\/\/secure.gravatar.com\/avatar\/8ef9ff2e2fa53829c640cca8d1a45178?s=96&d=mm&r=g","contentUrl":"https:\/\/secure.gravatar.com\/avatar\/8ef9ff2e2fa53829c640cca8d1a45178?s=96&d=mm&r=g","caption":"Erika Coelho"},"description":"Jornalista pela Universidade Presbiteriana Mackenzie, escrevo sobre educa\u00e7\u00e3o, sa\u00fade e pol\u00edticas p\u00fablicas","url":"https:\/\/med.estrategia.com\/portal\/author\/erika\/"}]}},"_wl_alt_label":[],"wl:entity_url":"\/post\/-93502","_links":{"self":[{"href":"https:\/\/med.estrategia.com\/portal\/wp-json\/wp\/v2\/posts\/93502","targetHints":{"allow":["GET"]}}],"collection":[{"href":"https:\/\/med.estrategia.com\/portal\/wp-json\/wp\/v2\/posts"}],"about":[{"href":"https:\/\/med.estrategia.com\/portal\/wp-json\/wp\/v2\/types\/post"}],"author":[{"embeddable":true,"href":"https:\/\/med.estrategia.com\/portal\/wp-json\/wp\/v2\/users\/22"}],"replies":[{"embeddable":true,"href":"https:\/\/med.estrategia.com\/portal\/wp-json\/wp\/v2\/comments?post=93502"}],"version-history":[{"count":3,"href":"https:\/\/med.estrategia.com\/portal\/wp-json\/wp\/v2\/posts\/93502\/revisions"}],"predecessor-version":[{"id":93715,"href":"https:\/\/med.estrategia.com\/portal\/wp-json\/wp\/v2\/posts\/93502\/revisions\/93715"}],"wp:featuredmedia":[{"embeddable":true,"href":"https:\/\/med.estrategia.com\/portal\/wp-json\/wp\/v2\/media\/86959"}],"wp:attachment":[{"href":"https:\/\/med.estrategia.com\/portal\/wp-json\/wp\/v2\/media?parent=93502"}],"wp:term":[{"taxonomy":"category","embeddable":true,"href":"https:\/\/med.estrategia.com\/portal\/wp-json\/wp\/v2\/categories?post=93502"},{"taxonomy":"post_tag","embeddable":true,"href":"https:\/\/med.estrategia.com\/portal\/wp-json\/wp\/v2\/tags?post=93502"},{"taxonomy":"wl_entity_type","embeddable":true,"href":"https:\/\/med.estrategia.com\/portal\/wp-json\/wp\/v2\/wl_entity_type?post=93502"}],"curies":[{"name":"wp","href":"https:\/\/api.w.org\/{rel}","templated":true}]}}