{"id":94158,"date":"2025-09-12T15:48:40","date_gmt":"2025-09-12T18:48:40","guid":{"rendered":"https:\/\/med.estrategia.com\/portal\/?p=94158"},"modified":"2025-09-19T15:24:53","modified_gmt":"2025-09-19T18:24:53","slug":"inep-antecipa-detalhes-da-2a-etapa-do-revalida-2025-2","status":"publish","type":"post","link":"https:\/\/med.estrategia.com\/portal\/noticias\/inep-antecipa-detalhes-da-2a-etapa-do-revalida-2025-2\/","title":{"rendered":"INEP antecipa detalhes da 2\u00aa etapa do Revalida 2025.2"},"content":{"rendered":"<p>O <strong>Instituto Nacional de Estudos e Pesquisas Educacionais An&iacute;sio Teixeira (Inep)<\/strong> anunciou nesta quinta-feira (11)&nbsp;mudan&ccedil;as importantes para a <strong>edi&ccedil;&atilde;o 2025.2<\/strong> do Exame Nacional de Revalida&ccedil;&atilde;o de Diplomas M&eacute;dicos Expedidos por Institui&ccedil;&atilde;o de Educa&ccedil;&atilde;o Superior Estrangeira (Revalida)<strong>.<\/strong> A principal novidade &eacute; que<strong> as compet&ecirc;ncias antes avaliadas na<\/strong> <strong>prova discursiva<\/strong> <strong>passam a ser contempladas na segunda etapa<\/strong>, durante a <strong>prova de habilidades cl&iacute;nicas<\/strong>.<p>Al&eacute;m da execu&ccedil;&atilde;o de <strong>procedimentos pr&aacute;ticos<\/strong>, essa fase incluir&aacute; <strong>compet&ecirc;ncias escritas<\/strong>, como elabora&ccedil;&atilde;o de laudos, atestados, notifica&ccedil;&otilde;es, encaminhamentos e registros de casos em passagem de plant&atilde;o &mdash; atividades que refletem situa&ccedil;&otilde;es comuns do cotidiano m&eacute;dico.<\/p><p>O time de jornalismo do Estrat&eacute;gia MED entrou em contato com o Inep para buscar mais informa&ccedil;&otilde;es sobre a aplica&ccedil;&atilde;o da segunda etapa, sem data de aplica&ccedil;&atilde;o prevista, por&eacute;m, foi informado que <strong>as regras espec&iacute;ficas relacionadas &agrave; etapa estar&atilde;o dispon&iacute;veis com a publica&ccedil;&atilde;o do respectivo edital de prova<\/strong>.<\/p><p>Ainda, como j&aacute; divulgado anteriormente, as quest&otilde;es ser&atilde;o elaboradas a partir do <strong>Banco Nacional de Itens da Educa&ccedil;&atilde;o Superior<\/strong> e ter&atilde;o como refer&ecirc;ncia a <strong>Matriz Comum de Avalia&ccedil;&atilde;o da Forma&ccedil;&atilde;o M&eacute;dica<\/strong>, publicada pelo Inep. Para a primeira fase, a prova ser&aacute; composta exclusivamente por uma prova objetiva, com 100 quest&otilde;es de m&uacute;ltipla escolha, sem a tradicional divis&atilde;o em duas partes &mdash; objetiva (P1) e discursiva (P2).<\/p><p class=\"wp-block-verse\">Confira tamb&eacute;m: <a href=\"https:\/\/med.estrategia.com\/portal\/noticias\/inep-matriz-de-referencia-comum-avaliacao-formacao-medica\/\" target=\"_blank\">Inep publica portaria que institui Matriz de Refer&ecirc;ncia para o Enamed e Revalida<\/a><\/p><p>Outra altera&ccedil;&atilde;o relevante diz respeito ao <strong>hor&aacute;rio de aplica&ccedil;&atilde;o<\/strong>. Pela primeira vez, a prova objetiva acontecer&aacute; <strong>exclusivamente no per&iacute;odo da tarde<\/strong>, com dura&ccedil;&atilde;o de <strong>cinco horas<\/strong>. O cronograma prev&ecirc; abertura dos port&otilde;es &agrave;s 12h com fechamento &agrave;s 13h, e in&iacute;cio da prova &agrave;s 13h30 com t&eacute;rmino &agrave;s 18h30, sempre de acordo com o hor&aacute;rio oficial de Bras&iacute;lia.<\/p><p>A aplica&ccedil;&atilde;o da primeira etapa tamb&eacute;m ser&aacute; <strong>expandida<\/strong>. Os candidatos poder&atilde;o realizar a prova em <strong>todas as capitais dos estados brasileiros<\/strong> e no Distrito Federal, ampliando o acesso aos participantes.<\/p><p class=\"wp-block-preformatted\">+ <a href=\"https:\/\/med.estrategia.com\/portal\/noticias\/revalida-inep-2025-2-confira-o-edital-da-1a-etapa\/\" target=\"_blank\">Revalida INEP 2025.2: confira o edital da 1&ordf; etapa<\/a><br>+ <a href=\"https:\/\/med.estrategia.com\/portal\/noticias\/revalida-inep-2025-2-confira-a-nota-de-corte-para-a-1a-etapa\/\" target=\"_blank\">Revalida INEP 2025.2: nota de corte da 1&ordf; etapa &eacute; retificada<\/a><\/p><p>\n\n\n<div id=\"new-form\">\n\t<form id=\"forms_layout\">\n\t<input type=\"hidden\" id=\"chave_de\" name=\"chave_de\" value=\"01_EMED_LEADS_TOTAIS\" \/>\n\t\t<input type=\"hidden\" id=\"mid\" name=\"mid\" value=\"515009018\" \/>\n\t\t<input type=\"hidden\" id=\"Objetivo\" name=\"Objetivo\" value=\"Medicina\" \/>\n\t\t<input type=\"hidden\" id=\"Estado_de_Origem_do_IP\" name=\"Estado_de_Origem_do_IP\"  value=\"\" \/>\n\t\t<input type=\"hidden\" id=\"Cidade_de_Origem_do_IP\" name=\"Cidade_de_Origem_do_IP\" value=\"\" \/>\n\t\t<input type=\"hidden\" id=\"Modo_de_entrada\" name=\"Modo_de_entrada\" value=\"Portal\" \/>\n\t\t<input type=\"hidden\" id=\"Pagina_Origem\" name=\"Pagina_Origem\" value=\"\" \/>\n\n\t\t<div class=\"texto\">\n\t\t\t<div id=\"ez-toc-container\" class=\"ez-toc-v2_0_79_2 counter-hierarchy ez-toc-counter ez-toc-transparent ez-toc-container-direction\">\n<div class=\"ez-toc-title-container\"><p class=\"ez-toc-title\" style=\"cursor:inherit\">Navegue pelo conte\u00fado<\/p>\n<\/div><nav><ul class='ez-toc-list ez-toc-list-level-1 ' ><ul class='ez-toc-list-level-3' ><li class='ez-toc-heading-level-3'><a class=\"ez-toc-link ez-toc-heading-1\" href=\"https:\/\/med.estrategia.com\/portal\/noticias\/inep-antecipa-detalhes-da-2a-etapa-do-revalida-2025-2\/#Inscreva-se-em-nossa-newsletter\" >Inscreva-se em nossa newsletter!<\/a><\/li><\/ul><\/li><li class='ez-toc-page-1 ez-toc-heading-level-2'><a class=\"ez-toc-link ez-toc-heading-2\" href=\"https:\/\/med.estrategia.com\/portal\/noticias\/inep-antecipa-detalhes-da-2a-etapa-do-revalida-2025-2\/#O-que-e-o-Revalida\" >O que &eacute; o Revalida?<\/a><\/li><\/ul><\/nav><\/div>\n<h3 class=\"news\"><span class=\"ez-toc-section\" id=\"Inscreva-se-em-nossa-newsletter\"><\/span>Inscreva-se em nossa newsletter!<span class=\"ez-toc-section-end\"><\/span><\/h3>\n\t\t\t<p>Receba not\u00edcias sobre resid\u00eancia m\u00e9dica, revalida\u00e7\u00e3o de diplomas e concursos m\u00e9dicos, al\u00e9m de materiais de estudo gratuitos e informa\u00e7\u00f5es relevantes do mundo da Medicina.<\/p>\n\t\t<\/div>\n\t\t<div class=\"campos\">\n\t\t\t<div class=\"first_name labels\">\n\t\t\t\t<input type=\"text\" class=\"input_labels\" id=\"first_name\" name=\"Nome_Completo\" placeholder=\"Nome\" required \/>\n\t\t\t<\/div>\n\t\t\t<div class=\"email labels\">\n\t\t\t\t<input type=\"email\" class=\"input_labels\" id=\"email\" name=\"Email\" placeholder=\"E-mail\" required \/>\n\t\t\t<\/div>\n\t\t\t<button type=\"submit\" class=\"button_layout\">\n\t\t\t\t<div id=\"lblBotao\">Inscreva-se<\/div>\n\t\t\t\t<span id=\"divSpiner\" class=\"loader\" role=\"status\" style=\"display: none;\"><\/span>\t\n\t\t\t<\/button>\n\t\t<\/div><!-- \/campos -->\n\t\t\n\t\t<label class=\"container_checkbox\">Voc\u00ea concorda com a nossa\n\t\t\t<a class=\"politics_privacy_ahref\" target=\"_blank\" href=\"https:\/\/gratis.estrategiaconcursos.com.br\/politica-de-privacidade\/\">Pol\u00edtica de Privacidade<\/a> e aceita receber informa\u00e7\u00f5es adicionais do Estrat\u00e9gia Educacional.\n\t\t\t<input id=\"checkbox_layout\" type=\"checkbox\" checked=\"checked\" required \/>\n\t\t\t<span class=\"checkbox\"><\/span>\n\t\t<\/label>\n\t\t<div id=\"msg\"><\/div>\n\t\t<div id=\"error\" class=\"error\">\n\t\t<\/div>\n\t<\/form>\n<\/div><!-- \/new-form -->\n\n\n\n<\/p><h2 class=\"wp-block-heading\" id=\"h-o-que-e-o-revalida\"><span class=\"ez-toc-section\" id=\"O-que-e-o-Revalida\"><\/span>O que &eacute; o Revalida?<span class=\"ez-toc-section-end\"><\/span><\/h2><p>O&nbsp;<a href=\"https:\/\/med.estrategia.com\/portal\/residencia-medica\/programa-de-residencia-medica\/o-que-e-revalida\/\" target=\"_blank\">Exame Nacional de Revalida&ccedil;&atilde;o de Diplomas M&eacute;dicos Expedidos por Institui&ccedil;&atilde;o de Ensino Superior Estrangeira<\/a>&nbsp;(Revalida) &eacute; uma das principais provas relacionadas &agrave;&nbsp;<strong>revalida&ccedil;&atilde;o de diplomas no Brasil.<\/strong>&nbsp;Organizada pelo&nbsp;<a href=\"https:\/\/www.gov.br\/inep\/pt-br\/areas-de-atuacao\/avaliacao-e-exames-educacionais\/revalida\" target=\"_blank\">Inep<\/a>&nbsp;desde 2011, a avalia&ccedil;&atilde;o &eacute; voltada para&nbsp;<strong>estrangeiros ou brasileiros que cursaram a faculdade de Medicina no exterior&nbsp;<\/strong>e querem&nbsp;<strong>exercer a profiss&atilde;o no Brasil.&nbsp;<\/strong><\/p><p>Al&eacute;m do Revalida INEP,&nbsp;<strong>outras provas de revalida&ccedil;&atilde;o de diplomas<\/strong>&nbsp;em medicina no Brasil coexistem, como&nbsp;<a href=\"https:\/\/med.estrategia.com\/portal\/revalida\/revalida-usp\/\" target=\"_blank\">Revalida USP<\/a>,&nbsp;<a href=\"https:\/\/med.estrategia.com\/portal\/revalida\/revalida-ufmt-edital\/\" target=\"_blank\">Revalida UFMT<\/a>,&nbsp;<a href=\"https:\/\/med.estrategia.com\/portal\/revalida\/unirg\/\">Revalida UnirG<\/a>,&nbsp;<a href=\"https:\/\/med.estrategia.com\/portal\/revalida\/revalida-uepa\/\">Revalida UEPA<\/a>&nbsp;etc. Clique no bot&atilde;o abaixo para saber mais sobre o Revalida INEP!<\/p><div class=\"wp-block-buttons is-content-justification-center is-layout-flex wp-container-core-buttons-is-layout-1 wp-block-buttons-is-layout-flex\">\n<div class=\"wp-block-button\"><a class=\"wp-block-button__link wp-element-button\" href=\"https:\/\/med.estrategia.com\/portal\/revalida\/revalida-inep\/\" target=\"_blank\">Tudo sobre o Revalida INEP<\/a><\/div>\n<\/div><p>Se voc&ecirc; quer ficar por dentro de mais conte&uacute;dos relevantes sobre a &aacute;rea m&eacute;dica, continue acompanhando o material preparado pelo&nbsp;<a href=\"https:\/\/med.estrategia.com\/portal\/\" target=\"_blank\">Portal de Not&iacute;cias do Estrat&eacute;gia MED<\/a>. Aqui, voc&ecirc; encontrar&aacute; informa&ccedil;&otilde;es atualizadas sobre resid&ecirc;ncias, carreira m&eacute;dica e muito mais.<\/p><p>\n\n\n\n<a id=\"cta\" class=\"cta-imagem\" href=\"https:\/\/med.estrategia.com\/cursos\/\" target=\"blank\">\n                <img decoding=\"async\" width=\"100%\" src=\"https:\/\/med.estrategia.com\/portal\/wp-content\/uploads\/2025\/08\/estrategia_geral.jpg\" alt=\"\" title=\"estrategia_geral\">\n        <\/a>\n<\/p><\/p>\n","protected":false},"excerpt":{"rendered":"Sem prova discursiva, Revalida passar\u00e1 a medir as compet\u00eancias desta avalia\u00e7\u00e3o na fase pr\u00e1tica\n","protected":false},"author":52,"featured_media":85454,"comment_status":"closed","ping_status":"closed","sticky":false,"template":"","format":"standard","meta":{"wl_entities_gutenberg":"","footnotes":""},"categories":[300],"tags":[],"wl_entity_type":[199],"class_list":{"0":"post-94158","1":"post","2":"type-post","3":"status-publish","4":"format-standard","5":"has-post-thumbnail","7":"category-noticias","8":"wl_entity_type-article"},"acf":[],"yoast_head":"<!-- This site is optimized with the Yoast SEO Premium plugin v26.6 (Yoast SEO v26.6) - https:\/\/yoast.com\/wordpress\/plugins\/seo\/ -->\n<title>INEP antecipa detalhes da 2\u00aa etapa do Revalida 2025.2<\/title>\n<meta name=\"description\" content=\"Revalida 2025.2: compet\u00eancias discursivas ser\u00e3o avaliadas na etapa pr\u00e1tica de habilidades cl\u00ednicas, com foco no cotidiano m\u00e9dico.\" \/>\n<meta name=\"robots\" content=\"index, follow, max-snippet:-1, max-image-preview:large, max-video-preview:-1\" \/>\n<link rel=\"canonical\" href=\"https:\/\/med.estrategia.com\/portal\/noticias\/inep-antecipa-detalhes-da-2a-etapa-do-revalida-2025-2\/\" \/>\n<meta property=\"og:locale\" content=\"pt_BR\" \/>\n<meta property=\"og:type\" content=\"article\" \/>\n<meta property=\"og:title\" content=\"INEP antecipa detalhes da 2\u00aa etapa do Revalida 2025.2\" \/>\n<meta property=\"og:description\" content=\"Revalida 2025.2: compet\u00eancias discursivas ser\u00e3o avaliadas na etapa pr\u00e1tica de habilidades cl\u00ednicas, com foco no cotidiano m\u00e9dico.\" \/>\n<meta property=\"og:url\" content=\"https:\/\/med.estrategia.com\/portal\/noticias\/inep-antecipa-detalhes-da-2a-etapa-do-revalida-2025-2\/\" \/>\n<meta property=\"og:site_name\" content=\"Estrat\u00e9gia MED\" \/>\n<meta property=\"article:publisher\" content=\"https:\/\/www.facebook.com\/estrategiamed1\" \/>\n<meta property=\"article:published_time\" content=\"2025-09-12T18:48:40+00:00\" \/>\n<meta property=\"article:modified_time\" content=\"2025-09-19T18:24:53+00:00\" \/>\n<meta property=\"og:image\" content=\"https:\/\/med.estrategia.com\/portal\/wp-content\/uploads\/2025\/04\/revalida-inep-atualizacao.jpg\" \/>\n\t<meta property=\"og:image:width\" content=\"1920\" \/>\n\t<meta property=\"og:image:height\" content=\"1080\" \/>\n\t<meta property=\"og:image:type\" content=\"image\/jpeg\" \/>\n<meta name=\"author\" content=\"Arion Wolff\" \/>\n<meta name=\"twitter:card\" content=\"summary_large_image\" \/>\n<meta name=\"twitter:creator\" content=\"@estrategiamed_\" \/>\n<meta name=\"twitter:site\" content=\"@estrategiamed_\" \/>\n<meta name=\"twitter:label1\" content=\"Escrito por\" \/>\n\t<meta name=\"twitter:data1\" content=\"Arion Wolff\" \/>\n\t<meta name=\"twitter:label2\" content=\"Est. tempo de leitura\" \/>\n\t<meta name=\"twitter:data2\" content=\"3 minutos\" \/>\n<script type=\"application\/ld+json\" class=\"yoast-schema-graph\">{\"@context\":\"https:\/\/schema.org\",\"@graph\":[{\"@type\":\"WebPage\",\"@id\":\"https:\/\/med.estrategia.com\/portal\/noticias\/inep-antecipa-detalhes-da-2a-etapa-do-revalida-2025-2\/\",\"url\":\"https:\/\/med.estrategia.com\/portal\/noticias\/inep-antecipa-detalhes-da-2a-etapa-do-revalida-2025-2\/\",\"name\":\"INEP antecipa detalhes da 2\u00aa etapa do Revalida 2025.2\",\"isPartOf\":{\"@id\":\"https:\/\/med.estrategia.com\/portal\/#website\"},\"primaryImageOfPage\":{\"@id\":\"https:\/\/med.estrategia.com\/portal\/noticias\/inep-antecipa-detalhes-da-2a-etapa-do-revalida-2025-2\/#primaryimage\"},\"image\":{\"@id\":\"https:\/\/med.estrategia.com\/portal\/noticias\/inep-antecipa-detalhes-da-2a-etapa-do-revalida-2025-2\/#primaryimage\"},\"thumbnailUrl\":\"https:\/\/med.estrategia.com\/portal\/wp-content\/uploads\/2025\/04\/revalida-inep-atualizacao.jpg\",\"datePublished\":\"2025-09-12T18:48:40+00:00\",\"dateModified\":\"2025-09-19T18:24:53+00:00\",\"author\":{\"@id\":\"https:\/\/med.estrategia.com\/portal\/#\/schema\/person\/b6aba49604868a427dd15c3b1fc6a8bc\"},\"description\":\"Revalida 2025.2: compet\u00eancias discursivas ser\u00e3o avaliadas na etapa pr\u00e1tica de habilidades cl\u00ednicas, com foco no cotidiano m\u00e9dico.\",\"breadcrumb\":{\"@id\":\"https:\/\/med.estrategia.com\/portal\/noticias\/inep-antecipa-detalhes-da-2a-etapa-do-revalida-2025-2\/#breadcrumb\"},\"inLanguage\":\"pt-BR\",\"potentialAction\":[{\"@type\":\"ReadAction\",\"target\":[\"https:\/\/med.estrategia.com\/portal\/noticias\/inep-antecipa-detalhes-da-2a-etapa-do-revalida-2025-2\/\"]}]},{\"@type\":\"ImageObject\",\"inLanguage\":\"pt-BR\",\"@id\":\"https:\/\/med.estrategia.com\/portal\/noticias\/inep-antecipa-detalhes-da-2a-etapa-do-revalida-2025-2\/#primaryimage\",\"url\":\"https:\/\/med.estrategia.com\/portal\/wp-content\/uploads\/2025\/04\/revalida-inep-atualizacao.jpg\",\"contentUrl\":\"https:\/\/med.estrategia.com\/portal\/wp-content\/uploads\/2025\/04\/revalida-inep-atualizacao.jpg\",\"width\":1920,\"height\":1080,\"caption\":\"Foto: Marcelo Camargo\/Ag\u00eancia Brasil\"},{\"@type\":\"BreadcrumbList\",\"@id\":\"https:\/\/med.estrategia.com\/portal\/noticias\/inep-antecipa-detalhes-da-2a-etapa-do-revalida-2025-2\/#breadcrumb\",\"itemListElement\":[{\"@type\":\"ListItem\",\"position\":1,\"name\":\"Home\",\"item\":\"https:\/\/med.estrategia.com\/portal\/\"},{\"@type\":\"ListItem\",\"position\":2,\"name\":\"Not\u00edcias\",\"item\":\"https:\/\/med.estrategia.com\/portal\/noticias\/\"},{\"@type\":\"ListItem\",\"position\":3,\"name\":\"INEP antecipa detalhes da 2\u00aa etapa do Revalida 2025.2\"}]},{\"@type\":\"WebSite\",\"@id\":\"https:\/\/med.estrategia.com\/portal\/#website\",\"url\":\"https:\/\/med.estrategia.com\/portal\/\",\"name\":\"Estrat\u00e9gia MED\",\"description\":\"\",\"potentialAction\":[{\"@type\":\"SearchAction\",\"target\":{\"@type\":\"EntryPoint\",\"urlTemplate\":\"https:\/\/med.estrategia.com\/portal\/?s={search_term_string}\"},\"query-input\":{\"@type\":\"PropertyValueSpecification\",\"valueRequired\":true,\"valueName\":\"search_term_string\"}}],\"inLanguage\":\"pt-BR\"},{\"@type\":\"Person\",\"@id\":\"https:\/\/med.estrategia.com\/portal\/#\/schema\/person\/b6aba49604868a427dd15c3b1fc6a8bc\",\"name\":\"Arion Wolff\",\"image\":{\"@type\":\"ImageObject\",\"inLanguage\":\"pt-BR\",\"@id\":\"https:\/\/med.estrategia.com\/portal\/#\/schema\/person\/image\/\",\"url\":\"https:\/\/med.estrategia.com\/portal\/wp-content\/uploads\/2023\/12\/arion-wolff-estrategia-med-150x150.jpg\",\"contentUrl\":\"https:\/\/med.estrategia.com\/portal\/wp-content\/uploads\/2023\/12\/arion-wolff-estrategia-med-150x150.jpg\",\"caption\":\"Arion Wolff\"},\"description\":\"Jornalista formado pela UNIFATEC e p\u00f3s-graduado em Jornalismo Digital pela UNINTER. Escrevo sobre medicina, resid\u00eancia m\u00e9dica e sa\u00fade. Entusiasta de filmes, livros, bons dramas e romances gen\u00e9ricos.\",\"sameAs\":[\"http:\/\/med.estrategia.com\"],\"url\":\"https:\/\/med.estrategia.com\/portal\/author\/arion-santos\/\"}]}<\/script>\n<!-- \/ Yoast SEO Premium plugin. -->","yoast_head_json":{"title":"INEP antecipa detalhes da 2\u00aa etapa do Revalida 2025.2","description":"Revalida 2025.2: compet\u00eancias discursivas ser\u00e3o avaliadas na etapa pr\u00e1tica de habilidades cl\u00ednicas, com foco no cotidiano m\u00e9dico.","robots":{"index":"index","follow":"follow","max-snippet":"max-snippet:-1","max-image-preview":"max-image-preview:large","max-video-preview":"max-video-preview:-1"},"canonical":"https:\/\/med.estrategia.com\/portal\/noticias\/inep-antecipa-detalhes-da-2a-etapa-do-revalida-2025-2\/","og_locale":"pt_BR","og_type":"article","og_title":"INEP antecipa detalhes da 2\u00aa etapa do Revalida 2025.2","og_description":"Revalida 2025.2: compet\u00eancias discursivas ser\u00e3o avaliadas na etapa pr\u00e1tica de habilidades cl\u00ednicas, com foco no cotidiano m\u00e9dico.","og_url":"https:\/\/med.estrategia.com\/portal\/noticias\/inep-antecipa-detalhes-da-2a-etapa-do-revalida-2025-2\/","og_site_name":"Estrat\u00e9gia MED","article_publisher":"https:\/\/www.facebook.com\/estrategiamed1","article_published_time":"2025-09-12T18:48:40+00:00","article_modified_time":"2025-09-19T18:24:53+00:00","og_image":[{"width":1920,"height":1080,"url":"https:\/\/med.estrategia.com\/portal\/wp-content\/uploads\/2025\/04\/revalida-inep-atualizacao.jpg","type":"image\/jpeg"}],"author":"Arion Wolff","twitter_card":"summary_large_image","twitter_creator":"@estrategiamed_","twitter_site":"@estrategiamed_","twitter_misc":{"Escrito por":"Arion Wolff","Est. tempo de leitura":"3 minutos"},"schema":{"@context":"https:\/\/schema.org","@graph":[{"@type":"WebPage","@id":"https:\/\/med.estrategia.com\/portal\/noticias\/inep-antecipa-detalhes-da-2a-etapa-do-revalida-2025-2\/","url":"https:\/\/med.estrategia.com\/portal\/noticias\/inep-antecipa-detalhes-da-2a-etapa-do-revalida-2025-2\/","name":"INEP antecipa detalhes da 2\u00aa etapa do Revalida 2025.2","isPartOf":{"@id":"https:\/\/med.estrategia.com\/portal\/#website"},"primaryImageOfPage":{"@id":"https:\/\/med.estrategia.com\/portal\/noticias\/inep-antecipa-detalhes-da-2a-etapa-do-revalida-2025-2\/#primaryimage"},"image":{"@id":"https:\/\/med.estrategia.com\/portal\/noticias\/inep-antecipa-detalhes-da-2a-etapa-do-revalida-2025-2\/#primaryimage"},"thumbnailUrl":"https:\/\/med.estrategia.com\/portal\/wp-content\/uploads\/2025\/04\/revalida-inep-atualizacao.jpg","datePublished":"2025-09-12T18:48:40+00:00","dateModified":"2025-09-19T18:24:53+00:00","author":{"@id":"https:\/\/med.estrategia.com\/portal\/#\/schema\/person\/b6aba49604868a427dd15c3b1fc6a8bc"},"description":"Revalida 2025.2: compet\u00eancias discursivas ser\u00e3o avaliadas na etapa pr\u00e1tica de habilidades cl\u00ednicas, com foco no cotidiano m\u00e9dico.","breadcrumb":{"@id":"https:\/\/med.estrategia.com\/portal\/noticias\/inep-antecipa-detalhes-da-2a-etapa-do-revalida-2025-2\/#breadcrumb"},"inLanguage":"pt-BR","potentialAction":[{"@type":"ReadAction","target":["https:\/\/med.estrategia.com\/portal\/noticias\/inep-antecipa-detalhes-da-2a-etapa-do-revalida-2025-2\/"]}]},{"@type":"ImageObject","inLanguage":"pt-BR","@id":"https:\/\/med.estrategia.com\/portal\/noticias\/inep-antecipa-detalhes-da-2a-etapa-do-revalida-2025-2\/#primaryimage","url":"https:\/\/med.estrategia.com\/portal\/wp-content\/uploads\/2025\/04\/revalida-inep-atualizacao.jpg","contentUrl":"https:\/\/med.estrategia.com\/portal\/wp-content\/uploads\/2025\/04\/revalida-inep-atualizacao.jpg","width":1920,"height":1080,"caption":"Foto: Marcelo Camargo\/Ag\u00eancia Brasil"},{"@type":"BreadcrumbList","@id":"https:\/\/med.estrategia.com\/portal\/noticias\/inep-antecipa-detalhes-da-2a-etapa-do-revalida-2025-2\/#breadcrumb","itemListElement":[{"@type":"ListItem","position":1,"name":"Home","item":"https:\/\/med.estrategia.com\/portal\/"},{"@type":"ListItem","position":2,"name":"Not\u00edcias","item":"https:\/\/med.estrategia.com\/portal\/noticias\/"},{"@type":"ListItem","position":3,"name":"INEP antecipa detalhes da 2\u00aa etapa do Revalida 2025.2"}]},{"@type":"WebSite","@id":"https:\/\/med.estrategia.com\/portal\/#website","url":"https:\/\/med.estrategia.com\/portal\/","name":"Estrat\u00e9gia MED","description":"","potentialAction":[{"@type":"SearchAction","target":{"@type":"EntryPoint","urlTemplate":"https:\/\/med.estrategia.com\/portal\/?s={search_term_string}"},"query-input":{"@type":"PropertyValueSpecification","valueRequired":true,"valueName":"search_term_string"}}],"inLanguage":"pt-BR"},{"@type":"Person","@id":"https:\/\/med.estrategia.com\/portal\/#\/schema\/person\/b6aba49604868a427dd15c3b1fc6a8bc","name":"Arion Wolff","image":{"@type":"ImageObject","inLanguage":"pt-BR","@id":"https:\/\/med.estrategia.com\/portal\/#\/schema\/person\/image\/","url":"https:\/\/med.estrategia.com\/portal\/wp-content\/uploads\/2023\/12\/arion-wolff-estrategia-med-150x150.jpg","contentUrl":"https:\/\/med.estrategia.com\/portal\/wp-content\/uploads\/2023\/12\/arion-wolff-estrategia-med-150x150.jpg","caption":"Arion Wolff"},"description":"Jornalista formado pela UNIFATEC e p\u00f3s-graduado em Jornalismo Digital pela UNINTER. Escrevo sobre medicina, resid\u00eancia m\u00e9dica e sa\u00fade. Entusiasta de filmes, livros, bons dramas e romances gen\u00e9ricos.","sameAs":["http:\/\/med.estrategia.com"],"url":"https:\/\/med.estrategia.com\/portal\/author\/arion-santos\/"}]}},"_wl_alt_label":[],"wl:entity_url":"\/post\/inep-antecipa-detalhes-da-2a-etapa-do-revalida-2025-2-94158","_links":{"self":[{"href":"https:\/\/med.estrategia.com\/portal\/wp-json\/wp\/v2\/posts\/94158","targetHints":{"allow":["GET"]}}],"collection":[{"href":"https:\/\/med.estrategia.com\/portal\/wp-json\/wp\/v2\/posts"}],"about":[{"href":"https:\/\/med.estrategia.com\/portal\/wp-json\/wp\/v2\/types\/post"}],"author":[{"embeddable":true,"href":"https:\/\/med.estrategia.com\/portal\/wp-json\/wp\/v2\/users\/52"}],"replies":[{"embeddable":true,"href":"https:\/\/med.estrategia.com\/portal\/wp-json\/wp\/v2\/comments?post=94158"}],"version-history":[{"count":10,"href":"https:\/\/med.estrategia.com\/portal\/wp-json\/wp\/v2\/posts\/94158\/revisions"}],"predecessor-version":[{"id":94172,"href":"https:\/\/med.estrategia.com\/portal\/wp-json\/wp\/v2\/posts\/94158\/revisions\/94172"}],"wp:featuredmedia":[{"embeddable":true,"href":"https:\/\/med.estrategia.com\/portal\/wp-json\/wp\/v2\/media\/85454"}],"wp:attachment":[{"href":"https:\/\/med.estrategia.com\/portal\/wp-json\/wp\/v2\/media?parent=94158"}],"wp:term":[{"taxonomy":"category","embeddable":true,"href":"https:\/\/med.estrategia.com\/portal\/wp-json\/wp\/v2\/categories?post=94158"},{"taxonomy":"post_tag","embeddable":true,"href":"https:\/\/med.estrategia.com\/portal\/wp-json\/wp\/v2\/tags?post=94158"},{"taxonomy":"wl_entity_type","embeddable":true,"href":"https:\/\/med.estrategia.com\/portal\/wp-json\/wp\/v2\/wl_entity_type?post=94158"}],"curies":[{"name":"wp","href":"https:\/\/api.w.org\/{rel}","templated":true}]}}