{"id":95509,"date":"2025-10-01T10:25:06","date_gmt":"2025-10-01T13:25:06","guid":{"rendered":"https:\/\/med.estrategia.com\/portal\/?p=95509"},"modified":"2025-10-31T15:43:31","modified_gmt":"2025-10-31T18:43:31","slug":"scmsp-2026-inscricoes-para-processo-seletivo-de-residencia-medica-estao-abertas","status":"publish","type":"post","link":"https:\/\/med.estrategia.com\/portal\/noticias\/scmsp-2026-inscricoes-para-processo-seletivo-de-residencia-medica-estao-abertas\/","title":{"rendered":"SCMSP 2026: inscri\u00e7\u00f5es para seletivo de resid\u00eancia m\u00e9dica foram prorrogadas at\u00e9 04\/11"},"content":{"rendered":"<p>Os candidatos t&ecirc;m at&eacute; o dia 4 de novembro de 2025 para se inscrever e concorrer a uma das mais de 250 vagas de resid&ecirc;ncia m&eacute;dica oferecidas pela <strong>Santa Casa de Miseric&oacute;rdia de S&atilde;o Paulo (SCMSP)<\/strong> para ingresso em 2026. O per&iacute;odo de inscri&ccedil;&atilde;o, que teve in&iacute;cio em<strong> 1&ordm; de outubro e inicialmente se encerraria em 31 de outubro, foi prorrogado<\/strong>, concedendo aos interessados mais quatro dias para preencher o formul&aacute;rio de inscri&ccedil;&atilde;o por meio da <a href=\"https:\/\/www.concursosfcc.com.br\/concursos\/scmsp125\/index.html\" target=\"_blank\" rel=\"noopener noreferrer\">Funda&ccedil;&atilde;o Carlos Chagas (FCC)<\/a>, respons&aacute;vel pelo processo seletivo.<p>Para a confirma&ccedil;&atilde;o da inscri&ccedil;&atilde;o, &eacute; necess&aacute;rio efetuar o pagamento da taxa no valor de <strong>R$ 680,00<\/strong> at&eacute; o dia <strong>5 de novembro de 2025<\/strong>. N&atilde;o h&aacute; previs&atilde;o de isen&ccedil;&atilde;o da taxa.<br><br>No ato da inscri&ccedil;&atilde;o, o candidato deve <strong>preencher o formul&aacute;rio<\/strong>, enviar uma fotografia e informar dados como nome completo, data de nascimento, n&uacute;mero do CPF, n&uacute;mero de inscri&ccedil;&atilde;o no Conselho Regional de Medicina (CRM), entre outros. <\/p><p>Candidatos que ainda estejam <strong>cursando o curso de gradua&ccedil;&atilde;o em medicina devem informar a data de conclus&atilde;o<\/strong>, que deve, obrigatoriamente, ser at&eacute; a data da matr&iacute;cula. Al&eacute;m disso, m&eacute;dicos formados em institui&ccedil;&otilde;es devem declarar ter o seu diploma devidamente revalidado.<\/p><p>S&oacute; ser&aacute; poss&iacute;vel concorrer a uma especialidade, que deve ser definida j&aacute; no momento da inscri&ccedil;&atilde;o.<br><br>Candidatos que necessitam de<strong> atendimento especifico durante a realiza&ccedil;&atilde;o das provas <\/strong>dever&atilde;o anexar solicita&ccedil;&atilde;o devidamente assinada, bem como atestado m&eacute;dico ou de especialista que comprove a necessidade. A solicita&ccedil;&atilde;o deve ser feita tamb&eacute;m durante o per&iacute;odo de inscri&ccedil;&otilde;es.<\/p><p>\n\n\n<div id=\"new-form\">\n\t<form id=\"forms_layout\">\n\t<input type=\"hidden\" id=\"chave_de\" name=\"chave_de\" value=\"01_EMED_LEADS_TOTAIS\" \/>\n\t\t<input type=\"hidden\" id=\"mid\" name=\"mid\" value=\"515009018\" \/>\n\t\t<input type=\"hidden\" id=\"Objetivo\" name=\"Objetivo\" value=\"Medicina\" \/>\n\t\t<input type=\"hidden\" id=\"Estado_de_Origem_do_IP\" name=\"Estado_de_Origem_do_IP\"  value=\"\" \/>\n\t\t<input type=\"hidden\" id=\"Cidade_de_Origem_do_IP\" name=\"Cidade_de_Origem_do_IP\" value=\"\" \/>\n\t\t<input type=\"hidden\" id=\"Modo_de_entrada\" name=\"Modo_de_entrada\" value=\"Portal\" \/>\n\t\t<input type=\"hidden\" id=\"Pagina_Origem\" name=\"Pagina_Origem\" value=\"\" \/>\n\n\t\t<div class=\"texto\">\n\t\t\t<div id=\"ez-toc-container\" class=\"ez-toc-v2_0_79_2 counter-hierarchy ez-toc-counter ez-toc-transparent ez-toc-container-direction\">\n<div class=\"ez-toc-title-container\"><p class=\"ez-toc-title\" style=\"cursor:inherit\">Navegue pelo conte\u00fado<\/p>\n<\/div><nav><ul class='ez-toc-list ez-toc-list-level-1 ' ><ul class='ez-toc-list-level-3' ><li class='ez-toc-heading-level-3'><a class=\"ez-toc-link ez-toc-heading-1\" href=\"https:\/\/med.estrategia.com\/portal\/noticias\/scmsp-2026-inscricoes-para-processo-seletivo-de-residencia-medica-estao-abertas\/#Inscreva-se-em-nossa-newsletter\" >Inscreva-se em nossa newsletter!<\/a><\/li><\/ul><\/li><li class='ez-toc-page-1 ez-toc-heading-level-2'><a class=\"ez-toc-link ez-toc-heading-2\" href=\"https:\/\/med.estrategia.com\/portal\/noticias\/scmsp-2026-inscricoes-para-processo-seletivo-de-residencia-medica-estao-abertas\/#Reserva-de-vagas-para-cotas\" >Reserva de vagas para cotas<\/a><\/li><li class='ez-toc-page-1 ez-toc-heading-level-2'><a class=\"ez-toc-link ez-toc-heading-3\" href=\"https:\/\/med.estrategia.com\/portal\/noticias\/scmsp-2026-inscricoes-para-processo-seletivo-de-residencia-medica-estao-abertas\/#Como-e-o-processo-seletivo-da-SCMSP\" >Como &eacute; o processo seletivo da SCMSP<\/a><ul class='ez-toc-list-level-3' ><li class='ez-toc-heading-level-3'><a class=\"ez-toc-link ez-toc-heading-4\" href=\"https:\/\/med.estrategia.com\/portal\/noticias\/scmsp-2026-inscricoes-para-processo-seletivo-de-residencia-medica-estao-abertas\/#Estude-para-a-SCMSP\" >Estude para a SCMSP<\/a><\/li><\/ul><\/li><\/ul><\/nav><\/div>\n<h3 class=\"news\"><span class=\"ez-toc-section\" id=\"Inscreva-se-em-nossa-newsletter\"><\/span>Inscreva-se em nossa newsletter!<span class=\"ez-toc-section-end\"><\/span><\/h3>\n\t\t\t<p>Receba not\u00edcias sobre resid\u00eancia m\u00e9dica, revalida\u00e7\u00e3o de diplomas e concursos m\u00e9dicos, al\u00e9m de materiais de estudo gratuitos e informa\u00e7\u00f5es relevantes do mundo da Medicina.<\/p>\n\t\t<\/div>\n\t\t<div class=\"campos\">\n\t\t\t<div class=\"first_name labels\">\n\t\t\t\t<input type=\"text\" class=\"input_labels\" id=\"first_name\" name=\"Nome_Completo\" placeholder=\"Nome\" required \/>\n\t\t\t<\/div>\n\t\t\t<div class=\"email labels\">\n\t\t\t\t<input type=\"email\" class=\"input_labels\" id=\"email\" name=\"Email\" placeholder=\"E-mail\" required \/>\n\t\t\t<\/div>\n\t\t\t<button type=\"submit\" class=\"button_layout\">\n\t\t\t\t<div id=\"lblBotao\">Inscreva-se<\/div>\n\t\t\t\t<span id=\"divSpiner\" class=\"loader\" role=\"status\" style=\"display: none;\"><\/span>\t\n\t\t\t<\/button>\n\t\t<\/div><!-- \/campos -->\n\t\t\n\t\t<label class=\"container_checkbox\">Voc\u00ea concorda com a nossa\n\t\t\t<a class=\"politics_privacy_ahref\" target=\"_blank\" href=\"https:\/\/gratis.estrategiaconcursos.com.br\/politica-de-privacidade\/\">Pol\u00edtica de Privacidade<\/a> e aceita receber informa\u00e7\u00f5es adicionais do Estrat\u00e9gia Educacional.\n\t\t\t<input id=\"checkbox_layout\" type=\"checkbox\" checked=\"checked\" required \/>\n\t\t\t<span class=\"checkbox\"><\/span>\n\t\t<\/label>\n\t\t<div id=\"msg\"><\/div>\n\t\t<div id=\"error\" class=\"error\">\n\t\t<\/div>\n\t<\/form>\n<\/div><!-- \/new-form -->\n\n\n\n<\/p><h2 class=\"wp-block-heading\" id=\"h-reserva-de-vagas-para-cotas\"><span class=\"ez-toc-section\" id=\"Reserva-de-vagas-para-cotas\"><\/span>Reserva de vagas para cotas<span class=\"ez-toc-section-end\"><\/span><\/h2><p>Os candidatos que desejarem concorrer &agrave;s <strong>vagas reservadas a negros (pretos ou pardos) e ind&iacute;genas<\/strong> dever&atilde;o indicar essa op&ccedil;&atilde;o no ato da inscri&ccedil;&atilde;o e preencher a autodeclara&ccedil;&atilde;o correspondente, conforme o quesito cor ou ra&ccedil;a utilizado pelo Instituto Brasileiro de Geografia e Estat&iacute;stica (IBGE).<\/p><p>Para concorrer &agrave;s vagas destinadas a candidatos negros, al&eacute;m da autodeclara&ccedil;&atilde;o de ser preto ou pardo, &eacute; necess&aacute;rio enviar, pelo link de inscri&ccedil;&atilde;o, imagens que ser&atilde;o analisadas pela Comiss&atilde;o de Heteroidentifica&ccedil;&atilde;o. J&aacute; os candidatos ind&iacute;genas dever&atilde;o se autodeclarar no ato da inscri&ccedil;&atilde;o, independentemente de residirem ou n&atilde;o em terra ind&iacute;gena, e encaminhar, tamb&eacute;m pelo link de inscri&ccedil;&atilde;o, a documenta&ccedil;&atilde;o exigida para an&aacute;lise da mesma comiss&atilde;o.<\/p><h2 class=\"wp-block-heading\" id=\"h-como-e-o-processo-seletivo-da-scmsp\"><span class=\"ez-toc-section\" id=\"Como-e-o-processo-seletivo-da-SCMSP\"><\/span>Como &eacute; o processo seletivo da SCMSP<span class=\"ez-toc-section-end\"><\/span><\/h2><p>O processo seletivo de ingresso nos programas de resid&ecirc;ncia m&eacute;dica da SCMSP para 2026 ser&aacute; composto por <strong>duas etapas para todos os programas ofertados. <br><\/strong><br>A primeira delas &mdash; prova objetiva, &eacute; constitu&iacute;da de <strong>100 quest&otilde;es de m&uacute;ltipla escolha para as especialidades de Acesso Direto <\/strong>e versa sobre o conte&uacute;do das grandes &aacute;reas da medicina: Cl&iacute;nica M&eacute;dica, Cirurgia Geral, Pediatria, Ginecologia e Obstetr&iacute;cia e Medicina Preventiva e Social. J&aacute; para as<strong> especialidades de Pr&eacute;-Requisito, a prova conta com 50 quest&otilde;es<\/strong>, tamb&eacute;m de m&uacute;ltipla escolha, referentes ao conte&uacute;do do requisito exigido.<br><br>Para a segunda etapa, a <strong>An&aacute;lise Curricular<\/strong>, t&ecirc;m seus curr&iacute;culos analisados apenas aqueles que foram selecionados ap&oacute;s o resultado da 1&ordf; etapa. Na atual sele&ccedil;&atilde;o, esses candidatos ter&atilde;o de enviar os documentos entre <strong>12 e 13 de janeiro de 2026<\/strong>.<\/p><p>Se voc&ecirc; quer ficar por dentro de mais conte&uacute;dos relevantes sobre a &aacute;rea m&eacute;dica, continue acompanhando o material preparado pelo <a href=\"https:\/\/med.estrategia.com\/portal\/\">Portal de Not&iacute;cias do Estrat&eacute;gia MED<\/a>. Aqui, voc&ecirc; encontrar&aacute; informa&ccedil;&otilde;es atualizadas sobre resid&ecirc;ncias, carreira m&eacute;dica e muito mais.<\/p><p>\n\n\n\n<div class=\"estrategia-catalog\"><h3><span class=\"ez-toc-section\" id=\"Estude-para-a-SCMSP\"><\/span>Estude para a SCMSP<span class=\"ez-toc-section-end\"><\/span><\/h3><div class=\"carrossel-product\"><div><h4>Sprint de Reta Final para Resid\u00eancia M\u00e9dica Santa Casa de S\u00e3o Paulo<\/h4><div class=\"cat-description\">Com os Sprints Resid\u00eancia M\u00e9dica, voc\u00ea ter\u00e1 a oportunidade de acelerar os seus estudos rumo \u00e0 aprova\u00e7\u00e3o.\n\nPor meio da resolu\u00e7\u00e3o de quest\u00f5es in\u00e9ditas baseadas no modelo de cada banca, as suas chances de aprova\u00e7\u00e3o ir\u00e3o aumentar significativamente.\n\nPor isso, se voc\u00ea quer a aprova\u00e7\u00e3o no ENARE, USP-SP, SUS-SP, SUS-BA, SURCE, AMRIGS, etc., esta \u00e9 a melhor solu\u00e7\u00e3o.\n\nIsso porque o Sprint EMED foi pensado para que voc\u00ea direcione os seus esfor\u00e7os, saiba o passo a passo do que priorizar na reta final e utilize o seu tempo de estudos de forma inteligente.<\/div><div class=\"cat-price\"><span>12x<\/span> R$ 166,41<\/div><div class=\"cat-sale\">No Cart\u00e3o de Cr\u00e9dito ou 10% de desconto no Boleto ou Pix \u00e0 vista: R$ 1.797,30<\/div><a href=\"https:\/\/med.estrategia.com\/curso\/sprint-de-reta-final-residencia-medica-scmsp\/?utm_source=portal&amp;utm_medium=post&amp;utm_campaign=emed-x-vd-seo-portal-v-catalogo\" class=\"estrategia-button\" target=\"_blank\">Saiba mais<\/a><\/div><div><h4>Banco de Quest\u00f5es + B\u00f4nus Resumos Estrat\u00e9gicos - Anual<\/h4><div class=\"cat-description\">Estude com o maior Banco de Quest\u00f5es aut\u00f4nomo da \u00e1rea m\u00e9dica, com mais de 200 mil quest\u00f5es dispon\u00edveis, sendo mais de 108 mil comentadas alternativa por alternativa e mais de 75 mil resolvidas em v\u00eddeo pelos professores especialistas do Estrat\u00e9gia MED.<\/div><div class=\"cat-price\"><span>12x<\/span> R$ 416,41<\/div><div class=\"cat-sale\">No Cart\u00e3o de Cr\u00e9dito ou 10% de desconto no Boleto ou Pix \u00e0 vista: R$ 4.497,30<\/div><a href=\"https:\/\/med.estrategia.com\/curso\/banco-de-questes-resumos-estrategicos-anual\/?utm_source=portal&amp;utm_medium=post&amp;utm_campaign=emed-x-vd-seo-portal-v-catalogo\" class=\"estrategia-button\" target=\"_blank\">Saiba mais<\/a><\/div><\/div><\/div>\n<\/p><\/p>\n","protected":false},"excerpt":{"rendered":"Os candidatos t&ecirc;m at&eacute; o dia 4 de novembro de 2025 para se inscrever e concorrer a uma&hellip;\n","protected":false},"author":22,"featured_media":85564,"comment_status":"closed","ping_status":"closed","sticky":false,"template":"","format":"standard","meta":{"wl_entities_gutenberg":"","footnotes":""},"categories":[300],"tags":[],"wl_entity_type":[199],"class_list":{"0":"post-95509","1":"post","2":"type-post","3":"status-publish","4":"format-standard","5":"has-post-thumbnail","7":"category-noticias","8":"wl_entity_type-article"},"acf":[],"yoast_head":"<!-- This site is optimized with the Yoast SEO Premium plugin v26.6 (Yoast SEO v26.6) - https:\/\/yoast.com\/wordpress\/plugins\/seo\/ -->\n<title>SCMSP 2026: inscri\u00e7\u00f5es para seletivo de resid\u00eancia m\u00e9dica foram prorrogadas at\u00e9 04\/11<\/title>\n<meta name=\"description\" content=\"Inscri\u00e7\u00f5es abertas para resid\u00eancia m\u00e9dica da SCMSP 2026! Venha conferir prazos e detalhes com o Estrat\u00e9gia MED.\" \/>\n<meta name=\"robots\" content=\"index, follow, max-snippet:-1, max-image-preview:large, max-video-preview:-1\" \/>\n<link rel=\"canonical\" href=\"https:\/\/med.estrategia.com\/portal\/noticias\/scmsp-2026-inscricoes-para-processo-seletivo-de-residencia-medica-estao-abertas\/\" \/>\n<meta property=\"og:locale\" content=\"pt_BR\" \/>\n<meta property=\"og:type\" content=\"article\" \/>\n<meta property=\"og:title\" content=\"SCMSP 2026: inscri\u00e7\u00f5es para seletivo de resid\u00eancia m\u00e9dica foram prorrogadas at\u00e9 04\/11\" \/>\n<meta property=\"og:description\" content=\"Inscri\u00e7\u00f5es abertas para resid\u00eancia m\u00e9dica da SCMSP 2026! Venha conferir prazos e detalhes com o Estrat\u00e9gia MED.\" \/>\n<meta property=\"og:url\" content=\"https:\/\/med.estrategia.com\/portal\/noticias\/scmsp-2026-inscricoes-para-processo-seletivo-de-residencia-medica-estao-abertas\/\" \/>\n<meta property=\"og:site_name\" content=\"Estrat\u00e9gia MED\" \/>\n<meta property=\"article:publisher\" content=\"https:\/\/www.facebook.com\/estrategiamed1\" \/>\n<meta property=\"article:published_time\" content=\"2025-10-01T13:25:06+00:00\" \/>\n<meta property=\"article:modified_time\" content=\"2025-10-31T18:43:31+00:00\" \/>\n<meta property=\"og:image\" content=\"https:\/\/med.estrategia.com\/portal\/wp-content\/uploads\/2025\/04\/scmsp-atualizacao.jpg\" \/>\n\t<meta property=\"og:image:width\" content=\"1920\" \/>\n\t<meta property=\"og:image:height\" content=\"1080\" \/>\n\t<meta property=\"og:image:type\" content=\"image\/jpeg\" \/>\n<meta name=\"author\" content=\"Erika Coelho\" \/>\n<meta name=\"twitter:card\" content=\"summary_large_image\" \/>\n<meta name=\"twitter:creator\" content=\"@estrategiamed_\" \/>\n<meta name=\"twitter:site\" content=\"@estrategiamed_\" \/>\n<meta name=\"twitter:label1\" content=\"Escrito por\" \/>\n\t<meta name=\"twitter:data1\" content=\"Erika Coelho\" \/>\n\t<meta name=\"twitter:label2\" content=\"Est. tempo de leitura\" \/>\n\t<meta name=\"twitter:data2\" content=\"3 minutos\" \/>\n<script type=\"application\/ld+json\" class=\"yoast-schema-graph\">{\"@context\":\"https:\/\/schema.org\",\"@graph\":[{\"@type\":\"WebPage\",\"@id\":\"https:\/\/med.estrategia.com\/portal\/noticias\/scmsp-2026-inscricoes-para-processo-seletivo-de-residencia-medica-estao-abertas\/\",\"url\":\"https:\/\/med.estrategia.com\/portal\/noticias\/scmsp-2026-inscricoes-para-processo-seletivo-de-residencia-medica-estao-abertas\/\",\"name\":\"SCMSP 2026: inscri\u00e7\u00f5es para seletivo de resid\u00eancia m\u00e9dica foram prorrogadas at\u00e9 04\/11\",\"isPartOf\":{\"@id\":\"https:\/\/med.estrategia.com\/portal\/#website\"},\"primaryImageOfPage\":{\"@id\":\"https:\/\/med.estrategia.com\/portal\/noticias\/scmsp-2026-inscricoes-para-processo-seletivo-de-residencia-medica-estao-abertas\/#primaryimage\"},\"image\":{\"@id\":\"https:\/\/med.estrategia.com\/portal\/noticias\/scmsp-2026-inscricoes-para-processo-seletivo-de-residencia-medica-estao-abertas\/#primaryimage\"},\"thumbnailUrl\":\"https:\/\/med.estrategia.com\/portal\/wp-content\/uploads\/2025\/04\/scmsp-atualizacao.jpg\",\"datePublished\":\"2025-10-01T13:25:06+00:00\",\"dateModified\":\"2025-10-31T18:43:31+00:00\",\"author\":{\"@id\":\"https:\/\/med.estrategia.com\/portal\/#\/schema\/person\/8e7c9b2f53f2eede3b8880ad86ff20a3\"},\"description\":\"Inscri\u00e7\u00f5es abertas para resid\u00eancia m\u00e9dica da SCMSP 2026! Venha conferir prazos e detalhes com o Estrat\u00e9gia MED.\",\"breadcrumb\":{\"@id\":\"https:\/\/med.estrategia.com\/portal\/noticias\/scmsp-2026-inscricoes-para-processo-seletivo-de-residencia-medica-estao-abertas\/#breadcrumb\"},\"inLanguage\":\"pt-BR\",\"potentialAction\":[{\"@type\":\"ReadAction\",\"target\":[\"https:\/\/med.estrategia.com\/portal\/noticias\/scmsp-2026-inscricoes-para-processo-seletivo-de-residencia-medica-estao-abertas\/\"]}]},{\"@type\":\"ImageObject\",\"inLanguage\":\"pt-BR\",\"@id\":\"https:\/\/med.estrategia.com\/portal\/noticias\/scmsp-2026-inscricoes-para-processo-seletivo-de-residencia-medica-estao-abertas\/#primaryimage\",\"url\":\"https:\/\/med.estrategia.com\/portal\/wp-content\/uploads\/2025\/04\/scmsp-atualizacao.jpg\",\"contentUrl\":\"https:\/\/med.estrategia.com\/portal\/wp-content\/uploads\/2025\/04\/scmsp-atualizacao.jpg\",\"width\":1920,\"height\":1080,\"caption\":\"Estrat\u00e9gia MED | Foto: Irmandade da Santa Casa de Miseric\u00f3rdia de S\u00e3o Paulo\"},{\"@type\":\"BreadcrumbList\",\"@id\":\"https:\/\/med.estrategia.com\/portal\/noticias\/scmsp-2026-inscricoes-para-processo-seletivo-de-residencia-medica-estao-abertas\/#breadcrumb\",\"itemListElement\":[{\"@type\":\"ListItem\",\"position\":1,\"name\":\"Home\",\"item\":\"https:\/\/med.estrategia.com\/portal\/\"},{\"@type\":\"ListItem\",\"position\":2,\"name\":\"Not\u00edcias\",\"item\":\"https:\/\/med.estrategia.com\/portal\/noticias\/\"},{\"@type\":\"ListItem\",\"position\":3,\"name\":\"SCMSP 2026: inscri\u00e7\u00f5es para seletivo de resid\u00eancia m\u00e9dica foram prorrogadas at\u00e9 04\/11\"}]},{\"@type\":\"WebSite\",\"@id\":\"https:\/\/med.estrategia.com\/portal\/#website\",\"url\":\"https:\/\/med.estrategia.com\/portal\/\",\"name\":\"Estrat\u00e9gia MED\",\"description\":\"\",\"potentialAction\":[{\"@type\":\"SearchAction\",\"target\":{\"@type\":\"EntryPoint\",\"urlTemplate\":\"https:\/\/med.estrategia.com\/portal\/?s={search_term_string}\"},\"query-input\":{\"@type\":\"PropertyValueSpecification\",\"valueRequired\":true,\"valueName\":\"search_term_string\"}}],\"inLanguage\":\"pt-BR\"},{\"@type\":\"Person\",\"@id\":\"https:\/\/med.estrategia.com\/portal\/#\/schema\/person\/8e7c9b2f53f2eede3b8880ad86ff20a3\",\"name\":\"Erika Coelho\",\"image\":{\"@type\":\"ImageObject\",\"inLanguage\":\"pt-BR\",\"@id\":\"https:\/\/med.estrategia.com\/portal\/#\/schema\/person\/image\/\",\"url\":\"https:\/\/secure.gravatar.com\/avatar\/8ef9ff2e2fa53829c640cca8d1a45178?s=96&d=mm&r=g\",\"contentUrl\":\"https:\/\/secure.gravatar.com\/avatar\/8ef9ff2e2fa53829c640cca8d1a45178?s=96&d=mm&r=g\",\"caption\":\"Erika Coelho\"},\"description\":\"Jornalista pela Universidade Presbiteriana Mackenzie, escrevo sobre educa\u00e7\u00e3o, sa\u00fade e pol\u00edticas p\u00fablicas\",\"url\":\"https:\/\/med.estrategia.com\/portal\/author\/erika\/\"}]}<\/script>\n<!-- \/ Yoast SEO Premium plugin. -->","yoast_head_json":{"title":"SCMSP 2026: inscri\u00e7\u00f5es para seletivo de resid\u00eancia m\u00e9dica foram prorrogadas at\u00e9 04\/11","description":"Inscri\u00e7\u00f5es abertas para resid\u00eancia m\u00e9dica da SCMSP 2026! Venha conferir prazos e detalhes com o Estrat\u00e9gia MED.","robots":{"index":"index","follow":"follow","max-snippet":"max-snippet:-1","max-image-preview":"max-image-preview:large","max-video-preview":"max-video-preview:-1"},"canonical":"https:\/\/med.estrategia.com\/portal\/noticias\/scmsp-2026-inscricoes-para-processo-seletivo-de-residencia-medica-estao-abertas\/","og_locale":"pt_BR","og_type":"article","og_title":"SCMSP 2026: inscri\u00e7\u00f5es para seletivo de resid\u00eancia m\u00e9dica foram prorrogadas at\u00e9 04\/11","og_description":"Inscri\u00e7\u00f5es abertas para resid\u00eancia m\u00e9dica da SCMSP 2026! Venha conferir prazos e detalhes com o Estrat\u00e9gia MED.","og_url":"https:\/\/med.estrategia.com\/portal\/noticias\/scmsp-2026-inscricoes-para-processo-seletivo-de-residencia-medica-estao-abertas\/","og_site_name":"Estrat\u00e9gia MED","article_publisher":"https:\/\/www.facebook.com\/estrategiamed1","article_published_time":"2025-10-01T13:25:06+00:00","article_modified_time":"2025-10-31T18:43:31+00:00","og_image":[{"width":1920,"height":1080,"url":"https:\/\/med.estrategia.com\/portal\/wp-content\/uploads\/2025\/04\/scmsp-atualizacao.jpg","type":"image\/jpeg"}],"author":"Erika Coelho","twitter_card":"summary_large_image","twitter_creator":"@estrategiamed_","twitter_site":"@estrategiamed_","twitter_misc":{"Escrito por":"Erika Coelho","Est. tempo de leitura":"3 minutos"},"schema":{"@context":"https:\/\/schema.org","@graph":[{"@type":"WebPage","@id":"https:\/\/med.estrategia.com\/portal\/noticias\/scmsp-2026-inscricoes-para-processo-seletivo-de-residencia-medica-estao-abertas\/","url":"https:\/\/med.estrategia.com\/portal\/noticias\/scmsp-2026-inscricoes-para-processo-seletivo-de-residencia-medica-estao-abertas\/","name":"SCMSP 2026: inscri\u00e7\u00f5es para seletivo de resid\u00eancia m\u00e9dica foram prorrogadas at\u00e9 04\/11","isPartOf":{"@id":"https:\/\/med.estrategia.com\/portal\/#website"},"primaryImageOfPage":{"@id":"https:\/\/med.estrategia.com\/portal\/noticias\/scmsp-2026-inscricoes-para-processo-seletivo-de-residencia-medica-estao-abertas\/#primaryimage"},"image":{"@id":"https:\/\/med.estrategia.com\/portal\/noticias\/scmsp-2026-inscricoes-para-processo-seletivo-de-residencia-medica-estao-abertas\/#primaryimage"},"thumbnailUrl":"https:\/\/med.estrategia.com\/portal\/wp-content\/uploads\/2025\/04\/scmsp-atualizacao.jpg","datePublished":"2025-10-01T13:25:06+00:00","dateModified":"2025-10-31T18:43:31+00:00","author":{"@id":"https:\/\/med.estrategia.com\/portal\/#\/schema\/person\/8e7c9b2f53f2eede3b8880ad86ff20a3"},"description":"Inscri\u00e7\u00f5es abertas para resid\u00eancia m\u00e9dica da SCMSP 2026! Venha conferir prazos e detalhes com o Estrat\u00e9gia MED.","breadcrumb":{"@id":"https:\/\/med.estrategia.com\/portal\/noticias\/scmsp-2026-inscricoes-para-processo-seletivo-de-residencia-medica-estao-abertas\/#breadcrumb"},"inLanguage":"pt-BR","potentialAction":[{"@type":"ReadAction","target":["https:\/\/med.estrategia.com\/portal\/noticias\/scmsp-2026-inscricoes-para-processo-seletivo-de-residencia-medica-estao-abertas\/"]}]},{"@type":"ImageObject","inLanguage":"pt-BR","@id":"https:\/\/med.estrategia.com\/portal\/noticias\/scmsp-2026-inscricoes-para-processo-seletivo-de-residencia-medica-estao-abertas\/#primaryimage","url":"https:\/\/med.estrategia.com\/portal\/wp-content\/uploads\/2025\/04\/scmsp-atualizacao.jpg","contentUrl":"https:\/\/med.estrategia.com\/portal\/wp-content\/uploads\/2025\/04\/scmsp-atualizacao.jpg","width":1920,"height":1080,"caption":"Estrat\u00e9gia MED | Foto: Irmandade da Santa Casa de Miseric\u00f3rdia de S\u00e3o Paulo"},{"@type":"BreadcrumbList","@id":"https:\/\/med.estrategia.com\/portal\/noticias\/scmsp-2026-inscricoes-para-processo-seletivo-de-residencia-medica-estao-abertas\/#breadcrumb","itemListElement":[{"@type":"ListItem","position":1,"name":"Home","item":"https:\/\/med.estrategia.com\/portal\/"},{"@type":"ListItem","position":2,"name":"Not\u00edcias","item":"https:\/\/med.estrategia.com\/portal\/noticias\/"},{"@type":"ListItem","position":3,"name":"SCMSP 2026: inscri\u00e7\u00f5es para seletivo de resid\u00eancia m\u00e9dica foram prorrogadas at\u00e9 04\/11"}]},{"@type":"WebSite","@id":"https:\/\/med.estrategia.com\/portal\/#website","url":"https:\/\/med.estrategia.com\/portal\/","name":"Estrat\u00e9gia MED","description":"","potentialAction":[{"@type":"SearchAction","target":{"@type":"EntryPoint","urlTemplate":"https:\/\/med.estrategia.com\/portal\/?s={search_term_string}"},"query-input":{"@type":"PropertyValueSpecification","valueRequired":true,"valueName":"search_term_string"}}],"inLanguage":"pt-BR"},{"@type":"Person","@id":"https:\/\/med.estrategia.com\/portal\/#\/schema\/person\/8e7c9b2f53f2eede3b8880ad86ff20a3","name":"Erika Coelho","image":{"@type":"ImageObject","inLanguage":"pt-BR","@id":"https:\/\/med.estrategia.com\/portal\/#\/schema\/person\/image\/","url":"https:\/\/secure.gravatar.com\/avatar\/8ef9ff2e2fa53829c640cca8d1a45178?s=96&d=mm&r=g","contentUrl":"https:\/\/secure.gravatar.com\/avatar\/8ef9ff2e2fa53829c640cca8d1a45178?s=96&d=mm&r=g","caption":"Erika Coelho"},"description":"Jornalista pela Universidade Presbiteriana Mackenzie, escrevo sobre educa\u00e7\u00e3o, sa\u00fade e pol\u00edticas p\u00fablicas","url":"https:\/\/med.estrategia.com\/portal\/author\/erika\/"}]}},"_wl_alt_label":[],"wl:entity_url":"\/post\/-95509","_links":{"self":[{"href":"https:\/\/med.estrategia.com\/portal\/wp-json\/wp\/v2\/posts\/95509","targetHints":{"allow":["GET"]}}],"collection":[{"href":"https:\/\/med.estrategia.com\/portal\/wp-json\/wp\/v2\/posts"}],"about":[{"href":"https:\/\/med.estrategia.com\/portal\/wp-json\/wp\/v2\/types\/post"}],"author":[{"embeddable":true,"href":"https:\/\/med.estrategia.com\/portal\/wp-json\/wp\/v2\/users\/22"}],"replies":[{"embeddable":true,"href":"https:\/\/med.estrategia.com\/portal\/wp-json\/wp\/v2\/comments?post=95509"}],"version-history":[{"count":5,"href":"https:\/\/med.estrategia.com\/portal\/wp-json\/wp\/v2\/posts\/95509\/revisions"}],"predecessor-version":[{"id":99278,"href":"https:\/\/med.estrategia.com\/portal\/wp-json\/wp\/v2\/posts\/95509\/revisions\/99278"}],"wp:featuredmedia":[{"embeddable":true,"href":"https:\/\/med.estrategia.com\/portal\/wp-json\/wp\/v2\/media\/85564"}],"wp:attachment":[{"href":"https:\/\/med.estrategia.com\/portal\/wp-json\/wp\/v2\/media?parent=95509"}],"wp:term":[{"taxonomy":"category","embeddable":true,"href":"https:\/\/med.estrategia.com\/portal\/wp-json\/wp\/v2\/categories?post=95509"},{"taxonomy":"post_tag","embeddable":true,"href":"https:\/\/med.estrategia.com\/portal\/wp-json\/wp\/v2\/tags?post=95509"},{"taxonomy":"wl_entity_type","embeddable":true,"href":"https:\/\/med.estrategia.com\/portal\/wp-json\/wp\/v2\/wl_entity_type?post=95509"}],"curies":[{"name":"wp","href":"https:\/\/api.w.org\/{rel}","templated":true}]}}