{"id":96335,"date":"2025-10-03T11:32:43","date_gmt":"2025-10-03T14:32:43","guid":{"rendered":"https:\/\/med.estrategia.com\/portal\/?p=96335"},"modified":"2025-11-13T18:41:53","modified_gmt":"2025-11-13T21:41:53","slug":"alerj-abre-concurso-publico-com-3-vagas-na-area-medica-e-iniciais-de-r125-mil","status":"publish","type":"post","link":"https:\/\/med.estrategia.com\/portal\/concursos\/alerj-abre-concurso-publico-com-3-vagas-na-area-medica-e-iniciais-de-r125-mil\/","title":{"rendered":"ALERJ abre concurso p\u00fablico com 3 vagas na \u00e1rea m\u00e9dica e iniciais de R$12,5 mil"},"content":{"rendered":"<p>A <strong>Assembleia Legislativa do Estado do Rio de Janeiro (ALERJ<\/strong>) publicou no dia 3 de outubro de 2025, o edital do <strong>concurso p&uacute;blico<\/strong> com vagas na <strong>&aacute;rea m&eacute;dica<\/strong>. S&atilde;o ofertadas <strong>tr&ecirc;s vagas<\/strong> para Especialista Legislativo &ndash; &aacute;rea da Medicina. A remunera&ccedil;&atilde;o inicial &eacute; de <strong>R$ 12.591,66<\/strong>, para uma jornada de 40 horas semanais.<div id=\"ez-toc-container\" class=\"ez-toc-v2_0_79_2 counter-hierarchy ez-toc-counter ez-toc-transparent ez-toc-container-direction\">\n<div class=\"ez-toc-title-container\"><p class=\"ez-toc-title\" style=\"cursor:inherit\">Navegue pelo conte\u00fado<\/p>\n<\/div><nav><ul class='ez-toc-list ez-toc-list-level-1 ' ><li class='ez-toc-page-1 ez-toc-heading-level-2'><a class=\"ez-toc-link ez-toc-heading-1\" href=\"https:\/\/med.estrategia.com\/portal\/concursos\/alerj-abre-concurso-publico-com-3-vagas-na-area-medica-e-iniciais-de-r125-mil\/#O-que-faz-um-medico-na-ALERJ\" >O que faz um m&eacute;dico na ALERJ?<\/a><\/li><li class='ez-toc-page-1 ez-toc-heading-level-2'><a class=\"ez-toc-link ez-toc-heading-2\" href=\"https:\/\/med.estrategia.com\/portal\/concursos\/alerj-abre-concurso-publico-com-3-vagas-na-area-medica-e-iniciais-de-r125-mil\/#Inscricoes\" >Inscri&ccedil;&otilde;es<\/a><\/li><li class='ez-toc-page-1 ez-toc-heading-level-2'><a class=\"ez-toc-link ez-toc-heading-3\" href=\"https:\/\/med.estrategia.com\/portal\/concursos\/alerj-abre-concurso-publico-com-3-vagas-na-area-medica-e-iniciais-de-r125-mil\/#Resumo-Edital-ALERJ-2025\" >Resumo Edital ALERJ 2025<\/a><\/li><li class='ez-toc-page-1 ez-toc-heading-level-2'><a class=\"ez-toc-link ez-toc-heading-4\" href=\"https:\/\/med.estrategia.com\/portal\/concursos\/alerj-abre-concurso-publico-com-3-vagas-na-area-medica-e-iniciais-de-r125-mil\/#Quadro-de-Vagas\" >Quadro de Vagas<\/a><\/li><li class='ez-toc-page-1 ez-toc-heading-level-2'><a class=\"ez-toc-link ez-toc-heading-5\" href=\"https:\/\/med.estrategia.com\/portal\/concursos\/alerj-abre-concurso-publico-com-3-vagas-na-area-medica-e-iniciais-de-r125-mil\/#Processo-Seletivo\" >Processo Seletivo<\/a><\/li><li class='ez-toc-page-1 ez-toc-heading-level-2'><a class=\"ez-toc-link ez-toc-heading-6\" href=\"https:\/\/med.estrategia.com\/portal\/concursos\/alerj-abre-concurso-publico-com-3-vagas-na-area-medica-e-iniciais-de-r125-mil\/#Conquiste-sua-vaga-no-concurso-ALERJ-com-o-Estrategia-MED\" >Conquiste sua vaga no concurso ALERJ com o Estrat&eacute;gia MED!<\/a><\/li><li class='ez-toc-page-1 ez-toc-heading-level-2'><a class=\"ez-toc-link ez-toc-heading-7\" href=\"https:\/\/med.estrategia.com\/portal\/concursos\/alerj-abre-concurso-publico-com-3-vagas-na-area-medica-e-iniciais-de-r125-mil\/#Estrategia-MED-tira-suas-duvidas-do-Concursos-Medicos-%E2%80%93-ALERJ\" >Estrat&eacute;gia MED tira suas d&uacute;vidas do Concursos M&eacute;dicos &ndash; ALERJ<\/a><\/li><\/ul><\/nav><\/div>\n<h2 class=\"wp-block-heading\" id=\"h-o-que-faz-um-medico-na-alerj\"><span class=\"ez-toc-section\" id=\"O-que-faz-um-medico-na-ALERJ\"><\/span>O que faz um m&eacute;dico na ALERJ?<span class=\"ez-toc-section-end\"><\/span><\/h2><p>O cargo <strong>m&eacute;dico na Assembleia Legislativa do Estado do Rio de Janeiro (ALERJ)<\/strong> desenvolve diversas atividades que v&atilde;o al&eacute;m do atendimento cl&iacute;nico. O profissional atua em frentes voltadas &agrave; promo&ccedil;&atilde;o da sa&uacute;de dos servidores e &agrave; seguran&ccedil;a do ambiente de trabalho, al&eacute;m de oferecer suporte t&eacute;cnico nas a&ccedil;&otilde;es legislativas relacionadas &agrave; &aacute;rea da sa&uacute;de.<\/p><p>Entre as principais atividades, est&atilde;o:<\/p><ul class=\"wp-block-list\">\n<li><strong>Atendimento ambulatorial<\/strong> nas &aacute;reas de cl&iacute;nica geral, ortopedia, ginecologia, cardiologia e psiquiatria, prestando assist&ecirc;ncia m&eacute;dica a servidores e parlamentares. O m&eacute;dico tamb&eacute;m realiza <strong>avalia&ccedil;&otilde;es periciais e exames ocupacionais<\/strong>, emitindo laudos e pareceres que garantem o cumprimento das normas de sa&uacute;de do trabalhador.<\/li>\n\n\n\n<li><strong>Atua&ccedil;&atilde;o em sa&uacute;de preventiva e coletiva<\/strong>, com o desenvolvimento de campanhas de vacina&ccedil;&atilde;o, a&ccedil;&otilde;es educativas e vigil&acirc;ncia em sa&uacute;de, sempre com foco na preven&ccedil;&atilde;o de doen&ccedil;as e na melhoria da qualidade de vida dentro do ambiente legislativo.<\/li>\n\n\n\n<li><strong>Atendimentos de urg&ecirc;ncia e emerg&ecirc;ncia<\/strong>, aplicando protocolos de primeiros socorros e suporte b&aacute;sico de vida em casos de mal s&uacute;bito, crises hipertensivas, convuls&otilde;es ou acidentes ocorridos nas depend&ecirc;ncias da Casa.<\/li>\n<\/ul><p>Al&eacute;m da parte cl&iacute;nica, o m&eacute;dico da ALERJ tem papel essencial na <strong>an&aacute;lise t&eacute;cnica de projetos de lei e relat&oacute;rios<\/strong> que envolvam temas de sa&uacute;de p&uacute;blica, contribuindo com pareceres especializados para subsidiar o trabalho parlamentar.<\/p><h2 class=\"wp-block-heading\" id=\"h-inscricoes\"><span class=\"ez-toc-section\" id=\"Inscricoes\"><\/span>Inscri&ccedil;&otilde;es<span class=\"ez-toc-section-end\"><\/span><\/h2><p>Sob organiza&ccedil;&atilde;o da Funda&ccedil;&atilde;o Getulio Vargas (FGV), as <strong>inscri&ccedil;&otilde;es<\/strong> come&ccedil;aram no dia <strong>13 de outubro. <\/strong>A banca divulgou um comunicado informando a <strong>prorroga&ccedil;&atilde;o das inscri&ccedil;&otilde;es, <\/strong>desta foram, os candidatos t&ecirc;m at&eacute; o<strong> dia 2 de dezembro de 2025<\/strong>, por meio do<a href=\"https:\/\/conhecimento.fgv.br\/concursos\/alerj2025\" target=\"_blank\"> site da banca<\/a> para realizar a inscri&ccedil;&atilde;o. O valor da taxa &eacute; de <strong>R$ 110,00<\/strong> e o prazo para o pagamento se encerra no <strong>dia 3 de dezembro<\/strong> <strong>de 2025.<\/strong><\/p><ul class=\"wp-block-list\">\n<li><a href=\"https:\/\/med.estrategia.com\/portal\/wp-content\/uploads\/2025\/11\/comunicado-prorrogacao-de-inscricoes-002.pdf\" target=\"_blank\">Comunicado sobre a prorroga&ccedil;&atilde;o das inscri&ccedil;&otilde;es. <\/a><\/li>\n<\/ul><div class=\"wp-block-buttons is-content-justification-center is-layout-flex wp-container-core-buttons-is-layout-1 wp-block-buttons-is-layout-flex\">\n<div class=\"wp-block-button\"><a class=\"wp-block-button__link wp-element-button\" href=\"https:\/\/med.estrategia.com\/portal\/wp-content\/uploads\/2025\/10\/minuta-edital-de-abertura-alerj-especialista-30.09.25-revisao-academica-1.pdf\" target=\"_blank\"> edital completo &ndash; alerj 2025<\/a><\/div>\n<\/div><h2 class=\"wp-block-heading\" id=\"h-resumo-edital-alerj-2025\"><span class=\"ez-toc-section\" id=\"Resumo-Edital-ALERJ-2025\"><\/span>Resumo Edital ALERJ 2025<span class=\"ez-toc-section-end\"><\/span><\/h2><figure class=\"wp-block-table\"><table class=\"has-fixed-layout\"><tbody><tr><td>Vagas Ofertadas<\/td><td>3<\/td><\/tr><tr><td>Remunera&ccedil;&atilde;o<\/td><td>R$ 12.591,66<\/td><\/tr><tr><td>Carga Hor&aacute;ria Semanal&nbsp;&nbsp;<\/td><td>40 horas<\/td><\/tr><tr><td>Composi&ccedil;&atilde;o do Processo Seletivo<\/td><td>Prova objetiva e prova discursiva<\/td><\/tr><tr><td><strong>Per&iacute;odo de inscri&ccedil;&atilde;o<\/strong><\/td><td><strong>13\/10\/2025 a 02\/12\/2025<\/strong><\/td><\/tr><tr><td>Per&iacute;odo para solicita&ccedil;&atilde;o da isen&ccedil;&atilde;o da inscri&ccedil;&atilde;o<\/td><td>13 a 15\/10\/2025<\/td><\/tr><tr><td>Taxa de Inscri&ccedil;&atilde;o<\/td><td>R$ 110,00<\/td><\/tr><tr><td>Pagamento da Taxa de Inscri&ccedil;&atilde;o<\/td><td>At&eacute; 03\/12\/2025<\/td><\/tr><tr><td><strong>Prova Objetiva<\/strong><\/td><td><strong>08\/02\/2026<\/strong><\/td><\/tr><tr><td>Demais datas ser&atilde;o divulgadas pela banca<\/td><td><\/td><\/tr><\/tbody><\/table><\/figure><h2 class=\"wp-block-heading\" id=\"h-quadro-de-vagas\"><span class=\"ez-toc-section\" id=\"Quadro-de-Vagas\"><\/span>Quadro de Vagas<span class=\"ez-toc-section-end\"><\/span><\/h2><p>Neste edital, os candidatos concorrem a<strong> 3 vagas para in&iacute;cio imediato na &aacute;rea m&eacute;dica<\/strong>. <\/p><figure class=\"wp-block-table\"><table><tbody><tr><td>Especialidades<\/td><td>Vagas Ampla Concorr&ecirc;ncia<\/td><td>PcD<\/td><td>Negros e Ind&iacute;genas<\/td><td>Carga Hor&aacute;ria<\/td><td>Remunera&ccedil;&atilde;o<\/td><\/tr><tr><td>Medicina<\/td><td>2<\/td><td> CR<\/td><td>1<\/td><td>40 horas<\/td><td>R$ 12.591,66<\/td><\/tr><\/tbody><\/table><\/figure><p>Os candidatos precisam possuir n&iacute;vel superior em Medicina, com registro no &oacute;rg&atilde;o de classe. <\/p><h2 class=\"wp-block-heading\"><span class=\"ez-toc-section\" id=\"Processo-Seletivo\"><\/span>Processo Seletivo<span class=\"ez-toc-section-end\"><\/span><\/h2><p>O processo seletivo para o concurso para &aacute;rea m&eacute;dica conta com uma<strong> prova objetiva e uma prova discursiva <\/strong>previstas para o dia<strong> 8 de fevereiro de 2026, das 08h &agrave;s 13h<\/strong>.  As provas poder&atilde;o ser realizadas nas cidades do Rio de Janeiro, Niter&oacute;i, Volta Redonda, Cabo Frio e Campos dos Goytacazes. De car&aacute;ter eliminat&oacute;rio e classificat&oacute;rio, ser&aacute; composta por <strong>80 quest&otilde;es de m&uacute;ltipla escolha<\/strong>, com cinco alternativas cada, sendo apenas uma correta, e divididas entre as seguintes &aacute;reas de conhecimento: <\/p><ul class=\"wp-block-list\">\n<li>10 quest&otilde;es de L&iacute;ngua Portuguesa;<\/li>\n\n\n\n<li>10 quest&otilde;es de No&ccedil;&otilde;es de Inform&aacute;tica;<\/li>\n\n\n\n<li>10 quest&otilde;es de No&ccedil;&otilde;es de Direito Administrativo; <\/li>\n\n\n\n<li>10 quest&otilde;es de No&ccedil;&otilde;es de Direito Constitucional; <\/li>\n\n\n\n<li>10 quest&otilde;es de Legisla&ccedil;&atilde;o Espec&iacute;fica; e<\/li>\n\n\n\n<li>30 quest&otilde;es de Conhecimentos espec&iacute;ficos.<\/li>\n<\/ul><p>O candidato que n&atilde;o atingir o aproveitamento m&iacute;nimo de 50% dos pontos da prova objetiva, ou seja, n&atilde;o obtiver 40 acertos ser&aacute; eliminado do concurso p&uacute;blico. <\/p><h3 class=\"wp-block-heading\" id=\"h-prova-discursiva\">Prova Discursiva<\/h3><p>A prova discursiva do concurso ser&aacute; composta por apenas uma quest&atilde;o, no valor de 20 pontos. O candidato dever&aacute; responder em at&eacute; 30 linhas, abordando os temas previstos no conte&uacute;do program&aacute;tico descrito no edital.<\/p><p>Para ser aprovado nessa etapa, &eacute; obrigat&oacute;rio alcan&ccedil;ar, no m&iacute;nimo, 10 pontos. Quem n&atilde;o atingir essa pontua&ccedil;&atilde;o ser&aacute; automaticamente eliminado do certame.<\/p><p>Para mais informa&ccedil;&otilde;es sobre o pr&oacute;ximo concurso da Assembleia Legislativa do Estado do Rio de Janeiro, <a href=\"https:\/\/www.estrategiaconcursos.com.br\/blog\/concurso-alerj-edital-publicado-2025\/\" target=\"_blank\">acesse aqui!<\/a><\/p><p>\n\n\n<div id=\"new-form\">\n\t<form id=\"forms_layout\">\n\t<input type=\"hidden\" id=\"chave_de\" name=\"chave_de\" value=\"01_EMED_LEADS_TOTAIS\" \/>\n\t\t<input type=\"hidden\" id=\"mid\" name=\"mid\" value=\"515009018\" \/>\n\t\t<input type=\"hidden\" id=\"Objetivo\" name=\"Objetivo\" value=\"Medicina\" \/>\n\t\t<input type=\"hidden\" id=\"Estado_de_Origem_do_IP\" name=\"Estado_de_Origem_do_IP\"  value=\"\" \/>\n\t\t<input type=\"hidden\" id=\"Cidade_de_Origem_do_IP\" name=\"Cidade_de_Origem_do_IP\" value=\"\" \/>\n\t\t<input type=\"hidden\" id=\"Modo_de_entrada\" name=\"Modo_de_entrada\" value=\"Portal\" \/>\n\t\t<input type=\"hidden\" id=\"Pagina_Origem\" name=\"Pagina_Origem\" value=\"\" \/>\n\n\t\t<div class=\"texto\">\n\t\t\t<h3 class=\"news\">Inscreva-se em nossa newsletter!<\/h3>\n\t\t\t<p>Receba not\u00edcias sobre resid\u00eancia m\u00e9dica, revalida\u00e7\u00e3o de diplomas e concursos m\u00e9dicos, al\u00e9m de materiais de estudo gratuitos e informa\u00e7\u00f5es relevantes do mundo da Medicina.<\/p>\n\t\t<\/div>\n\t\t<div class=\"campos\">\n\t\t\t<div class=\"first_name labels\">\n\t\t\t\t<input type=\"text\" class=\"input_labels\" id=\"first_name\" name=\"Nome_Completo\" placeholder=\"Nome\" required \/>\n\t\t\t<\/div>\n\t\t\t<div class=\"email labels\">\n\t\t\t\t<input type=\"email\" class=\"input_labels\" id=\"email\" name=\"Email\" placeholder=\"E-mail\" required \/>\n\t\t\t<\/div>\n\t\t\t<button type=\"submit\" class=\"button_layout\">\n\t\t\t\t<div id=\"lblBotao\">Inscreva-se<\/div>\n\t\t\t\t<span id=\"divSpiner\" class=\"loader\" role=\"status\" style=\"display: none;\"><\/span>\t\n\t\t\t<\/button>\n\t\t<\/div><!-- \/campos -->\n\t\t\n\t\t<label class=\"container_checkbox\">Voc\u00ea concorda com a nossa\n\t\t\t<a class=\"politics_privacy_ahref\" target=\"_blank\" href=\"https:\/\/gratis.estrategiaconcursos.com.br\/politica-de-privacidade\/\">Pol\u00edtica de Privacidade<\/a> e aceita receber informa\u00e7\u00f5es adicionais do Estrat\u00e9gia Educacional.\n\t\t\t<input id=\"checkbox_layout\" type=\"checkbox\" checked=\"checked\" required \/>\n\t\t\t<span class=\"checkbox\"><\/span>\n\t\t<\/label>\n\t\t<div id=\"msg\"><\/div>\n\t\t<div id=\"error\" class=\"error\">\n\t\t<\/div>\n\t<\/form>\n<\/div><!-- \/new-form -->\n\n\n\n<\/p><h2 class=\"wp-block-heading\" id=\"h-conquiste-sua-vaga-no-concurso-alerj-com-o-estrategia-med\"><span class=\"ez-toc-section\" id=\"Conquiste-sua-vaga-no-concurso-ALERJ-com-o-Estrategia-MED\"><\/span>Conquiste sua vaga no concurso ALERJ com o Estrat&eacute;gia MED!<span class=\"ez-toc-section-end\"><\/span><\/h2><p>No curso&nbsp;<a href=\"https:\/\/med.estrategia.com\/curso\/concursos-medicos-alerj\/\" target=\"_blank\">Concursos M&eacute;dicos &ndash; ALERJ<\/a>, voc&ecirc; tem acesso a conte&uacute;dos como: LDI; al&eacute;m de acesso ao nosso Banco de Quest&otilde;es que atualmente conta com mais de 200 mil quest&otilde;es cadastradas e n&atilde;o para de crescer! Essa pode ser sua chance de conquistar mais seguran&ccedil;a financeira, com altos sal&aacute;rios, al&eacute;m de aposentadoria, estabilidade e todas as vantagens do servi&ccedil;o p&uacute;blico.<\/p><p><strong>Livro Digital Interativo (LDI)<\/strong> &ndash; uma plataforma &uacute;nica que integra videoaulas, resumos e quest&otilde;es comentadas, facilitando a revis&atilde;o r&aacute;pida e direcionada. O material foi feito para que voc&ecirc; possa realizar um estudo focado, contemplando as disciplinas gerais e espec&iacute;ficas do edital:<\/p><ul class=\"wp-block-list\">\n<li>L&iacute;ngua Portuguesa;<\/li>\n\n\n\n<li>No&ccedil;&otilde;es de Inform&aacute;tica;<\/li>\n\n\n\n<li>No&ccedil;&otilde;es de Direito Administrativo;<\/li>\n\n\n\n<li>No&ccedil;&otilde;es de Direito Constitucional;<\/li>\n\n\n\n<li>Legisla&ccedil;&atilde;o Espec&iacute;fica; e<\/li>\n\n\n\n<li>Conhecimentos espec&iacute;ficos.<\/li>\n<\/ul><p>&#127919; <strong>Banco de Quest&otilde;es Estrat&eacute;gia MED (BQMED)<\/strong> &ndash; mais de 200 mil quest&otilde;es m&eacute;dicas e interdisciplinares para voc&ecirc; treinar no exato padr&atilde;o das bancas.<\/p><h2 class=\"wp-block-heading\" id=\"h-estrategia-med-tira-suas-duvidas-do-concursos-medicos-alerj\"><span class=\"ez-toc-section\" id=\"Estrategia-MED-tira-suas-duvidas-do-Concursos-Medicos-%E2%80%93-ALERJ\"><\/span>Estrat&eacute;gia MED tira suas d&uacute;vidas do Concursos M&eacute;dicos &ndash; ALERJ<span class=\"ez-toc-section-end\"><\/span><\/h2><p>Aproveite e n&atilde;o deixe de assistir o&nbsp;<a href=\"https:\/\/www.youtube.com\/watch?v=_9eZBmej3ss\" target=\"_blank\"><strong>webin&aacute;rio<\/strong>&nbsp;<\/a>comandado pela&nbsp;<strong>professora do Estrat&eacute;gia MED<\/strong>,&nbsp;<strong>Dra. Marina Fernandes<\/strong>, com informa&ccedil;&otilde;es completas sobre o <a href=\"https:\/\/med.estrategia.com\/curso\/concursos-medicos-alerj\/\" target=\"_blank\">Concursos M&eacute;dicos &ndash; ALERJ<\/a>. A transmiss&atilde;o aconteceu em nosso canal do Youtube no dia&nbsp;<strong>15 de outubro de 2025<\/strong>,&nbsp;<strong>&agrave;s 18h<\/strong>.<\/p><figure class=\"wp-block-embed is-type-video is-provider-youtube wp-block-embed-youtube wp-embed-aspect-16-9 wp-has-aspect-ratio\"><div class=\"wp-block-embed__wrapper\">\n<div class=\"cs-embed cs-embed-responsive\"><iframe title=\"Concursos M&eacute;dicos ALERJ: Em menos de 4 meses, conquiste sua vaga na com um m&eacute;todo intensivo e direto\" width=\"1200\" height=\"675\" src=\"https:\/\/www.youtube.com\/embed\/_9eZBmej3ss?feature=oembed\" frameborder=\"0\" allow=\"accelerometer; autoplay; clipboard-write; encrypted-media; gyroscope; picture-in-picture; web-share\" referrerpolicy=\"strict-origin-when-cross-origin\" allowfullscreen><\/iframe><\/div>\n<\/div><\/figure><p>E n&atilde;o se esque&ccedil;a de se inscrever em nosso canal e ativar o sino de notifica&ccedil;&atilde;o para n&atilde;o perder nenhuma novidade sobre concursos p&uacute;blicos com cargos m&eacute;dicos, atualiza&ccedil;&otilde;es m&eacute;dicas e muito mais!<\/p><div class=\"wp-block-image\">\n<figure class=\"aligncenter size-full\"><img decoding=\"async\" width=\"1280\" height=\"622\" src=\"https:\/\/med.estrategia.com\/portal\/wp-content\/uploads\/2025\/08\/concursos_medicos.jpg\" alt=\"concursos_medicos\" class=\"wp-image-91529\" srcset=\"https:\/\/med.estrategia.com\/portal\/wp-content\/uploads\/2025\/08\/concursos_medicos.jpg 1280w, https:\/\/med.estrategia.com\/portal\/wp-content\/uploads\/2025\/08\/concursos_medicos-1024x498.jpg 1024w, https:\/\/med.estrategia.com\/portal\/wp-content\/uploads\/2025\/08\/concursos_medicos-768x373.jpg 768w, https:\/\/med.estrategia.com\/portal\/wp-content\/uploads\/2025\/08\/concursos_medicos-800x389.jpg 800w, https:\/\/med.estrategia.com\/portal\/wp-content\/uploads\/2025\/08\/concursos_medicos-1160x564.jpg 1160w\" sizes=\"(max-width: 1280px) 100vw, 1280px\" \/><\/figure><\/div><\/p>\n","protected":false},"excerpt":{"rendered":"Inscri\u00e7\u00f5es foram prorrogadas e seguem abertas at\u00e9 o dia 02 de dezembro de 2025; provas objetivas e discursivas acontecem em fevereiro de 2026\n","protected":false},"author":45,"featured_media":96341,"comment_status":"closed","ping_status":"closed","sticky":false,"template":"","format":"standard","meta":{"wl_entities_gutenberg":"","footnotes":""},"categories":[474],"tags":[],"wl_entity_type":[199],"class_list":{"0":"post-96335","1":"post","2":"type-post","3":"status-publish","4":"format-standard","5":"has-post-thumbnail","7":"category-concursos","8":"wl_entity_type-article"},"acf":[],"yoast_head":"<!-- This site is optimized with the Yoast SEO Premium plugin v26.6 (Yoast SEO v26.6) - https:\/\/yoast.com\/wordpress\/plugins\/seo\/ -->\n<title>ALERJ abre concurso p\u00fablico com vagas na \u00e1rea m\u00e9dica<\/title>\n<meta name=\"description\" content=\"O edital do concurso p\u00fablico da ALERJ oferta tr\u00eas vagas para a \u00e1rea m\u00e9dica com sal\u00e1rio inicial de R$ 12,5 mil. Confira mais not\u00edcias no blog!\" \/>\n<meta name=\"robots\" content=\"index, follow, max-snippet:-1, max-image-preview:large, max-video-preview:-1\" \/>\n<link rel=\"canonical\" href=\"https:\/\/med.estrategia.com\/portal\/concursos\/alerj-abre-concurso-publico-com-3-vagas-na-area-medica-e-iniciais-de-r125-mil\/\" \/>\n<meta property=\"og:locale\" content=\"pt_BR\" \/>\n<meta property=\"og:type\" content=\"article\" \/>\n<meta property=\"og:title\" content=\"ALERJ abre concurso p\u00fablico com 3 vagas na \u00e1rea m\u00e9dica e iniciais de R$12,5 mil\" \/>\n<meta property=\"og:description\" content=\"O edital do concurso p\u00fablico da ALERJ oferta tr\u00eas vagas para a \u00e1rea m\u00e9dica com sal\u00e1rio inicial de R$ 12,5 mil. Confira mais not\u00edcias no blog!\" \/>\n<meta property=\"og:url\" content=\"https:\/\/med.estrategia.com\/portal\/concursos\/alerj-abre-concurso-publico-com-3-vagas-na-area-medica-e-iniciais-de-r125-mil\/\" \/>\n<meta property=\"og:site_name\" content=\"Estrat\u00e9gia MED\" \/>\n<meta property=\"article:publisher\" content=\"https:\/\/www.facebook.com\/estrategiamed1\" \/>\n<meta property=\"article:published_time\" content=\"2025-10-03T14:32:43+00:00\" \/>\n<meta property=\"article:modified_time\" content=\"2025-11-13T21:41:53+00:00\" \/>\n<meta property=\"og:image\" content=\"https:\/\/med.estrategia.com\/portal\/wp-content\/uploads\/2025\/10\/capa_estado_RJ.jpg\" \/>\n\t<meta property=\"og:image:width\" content=\"1280\" \/>\n\t<meta property=\"og:image:height\" content=\"720\" \/>\n\t<meta property=\"og:image:type\" content=\"image\/jpeg\" \/>\n<meta name=\"author\" content=\"Priscila Pereira\" \/>\n<meta name=\"twitter:card\" content=\"summary_large_image\" \/>\n<meta name=\"twitter:creator\" content=\"@estrategiamed_\" \/>\n<meta name=\"twitter:site\" content=\"@estrategiamed_\" \/>\n<meta name=\"twitter:label1\" content=\"Escrito por\" \/>\n\t<meta name=\"twitter:data1\" content=\"Priscila Pereira\" \/>\n\t<meta name=\"twitter:label2\" content=\"Est. tempo de leitura\" \/>\n\t<meta name=\"twitter:data2\" content=\"5 minutos\" \/>\n<script type=\"application\/ld+json\" class=\"yoast-schema-graph\">{\"@context\":\"https:\/\/schema.org\",\"@graph\":[{\"@type\":\"WebPage\",\"@id\":\"https:\/\/med.estrategia.com\/portal\/concursos\/alerj-abre-concurso-publico-com-3-vagas-na-area-medica-e-iniciais-de-r125-mil\/\",\"url\":\"https:\/\/med.estrategia.com\/portal\/concursos\/alerj-abre-concurso-publico-com-3-vagas-na-area-medica-e-iniciais-de-r125-mil\/\",\"name\":\"ALERJ abre concurso p\u00fablico com vagas na \u00e1rea m\u00e9dica\",\"isPartOf\":{\"@id\":\"https:\/\/med.estrategia.com\/portal\/#website\"},\"primaryImageOfPage\":{\"@id\":\"https:\/\/med.estrategia.com\/portal\/concursos\/alerj-abre-concurso-publico-com-3-vagas-na-area-medica-e-iniciais-de-r125-mil\/#primaryimage\"},\"image\":{\"@id\":\"https:\/\/med.estrategia.com\/portal\/concursos\/alerj-abre-concurso-publico-com-3-vagas-na-area-medica-e-iniciais-de-r125-mil\/#primaryimage\"},\"thumbnailUrl\":\"https:\/\/med.estrategia.com\/portal\/wp-content\/uploads\/2025\/10\/capa_estado_RJ.jpg\",\"datePublished\":\"2025-10-03T14:32:43+00:00\",\"dateModified\":\"2025-11-13T21:41:53+00:00\",\"author\":{\"@id\":\"https:\/\/med.estrategia.com\/portal\/#\/schema\/person\/d1df06a83a849b79b2d480e7d8952ce3\"},\"description\":\"O edital do concurso p\u00fablico da ALERJ oferta tr\u00eas vagas para a \u00e1rea m\u00e9dica com sal\u00e1rio inicial de R$ 12,5 mil. Confira mais not\u00edcias no blog!\",\"breadcrumb\":{\"@id\":\"https:\/\/med.estrategia.com\/portal\/concursos\/alerj-abre-concurso-publico-com-3-vagas-na-area-medica-e-iniciais-de-r125-mil\/#breadcrumb\"},\"inLanguage\":\"pt-BR\",\"potentialAction\":[{\"@type\":\"ReadAction\",\"target\":[\"https:\/\/med.estrategia.com\/portal\/concursos\/alerj-abre-concurso-publico-com-3-vagas-na-area-medica-e-iniciais-de-r125-mil\/\"]}]},{\"@type\":\"ImageObject\",\"inLanguage\":\"pt-BR\",\"@id\":\"https:\/\/med.estrategia.com\/portal\/concursos\/alerj-abre-concurso-publico-com-3-vagas-na-area-medica-e-iniciais-de-r125-mil\/#primaryimage\",\"url\":\"https:\/\/med.estrategia.com\/portal\/wp-content\/uploads\/2025\/10\/capa_estado_RJ.jpg\",\"contentUrl\":\"https:\/\/med.estrategia.com\/portal\/wp-content\/uploads\/2025\/10\/capa_estado_RJ.jpg\",\"width\":1280,\"height\":720,\"caption\":\"Estrat\u00e9gia MED | Concurso P\u00fablico ALERJ 2025\"},{\"@type\":\"BreadcrumbList\",\"@id\":\"https:\/\/med.estrategia.com\/portal\/concursos\/alerj-abre-concurso-publico-com-3-vagas-na-area-medica-e-iniciais-de-r125-mil\/#breadcrumb\",\"itemListElement\":[{\"@type\":\"ListItem\",\"position\":1,\"name\":\"Home\",\"item\":\"https:\/\/med.estrategia.com\/portal\/\"},{\"@type\":\"ListItem\",\"position\":2,\"name\":\"Concursos M\u00e9dicos\",\"item\":\"https:\/\/med.estrategia.com\/portal\/concursos\/\"},{\"@type\":\"ListItem\",\"position\":3,\"name\":\"ALERJ abre concurso p\u00fablico com 3 vagas na \u00e1rea m\u00e9dica e iniciais de R$12,5 mil\"}]},{\"@type\":\"WebSite\",\"@id\":\"https:\/\/med.estrategia.com\/portal\/#website\",\"url\":\"https:\/\/med.estrategia.com\/portal\/\",\"name\":\"Estrat\u00e9gia MED\",\"description\":\"\",\"potentialAction\":[{\"@type\":\"SearchAction\",\"target\":{\"@type\":\"EntryPoint\",\"urlTemplate\":\"https:\/\/med.estrategia.com\/portal\/?s={search_term_string}\"},\"query-input\":{\"@type\":\"PropertyValueSpecification\",\"valueRequired\":true,\"valueName\":\"search_term_string\"}}],\"inLanguage\":\"pt-BR\"},{\"@type\":\"Person\",\"@id\":\"https:\/\/med.estrategia.com\/portal\/#\/schema\/person\/d1df06a83a849b79b2d480e7d8952ce3\",\"name\":\"Priscila Pereira\",\"image\":{\"@type\":\"ImageObject\",\"inLanguage\":\"pt-BR\",\"@id\":\"https:\/\/med.estrategia.com\/portal\/#\/schema\/person\/image\/\",\"url\":\"https:\/\/secure.gravatar.com\/avatar\/fe94f8430a1d23a69c0bc7aab6202e21?s=96&d=mm&r=g\",\"contentUrl\":\"https:\/\/secure.gravatar.com\/avatar\/fe94f8430a1d23a69c0bc7aab6202e21?s=96&d=mm&r=g\",\"caption\":\"Priscila Pereira\"},\"description\":\"Formada e p\u00f3s-graduada na \u00e1rea de comunica\u00e7\u00e3o, divido minha paix\u00e3o entre o jornalismo e os esportes\",\"url\":\"https:\/\/med.estrategia.com\/portal\/author\/priscila-pereira\/\"}]}<\/script>\n<!-- \/ Yoast SEO Premium plugin. -->","yoast_head_json":{"title":"ALERJ abre concurso p\u00fablico com vagas na \u00e1rea m\u00e9dica","description":"O edital do concurso p\u00fablico da ALERJ oferta tr\u00eas vagas para a \u00e1rea m\u00e9dica com sal\u00e1rio inicial de R$ 12,5 mil. Confira mais not\u00edcias no blog!","robots":{"index":"index","follow":"follow","max-snippet":"max-snippet:-1","max-image-preview":"max-image-preview:large","max-video-preview":"max-video-preview:-1"},"canonical":"https:\/\/med.estrategia.com\/portal\/concursos\/alerj-abre-concurso-publico-com-3-vagas-na-area-medica-e-iniciais-de-r125-mil\/","og_locale":"pt_BR","og_type":"article","og_title":"ALERJ abre concurso p\u00fablico com 3 vagas na \u00e1rea m\u00e9dica e iniciais de R$12,5 mil","og_description":"O edital do concurso p\u00fablico da ALERJ oferta tr\u00eas vagas para a \u00e1rea m\u00e9dica com sal\u00e1rio inicial de R$ 12,5 mil. Confira mais not\u00edcias no blog!","og_url":"https:\/\/med.estrategia.com\/portal\/concursos\/alerj-abre-concurso-publico-com-3-vagas-na-area-medica-e-iniciais-de-r125-mil\/","og_site_name":"Estrat\u00e9gia MED","article_publisher":"https:\/\/www.facebook.com\/estrategiamed1","article_published_time":"2025-10-03T14:32:43+00:00","article_modified_time":"2025-11-13T21:41:53+00:00","og_image":[{"width":1280,"height":720,"url":"https:\/\/med.estrategia.com\/portal\/wp-content\/uploads\/2025\/10\/capa_estado_RJ.jpg","type":"image\/jpeg"}],"author":"Priscila Pereira","twitter_card":"summary_large_image","twitter_creator":"@estrategiamed_","twitter_site":"@estrategiamed_","twitter_misc":{"Escrito por":"Priscila Pereira","Est. tempo de leitura":"5 minutos"},"schema":{"@context":"https:\/\/schema.org","@graph":[{"@type":"WebPage","@id":"https:\/\/med.estrategia.com\/portal\/concursos\/alerj-abre-concurso-publico-com-3-vagas-na-area-medica-e-iniciais-de-r125-mil\/","url":"https:\/\/med.estrategia.com\/portal\/concursos\/alerj-abre-concurso-publico-com-3-vagas-na-area-medica-e-iniciais-de-r125-mil\/","name":"ALERJ abre concurso p\u00fablico com vagas na \u00e1rea m\u00e9dica","isPartOf":{"@id":"https:\/\/med.estrategia.com\/portal\/#website"},"primaryImageOfPage":{"@id":"https:\/\/med.estrategia.com\/portal\/concursos\/alerj-abre-concurso-publico-com-3-vagas-na-area-medica-e-iniciais-de-r125-mil\/#primaryimage"},"image":{"@id":"https:\/\/med.estrategia.com\/portal\/concursos\/alerj-abre-concurso-publico-com-3-vagas-na-area-medica-e-iniciais-de-r125-mil\/#primaryimage"},"thumbnailUrl":"https:\/\/med.estrategia.com\/portal\/wp-content\/uploads\/2025\/10\/capa_estado_RJ.jpg","datePublished":"2025-10-03T14:32:43+00:00","dateModified":"2025-11-13T21:41:53+00:00","author":{"@id":"https:\/\/med.estrategia.com\/portal\/#\/schema\/person\/d1df06a83a849b79b2d480e7d8952ce3"},"description":"O edital do concurso p\u00fablico da ALERJ oferta tr\u00eas vagas para a \u00e1rea m\u00e9dica com sal\u00e1rio inicial de R$ 12,5 mil. Confira mais not\u00edcias no blog!","breadcrumb":{"@id":"https:\/\/med.estrategia.com\/portal\/concursos\/alerj-abre-concurso-publico-com-3-vagas-na-area-medica-e-iniciais-de-r125-mil\/#breadcrumb"},"inLanguage":"pt-BR","potentialAction":[{"@type":"ReadAction","target":["https:\/\/med.estrategia.com\/portal\/concursos\/alerj-abre-concurso-publico-com-3-vagas-na-area-medica-e-iniciais-de-r125-mil\/"]}]},{"@type":"ImageObject","inLanguage":"pt-BR","@id":"https:\/\/med.estrategia.com\/portal\/concursos\/alerj-abre-concurso-publico-com-3-vagas-na-area-medica-e-iniciais-de-r125-mil\/#primaryimage","url":"https:\/\/med.estrategia.com\/portal\/wp-content\/uploads\/2025\/10\/capa_estado_RJ.jpg","contentUrl":"https:\/\/med.estrategia.com\/portal\/wp-content\/uploads\/2025\/10\/capa_estado_RJ.jpg","width":1280,"height":720,"caption":"Estrat\u00e9gia MED | Concurso P\u00fablico ALERJ 2025"},{"@type":"BreadcrumbList","@id":"https:\/\/med.estrategia.com\/portal\/concursos\/alerj-abre-concurso-publico-com-3-vagas-na-area-medica-e-iniciais-de-r125-mil\/#breadcrumb","itemListElement":[{"@type":"ListItem","position":1,"name":"Home","item":"https:\/\/med.estrategia.com\/portal\/"},{"@type":"ListItem","position":2,"name":"Concursos M\u00e9dicos","item":"https:\/\/med.estrategia.com\/portal\/concursos\/"},{"@type":"ListItem","position":3,"name":"ALERJ abre concurso p\u00fablico com 3 vagas na \u00e1rea m\u00e9dica e iniciais de R$12,5 mil"}]},{"@type":"WebSite","@id":"https:\/\/med.estrategia.com\/portal\/#website","url":"https:\/\/med.estrategia.com\/portal\/","name":"Estrat\u00e9gia MED","description":"","potentialAction":[{"@type":"SearchAction","target":{"@type":"EntryPoint","urlTemplate":"https:\/\/med.estrategia.com\/portal\/?s={search_term_string}"},"query-input":{"@type":"PropertyValueSpecification","valueRequired":true,"valueName":"search_term_string"}}],"inLanguage":"pt-BR"},{"@type":"Person","@id":"https:\/\/med.estrategia.com\/portal\/#\/schema\/person\/d1df06a83a849b79b2d480e7d8952ce3","name":"Priscila Pereira","image":{"@type":"ImageObject","inLanguage":"pt-BR","@id":"https:\/\/med.estrategia.com\/portal\/#\/schema\/person\/image\/","url":"https:\/\/secure.gravatar.com\/avatar\/fe94f8430a1d23a69c0bc7aab6202e21?s=96&d=mm&r=g","contentUrl":"https:\/\/secure.gravatar.com\/avatar\/fe94f8430a1d23a69c0bc7aab6202e21?s=96&d=mm&r=g","caption":"Priscila Pereira"},"description":"Formada e p\u00f3s-graduada na \u00e1rea de comunica\u00e7\u00e3o, divido minha paix\u00e3o entre o jornalismo e os esportes","url":"https:\/\/med.estrategia.com\/portal\/author\/priscila-pereira\/"}]}},"_wl_alt_label":[],"wl:entity_url":"\/post\/-96335","_links":{"self":[{"href":"https:\/\/med.estrategia.com\/portal\/wp-json\/wp\/v2\/posts\/96335","targetHints":{"allow":["GET"]}}],"collection":[{"href":"https:\/\/med.estrategia.com\/portal\/wp-json\/wp\/v2\/posts"}],"about":[{"href":"https:\/\/med.estrategia.com\/portal\/wp-json\/wp\/v2\/types\/post"}],"author":[{"embeddable":true,"href":"https:\/\/med.estrategia.com\/portal\/wp-json\/wp\/v2\/users\/45"}],"replies":[{"embeddable":true,"href":"https:\/\/med.estrategia.com\/portal\/wp-json\/wp\/v2\/comments?post=96335"}],"version-history":[{"count":13,"href":"https:\/\/med.estrategia.com\/portal\/wp-json\/wp\/v2\/posts\/96335\/revisions"}],"predecessor-version":[{"id":100589,"href":"https:\/\/med.estrategia.com\/portal\/wp-json\/wp\/v2\/posts\/96335\/revisions\/100589"}],"wp:featuredmedia":[{"embeddable":true,"href":"https:\/\/med.estrategia.com\/portal\/wp-json\/wp\/v2\/media\/96341"}],"wp:attachment":[{"href":"https:\/\/med.estrategia.com\/portal\/wp-json\/wp\/v2\/media?parent=96335"}],"wp:term":[{"taxonomy":"category","embeddable":true,"href":"https:\/\/med.estrategia.com\/portal\/wp-json\/wp\/v2\/categories?post=96335"},{"taxonomy":"post_tag","embeddable":true,"href":"https:\/\/med.estrategia.com\/portal\/wp-json\/wp\/v2\/tags?post=96335"},{"taxonomy":"wl_entity_type","embeddable":true,"href":"https:\/\/med.estrategia.com\/portal\/wp-json\/wp\/v2\/wl_entity_type?post=96335"}],"curies":[{"name":"wp","href":"https:\/\/api.w.org\/{rel}","templated":true}]}}