{"id":96558,"date":"2025-10-07T04:53:25","date_gmt":"2025-10-07T07:53:25","guid":{"rendered":"https:\/\/med.estrategia.com\/portal\/?p=96558"},"modified":"2025-10-07T04:58:31","modified_gmt":"2025-10-07T07:58:31","slug":"iamspe-mantem-avanca-sao-paulo-como-organizadora-do-processo-seletivo-de-residencia-medica-2026","status":"publish","type":"post","link":"https:\/\/med.estrategia.com\/portal\/noticias\/iamspe-mantem-avanca-sao-paulo-como-organizadora-do-processo-seletivo-de-residencia-medica-2026\/","title":{"rendered":"IAMSPE mant\u00e9m Avan\u00e7a S\u00e3o Paulo como organizadora do processo seletivo de Resid\u00eancia M\u00e9dica 2026"},"content":{"rendered":"<p>O <strong>Instituto de Assist&ecirc;ncia M&eacute;dica ao Servidor P&uacute;blico Estadual (IAMSPE) <\/strong>autorizou, por meio de <a href=\"https:\/\/doe.sp.gov.br\/executivo\/secretaria-de-gestao-e-governo-digital\/dispensa-n-144-2025-de-3-de-outubro-de-2025-202510061326142771386067\" target=\"_blank\" rel=\"noopener noreferrer\">ato publicado nesta ter&ccedil;a-feira<\/a> (07), a <strong>contrata&ccedil;&atilde;o direta do Instituto Avan&ccedil;a S&atilde;o Paulo<\/strong> para a realiza&ccedil;&atilde;o do <strong>processo seletivo dos programa de Resid&ecirc;ncia M&eacute;dica 2026<\/strong> do Hospital do Servidor P&uacute;blico Estadual Francisco Morato de Oliveira.<p>O valor global da contrata&ccedil;&atilde;o &eacute; de <strong>R$ 1.541.029,59<\/strong>, contemplando a <strong>presta&ccedil;&atilde;o de servi&ccedil;os especializados no planejamento, organiza&ccedil;&atilde;o e execu&ccedil;&atilde;o<\/strong> da sele&ccedil;&atilde;o. O in&iacute;cio dos trabalhos ocorrer&aacute; <strong>imediatamente ap&oacute;s a assinatura do contrato e emiss&atilde;o da ordem de servi&ccedil;o<\/strong>.<\/p><p>Vale lembrar que no &uacute;ltimo ano o <strong>Instituto Avan&ccedil;a S&atilde;o Paulo<\/strong> tamb&eacute;m foi o respons&aacute;vel pela <strong>organiza&ccedil;&atilde;o do processo seletivo de resid&ecirc;ncia m&eacute;dica do IAMSPE<\/strong>, conduzindo a prova aplicada aos candidatos em S&atilde;o Paulo. A expectativa &eacute; que a nova edi&ccedil;&atilde;o, referente ao exerc&iacute;cio 2026, tenha seu edital publicado ainda neste ano.<\/p><p>\n\n\n<div id=\"new-form\">\n\t<form id=\"forms_layout\">\n\t<input type=\"hidden\" id=\"chave_de\" name=\"chave_de\" value=\"01_EMED_LEADS_TOTAIS\" \/>\n\t\t<input type=\"hidden\" id=\"mid\" name=\"mid\" value=\"515009018\" \/>\n\t\t<input type=\"hidden\" id=\"Objetivo\" name=\"Objetivo\" value=\"Medicina\" \/>\n\t\t<input type=\"hidden\" id=\"Estado_de_Origem_do_IP\" name=\"Estado_de_Origem_do_IP\"  value=\"\" \/>\n\t\t<input type=\"hidden\" id=\"Cidade_de_Origem_do_IP\" name=\"Cidade_de_Origem_do_IP\" value=\"\" \/>\n\t\t<input type=\"hidden\" id=\"Modo_de_entrada\" name=\"Modo_de_entrada\" value=\"Portal\" \/>\n\t\t<input type=\"hidden\" id=\"Pagina_Origem\" name=\"Pagina_Origem\" value=\"\" \/>\n\n\t\t<div class=\"texto\">\n\t\t\t<h3 class=\"news\">Inscreva-se em nossa newsletter!<\/h3>\n\t\t\t<p>Receba not\u00edcias sobre resid\u00eancia m\u00e9dica, revalida\u00e7\u00e3o de diplomas e concursos m\u00e9dicos, al\u00e9m de materiais de estudo gratuitos e informa\u00e7\u00f5es relevantes do mundo da Medicina.<\/p>\n\t\t<\/div>\n\t\t<div class=\"campos\">\n\t\t\t<div class=\"first_name labels\">\n\t\t\t\t<input type=\"text\" class=\"input_labels\" id=\"first_name\" name=\"Nome_Completo\" placeholder=\"Nome\" required \/>\n\t\t\t<\/div>\n\t\t\t<div class=\"email labels\">\n\t\t\t\t<input type=\"email\" class=\"input_labels\" id=\"email\" name=\"Email\" placeholder=\"E-mail\" required \/>\n\t\t\t<\/div>\n\t\t\t<button type=\"submit\" class=\"button_layout\">\n\t\t\t\t<div id=\"lblBotao\">Inscreva-se<\/div>\n\t\t\t\t<span id=\"divSpiner\" class=\"loader\" role=\"status\" style=\"display: none;\"><\/span>\t\n\t\t\t<\/button>\n\t\t<\/div><!-- \/campos -->\n\t\t\n\t\t<label class=\"container_checkbox\">Voc\u00ea concorda com a nossa\n\t\t\t<a class=\"politics_privacy_ahref\" target=\"_blank\" href=\"https:\/\/gratis.estrategiaconcursos.com.br\/politica-de-privacidade\/\">Pol\u00edtica de Privacidade<\/a> e aceita receber informa\u00e7\u00f5es adicionais do Estrat\u00e9gia Educacional.\n\t\t\t<input id=\"checkbox_layout\" type=\"checkbox\" checked=\"checked\" required \/>\n\t\t\t<span class=\"checkbox\"><\/span>\n\t\t<\/label>\n\t\t<div id=\"msg\"><\/div>\n\t\t<div id=\"error\" class=\"error\">\n\t\t<\/div>\n\t<\/form>\n<\/div><!-- \/new-form -->\n\n\n\n<\/p><div id=\"ez-toc-container\" class=\"ez-toc-v2_0_79_2 counter-hierarchy ez-toc-counter ez-toc-transparent ez-toc-container-direction\">\n<div class=\"ez-toc-title-container\"><p class=\"ez-toc-title\" style=\"cursor:inherit\">Navegue pelo conte\u00fado<\/p>\n<\/div><nav><ul class='ez-toc-list ez-toc-list-level-1 ' ><li class='ez-toc-page-1 ez-toc-heading-level-2'><a class=\"ez-toc-link ez-toc-heading-1\" href=\"https:\/\/med.estrategia.com\/portal\/noticias\/iamspe-mantem-avanca-sao-paulo-como-organizadora-do-processo-seletivo-de-residencia-medica-2026\/#Saiba-como-foi-a-selecao-IAMSPE-2025\" >Saiba como foi a sele&ccedil;&atilde;o IAMSPE 2025<\/a><\/li><li class='ez-toc-page-1 ez-toc-heading-level-2'><a class=\"ez-toc-link ez-toc-heading-2\" href=\"https:\/\/med.estrategia.com\/portal\/noticias\/iamspe-mantem-avanca-sao-paulo-como-organizadora-do-processo-seletivo-de-residencia-medica-2026\/#Confira-o-Calendario-de-Residencia-Medica-20252026\" >Confira o Calend&aacute;rio de Resid&ecirc;ncia M&eacute;dica 2025\/2026<\/a><\/li><\/ul><\/nav><\/div>\n<h2 class=\"wp-block-heading\" id=\"h-saiba-como-foi-a-selecao-iamspe-2025\"><span class=\"ez-toc-section\" id=\"Saiba-como-foi-a-selecao-IAMSPE-2025\"><\/span>Saiba como foi a sele&ccedil;&atilde;o IAMSPE 2025<span class=\"ez-toc-section-end\"><\/span><\/h2><p>O edital para ingresso nos programas de resid&ecirc;ncia m&eacute;dica de 2025 do IAMSPE foi publicado em <strong>novembro de 2024<\/strong>. Organizado pelo Instituto Avan&ccedil;a S&atilde;o Paulo, o certame contou com <strong>etapa &uacute;nica<\/strong>, composta por <strong>prova objetiva aplicada em 15 de dezembro<\/strong>.<\/p><p>Ao todo, foram ofertadas <strong>234 vagas<\/strong> distribu&iacute;das entre programas de acesso direto e com pr&eacute;-requisito, e <strong>mais de 7 mil candidatos se inscreveram<\/strong> para concorrer a uma das oportunidades vinculadas ao <strong>Hospital do Servidor P&uacute;blico Estadual<\/strong>. Entre as especialidades mais disputadas estiveram <strong>Dermatologia, Neurocirurgia, Ginecologia e Obstetr&iacute;cia, Psiquiatria e Oftalmologia<\/strong>.<\/p><p class=\"wp-block-preformatted\">Confira a rela&ccedil;&atilde;o completa: <a href=\"https:\/\/med.estrategia.com\/portal\/noticias\/iamspe-divulga-total-de-inscritos-para-selecao-de-residencia-medica-2025-confira-a-concorrencia\/\">IAMSPE divulga total de inscritos para sele&ccedil;&atilde;o de Resid&ecirc;ncia M&eacute;dica 2025; confira a concorr&ecirc;ncia geral<\/a><\/p><p>O resultado foi divulgado no in&iacute;cio de 2025, e os novos residentes iniciaram suas atividades em mar&ccedil;o do mesmo ano. <\/p><div class=\"wp-block-buttons is-content-justification-center is-layout-flex wp-container-core-buttons-is-layout-1 wp-block-buttons-is-layout-flex\">\n<div class=\"wp-block-button\"><a class=\"wp-block-button__link wp-element-button\" href=\"https:\/\/med.estrategia.com\/portal\/residencia-medica\/iamspe-residencia-medica\/\">tudo sobre o processo seletivo do iamspe!<\/a><\/div>\n<\/div><h2 class=\"wp-block-heading\" id=\"h-confira-o-calendario-de-residencia-medica-2025-2026\"><span class=\"ez-toc-section\" id=\"Confira-o-Calendario-de-Residencia-Medica-20252026\"><\/span>Confira o Calend&aacute;rio de Resid&ecirc;ncia M&eacute;dica 2025\/2026<span class=\"ez-toc-section-end\"><\/span><\/h2><p>Est&aacute; se preparando para as provas de resid&ecirc;ncia m&eacute;dica e&nbsp;<strong>quer saber as datas das principais sele&ccedil;&otilde;es para ingresso em 2026?<\/strong>&nbsp;O Estrat&eacute;gia MED reuniu todas as informa&ccedil;&otilde;es essenciais no&nbsp;<a href=\"https:\/\/med.estrategia.com\/portal\/residencia-medica\/calendario-de-residencia-medica-confira-as-datas-das-proximas-provas\/\" target=\"_blank\">Calend&aacute;rio de Resid&ecirc;ncia M&eacute;dica 2025\/2026<\/a>, que vai te ajudar a se planejar e acompanhar as etapas dessa jornada.<\/p><p>O artigo traz todas as datas confirmadas das provas de resid&ecirc;ncia m&eacute;dica e previs&otilde;es sobre os pr&oacute;ximos seletivos. Com as atualiza&ccedil;&otilde;es constantes, o calend&aacute;rio est&aacute; sempre completo e organizado para que voc&ecirc; n&atilde;o perca nenhum detalhe.<\/p><p>Ainda, se voc&ecirc; quer ficar por dentro de mais conte&uacute;dos relevantes sobre a &aacute;rea m&eacute;dica, continue acompanhando o material preparado pelo&nbsp;<a href=\"https:\/\/med.estrategia.com\/portal\/\" target=\"_blank\">Portal de Not&iacute;cias do Estrat&eacute;gia MED<\/a>. Aqui, voc&ecirc; encontrar&aacute; informa&ccedil;&otilde;es atualizadas sobre resid&ecirc;ncias, carreira m&eacute;dica e muito mais.<\/p><p>\n\n\n\n<div class=\"estrategia-catalog\"><h3>Estude para o IAMSPE<\/h3><div class=\"carrossel-product\"><div><h4>Sprint de Reta Final para Resid\u00eancia M\u00e9dica do IAMSPE<\/h4><div class=\"cat-description\">Com os Sprints Resid\u00eancia M\u00e9dica, voc\u00ea ter\u00e1 a oportunidade de acelerar os seus estudos rumo \u00e0 aprova\u00e7\u00e3o.\n\nPor meio da resolu\u00e7\u00e3o de quest\u00f5es in\u00e9ditas baseadas no modelo de cada banca, as suas chances de aprova\u00e7\u00e3o ir\u00e3o aumentar significativamente.\n\nPor isso, se voc\u00ea quer a aprova\u00e7\u00e3o no ENARE, USP-SP, SUS-SP, SUS-BA, SURCE, AMRIGS, etc., esta \u00e9 a melhor solu\u00e7\u00e3o.\n\nIsso porque o Sprint EMED foi pensado para que voc\u00ea direcione os seus esfor\u00e7os, saiba o passo a passo do que priorizar na reta final e utilize o seu tempo de estudos de forma inteligente.<\/div><div class=\"cat-price\"><span>12x<\/span> R$ 166,41<\/div><div class=\"cat-sale\">No Cart\u00e3o de Cr\u00e9dito ou 10% de desconto no Boleto ou Pix \u00e0 vista: R$ 1.797,30<\/div><a href=\"https:\/\/med.estrategia.com\/curso\/sprint-de-reta-final-residencia-medica-iamspe\/?utm_source=portal&amp;utm_medium=post&amp;utm_campaign=emed-x-vd-seo-portal-v-catalogo\" class=\"estrategia-button\" target=\"_blank\">Saiba mais<\/a><\/div><div><h4>Banco de Quest\u00f5es + B\u00f4nus Resumos Estrat\u00e9gicos - Anual<\/h4><div class=\"cat-description\">Estude com o maior Banco de Quest\u00f5es aut\u00f4nomo da \u00e1rea m\u00e9dica, com mais de 200 mil quest\u00f5es dispon\u00edveis, sendo mais de 108 mil comentadas alternativa por alternativa e mais de 75 mil resolvidas em v\u00eddeo pelos professores especialistas do Estrat\u00e9gia MED.<\/div><div class=\"cat-price\"><span>12x<\/span> R$ 416,41<\/div><div class=\"cat-sale\">No Cart\u00e3o de Cr\u00e9dito ou 10% de desconto no Boleto ou Pix \u00e0 vista: R$ 4.497,30<\/div><a href=\"https:\/\/med.estrategia.com\/curso\/banco-de-questes-resumos-estrategicos-anual\/?utm_source=portal&amp;utm_medium=post&amp;utm_campaign=emed-x-vd-seo-portal-v-catalogo\" class=\"estrategia-button\" target=\"_blank\">Saiba mais<\/a><\/div><\/div><\/div>\n<\/p><\/p>\n","protected":false},"excerpt":{"rendered":"O Instituto de Assist&ecirc;ncia M&eacute;dica ao Servidor P&uacute;blico Estadual (IAMSPE) autorizou, por meio de ato publicado nesta ter&ccedil;a-feira&hellip;\n","protected":false},"author":39,"featured_media":85568,"comment_status":"closed","ping_status":"closed","sticky":false,"template":"","format":"standard","meta":{"wl_entities_gutenberg":"","footnotes":""},"categories":[300],"tags":[],"wl_entity_type":[199],"class_list":{"0":"post-96558","1":"post","2":"type-post","3":"status-publish","4":"format-standard","5":"has-post-thumbnail","7":"category-noticias","8":"wl_entity_type-article"},"acf":[],"yoast_head":"<!-- This site is optimized with the Yoast SEO Premium plugin v26.6 (Yoast SEO v26.6) - https:\/\/yoast.com\/wordpress\/plugins\/seo\/ -->\n<title>Iamspe mant\u00e9m banca organizadora para Resid\u00eancia M\u00e9dica 2026<\/title>\n<meta name=\"description\" content=\"Com a autoriza\u00e7\u00e3o para contrata\u00e7\u00e3o da banca, o processo seletivo de resid\u00eancia m\u00e9dica para 2026 do IAMSPE come\u00e7a a tomar forma, confira!\" \/>\n<meta name=\"robots\" content=\"index, follow, max-snippet:-1, max-image-preview:large, max-video-preview:-1\" \/>\n<link rel=\"canonical\" href=\"https:\/\/med.estrategia.com\/portal\/noticias\/iamspe-mantem-avanca-sao-paulo-como-organizadora-do-processo-seletivo-de-residencia-medica-2026\/\" \/>\n<meta property=\"og:locale\" content=\"pt_BR\" \/>\n<meta property=\"og:type\" content=\"article\" \/>\n<meta property=\"og:title\" content=\"IAMSPE mant\u00e9m Avan\u00e7a S\u00e3o Paulo como organizadora do processo seletivo de Resid\u00eancia M\u00e9dica 2026\" \/>\n<meta property=\"og:description\" content=\"Com a autoriza\u00e7\u00e3o para contrata\u00e7\u00e3o da banca, o processo seletivo de resid\u00eancia m\u00e9dica para 2026 do IAMSPE come\u00e7a a tomar forma, confira!\" \/>\n<meta property=\"og:url\" content=\"https:\/\/med.estrategia.com\/portal\/noticias\/iamspe-mantem-avanca-sao-paulo-como-organizadora-do-processo-seletivo-de-residencia-medica-2026\/\" \/>\n<meta property=\"og:site_name\" content=\"Estrat\u00e9gia MED\" \/>\n<meta property=\"article:publisher\" content=\"https:\/\/www.facebook.com\/estrategiamed1\" \/>\n<meta property=\"article:published_time\" content=\"2025-10-07T07:53:25+00:00\" \/>\n<meta property=\"article:modified_time\" content=\"2025-10-07T07:58:31+00:00\" \/>\n<meta property=\"og:image\" content=\"https:\/\/med.estrategia.com\/portal\/wp-content\/uploads\/2025\/04\/iamspe-atualizacao.jpg\" \/>\n\t<meta property=\"og:image:width\" content=\"1920\" \/>\n\t<meta property=\"og:image:height\" content=\"1080\" \/>\n\t<meta property=\"og:image:type\" content=\"image\/jpeg\" \/>\n<meta name=\"author\" content=\"Ana Carolina Damasceno\" \/>\n<meta name=\"twitter:card\" content=\"summary_large_image\" \/>\n<meta name=\"twitter:creator\" content=\"@estrategiamed_\" \/>\n<meta name=\"twitter:site\" content=\"@estrategiamed_\" \/>\n<meta name=\"twitter:label1\" content=\"Escrito por\" \/>\n\t<meta name=\"twitter:data1\" content=\"Ana Carolina Damasceno\" \/>\n\t<meta name=\"twitter:label2\" content=\"Est. tempo de leitura\" \/>\n\t<meta name=\"twitter:data2\" content=\"3 minutos\" \/>\n<script type=\"application\/ld+json\" class=\"yoast-schema-graph\">{\"@context\":\"https:\/\/schema.org\",\"@graph\":[{\"@type\":\"WebPage\",\"@id\":\"https:\/\/med.estrategia.com\/portal\/noticias\/iamspe-mantem-avanca-sao-paulo-como-organizadora-do-processo-seletivo-de-residencia-medica-2026\/\",\"url\":\"https:\/\/med.estrategia.com\/portal\/noticias\/iamspe-mantem-avanca-sao-paulo-como-organizadora-do-processo-seletivo-de-residencia-medica-2026\/\",\"name\":\"Iamspe mant\u00e9m banca organizadora para Resid\u00eancia M\u00e9dica 2026\",\"isPartOf\":{\"@id\":\"https:\/\/med.estrategia.com\/portal\/#website\"},\"primaryImageOfPage\":{\"@id\":\"https:\/\/med.estrategia.com\/portal\/noticias\/iamspe-mantem-avanca-sao-paulo-como-organizadora-do-processo-seletivo-de-residencia-medica-2026\/#primaryimage\"},\"image\":{\"@id\":\"https:\/\/med.estrategia.com\/portal\/noticias\/iamspe-mantem-avanca-sao-paulo-como-organizadora-do-processo-seletivo-de-residencia-medica-2026\/#primaryimage\"},\"thumbnailUrl\":\"https:\/\/med.estrategia.com\/portal\/wp-content\/uploads\/2025\/04\/iamspe-atualizacao.jpg\",\"datePublished\":\"2025-10-07T07:53:25+00:00\",\"dateModified\":\"2025-10-07T07:58:31+00:00\",\"author\":{\"@id\":\"https:\/\/med.estrategia.com\/portal\/#\/schema\/person\/2f553adbb8e25fe39d145c5b2927f58c\"},\"description\":\"Com a autoriza\u00e7\u00e3o para contrata\u00e7\u00e3o da banca, o processo seletivo de resid\u00eancia m\u00e9dica para 2026 do IAMSPE come\u00e7a a tomar forma, confira!\",\"breadcrumb\":{\"@id\":\"https:\/\/med.estrategia.com\/portal\/noticias\/iamspe-mantem-avanca-sao-paulo-como-organizadora-do-processo-seletivo-de-residencia-medica-2026\/#breadcrumb\"},\"inLanguage\":\"pt-BR\",\"potentialAction\":[{\"@type\":\"ReadAction\",\"target\":[\"https:\/\/med.estrategia.com\/portal\/noticias\/iamspe-mantem-avanca-sao-paulo-como-organizadora-do-processo-seletivo-de-residencia-medica-2026\/\"]}]},{\"@type\":\"ImageObject\",\"inLanguage\":\"pt-BR\",\"@id\":\"https:\/\/med.estrategia.com\/portal\/noticias\/iamspe-mantem-avanca-sao-paulo-como-organizadora-do-processo-seletivo-de-residencia-medica-2026\/#primaryimage\",\"url\":\"https:\/\/med.estrategia.com\/portal\/wp-content\/uploads\/2025\/04\/iamspe-atualizacao.jpg\",\"contentUrl\":\"https:\/\/med.estrategia.com\/portal\/wp-content\/uploads\/2025\/04\/iamspe-atualizacao.jpg\",\"width\":1920,\"height\":1080,\"caption\":\"Estrat\u00e9gia MED | Foto: Alexandre Possi\"},{\"@type\":\"BreadcrumbList\",\"@id\":\"https:\/\/med.estrategia.com\/portal\/noticias\/iamspe-mantem-avanca-sao-paulo-como-organizadora-do-processo-seletivo-de-residencia-medica-2026\/#breadcrumb\",\"itemListElement\":[{\"@type\":\"ListItem\",\"position\":1,\"name\":\"Home\",\"item\":\"https:\/\/med.estrategia.com\/portal\/\"},{\"@type\":\"ListItem\",\"position\":2,\"name\":\"Not\u00edcias\",\"item\":\"https:\/\/med.estrategia.com\/portal\/noticias\/\"},{\"@type\":\"ListItem\",\"position\":3,\"name\":\"IAMSPE mant\u00e9m Avan\u00e7a S\u00e3o Paulo como organizadora do processo seletivo de Resid\u00eancia M\u00e9dica 2026\"}]},{\"@type\":\"WebSite\",\"@id\":\"https:\/\/med.estrategia.com\/portal\/#website\",\"url\":\"https:\/\/med.estrategia.com\/portal\/\",\"name\":\"Estrat\u00e9gia MED\",\"description\":\"\",\"potentialAction\":[{\"@type\":\"SearchAction\",\"target\":{\"@type\":\"EntryPoint\",\"urlTemplate\":\"https:\/\/med.estrategia.com\/portal\/?s={search_term_string}\"},\"query-input\":{\"@type\":\"PropertyValueSpecification\",\"valueRequired\":true,\"valueName\":\"search_term_string\"}}],\"inLanguage\":\"pt-BR\"},{\"@type\":\"Person\",\"@id\":\"https:\/\/med.estrategia.com\/portal\/#\/schema\/person\/2f553adbb8e25fe39d145c5b2927f58c\",\"name\":\"Ana Carolina Damasceno\",\"image\":{\"@type\":\"ImageObject\",\"inLanguage\":\"pt-BR\",\"@id\":\"https:\/\/med.estrategia.com\/portal\/#\/schema\/person\/image\/\",\"url\":\"https:\/\/med.estrategia.com\/portal\/wp-content\/uploads\/2021\/09\/WhatsApp-Image-2023-08-18-at-16.46.43-150x150.jpeg\",\"contentUrl\":\"https:\/\/med.estrategia.com\/portal\/wp-content\/uploads\/2021\/09\/WhatsApp-Image-2023-08-18-at-16.46.43-150x150.jpeg\",\"caption\":\"Ana Carolina Damasceno\"},\"description\":\"Coordenadora de Jornalismo EMED. Comunicadora por natureza e forma\u00e7\u00e3o, que ama e perde a no\u00e7\u00e3o do tempo com m\u00fasica e s\u00e9rie.\",\"url\":\"https:\/\/med.estrategia.com\/portal\/author\/ana-carolina-damasceno\/\"}]}<\/script>\n<!-- \/ Yoast SEO Premium plugin. -->","yoast_head_json":{"title":"Iamspe mant\u00e9m banca organizadora para Resid\u00eancia M\u00e9dica 2026","description":"Com a autoriza\u00e7\u00e3o para contrata\u00e7\u00e3o da banca, o processo seletivo de resid\u00eancia m\u00e9dica para 2026 do IAMSPE come\u00e7a a tomar forma, confira!","robots":{"index":"index","follow":"follow","max-snippet":"max-snippet:-1","max-image-preview":"max-image-preview:large","max-video-preview":"max-video-preview:-1"},"canonical":"https:\/\/med.estrategia.com\/portal\/noticias\/iamspe-mantem-avanca-sao-paulo-como-organizadora-do-processo-seletivo-de-residencia-medica-2026\/","og_locale":"pt_BR","og_type":"article","og_title":"IAMSPE mant\u00e9m Avan\u00e7a S\u00e3o Paulo como organizadora do processo seletivo de Resid\u00eancia M\u00e9dica 2026","og_description":"Com a autoriza\u00e7\u00e3o para contrata\u00e7\u00e3o da banca, o processo seletivo de resid\u00eancia m\u00e9dica para 2026 do IAMSPE come\u00e7a a tomar forma, confira!","og_url":"https:\/\/med.estrategia.com\/portal\/noticias\/iamspe-mantem-avanca-sao-paulo-como-organizadora-do-processo-seletivo-de-residencia-medica-2026\/","og_site_name":"Estrat\u00e9gia MED","article_publisher":"https:\/\/www.facebook.com\/estrategiamed1","article_published_time":"2025-10-07T07:53:25+00:00","article_modified_time":"2025-10-07T07:58:31+00:00","og_image":[{"width":1920,"height":1080,"url":"https:\/\/med.estrategia.com\/portal\/wp-content\/uploads\/2025\/04\/iamspe-atualizacao.jpg","type":"image\/jpeg"}],"author":"Ana Carolina Damasceno","twitter_card":"summary_large_image","twitter_creator":"@estrategiamed_","twitter_site":"@estrategiamed_","twitter_misc":{"Escrito por":"Ana Carolina Damasceno","Est. tempo de leitura":"3 minutos"},"schema":{"@context":"https:\/\/schema.org","@graph":[{"@type":"WebPage","@id":"https:\/\/med.estrategia.com\/portal\/noticias\/iamspe-mantem-avanca-sao-paulo-como-organizadora-do-processo-seletivo-de-residencia-medica-2026\/","url":"https:\/\/med.estrategia.com\/portal\/noticias\/iamspe-mantem-avanca-sao-paulo-como-organizadora-do-processo-seletivo-de-residencia-medica-2026\/","name":"Iamspe mant\u00e9m banca organizadora para Resid\u00eancia M\u00e9dica 2026","isPartOf":{"@id":"https:\/\/med.estrategia.com\/portal\/#website"},"primaryImageOfPage":{"@id":"https:\/\/med.estrategia.com\/portal\/noticias\/iamspe-mantem-avanca-sao-paulo-como-organizadora-do-processo-seletivo-de-residencia-medica-2026\/#primaryimage"},"image":{"@id":"https:\/\/med.estrategia.com\/portal\/noticias\/iamspe-mantem-avanca-sao-paulo-como-organizadora-do-processo-seletivo-de-residencia-medica-2026\/#primaryimage"},"thumbnailUrl":"https:\/\/med.estrategia.com\/portal\/wp-content\/uploads\/2025\/04\/iamspe-atualizacao.jpg","datePublished":"2025-10-07T07:53:25+00:00","dateModified":"2025-10-07T07:58:31+00:00","author":{"@id":"https:\/\/med.estrategia.com\/portal\/#\/schema\/person\/2f553adbb8e25fe39d145c5b2927f58c"},"description":"Com a autoriza\u00e7\u00e3o para contrata\u00e7\u00e3o da banca, o processo seletivo de resid\u00eancia m\u00e9dica para 2026 do IAMSPE come\u00e7a a tomar forma, confira!","breadcrumb":{"@id":"https:\/\/med.estrategia.com\/portal\/noticias\/iamspe-mantem-avanca-sao-paulo-como-organizadora-do-processo-seletivo-de-residencia-medica-2026\/#breadcrumb"},"inLanguage":"pt-BR","potentialAction":[{"@type":"ReadAction","target":["https:\/\/med.estrategia.com\/portal\/noticias\/iamspe-mantem-avanca-sao-paulo-como-organizadora-do-processo-seletivo-de-residencia-medica-2026\/"]}]},{"@type":"ImageObject","inLanguage":"pt-BR","@id":"https:\/\/med.estrategia.com\/portal\/noticias\/iamspe-mantem-avanca-sao-paulo-como-organizadora-do-processo-seletivo-de-residencia-medica-2026\/#primaryimage","url":"https:\/\/med.estrategia.com\/portal\/wp-content\/uploads\/2025\/04\/iamspe-atualizacao.jpg","contentUrl":"https:\/\/med.estrategia.com\/portal\/wp-content\/uploads\/2025\/04\/iamspe-atualizacao.jpg","width":1920,"height":1080,"caption":"Estrat\u00e9gia MED | Foto: Alexandre Possi"},{"@type":"BreadcrumbList","@id":"https:\/\/med.estrategia.com\/portal\/noticias\/iamspe-mantem-avanca-sao-paulo-como-organizadora-do-processo-seletivo-de-residencia-medica-2026\/#breadcrumb","itemListElement":[{"@type":"ListItem","position":1,"name":"Home","item":"https:\/\/med.estrategia.com\/portal\/"},{"@type":"ListItem","position":2,"name":"Not\u00edcias","item":"https:\/\/med.estrategia.com\/portal\/noticias\/"},{"@type":"ListItem","position":3,"name":"IAMSPE mant\u00e9m Avan\u00e7a S\u00e3o Paulo como organizadora do processo seletivo de Resid\u00eancia M\u00e9dica 2026"}]},{"@type":"WebSite","@id":"https:\/\/med.estrategia.com\/portal\/#website","url":"https:\/\/med.estrategia.com\/portal\/","name":"Estrat\u00e9gia MED","description":"","potentialAction":[{"@type":"SearchAction","target":{"@type":"EntryPoint","urlTemplate":"https:\/\/med.estrategia.com\/portal\/?s={search_term_string}"},"query-input":{"@type":"PropertyValueSpecification","valueRequired":true,"valueName":"search_term_string"}}],"inLanguage":"pt-BR"},{"@type":"Person","@id":"https:\/\/med.estrategia.com\/portal\/#\/schema\/person\/2f553adbb8e25fe39d145c5b2927f58c","name":"Ana Carolina Damasceno","image":{"@type":"ImageObject","inLanguage":"pt-BR","@id":"https:\/\/med.estrategia.com\/portal\/#\/schema\/person\/image\/","url":"https:\/\/med.estrategia.com\/portal\/wp-content\/uploads\/2021\/09\/WhatsApp-Image-2023-08-18-at-16.46.43-150x150.jpeg","contentUrl":"https:\/\/med.estrategia.com\/portal\/wp-content\/uploads\/2021\/09\/WhatsApp-Image-2023-08-18-at-16.46.43-150x150.jpeg","caption":"Ana Carolina Damasceno"},"description":"Coordenadora de Jornalismo EMED. Comunicadora por natureza e forma\u00e7\u00e3o, que ama e perde a no\u00e7\u00e3o do tempo com m\u00fasica e s\u00e9rie.","url":"https:\/\/med.estrategia.com\/portal\/author\/ana-carolina-damasceno\/"}]}},"_wl_alt_label":[],"wl:entity_url":"\/post\/iamspe-confirma-avanca-sao-paulo-como-organizadora-do-processo-seletivo-de-residencia-medica-2026-96558","_links":{"self":[{"href":"https:\/\/med.estrategia.com\/portal\/wp-json\/wp\/v2\/posts\/96558","targetHints":{"allow":["GET"]}}],"collection":[{"href":"https:\/\/med.estrategia.com\/portal\/wp-json\/wp\/v2\/posts"}],"about":[{"href":"https:\/\/med.estrategia.com\/portal\/wp-json\/wp\/v2\/types\/post"}],"author":[{"embeddable":true,"href":"https:\/\/med.estrategia.com\/portal\/wp-json\/wp\/v2\/users\/39"}],"replies":[{"embeddable":true,"href":"https:\/\/med.estrategia.com\/portal\/wp-json\/wp\/v2\/comments?post=96558"}],"version-history":[{"count":1,"href":"https:\/\/med.estrategia.com\/portal\/wp-json\/wp\/v2\/posts\/96558\/revisions"}],"predecessor-version":[{"id":96559,"href":"https:\/\/med.estrategia.com\/portal\/wp-json\/wp\/v2\/posts\/96558\/revisions\/96559"}],"wp:featuredmedia":[{"embeddable":true,"href":"https:\/\/med.estrategia.com\/portal\/wp-json\/wp\/v2\/media\/85568"}],"wp:attachment":[{"href":"https:\/\/med.estrategia.com\/portal\/wp-json\/wp\/v2\/media?parent=96558"}],"wp:term":[{"taxonomy":"category","embeddable":true,"href":"https:\/\/med.estrategia.com\/portal\/wp-json\/wp\/v2\/categories?post=96558"},{"taxonomy":"post_tag","embeddable":true,"href":"https:\/\/med.estrategia.com\/portal\/wp-json\/wp\/v2\/tags?post=96558"},{"taxonomy":"wl_entity_type","embeddable":true,"href":"https:\/\/med.estrategia.com\/portal\/wp-json\/wp\/v2\/wl_entity_type?post=96558"}],"curies":[{"name":"wp","href":"https:\/\/api.w.org\/{rel}","templated":true}]}}