{"id":98128,"date":"2025-10-21T19:01:33","date_gmt":"2025-10-21T22:01:33","guid":{"rendered":"https:\/\/med.estrategia.com\/portal\/?p=98128"},"modified":"2026-01-21T14:03:28","modified_gmt":"2026-01-21T17:03:28","slug":"novo-concurso-publico-ufrj-15-vagas-para-medicos","status":"publish","type":"post","link":"https:\/\/med.estrategia.com\/portal\/concursos\/novo-concurso-publico-ufrj-15-vagas-para-medicos\/","title":{"rendered":"Concurso P\u00fablico UFRJ oferta 15 vagas para m\u00e9dicos"},"content":{"rendered":"<p>A &nbsp;<strong>Universidade Federal do Rio de Janeiro<\/strong> <strong>(UFRJ)<\/strong> est&aacute; com as <strong>inscri&ccedil;&otilde;es abertas<\/strong> para o<strong> concurso p&uacute;blico<\/strong> com vagas para m&eacute;dicos em diversas especialidades. A <strong>banca respons&aacute;vel <\/strong>pelo edital  &eacute; o <strong>Instituto Selecon<\/strong>.<p>Os cargos para m&eacute;dicos ser&atilde;o nas seguintes especialidades: Cl&iacute;nica M&eacute;dica, Medicina do trabalho, Infectologia\/ Medicina de viagem, Ortopedia e Traumatologia, Patologia, Psiquiatria, Sanitarista e Urologista. A remunera&ccedil;&atilde;o inicial &eacute; de<strong> R$ 4.967,04,<\/strong> al&eacute;m dos benef&iacute;cios e porcentagem de incentivo &agrave; qualifica&ccedil;&atilde;o. <\/p><p>Os candidatos interessados t&ecirc;m at&eacute; o dia <strong>25 de janeiro de 2026<\/strong> para realizar a <strong>inscri&ccedil;&atilde;o<\/strong>, via formul&aacute;rio dispon&iacute;vel no <a href=\"https:\/\/selecon.selecao.net.br\/informacoes\/64\/\" target=\"_blank\">site da banca<\/a> respons&aacute;vel pelo certame. O valor da <strong>taxa de inscri&ccedil;&atilde;o<\/strong> &eacute; de <strong>R$ 130,00<\/strong> e o prazo para o pagamento se encerra no dia <strong>26 de janeiro<\/strong>. <\/p><p>O processo seletivo dos candidatos ser&aacute; por meio de uma prova objetiva e discursiva previstas para o dia 1 de mar&ccedil;o de 2026. Confira a seguir mais informa&ccedil;&otilde;es sobre o concurso p&uacute;blico da UFRJ. <\/p><div class=\"wp-block-buttons is-content-justification-center is-layout-flex wp-container-core-buttons-is-layout-1 wp-block-buttons-is-layout-flex\">\n<div class=\"wp-block-button\"><a class=\"wp-block-button__link wp-element-button\" href=\"https:\/\/med.estrategia.com\/portal\/wp-content\/uploads\/2026\/01\/edital_UFRJ.pdf\" target=\"_blank\">edital UFRJ &ndash; 2025\/2026<\/a><\/div>\n<\/div><div id=\"ez-toc-container\" class=\"ez-toc-v2_0_79_2 counter-hierarchy ez-toc-counter ez-toc-transparent ez-toc-container-direction\">\n<div class=\"ez-toc-title-container\"><p class=\"ez-toc-title\" style=\"cursor:inherit\">Navegue pelo conte\u00fado<\/p>\n<\/div><nav><ul class='ez-toc-list ez-toc-list-level-1 ' ><li class='ez-toc-page-1 ez-toc-heading-level-2'><a class=\"ez-toc-link ez-toc-heading-1\" href=\"https:\/\/med.estrategia.com\/portal\/concursos\/novo-concurso-publico-ufrj-15-vagas-para-medicos\/#Resumo-Edital-UFRJ-20252026\" >Resumo Edital UFRJ -2025\/2026<\/a><\/li><li class='ez-toc-page-1 ez-toc-heading-level-2'><a class=\"ez-toc-link ez-toc-heading-2\" href=\"https:\/\/med.estrategia.com\/portal\/concursos\/novo-concurso-publico-ufrj-15-vagas-para-medicos\/#Quadro-de-Vagas\" >Quadro de Vagas<\/a><\/li><li class='ez-toc-page-1 ez-toc-heading-level-2'><a class=\"ez-toc-link ez-toc-heading-3\" href=\"https:\/\/med.estrategia.com\/portal\/concursos\/novo-concurso-publico-ufrj-15-vagas-para-medicos\/#Processo-Seletivo\" >Processo Seletivo<\/a><\/li><li class='ez-toc-page-1 ez-toc-heading-level-2'><a class=\"ez-toc-link ez-toc-heading-4\" href=\"https:\/\/med.estrategia.com\/portal\/concursos\/novo-concurso-publico-ufrj-15-vagas-para-medicos\/#Ultimo-Concurso-Publico-UFRJ\" >&Uacute;ltimo Concurso P&uacute;blico UFRJ<\/a><\/li><li class='ez-toc-page-1 ez-toc-heading-level-2'><a class=\"ez-toc-link ez-toc-heading-5\" href=\"https:\/\/med.estrategia.com\/portal\/concursos\/novo-concurso-publico-ufrj-15-vagas-para-medicos\/#Prepare-se-para-o-concurso-publico-UFRJ-com-o-Estrategia-MED\" >Prepare-se para o concurso p&uacute;blico UFRJ com o Estrat&eacute;gia MED!&nbsp;&nbsp;<\/a><\/li><\/ul><\/nav><\/div>\n<h2 class=\"wp-block-heading\" id=\"h-resumo-edital-ufrj-2025-2026\"><span class=\"ez-toc-section\" id=\"Resumo-Edital-UFRJ-20252026\"><\/span>Resumo Edital UFRJ -2025\/2026<span class=\"ez-toc-section-end\"><\/span><\/h2><figure class=\"wp-block-table\"><table><tbody><tr><td>Vagas Ofertadas<\/td><td>15<\/td><\/tr><tr><td>Remunera&ccedil;&atilde;o<\/td><td>R$ 4.967,04<\/td><\/tr><tr><td>Carga Hor&aacute;ria Semanal&nbsp;&nbsp;<\/td><td>20 horas<\/td><\/tr><tr><td>Composi&ccedil;&atilde;o do Processo Seletivo<\/td><td>Prova objetiva e prova discursiva<\/td><\/tr><tr><td>Taxa de Inscri&ccedil;&atilde;o<\/td><td>R$ 130,00<\/td><\/tr><tr><td>Per&iacute;odo de Inscri&ccedil;&atilde;o<\/td><td>12\/12\/2025 a 25\/01\/2026<\/td><\/tr><tr><td>&Uacute;ltimo dia para pagamento da taxa de inscri&ccedil;&atilde;o<\/td><td>26\/01\/2026<\/td><\/tr><tr><td>Divulga&ccedil;&atilde;o dos locais de realiza&ccedil;&atilde;o das provas objetivas e provas discursivas<\/td><td>23\/02\/2026<\/td><\/tr><tr><td>Data da Realiza&ccedil;&atilde;o das Provas Objetivas e Discursivas<\/td><td>01\/03\/2026<\/td><\/tr><tr><td>Divulga&ccedil;&atilde;o do caderno de quest&otilde;es das provas objetivas dos cargos de n&iacute;vel superior e gabarito preliminar<\/td><td>&nbsp;02\/03\/2026<\/td><\/tr><tr><td>Per&iacute;odo de interposi&ccedil;&atilde;o de recurso contra o gabarito preliminar das provas objetivas dos cargos de n&iacute;vel superior<\/td><td>03\/03\/2026 a 04\/03\/2026<\/td><\/tr><tr><td>Divulga&ccedil;&atilde;o do gabarito definitivo e resultado preliminar das provas objetivas dos cargos de n&iacute;vel superior<\/td><td>17\/03\/2026<\/td><\/tr><tr><td>Interposi&ccedil;&atilde;o de recurso contra o resultado preliminar das provas objetivas<\/td><td>18\/03\/2026 a 19\/03\/2026<\/td><\/tr><tr><td>Divulga&ccedil;&atilde;o do resultado final das provas objetivas dos candidatos aos cargos de n&iacute;vel superior<\/td><td>26\/03\/2026<\/td><\/tr><tr><td>Divulga&ccedil;&atilde;o do resultado preliminar das provas discursivas dos candidatos aos cargos de n&iacute;vel superior<\/td><td>07\/04\/2026<\/td><\/tr><tr><td>Interposi&ccedil;&atilde;o de recurso contra o padr&atilde;o de corre&ccedil;&atilde;o preliminar das provas discursivas dos cargos de n&iacute;vel superior<\/td><td>08 e 09\/04\/2026<\/td><\/tr><tr><td>Resultado do julgamento do recurso contra o padr&atilde;o de corre&ccedil;&atilde;o preliminar das provas discursivas <\/td><td>15\/04\/2026<\/td><\/tr><tr><td>Resultado final das provas discursivas dos candidatos aos cargos de n&iacute;vel superior<\/td><td>24\/04\/2026<\/td><\/tr><tr><td>Edital do resultado final do concurso p&uacute;blico e homologa&ccedil;&atilde;o<\/td><td>24\/06\/2026<\/td><\/tr><\/tbody><\/table><\/figure><h2 class=\"wp-block-heading\" id=\"h-quadro-de-vagas\"><span class=\"ez-toc-section\" id=\"Quadro-de-Vagas\"><\/span>Quadro de Vagas<span class=\"ez-toc-section-end\"><\/span><\/h2><p>Os editais do Concurso P&uacute;blico da UFRJ disponibilizam 15 vagas para in&iacute;cio de imediato para as seguintes &aacute;reas m&eacute;dicas:<\/p><figure class=\"wp-block-table\"><table class=\"has-fixed-layout\"><tbody><tr><td>Especialidades<\/td><td>Vagas<\/td><td>Carga Hor&aacute;ria semanal<\/td><td>Remunera&ccedil;&atilde;o<\/td><\/tr><tr><td>Cl&iacute;nica M&eacute;dica<\/td><td>5<\/td><td>20 horas<\/td><td>R$ 4.967,04<\/td><\/tr><tr><td>Medicina do trabalho<\/td><td>2<\/td><td>20 horas<\/td><td>R$ 4.967,04<\/td><\/tr><tr><td>Infectologia\/ Medicina de viagem<\/td><td>2<\/td><td>20 horas<\/td><td>R$ 4.967,04<\/td><\/tr><tr><td>Ortopedia e Traumatologia<\/td><td>1<\/td><td>20 horas<\/td><td>R$ 4.967,04<\/td><\/tr><tr><td>Patologia<\/td><td>1<\/td><td>20 horas<\/td><td>R$ 4.967,04<\/td><\/tr><tr><td>Psiquiatria<\/td><td>2<\/td><td>20 horas<\/td><td>R$ 4.967,04<\/td><\/tr><tr><td>Sanitarista <\/td><td>1<\/td><td>20 horas<\/td><td>R$ 4.967,04<\/td><\/tr><tr><td>Urologista<\/td><td>1<\/td><td>20 horas<\/td><td>R$ 4.967,04<\/td><\/tr><\/tbody><\/table><\/figure><p>A remunera&ccedil;&atilde;o ser&aacute; composta do vencimento b&aacute;sico, acrescido do Incentivo &agrave; Qualifica&ccedil;&atilde;o e das demais vantagens pecuni&aacute;rias (aux&iacute;lios) estabelecidas em lei, conforme a seguir: <\/p><figure class=\"wp-block-image size-full\"><img decoding=\"async\" width=\"916\" height=\"325\" src=\"https:\/\/med.estrategia.com\/portal\/wp-content\/uploads\/2025\/10\/quadro_remuneracao_UFRJ-1.png\" alt=\"\" class=\"wp-image-105678\" srcset=\"https:\/\/med.estrategia.com\/portal\/wp-content\/uploads\/2025\/10\/quadro_remuneracao_UFRJ-1.png 916w, https:\/\/med.estrategia.com\/portal\/wp-content\/uploads\/2025\/10\/quadro_remuneracao_UFRJ-1-768x272.png 768w, https:\/\/med.estrategia.com\/portal\/wp-content\/uploads\/2025\/10\/quadro_remuneracao_UFRJ-1-800x284.png 800w\" sizes=\"(max-width: 916px) 100vw, 916px\" \/><\/figure><h2 class=\"wp-block-heading\"><span class=\"ez-toc-section\" id=\"Processo-Seletivo\"><\/span>Processo Seletivo<span class=\"ez-toc-section-end\"><\/span><\/h2><p>O processo seletivo do concurso da UFRJ para a &aacute;rea m&eacute;dica conta com uma <strong>prova objetiva e uma prova discursiva.<\/strong><\/p><h3 class=\"wp-block-heading\">Prova Objetiva<\/h3><p>A <strong>prova objetiva est&aacute; prevista o dia 1&ordm; de mar&ccedil;o<\/strong> <strong>de 2026<\/strong>. Ser&atilde;o <strong>50 quest&otilde;es de m&uacute;ltipla escolha<\/strong>, com cinco alternativas, sendo apenas uma correta, nas &aacute;reas espec&iacute;ficas ou multidisciplinares:<\/p><ul class=\"wp-block-list\">\n<li>12 quest&otilde;es de Conhecimentos de Administra&ccedil;&atilde;o P&uacute;blica; <\/li>\n\n\n\n<li>12 quest&otilde;es de Conhecimentos Gerais; <\/li>\n\n\n\n<li>06 quest&otilde;es de Conhecimentos de Inform&aacute;tica; e<\/li>\n\n\n\n<li>20 quest&otilde;es de Conhecimentos Espec&iacute;ficos.<\/li>\n<\/ul><p>Os candidatos aprovados na prova objetiva ser&atilde;o classificados segundo a ordem decrescente da nota da prova objetiva. <\/p><h3 class=\"wp-block-heading\">Prova Dissertativa<\/h3><p>A prova dissertativa ser&aacute; realizada no mesmo dia que a prova objetiva. O candidato dever&aacute; responder as tr&ecirc;s quest&otilde;es da prova discursiva por escrito, elaborando textos dissertativos e\/ou descritivos. A resposta de cada quest&atilde;o da prova discursiva dever&aacute; conter no m&iacute;nimo 3 linhas e no m&aacute;ximo 20.<\/p><p>Para mais informa&ccedil;&otilde;es sobre o concurso p&uacute;blico UFRJ, <a href=\"https:\/\/www.estrategiaconcursos.com.br\/blog\/concurso-ufrj\/\" target=\"_blank\">acesse aqui!<\/a><\/p><h2 class=\"wp-block-heading\" id=\"h-ultimo-concurso-publico-ufrj\"><span class=\"ez-toc-section\" id=\"Ultimo-Concurso-Publico-UFRJ\"><\/span>&Uacute;ltimo Concurso P&uacute;blico UFRJ<span class=\"ez-toc-section-end\"><\/span><\/h2><p>A <strong>UFRJ realizou em 2023<\/strong> o concurso p&uacute;blico com <strong>42 vagas para diversas especialidades m&eacute;dicas<\/strong>. A banca respons&aacute;vel pelo edital foi a empresa <a href=\"https:\/\/concursos.pr4.ufrj.br\/index.php\/60-concursos\/concursos-em-andamento\/edital-490-de-29-de-abril-de-2023\/634-edital-n-490-de-29-de-abril-de-2023\" target=\"_blank\">PR4 Concursos<\/a>. A <strong>remunera&ccedil;&atilde;o inicial foi de R$ 4.556,92<\/strong>, acrescido de Incentivo &agrave; Qualifica&ccedil;&atilde;o, al&eacute;m de benef&iacute;cios. <\/p><p>Os candidatos precisavam como um dos requisitos possuir Diploma ou certificado de conclus&atilde;o de curso de Gradua&ccedil;&atilde;o em Medicina, devidamente registrado, fornecido por institui&ccedil;&atilde;o de ensino superior reconhecida pelo MEC, registro no Conselho Regional de Medicina, acrescido de:<\/p><p>a) Resid&ecirc;ncia M&eacute;dica no cargo pretendido ou <\/p><p>b) T&iacute;tulo de Especialista concedido pela Sociedade Brasileira de Medicina F&iacute;sica e Reabilita&ccedil;&atilde;o ou Associa&ccedil;&atilde;o M&eacute;dica Brasileira. <\/p><h3 class=\"wp-block-heading\" id=\"h-processo-seletivo\">Processo Seletivo<\/h3><p>O processe seletivo contou com uma prova objetiva e uma prova de t&iacute;tulos. A prova objetiva teve 54 quest&otilde;es de m&uacute;ltipla escolha com 5 alternativas, sendo apenas uma correta, e distribu&iacute;das entre as seguintes disciplinas: <\/p><ul class=\"wp-block-list\">\n<li>15 quest&otilde;es de L&iacute;ngua portuguesa;<\/li>\n\n\n\n<li>8 quest&otilde;es de Legisla&ccedil;&atilde;o;<\/li>\n\n\n\n<li>6 quest&otilde;es de Pol&iacute;ticas do SUS e Sa&uacute;de Coletiva;<\/li>\n\n\n\n<li>5 quest&otilde;es de Medicina b&aacute;sica; e <\/li>\n\n\n\n<li>20 quest&otilde;es de Conhecimentos Espec&iacute;ficos. <\/li>\n<\/ul><p>Os candidatos tamb&eacute;m foram avaliados por uma prova de t&iacute;tulos. <\/p><figure class=\"wp-block-image size-full\"><img decoding=\"async\" width=\"905\" height=\"548\" src=\"https:\/\/med.estrategia.com\/portal\/wp-content\/uploads\/2025\/10\/titulos_UFRJ2023.png\" alt=\"\" class=\"wp-image-98130\" srcset=\"https:\/\/med.estrategia.com\/portal\/wp-content\/uploads\/2025\/10\/titulos_UFRJ2023.png 905w, https:\/\/med.estrategia.com\/portal\/wp-content\/uploads\/2025\/10\/titulos_UFRJ2023-768x465.png 768w, https:\/\/med.estrategia.com\/portal\/wp-content\/uploads\/2025\/10\/titulos_UFRJ2023-800x484.png 800w\" sizes=\"(max-width: 905px) 100vw, 905px\" \/><\/figure><h2 class=\"wp-block-heading\" id=\"h-prepare-se-para-o-concurso-publico-ufrj-com-o-estrategia-med-nbsp-nbsp\"><span class=\"ez-toc-section\" id=\"Prepare-se-para-o-concurso-publico-UFRJ-com-o-Estrategia-MED\"><\/span>Prepare-se para o concurso p&uacute;blico UFRJ com o Estrat&eacute;gia MED!&nbsp;&nbsp;<span class=\"ez-toc-section-end\"><\/span><\/h2><p>Com os cursos para&nbsp;<a href=\"https:\/\/med.estrategia.com\/concurso\/concursos-medicos\" target=\"_blank\">Concursos M&eacute;dicos do Estrat&eacute;gia MED<\/a>&nbsp;voc&ecirc; ter&aacute; &agrave; disposi&ccedil;&atilde;o 3.500 quest&otilde;es com foco em concursos p&uacute;blicos com cargos m&eacute;dicos. O material inclui as disciplinas mais cobradas neste tipo de sele&ccedil;&atilde;o, como Portugu&ecirc;s, Matem&aacute;tica, Inform&aacute;tica, Direito e claro, Medicina.<\/p><p>Conhe&ccedil;a tamb&eacute;m o nosso<a href=\"https:\/\/med.estrategia.com\/concurso\/banco-de-questoes\" target=\"_blank\">&nbsp;Banco de Quest&otilde;es<\/a>, que atualmente conta com mais de 200 mil quest&otilde;es cadastradas e n&atilde;o para de crescer. Vem ser coruja!<\/p><div class=\"wp-block-image\">\n<figure class=\"aligncenter size-full\"><img decoding=\"async\" width=\"1280\" height=\"622\" src=\"https:\/\/med.estrategia.com\/portal\/wp-content\/uploads\/2025\/08\/concursos_medicos.jpg\" alt=\"concursos_medicos\" class=\"wp-image-91529\" srcset=\"https:\/\/med.estrategia.com\/portal\/wp-content\/uploads\/2025\/08\/concursos_medicos.jpg 1280w, https:\/\/med.estrategia.com\/portal\/wp-content\/uploads\/2025\/08\/concursos_medicos-1024x498.jpg 1024w, https:\/\/med.estrategia.com\/portal\/wp-content\/uploads\/2025\/08\/concursos_medicos-768x373.jpg 768w, https:\/\/med.estrategia.com\/portal\/wp-content\/uploads\/2025\/08\/concursos_medicos-800x389.jpg 800w, https:\/\/med.estrategia.com\/portal\/wp-content\/uploads\/2025\/08\/concursos_medicos-1160x564.jpg 1160w\" sizes=\"(max-width: 1280px) 100vw, 1280px\" \/><\/figure><\/div><\/p>\n","protected":false},"excerpt":{"rendered":"Banca para o pr\u00f3ximo edital j\u00e1 foi definida e o Instituto Selecon assume a organiza\u00e7\u00e3o do certame \n","protected":false},"author":45,"featured_media":98131,"comment_status":"closed","ping_status":"closed","sticky":false,"template":"","format":"standard","meta":{"wl_entities_gutenberg":"","footnotes":""},"categories":[474],"tags":[],"wl_entity_type":[199],"class_list":{"0":"post-98128","1":"post","2":"type-post","3":"status-publish","4":"format-standard","5":"has-post-thumbnail","7":"category-concursos","8":"wl_entity_type-article"},"acf":[],"yoast_head":"<!-- This site is optimized with the Yoast SEO Premium plugin v26.6 (Yoast SEO v26.6) - https:\/\/yoast.com\/wordpress\/plugins\/seo\/ -->\n<title>Concurso P\u00fablico UFRJ oferta 15 vagas para m\u00e9dicos<\/title>\n<meta name=\"description\" content=\"Banca para o pr\u00f3ximo edital j\u00e1 foi definida e o Instituto Selecon assume a organiza\u00e7\u00e3o do certame com 11 vagas na \u00e1rea m\u00e9dica\" \/>\n<meta name=\"robots\" content=\"index, follow, max-snippet:-1, max-image-preview:large, max-video-preview:-1\" \/>\n<link rel=\"canonical\" href=\"https:\/\/med.estrategia.com\/portal\/concursos\/novo-concurso-publico-ufrj-15-vagas-para-medicos\/\" \/>\n<meta property=\"og:locale\" content=\"pt_BR\" \/>\n<meta property=\"og:type\" content=\"article\" \/>\n<meta property=\"og:title\" content=\"Concurso P\u00fablico UFRJ oferta 15 vagas para m\u00e9dicos\" \/>\n<meta property=\"og:description\" content=\"Banca para o pr\u00f3ximo edital j\u00e1 foi definida e o Instituto Selecon assume a organiza\u00e7\u00e3o do certame com 11 vagas na \u00e1rea m\u00e9dica\" \/>\n<meta property=\"og:url\" content=\"https:\/\/med.estrategia.com\/portal\/concursos\/novo-concurso-publico-ufrj-15-vagas-para-medicos\/\" \/>\n<meta property=\"og:site_name\" content=\"Estrat\u00e9gia MED\" \/>\n<meta property=\"article:publisher\" content=\"https:\/\/www.facebook.com\/estrategiamed1\" \/>\n<meta property=\"article:published_time\" content=\"2025-10-21T22:01:33+00:00\" \/>\n<meta property=\"article:modified_time\" content=\"2026-01-21T17:03:28+00:00\" \/>\n<meta property=\"og:image\" content=\"https:\/\/med.estrategia.com\/portal\/wp-content\/uploads\/2025\/10\/CAPA_UFRJ.jpg\" \/>\n\t<meta property=\"og:image:width\" content=\"1280\" \/>\n\t<meta property=\"og:image:height\" content=\"720\" \/>\n\t<meta property=\"og:image:type\" content=\"image\/jpeg\" \/>\n<meta name=\"author\" content=\"Priscila Pereira\" \/>\n<meta name=\"twitter:card\" content=\"summary_large_image\" \/>\n<meta name=\"twitter:creator\" content=\"@estrategiamed_\" \/>\n<meta name=\"twitter:site\" content=\"@estrategiamed_\" \/>\n<meta name=\"twitter:label1\" content=\"Escrito por\" \/>\n\t<meta name=\"twitter:data1\" content=\"Priscila Pereira\" \/>\n\t<meta name=\"twitter:label2\" content=\"Est. tempo de leitura\" \/>\n\t<meta name=\"twitter:data2\" content=\"5 minutos\" \/>\n<script type=\"application\/ld+json\" class=\"yoast-schema-graph\">{\"@context\":\"https:\/\/schema.org\",\"@graph\":[{\"@type\":\"WebPage\",\"@id\":\"https:\/\/med.estrategia.com\/portal\/concursos\/novo-concurso-publico-ufrj-15-vagas-para-medicos\/\",\"url\":\"https:\/\/med.estrategia.com\/portal\/concursos\/novo-concurso-publico-ufrj-15-vagas-para-medicos\/\",\"name\":\"Concurso P\u00fablico UFRJ oferta 15 vagas para m\u00e9dicos\",\"isPartOf\":{\"@id\":\"https:\/\/med.estrategia.com\/portal\/#website\"},\"primaryImageOfPage\":{\"@id\":\"https:\/\/med.estrategia.com\/portal\/concursos\/novo-concurso-publico-ufrj-15-vagas-para-medicos\/#primaryimage\"},\"image\":{\"@id\":\"https:\/\/med.estrategia.com\/portal\/concursos\/novo-concurso-publico-ufrj-15-vagas-para-medicos\/#primaryimage\"},\"thumbnailUrl\":\"https:\/\/med.estrategia.com\/portal\/wp-content\/uploads\/2025\/10\/CAPA_UFRJ.jpg\",\"datePublished\":\"2025-10-21T22:01:33+00:00\",\"dateModified\":\"2026-01-21T17:03:28+00:00\",\"author\":{\"@id\":\"https:\/\/med.estrategia.com\/portal\/#\/schema\/person\/d1df06a83a849b79b2d480e7d8952ce3\"},\"description\":\"Banca para o pr\u00f3ximo edital j\u00e1 foi definida e o Instituto Selecon assume a organiza\u00e7\u00e3o do certame com 11 vagas na \u00e1rea m\u00e9dica\",\"breadcrumb\":{\"@id\":\"https:\/\/med.estrategia.com\/portal\/concursos\/novo-concurso-publico-ufrj-15-vagas-para-medicos\/#breadcrumb\"},\"inLanguage\":\"pt-BR\",\"potentialAction\":[{\"@type\":\"ReadAction\",\"target\":[\"https:\/\/med.estrategia.com\/portal\/concursos\/novo-concurso-publico-ufrj-15-vagas-para-medicos\/\"]}]},{\"@type\":\"ImageObject\",\"inLanguage\":\"pt-BR\",\"@id\":\"https:\/\/med.estrategia.com\/portal\/concursos\/novo-concurso-publico-ufrj-15-vagas-para-medicos\/#primaryimage\",\"url\":\"https:\/\/med.estrategia.com\/portal\/wp-content\/uploads\/2025\/10\/CAPA_UFRJ.jpg\",\"contentUrl\":\"https:\/\/med.estrategia.com\/portal\/wp-content\/uploads\/2025\/10\/CAPA_UFRJ.jpg\",\"width\":1280,\"height\":720,\"caption\":\"Estrat\u00e9gia MED | Concurso P\u00fablico UFRJ\"},{\"@type\":\"BreadcrumbList\",\"@id\":\"https:\/\/med.estrategia.com\/portal\/concursos\/novo-concurso-publico-ufrj-15-vagas-para-medicos\/#breadcrumb\",\"itemListElement\":[{\"@type\":\"ListItem\",\"position\":1,\"name\":\"Home\",\"item\":\"https:\/\/med.estrategia.com\/portal\/\"},{\"@type\":\"ListItem\",\"position\":2,\"name\":\"Concursos M\u00e9dicos\",\"item\":\"https:\/\/med.estrategia.com\/portal\/concursos\/\"},{\"@type\":\"ListItem\",\"position\":3,\"name\":\"Concurso P\u00fablico UFRJ oferta 15 vagas para m\u00e9dicos\"}]},{\"@type\":\"WebSite\",\"@id\":\"https:\/\/med.estrategia.com\/portal\/#website\",\"url\":\"https:\/\/med.estrategia.com\/portal\/\",\"name\":\"Estrat\u00e9gia MED\",\"description\":\"\",\"potentialAction\":[{\"@type\":\"SearchAction\",\"target\":{\"@type\":\"EntryPoint\",\"urlTemplate\":\"https:\/\/med.estrategia.com\/portal\/?s={search_term_string}\"},\"query-input\":{\"@type\":\"PropertyValueSpecification\",\"valueRequired\":true,\"valueName\":\"search_term_string\"}}],\"inLanguage\":\"pt-BR\"},{\"@type\":\"Person\",\"@id\":\"https:\/\/med.estrategia.com\/portal\/#\/schema\/person\/d1df06a83a849b79b2d480e7d8952ce3\",\"name\":\"Priscila Pereira\",\"image\":{\"@type\":\"ImageObject\",\"inLanguage\":\"pt-BR\",\"@id\":\"https:\/\/med.estrategia.com\/portal\/#\/schema\/person\/image\/\",\"url\":\"https:\/\/secure.gravatar.com\/avatar\/fe94f8430a1d23a69c0bc7aab6202e21?s=96&d=mm&r=g\",\"contentUrl\":\"https:\/\/secure.gravatar.com\/avatar\/fe94f8430a1d23a69c0bc7aab6202e21?s=96&d=mm&r=g\",\"caption\":\"Priscila Pereira\"},\"description\":\"Formada e p\u00f3s-graduada na \u00e1rea de comunica\u00e7\u00e3o, divido minha paix\u00e3o entre o jornalismo e os esportes\",\"url\":\"https:\/\/med.estrategia.com\/portal\/author\/priscila-pereira\/\"}]}<\/script>\n<!-- \/ Yoast SEO Premium plugin. -->","yoast_head_json":{"title":"Concurso P\u00fablico UFRJ oferta 15 vagas para m\u00e9dicos","description":"Banca para o pr\u00f3ximo edital j\u00e1 foi definida e o Instituto Selecon assume a organiza\u00e7\u00e3o do certame com 11 vagas na \u00e1rea m\u00e9dica","robots":{"index":"index","follow":"follow","max-snippet":"max-snippet:-1","max-image-preview":"max-image-preview:large","max-video-preview":"max-video-preview:-1"},"canonical":"https:\/\/med.estrategia.com\/portal\/concursos\/novo-concurso-publico-ufrj-15-vagas-para-medicos\/","og_locale":"pt_BR","og_type":"article","og_title":"Concurso P\u00fablico UFRJ oferta 15 vagas para m\u00e9dicos","og_description":"Banca para o pr\u00f3ximo edital j\u00e1 foi definida e o Instituto Selecon assume a organiza\u00e7\u00e3o do certame com 11 vagas na \u00e1rea m\u00e9dica","og_url":"https:\/\/med.estrategia.com\/portal\/concursos\/novo-concurso-publico-ufrj-15-vagas-para-medicos\/","og_site_name":"Estrat\u00e9gia MED","article_publisher":"https:\/\/www.facebook.com\/estrategiamed1","article_published_time":"2025-10-21T22:01:33+00:00","article_modified_time":"2026-01-21T17:03:28+00:00","og_image":[{"width":1280,"height":720,"url":"https:\/\/med.estrategia.com\/portal\/wp-content\/uploads\/2025\/10\/CAPA_UFRJ.jpg","type":"image\/jpeg"}],"author":"Priscila Pereira","twitter_card":"summary_large_image","twitter_creator":"@estrategiamed_","twitter_site":"@estrategiamed_","twitter_misc":{"Escrito por":"Priscila Pereira","Est. tempo de leitura":"5 minutos"},"schema":{"@context":"https:\/\/schema.org","@graph":[{"@type":"WebPage","@id":"https:\/\/med.estrategia.com\/portal\/concursos\/novo-concurso-publico-ufrj-15-vagas-para-medicos\/","url":"https:\/\/med.estrategia.com\/portal\/concursos\/novo-concurso-publico-ufrj-15-vagas-para-medicos\/","name":"Concurso P\u00fablico UFRJ oferta 15 vagas para m\u00e9dicos","isPartOf":{"@id":"https:\/\/med.estrategia.com\/portal\/#website"},"primaryImageOfPage":{"@id":"https:\/\/med.estrategia.com\/portal\/concursos\/novo-concurso-publico-ufrj-15-vagas-para-medicos\/#primaryimage"},"image":{"@id":"https:\/\/med.estrategia.com\/portal\/concursos\/novo-concurso-publico-ufrj-15-vagas-para-medicos\/#primaryimage"},"thumbnailUrl":"https:\/\/med.estrategia.com\/portal\/wp-content\/uploads\/2025\/10\/CAPA_UFRJ.jpg","datePublished":"2025-10-21T22:01:33+00:00","dateModified":"2026-01-21T17:03:28+00:00","author":{"@id":"https:\/\/med.estrategia.com\/portal\/#\/schema\/person\/d1df06a83a849b79b2d480e7d8952ce3"},"description":"Banca para o pr\u00f3ximo edital j\u00e1 foi definida e o Instituto Selecon assume a organiza\u00e7\u00e3o do certame com 11 vagas na \u00e1rea m\u00e9dica","breadcrumb":{"@id":"https:\/\/med.estrategia.com\/portal\/concursos\/novo-concurso-publico-ufrj-15-vagas-para-medicos\/#breadcrumb"},"inLanguage":"pt-BR","potentialAction":[{"@type":"ReadAction","target":["https:\/\/med.estrategia.com\/portal\/concursos\/novo-concurso-publico-ufrj-15-vagas-para-medicos\/"]}]},{"@type":"ImageObject","inLanguage":"pt-BR","@id":"https:\/\/med.estrategia.com\/portal\/concursos\/novo-concurso-publico-ufrj-15-vagas-para-medicos\/#primaryimage","url":"https:\/\/med.estrategia.com\/portal\/wp-content\/uploads\/2025\/10\/CAPA_UFRJ.jpg","contentUrl":"https:\/\/med.estrategia.com\/portal\/wp-content\/uploads\/2025\/10\/CAPA_UFRJ.jpg","width":1280,"height":720,"caption":"Estrat\u00e9gia MED | Concurso P\u00fablico UFRJ"},{"@type":"BreadcrumbList","@id":"https:\/\/med.estrategia.com\/portal\/concursos\/novo-concurso-publico-ufrj-15-vagas-para-medicos\/#breadcrumb","itemListElement":[{"@type":"ListItem","position":1,"name":"Home","item":"https:\/\/med.estrategia.com\/portal\/"},{"@type":"ListItem","position":2,"name":"Concursos M\u00e9dicos","item":"https:\/\/med.estrategia.com\/portal\/concursos\/"},{"@type":"ListItem","position":3,"name":"Concurso P\u00fablico UFRJ oferta 15 vagas para m\u00e9dicos"}]},{"@type":"WebSite","@id":"https:\/\/med.estrategia.com\/portal\/#website","url":"https:\/\/med.estrategia.com\/portal\/","name":"Estrat\u00e9gia MED","description":"","potentialAction":[{"@type":"SearchAction","target":{"@type":"EntryPoint","urlTemplate":"https:\/\/med.estrategia.com\/portal\/?s={search_term_string}"},"query-input":{"@type":"PropertyValueSpecification","valueRequired":true,"valueName":"search_term_string"}}],"inLanguage":"pt-BR"},{"@type":"Person","@id":"https:\/\/med.estrategia.com\/portal\/#\/schema\/person\/d1df06a83a849b79b2d480e7d8952ce3","name":"Priscila Pereira","image":{"@type":"ImageObject","inLanguage":"pt-BR","@id":"https:\/\/med.estrategia.com\/portal\/#\/schema\/person\/image\/","url":"https:\/\/secure.gravatar.com\/avatar\/fe94f8430a1d23a69c0bc7aab6202e21?s=96&d=mm&r=g","contentUrl":"https:\/\/secure.gravatar.com\/avatar\/fe94f8430a1d23a69c0bc7aab6202e21?s=96&d=mm&r=g","caption":"Priscila Pereira"},"description":"Formada e p\u00f3s-graduada na \u00e1rea de comunica\u00e7\u00e3o, divido minha paix\u00e3o entre o jornalismo e os esportes","url":"https:\/\/med.estrategia.com\/portal\/author\/priscila-pereira\/"}]}},"_wl_alt_label":[],"wl:entity_url":"\/post\/novo-concurso-publico-ufrj-preve-11-vagas-para-medicos-98128","_links":{"self":[{"href":"https:\/\/med.estrategia.com\/portal\/wp-json\/wp\/v2\/posts\/98128","targetHints":{"allow":["GET"]}}],"collection":[{"href":"https:\/\/med.estrategia.com\/portal\/wp-json\/wp\/v2\/posts"}],"about":[{"href":"https:\/\/med.estrategia.com\/portal\/wp-json\/wp\/v2\/types\/post"}],"author":[{"embeddable":true,"href":"https:\/\/med.estrategia.com\/portal\/wp-json\/wp\/v2\/users\/45"}],"replies":[{"embeddable":true,"href":"https:\/\/med.estrategia.com\/portal\/wp-json\/wp\/v2\/comments?post=98128"}],"version-history":[{"count":5,"href":"https:\/\/med.estrategia.com\/portal\/wp-json\/wp\/v2\/posts\/98128\/revisions"}],"predecessor-version":[{"id":105681,"href":"https:\/\/med.estrategia.com\/portal\/wp-json\/wp\/v2\/posts\/98128\/revisions\/105681"}],"wp:featuredmedia":[{"embeddable":true,"href":"https:\/\/med.estrategia.com\/portal\/wp-json\/wp\/v2\/media\/98131"}],"wp:attachment":[{"href":"https:\/\/med.estrategia.com\/portal\/wp-json\/wp\/v2\/media?parent=98128"}],"wp:term":[{"taxonomy":"category","embeddable":true,"href":"https:\/\/med.estrategia.com\/portal\/wp-json\/wp\/v2\/categories?post=98128"},{"taxonomy":"post_tag","embeddable":true,"href":"https:\/\/med.estrategia.com\/portal\/wp-json\/wp\/v2\/tags?post=98128"},{"taxonomy":"wl_entity_type","embeddable":true,"href":"https:\/\/med.estrategia.com\/portal\/wp-json\/wp\/v2\/wl_entity_type?post=98128"}],"curies":[{"name":"wp","href":"https:\/\/api.w.org\/{rel}","templated":true}]}}