{"id":98507,"date":"2025-10-24T11:21:30","date_gmt":"2025-10-24T14:21:30","guid":{"rendered":"https:\/\/med.estrategia.com\/portal\/?p=98507"},"modified":"2025-11-24T13:44:01","modified_gmt":"2025-11-24T16:44:01","slug":"edital-do-concurso-publico-tj-rj-e-publicado","status":"publish","type":"post","link":"https:\/\/med.estrategia.com\/portal\/concursos\/edital-do-concurso-publico-tj-rj-e-publicado\/","title":{"rendered":"Edital do Concurso P\u00fablico TJ RJ \u00e9 publicado!"},"content":{"rendered":"<p>O <strong>&nbsp;Tribunal de Justi&ccedil;a do Rio de Janeiro&nbsp;(TJ RJ)&nbsp;<\/strong> j&aacute; publicou o <strong>edital do concurso p&uacute;blico<\/strong> com forma&ccedil;&atilde;o de <strong>cadastro reserva<\/strong> para diversas &aacute;reas, entre elas, para o cargo de <strong>Analista Judici&aacute;rio especialidade M&eacute;dico<\/strong> <strong>e M&eacute;dico Psiquiatra<\/strong>. A remunera&ccedil;&atilde;o inicial &eacute; de<strong> R$ 9.363,84 <\/strong>para uma jornada de 40 horas semanais. <p>Sob organiza&ccedil;&atilde;o da <strong>Funda&ccedil;&atilde;o Getulio Vargas (FGV)<\/strong>, as <strong>inscri&ccedil;&otilde;es <\/strong>est&atilde;o previstas para iniciar no dia<strong> 29 de outubro<\/strong>, via <a href=\"https:\/\/conhecimento.fgv.br\/concursos\/tjrjservidores25\/01\" target=\"_blank\">site da banca<\/a>. Os candidatos interessados poder&atilde;o se inscrever at&eacute; o dia <strong>27 de novembro de 2025<\/strong>. O valor da taxa de inscri&ccedil;&atilde;o &eacute; de <strong>R$ 140,00 <\/strong>e o prazo para o pagamento se encerra no dia 28 de novembro. <\/p><p>O processo seletivo conta com uma <strong>prova objetiva<\/strong> <strong>e discursiva<\/strong>, ambas previstas para o dia <strong>1&ordm; de fevereiro de 2026 <\/strong>e uma <strong>avalia&ccedil;&atilde;o de t&iacute;tulos<\/strong>. Recentemente, o edital foi retificado alterando o hor&aacute;rio da realiza&ccedil;&atilde;o da prova, agora inicia &agrave;s 14h30, com dura&ccedil;&atilde;o de cinco horas. Confira a seguir mais informa&ccedil;&otilde;es sobre o concurso TJ RJ. <\/p><ul class=\"wp-block-list\">\n<li><a href=\"https:\/\/med.estrategia.com\/portal\/wp-content\/uploads\/2025\/10\/1a-retificacao-edital-de-abertura-tjrj-analista-judiciario-24.10-sugestoes_0.pdf\" target=\"_blank\">1&ordf; Retifica<\/a><a href=\"https:\/\/med.estrategia.com\/portal\/wp-content\/uploads\/2025\/10\/1a-retificacao-edital-de-abertura-tjrj-analista-judiciario-24.10-sugestoes_0.pdf\" target=\"_blank\" rel=\"noopener noreferrer\">&ccedil;&atilde;o<\/a> &ndash; conte&uacute;do program&aacute;tico e hor&aacute;rio de in&iacute;cio da prova objetiva; e<\/li>\n\n\n\n<li><a href=\"https:\/\/med.estrategia.com\/portal\/wp-content\/uploads\/2025\/11\/2a-retificacao-edital-n-01-2025_TJRJ.pdf\" target=\"_blank\">2&ordf; Retifica&ccedil;&atilde;o<\/a> &ndash; altera&ccedil;&atilde;o sobre as inscri&ccedil;&otilde;es; hor&aacute;rio de fechamento dos port&otilde;es; conte&uacute;do program&aacute;tico e requisito para alguns cargos.  <\/li>\n<\/ul><div class=\"wp-block-buttons is-content-justification-center is-layout-flex wp-container-core-buttons-is-layout-1 wp-block-buttons-is-layout-flex\">\n<div class=\"wp-block-button\"><a class=\"wp-block-button__link wp-element-button\" href=\"https:\/\/med.estrategia.com\/portal\/wp-content\/uploads\/2025\/10\/edital-de-abertura-retificado-01-tjrj-analista-judiciario-24.10_0.pdf\" target=\"_blank\">EDITAL &ndash; C0NCURSO TJ RJ 2025<\/a><\/div>\n<\/div><div id=\"ez-toc-container\" class=\"ez-toc-v2_0_79_2 counter-hierarchy ez-toc-counter ez-toc-transparent ez-toc-container-direction\">\n<div class=\"ez-toc-title-container\"><p class=\"ez-toc-title\" style=\"cursor:inherit\">Navegue pelo conte\u00fado<\/p>\n<\/div><nav><ul class='ez-toc-list ez-toc-list-level-1 ' ><li class='ez-toc-page-1 ez-toc-heading-level-2'><a class=\"ez-toc-link ez-toc-heading-1\" href=\"https:\/\/med.estrategia.com\/portal\/concursos\/edital-do-concurso-publico-tj-rj-e-publicado\/#Resumo-do-Edital-TJ-RJ-2025\" >Resumo do Edital TJ RJ 2025<\/a><\/li><li class='ez-toc-page-1 ez-toc-heading-level-2'><a class=\"ez-toc-link ez-toc-heading-2\" href=\"https:\/\/med.estrategia.com\/portal\/concursos\/edital-do-concurso-publico-tj-rj-e-publicado\/#Quadro-de-Vagas\" >Quadro de Vagas<\/a><\/li><li class='ez-toc-page-1 ez-toc-heading-level-2'><a class=\"ez-toc-link ez-toc-heading-3\" href=\"https:\/\/med.estrategia.com\/portal\/concursos\/edital-do-concurso-publico-tj-rj-e-publicado\/#Processo-seletivo\" >Processo seletivo<\/a><\/li><li class='ez-toc-page-1 ez-toc-heading-level-2'><a class=\"ez-toc-link ez-toc-heading-4\" href=\"https:\/\/med.estrategia.com\/portal\/concursos\/edital-do-concurso-publico-tj-rj-e-publicado\/#Ultimo-Concurso-Publico-TJ-RJ\" >&Uacute;ltimo Concurso P&uacute;blico TJ RJ<\/a><\/li><li class='ez-toc-page-1 ez-toc-heading-level-2'><a class=\"ez-toc-link ez-toc-heading-5\" href=\"https:\/\/med.estrategia.com\/portal\/concursos\/edital-do-concurso-publico-tj-rj-e-publicado\/#Estrategia-MED-tira-suas-duvidas-do-proximo-Concurso-TJ-RJ-2025\" >Estrat&eacute;gia MED tira suas d&uacute;vidas do pr&oacute;ximo Concurso TJ RJ 2025!<\/a><\/li><li class='ez-toc-page-1 ez-toc-heading-level-2'><a class=\"ez-toc-link ez-toc-heading-6\" href=\"https:\/\/med.estrategia.com\/portal\/concursos\/edital-do-concurso-publico-tj-rj-e-publicado\/#Conquiste-sua-vaga-no-concurso-TJ-RJ-com-o-Estrategia-MED\" >Conquiste sua vaga no concurso TJ RJ com o Estrat&eacute;gia MED!<\/a><\/li><\/ul><\/nav><\/div>\n<h2 class=\"wp-block-heading\" id=\"h-resumo-do-edital-tj-rj-2025\"><span class=\"ez-toc-section\" id=\"Resumo-do-Edital-TJ-RJ-2025\"><\/span>Resumo do Edital TJ RJ 2025<span class=\"ez-toc-section-end\"><\/span><\/h2><figure class=\"wp-block-table\"><table class=\"has-fixed-layout\"><tbody><tr><td>Vagas Ofertadas<\/td><td>CR<\/td><\/tr><tr><td>Remunera&ccedil;&atilde;o<\/td><td>R$ 9.363,84<\/td><\/tr><tr><td>Carga Hor&aacute;ria Semanal<\/td><td>40 horas<\/td><\/tr><tr><td>Composi&ccedil;&atilde;o do Processo Seletivo<\/td><td>Prova Objetiva, Prova Discursiva e Avalia&ccedil;&atilde;o de T&iacute;tulos<\/td><\/tr><tr><td>Per&iacute;odo de Inscri&ccedil;&atilde;o<\/td><td>29\/10\/2025 a 27\/11\/2025<\/td><\/tr><tr><td>Taxa de Inscri&ccedil;&atilde;o<\/td><td>R$ 140,00<\/td><\/tr><tr><td>Per&iacute;odo para envio dos pedidos de isen&ccedil;&atilde;o da taxa de inscri&ccedil;&atilde;o<\/td><td>29 a 31\/10\/2025<\/td><\/tr><tr><td>Pagamento da Taxa de Inscri&ccedil;&atilde;o<\/td><td>At&eacute; 28\/11\/2025<\/td><\/tr><tr><td>Prova Objetiva<\/td><td>01\/02\/2026<\/td><\/tr><tr><td>As pr&oacute;ximas datas e etapas ser&atilde;o divulgadas oportunamente no site da banca<\/td><td><\/td><\/tr><\/tbody><\/table><\/figure><h2 class=\"wp-block-heading\" id=\"h-quadro-de-vagas\"><span class=\"ez-toc-section\" id=\"Quadro-de-Vagas\"><\/span>Quadro de Vagas<span class=\"ez-toc-section-end\"><\/span><\/h2><figure class=\"wp-block-table\"><table><tbody><tr><td>Especialidades<\/td><td>Vagas<\/td><td>Carga Hor&aacute;ria<\/td><td>Remunera&ccedil;&atilde;o inicial<\/td><\/tr><tr><td>Analista Judici&aacute;rio &ndash; M&eacute;dico<\/td><td>CR<\/td><td>40 horas<\/td><td>R$ 9.363,84<\/td><\/tr><tr><td>Analista Judici&aacute;rio &ndash; M&eacute;dico Psiquiatra<\/td><td>CR<\/td><td>40 horas<\/td><td>R$ 9.363,84<\/td><\/tr><\/tbody><\/table><\/figure><p>Os candidatos aprovados no concurso receber&atilde;o os seguinte benef&iacute;cios:<\/p><ul class=\"wp-block-list\">\n<li>Adicional por tempo de servi&ccedil;o;<\/li>\n\n\n\n<li>Aux&iacute;lio-Alimenta&ccedil;&atilde;o de R$ 1.605,26;<\/li>\n\n\n\n<li>Aux&iacute;lio-Locomo&ccedil;&atilde;o de R$ 532,39;<\/li>\n\n\n\n<li>Aux&iacute;lio-Sa&uacute;de de R$ 1.057,17;<\/li>\n\n\n\n<li>Aux&iacute;lio-Ado&ccedil;&atilde;o;<\/li>\n\n\n\n<li>Aux&iacute;lio-Creche de R$ 1.335,79;<\/li>\n\n\n\n<li>Aux&iacute;lio-Doen&ccedil;a;<\/li>\n\n\n\n<li>Aux&iacute;lio Educa&ccedil;&atilde;o de R$ 1.495,53; e<\/li>\n\n\n\n<li>Aux&iacute;lio-Funeral.<\/li>\n<\/ul><p><strong>Requisito para o cargo de Analista Judici&aacute;rio &ndash; M&eacute;dico:<\/strong> diploma, devidamente registrado, de conclus&atilde;o de curso de gradua&ccedil;&atilde;o em Medicina, fornecido por institui&ccedil;&atilde;o de ensino superior reconhecida pelo MEC, acrescido de Certificado fornecido pela Comiss&atilde;o Nacional de Resid&ecirc;ncia M&eacute;dica (CNRM) do MEC, de conclus&atilde;o de Resid&ecirc;ncia m&eacute;dica em Medicina de Emerg&ecirc;ncia, Medicina Intensiva ou Cardiologia; ou de T&iacute;tulo de Especialista em Medicina de Emerg&ecirc;ncia emitido pela Associa&ccedil;&atilde;o Brasileira de Medicina de Emerg&ecirc;ncia (ABRAMEDE) em parceria com a Associa&ccedil;&atilde;o M&eacute;dica Brasileira (AMB), ou T&iacute;tulo de Especialista em Medicina Intensiva emitido pela Associa&ccedil;&atilde;o de Medicina Intensiva Brasileira (AMIB) e a Associa&ccedil;&atilde;o M&eacute;dica Brasileira (AMB), ou T&iacute;tulo de Especialista em Cardiologia emitido pela Sociedade Brasileira de Cardiologia (SBC) em parceria com a Associa&ccedil;&atilde;o M&eacute;dica Brasileira (AMB) e registro no Conselho Regional de Medicina e nas respectivas especialidades, atrav&eacute;s do Registro de Qualifica&ccedil;&atilde;o de Especialista (RQE).<\/p><p><strong>Requisito para o cargo de Analista Judici&aacute;rio &ndash; M&eacute;dico Psiquiatra:<\/strong> diploma, devidamente registrado, de conclus&atilde;o de curso de gradua&ccedil;&atilde;o em Medicina, fornecido por institui&ccedil;&atilde;o de ensino superior reconhecida pelo MEC, registro no Conselho Regional de Medicina e Certificado de Resid&ecirc;ncia M&eacute;dica em Psiquiatria, fornecido pela Comiss&atilde;o Nacional de Resid&ecirc;ncia M&eacute;dica (CNRM) do MEC, ou T&iacute;tulo de Especialista emitido pela Associa&ccedil;&atilde;o Brasileira de Psiquiatria (ABP) e a Associa&ccedil;&atilde;o M&eacute;dica Brasileira (AMB) e Registro de Qualifica&ccedil;&atilde;o de Especialista (RQE) em Psiquiatria no Conselho Regional de Medicina.<\/p><ul class=\"wp-block-list\">\n<li>\n<\/ul><h2 class=\"wp-block-heading\" id=\"h-processo-seletivo\"><span class=\"ez-toc-section\" id=\"Processo-seletivo\"><\/span>Processo seletivo<span class=\"ez-toc-section-end\"><\/span><\/h2><p>O processo seletivo conta com uma<strong> prova objetiva<\/strong>, <strong>prova discursiva<\/strong>, ambas de car&aacute;ter eliminat&oacute;rio e classificat&oacute;rio, e <strong>avalia&ccedil;&atilde;o de t&iacute;tulos<\/strong>, de car&aacute;ter classificat&oacute;rio. <\/p><h3 class=\"wp-block-heading\" id=\"h-provas-objetiva-e-discursiva\">Provas Objetiva e Discursiva<\/h3><p>A <strong>prova objetiva e discursiva <\/strong>est&atilde;o previstas para o dia<strong> 1&ordm; de fevereiro de 2026, das 14h30 &agrave;s 19h30.<\/strong> Para o cargo de Analista Judici&aacute;rio, &aacute;rea m&eacute;dica, as provas ser&atilde;o realizadas <strong>apenas na cidade do Rio de Janeiro &ndash; RJ<\/strong>. A prova objetiva ser&aacute; composta por <strong>70 quest&otilde;es de m&uacute;ltipla escolha<\/strong>, com cinco alternativas cada, sendo apenas uma resposta correta, e distribu&iacute;das entre as seguintes disciplinas:<\/p><ul class=\"wp-block-list\">\n<li>20 quest&otilde;es de L&iacute;ngua Portuguesa;<\/li>\n\n\n\n<li>10 quest&otilde;es de Legisla&ccedil;&atilde;o Especial, No&ccedil;&otilde;es dos Direitos das Pessoas com Defici&ecirc;ncia e &Eacute;tica no Servi&ccedil;o P&uacute;blico ; e<\/li>\n\n\n\n<li>40 quest&otilde;es de Conhecimentos Espec&iacute;ficos.&nbsp;<\/li>\n<\/ul><p>O candidato para ser classificado precisa: <\/p><p>a) acertar, no m&iacute;nimo, 12 quest&otilde;es de Conhecimentos Gerais;<br>b) acertar, no m&iacute;nimo, 20 quest&otilde;es de Conhecimentos Espec&iacute;ficos; e<br>c) acertar, no m&iacute;nimo, 35 quest&otilde;es do total da Prova Objetiva. <\/p><p>A <strong>Prova Discursiva<\/strong> consistir&aacute; de uma quest&atilde;o discursiva, valendo 20 pontos. O candidato ser&aacute; aprovado na prova discursiva se obtiver pelo menos 08 pontos.<\/p><h3 class=\"wp-block-heading\">Prova de t&iacute;tulos<\/h3><p>A prova de t&iacute;tulos ser&aacute; aplicada apenas aos candidatos para os cargos de n&iacute;vel superior e classificados nas provas escritas. O valor &eacute; de 6 pontos no m&aacute;ximo, conforme a tabela a seguir:<\/p><figure class=\"wp-block-image size-full\"><img decoding=\"async\" width=\"918\" height=\"273\" src=\"https:\/\/med.estrategia.com\/portal\/wp-content\/uploads\/2025\/10\/titulos_TJRJ.png\" alt=\"\" class=\"wp-image-98516\" srcset=\"https:\/\/med.estrategia.com\/portal\/wp-content\/uploads\/2025\/10\/titulos_TJRJ.png 918w, https:\/\/med.estrategia.com\/portal\/wp-content\/uploads\/2025\/10\/titulos_TJRJ-768x228.png 768w, https:\/\/med.estrategia.com\/portal\/wp-content\/uploads\/2025\/10\/titulos_TJRJ-800x238.png 800w\" sizes=\"(max-width: 918px) 100vw, 918px\" \/><\/figure><p>Para mais informa&ccedil;&otilde;es sobre o concurso p&uacute;blico TJ RJ, com vagas em outras &aacute;reas, <a href=\"https:\/\/www.estrategiaconcursos.com.br\/blog\/concurso-tj-rj-2025-edital-publicado\/\" target=\"_blank\">acesse aqui!<\/a> <\/p><h2 class=\"wp-block-heading\" id=\"h-ultimo-concurso-publico-tj-rj\"><span class=\"ez-toc-section\" id=\"Ultimo-Concurso-Publico-TJ-RJ\"><\/span>&Uacute;ltimo Concurso P&uacute;blico TJ RJ<span class=\"ez-toc-section-end\"><\/span><\/h2><p>O &uacute;ltimo edital do&nbsp;<strong>concurso p&uacute;blico<\/strong> TJ RJ&nbsp;ocorreu <strong>no ano de 2020<\/strong>, mas esteve suspenso em raz&atilde;o da pandemia de Covid-19 e foi retomado no ano seguinte. Sob organiza&ccedil;&atilde;o da<strong> banca Cebraspe<\/strong>, o certame teve um total de <strong>107.118 inscritos<\/strong>, somados os cargos de t&eacute;cnico e analista.<\/p><p>Para cargos na &aacute;rea m&eacute;dica, o concurso ofertou 7 vagas imediatas e 7 vagas para forma&ccedil;&atilde;o de cadastro reserva para os cargos de Analista Judici&aacute;rio &ndash; Grupo: Assistencial &ndash; Especialidade: M&eacute;dico&nbsp;e  M&eacute;dico Psiquiatra. <\/p><p>O processo seletivo aconteceu por meio de uma prova objetiva, uma prova discursiva e uma avalia&ccedil;&atilde;o de t&iacute;tulos. A prova objetiva contou com <strong>60 quest&otilde;es de m&uacute;ltipla escolha<\/strong>, distribu&iacute;das nas seguintes disciplinas:<\/p><ul class=\"wp-block-list\">\n<li>L&iacute;ngua Portuguesa;<\/li>\n\n\n\n<li>Legisla&ccedil;&atilde;o Especial;<\/li>\n\n\n\n<li>No&ccedil;&otilde;es dos Direitos das Pessoas com Defici&ecirc;ncia; e<\/li>\n\n\n\n<li>&Eacute;tica no Servi&ccedil;o P&uacute;blico.<\/li>\n<\/ul><p>Al&eacute;m das quest&otilde;es de conhecimentos espec&iacute;ficos. <\/p><p>Para os cargos de Analista Judici&aacute;rio &ndash; M&eacute;dico e Analista Judici&aacute;rio &ndash; M&eacute;dico Psiquiatra a prova discursiva consistiu de um estudo de caso, da reda&ccedil;&atilde;o de texto dissertativo, de at&eacute;&nbsp;<strong>30 linhas<\/strong>, a respeito de temas relacionados aos conhecimentos espec&iacute;ficos de cada especialidade. Al&eacute;m da  avalia&ccedil;&atilde;o de t&iacute;tulos, de car&aacute;ter apenas classificat&oacute;rio. <\/p><h2 class=\"wp-block-heading\" id=\"block-7edb4063-5823-4cbd-bdfe-046747f7ba4e\"><span class=\"ez-toc-section\" id=\"Estrategia-MED-tira-suas-duvidas-do-proximo-Concurso-TJ-RJ-2025\"><\/span>Estrat&eacute;gia MED tira suas d&uacute;vidas do pr&oacute;ximo Concurso TJ RJ 2025!<span class=\"ez-toc-section-end\"><\/span><\/h2><p id=\"block-6c477178-67c2-40e4-9055-287db46daa0a\">Aproveite e n&atilde;o deixe de assistir o&nbsp;<a href=\"https:\/\/www.youtube.com\/watch?v=YwIgbVzUK-A&amp;ab_channel=Estrat%C3%A9giaMED\" target=\"_blank\">webin&aacute;rio<\/a>&nbsp;comandado pela&nbsp;<strong>professora do Estrat&eacute;gia MED<\/strong>,&nbsp;<strong>Dra. Marina Fernandes<\/strong>, com informa&ccedil;&otilde;es completas sobre o Concurso P&uacute;blico para M&eacute;dico do TJ-RJ&nbsp;.<strong>&nbsp;<\/strong>A transmiss&atilde;o aconteceu em nosso canal do Youtube no dia&nbsp;<strong>18 de setembro 2025.<\/strong> Clique na imagem a seguir e acompanhe:<\/p><figure class=\"wp-block-embed is-type-video is-provider-youtube wp-block-embed-youtube wp-embed-aspect-16-9 wp-has-aspect-ratio\"><div class=\"wp-block-embed__wrapper\">\n<div class=\"cs-embed cs-embed-responsive\"><iframe title=\"Concursos M&eacute;dicos - TJ-RJ\" width=\"1200\" height=\"675\" src=\"https:\/\/www.youtube.com\/embed\/YwIgbVzUK-A?feature=oembed\" frameborder=\"0\" allow=\"accelerometer; autoplay; clipboard-write; encrypted-media; gyroscope; picture-in-picture; web-share\" referrerpolicy=\"strict-origin-when-cross-origin\" allowfullscreen><\/iframe><\/div>\n<\/div><\/figure><p>E&nbsp;n&atilde;o se esque&ccedil;a de se inscrever em nosso canal e ativar o sino de notifica&ccedil;&atilde;o para n&atilde;o perder nenhuma novidade sobre concursos p&uacute;blicos com cargos m&eacute;dicos, atualiza&ccedil;&otilde;es m&eacute;dicas e muito mais!<\/p><h2 class=\"wp-block-heading\" id=\"h-conquiste-sua-vaga-no-concurso-tj-rj-com-o-estrategia-med\"><span class=\"ez-toc-section\" id=\"Conquiste-sua-vaga-no-concurso-TJ-RJ-com-o-Estrategia-MED\"><\/span>Conquiste sua vaga no concurso TJ RJ com o Estrat&eacute;gia MED!<span class=\"ez-toc-section-end\"><\/span><\/h2><p>Com o<a href=\"https:\/\/med.estrategia.com\/concurso\/concursos-medicos-legislativo-judiciario\" target=\"_blank\">&nbsp;Sprint Concursos M&eacute;dicos &ndash; Legislativo e Judici&aacute;rio<\/a>, voc&ecirc; ter&aacute; &agrave; disposi&ccedil;&atilde;o videoaulas completas e quest&otilde;es comentadas de L&iacute;ngua Portuguesa; Matem&aacute;tica\/Racioc&iacute;nio L&oacute;gico; Legisla&ccedil;&atilde;o do SUS; &Eacute;tica no Servi&ccedil;o P&uacute;blico; Direito Constitucional; Direito Administrativo; entre outros; al&eacute;m de quest&otilde;es de diversas bancas: FCC, FGV, CEBRASPE, IBFC, Vunesp e muito mais.<\/p><p>Venha se preparar de forma direcionada para sair na frente da concorr&ecirc;ncia, com a experi&ecirc;ncia da marca que mais aprova em concursos p&uacute;blicos no Brasil. Vem ser coruja!<\/p><div class=\"wp-block-image\">\n<figure class=\"aligncenter size-full\"><img decoding=\"async\" width=\"1280\" height=\"622\" src=\"https:\/\/med.estrategia.com\/portal\/wp-content\/uploads\/2025\/08\/concursos_medicos.jpg\" alt=\"concursos_medicos\" class=\"wp-image-91529\" srcset=\"https:\/\/med.estrategia.com\/portal\/wp-content\/uploads\/2025\/08\/concursos_medicos.jpg 1280w, https:\/\/med.estrategia.com\/portal\/wp-content\/uploads\/2025\/08\/concursos_medicos-1024x498.jpg 1024w, https:\/\/med.estrategia.com\/portal\/wp-content\/uploads\/2025\/08\/concursos_medicos-768x373.jpg 768w, https:\/\/med.estrategia.com\/portal\/wp-content\/uploads\/2025\/08\/concursos_medicos-800x389.jpg 800w, https:\/\/med.estrategia.com\/portal\/wp-content\/uploads\/2025\/08\/concursos_medicos-1160x564.jpg 1160w\" sizes=\"(max-width: 1280px) 100vw, 1280px\" \/><\/figure><\/div><\/p>\n","protected":false},"excerpt":{"rendered":"Sob organiza\u00e7\u00e3o da FGV, inscri\u00e7\u00f5es iniciam no dia 29 de outubro com provas previstas para fevereiro de 2026 \n","protected":false},"author":45,"featured_media":94484,"comment_status":"closed","ping_status":"closed","sticky":false,"template":"","format":"standard","meta":{"wl_entities_gutenberg":"","footnotes":""},"categories":[474],"tags":[],"wl_entity_type":[199],"class_list":{"0":"post-98507","1":"post","2":"type-post","3":"status-publish","4":"format-standard","5":"has-post-thumbnail","7":"category-concursos","8":"wl_entity_type-article"},"acf":[],"yoast_head":"<!-- This site is optimized with the Yoast SEO Premium plugin v26.6 (Yoast SEO v26.6) - https:\/\/yoast.com\/wordpress\/plugins\/seo\/ -->\n<title>Edital do Concurso P\u00fablico TJ RJ \u00e9 publicado!<\/title>\n<meta name=\"description\" content=\"Concurso P\u00fablico oferta vagas para as \u00e1reas de Analista Judici\u00e1rio - M\u00e9dico e M\u00e9dico Psiquiatra. A remunera\u00e7\u00e3o inicial \u00e9 de R$ 9,3 mil.\" \/>\n<meta name=\"robots\" content=\"index, follow, max-snippet:-1, max-image-preview:large, max-video-preview:-1\" \/>\n<link rel=\"canonical\" href=\"https:\/\/med.estrategia.com\/portal\/concursos\/edital-do-concurso-publico-tj-rj-e-publicado\/\" \/>\n<meta property=\"og:locale\" content=\"pt_BR\" \/>\n<meta property=\"og:type\" content=\"article\" \/>\n<meta property=\"og:title\" content=\"Edital do Concurso P\u00fablico TJ RJ \u00e9 publicado!\" \/>\n<meta property=\"og:description\" content=\"Concurso P\u00fablico oferta vagas para as \u00e1reas de Analista Judici\u00e1rio - M\u00e9dico e M\u00e9dico Psiquiatra. A remunera\u00e7\u00e3o inicial \u00e9 de R$ 9,3 mil.\" \/>\n<meta property=\"og:url\" content=\"https:\/\/med.estrategia.com\/portal\/concursos\/edital-do-concurso-publico-tj-rj-e-publicado\/\" \/>\n<meta property=\"og:site_name\" content=\"Estrat\u00e9gia MED\" \/>\n<meta property=\"article:publisher\" content=\"https:\/\/www.facebook.com\/estrategiamed1\" \/>\n<meta property=\"article:published_time\" content=\"2025-10-24T14:21:30+00:00\" \/>\n<meta property=\"article:modified_time\" content=\"2025-11-24T16:44:01+00:00\" \/>\n<meta property=\"og:image\" content=\"https:\/\/med.estrategia.com\/portal\/wp-content\/uploads\/2025\/09\/Capa_TJ-RJ.jpg\" \/>\n\t<meta property=\"og:image:width\" content=\"1280\" \/>\n\t<meta property=\"og:image:height\" content=\"720\" \/>\n\t<meta property=\"og:image:type\" content=\"image\/jpeg\" \/>\n<meta name=\"author\" content=\"Priscila Pereira\" \/>\n<meta name=\"twitter:card\" content=\"summary_large_image\" \/>\n<meta name=\"twitter:creator\" content=\"@estrategiamed_\" \/>\n<meta name=\"twitter:site\" content=\"@estrategiamed_\" \/>\n<meta name=\"twitter:label1\" content=\"Escrito por\" \/>\n\t<meta name=\"twitter:data1\" content=\"Priscila Pereira\" \/>\n\t<meta name=\"twitter:label2\" content=\"Est. tempo de leitura\" \/>\n\t<meta name=\"twitter:data2\" content=\"7 minutos\" \/>\n<script type=\"application\/ld+json\" class=\"yoast-schema-graph\">{\"@context\":\"https:\/\/schema.org\",\"@graph\":[{\"@type\":\"WebPage\",\"@id\":\"https:\/\/med.estrategia.com\/portal\/concursos\/edital-do-concurso-publico-tj-rj-e-publicado\/\",\"url\":\"https:\/\/med.estrategia.com\/portal\/concursos\/edital-do-concurso-publico-tj-rj-e-publicado\/\",\"name\":\"Edital do Concurso P\u00fablico TJ RJ \u00e9 publicado!\",\"isPartOf\":{\"@id\":\"https:\/\/med.estrategia.com\/portal\/#website\"},\"primaryImageOfPage\":{\"@id\":\"https:\/\/med.estrategia.com\/portal\/concursos\/edital-do-concurso-publico-tj-rj-e-publicado\/#primaryimage\"},\"image\":{\"@id\":\"https:\/\/med.estrategia.com\/portal\/concursos\/edital-do-concurso-publico-tj-rj-e-publicado\/#primaryimage\"},\"thumbnailUrl\":\"https:\/\/med.estrategia.com\/portal\/wp-content\/uploads\/2025\/09\/Capa_TJ-RJ.jpg\",\"datePublished\":\"2025-10-24T14:21:30+00:00\",\"dateModified\":\"2025-11-24T16:44:01+00:00\",\"author\":{\"@id\":\"https:\/\/med.estrategia.com\/portal\/#\/schema\/person\/d1df06a83a849b79b2d480e7d8952ce3\"},\"description\":\"Concurso P\u00fablico oferta vagas para as \u00e1reas de Analista Judici\u00e1rio - M\u00e9dico e M\u00e9dico Psiquiatra. A remunera\u00e7\u00e3o inicial \u00e9 de R$ 9,3 mil.\",\"breadcrumb\":{\"@id\":\"https:\/\/med.estrategia.com\/portal\/concursos\/edital-do-concurso-publico-tj-rj-e-publicado\/#breadcrumb\"},\"inLanguage\":\"pt-BR\",\"potentialAction\":[{\"@type\":\"ReadAction\",\"target\":[\"https:\/\/med.estrategia.com\/portal\/concursos\/edital-do-concurso-publico-tj-rj-e-publicado\/\"]}]},{\"@type\":\"ImageObject\",\"inLanguage\":\"pt-BR\",\"@id\":\"https:\/\/med.estrategia.com\/portal\/concursos\/edital-do-concurso-publico-tj-rj-e-publicado\/#primaryimage\",\"url\":\"https:\/\/med.estrategia.com\/portal\/wp-content\/uploads\/2025\/09\/Capa_TJ-RJ.jpg\",\"contentUrl\":\"https:\/\/med.estrategia.com\/portal\/wp-content\/uploads\/2025\/09\/Capa_TJ-RJ.jpg\",\"width\":1280,\"height\":720,\"caption\":\"Estrat\u00e9gia MED | Concurso P\u00fablico TJ RJ\"},{\"@type\":\"BreadcrumbList\",\"@id\":\"https:\/\/med.estrategia.com\/portal\/concursos\/edital-do-concurso-publico-tj-rj-e-publicado\/#breadcrumb\",\"itemListElement\":[{\"@type\":\"ListItem\",\"position\":1,\"name\":\"Home\",\"item\":\"https:\/\/med.estrategia.com\/portal\/\"},{\"@type\":\"ListItem\",\"position\":2,\"name\":\"Concursos M\u00e9dicos\",\"item\":\"https:\/\/med.estrategia.com\/portal\/concursos\/\"},{\"@type\":\"ListItem\",\"position\":3,\"name\":\"Edital do Concurso P\u00fablico TJ RJ \u00e9 publicado!\"}]},{\"@type\":\"WebSite\",\"@id\":\"https:\/\/med.estrategia.com\/portal\/#website\",\"url\":\"https:\/\/med.estrategia.com\/portal\/\",\"name\":\"Estrat\u00e9gia MED\",\"description\":\"\",\"potentialAction\":[{\"@type\":\"SearchAction\",\"target\":{\"@type\":\"EntryPoint\",\"urlTemplate\":\"https:\/\/med.estrategia.com\/portal\/?s={search_term_string}\"},\"query-input\":{\"@type\":\"PropertyValueSpecification\",\"valueRequired\":true,\"valueName\":\"search_term_string\"}}],\"inLanguage\":\"pt-BR\"},{\"@type\":\"Person\",\"@id\":\"https:\/\/med.estrategia.com\/portal\/#\/schema\/person\/d1df06a83a849b79b2d480e7d8952ce3\",\"name\":\"Priscila Pereira\",\"image\":{\"@type\":\"ImageObject\",\"inLanguage\":\"pt-BR\",\"@id\":\"https:\/\/med.estrategia.com\/portal\/#\/schema\/person\/image\/\",\"url\":\"https:\/\/secure.gravatar.com\/avatar\/fe94f8430a1d23a69c0bc7aab6202e21?s=96&d=mm&r=g\",\"contentUrl\":\"https:\/\/secure.gravatar.com\/avatar\/fe94f8430a1d23a69c0bc7aab6202e21?s=96&d=mm&r=g\",\"caption\":\"Priscila Pereira\"},\"description\":\"Formada e p\u00f3s-graduada na \u00e1rea de comunica\u00e7\u00e3o, divido minha paix\u00e3o entre o jornalismo e os esportes\",\"url\":\"https:\/\/med.estrategia.com\/portal\/author\/priscila-pereira\/\"}]}<\/script>\n<!-- \/ Yoast SEO Premium plugin. -->","yoast_head_json":{"title":"Edital do Concurso P\u00fablico TJ RJ \u00e9 publicado!","description":"Concurso P\u00fablico oferta vagas para as \u00e1reas de Analista Judici\u00e1rio - M\u00e9dico e M\u00e9dico Psiquiatra. A remunera\u00e7\u00e3o inicial \u00e9 de R$ 9,3 mil.","robots":{"index":"index","follow":"follow","max-snippet":"max-snippet:-1","max-image-preview":"max-image-preview:large","max-video-preview":"max-video-preview:-1"},"canonical":"https:\/\/med.estrategia.com\/portal\/concursos\/edital-do-concurso-publico-tj-rj-e-publicado\/","og_locale":"pt_BR","og_type":"article","og_title":"Edital do Concurso P\u00fablico TJ RJ \u00e9 publicado!","og_description":"Concurso P\u00fablico oferta vagas para as \u00e1reas de Analista Judici\u00e1rio - M\u00e9dico e M\u00e9dico Psiquiatra. A remunera\u00e7\u00e3o inicial \u00e9 de R$ 9,3 mil.","og_url":"https:\/\/med.estrategia.com\/portal\/concursos\/edital-do-concurso-publico-tj-rj-e-publicado\/","og_site_name":"Estrat\u00e9gia MED","article_publisher":"https:\/\/www.facebook.com\/estrategiamed1","article_published_time":"2025-10-24T14:21:30+00:00","article_modified_time":"2025-11-24T16:44:01+00:00","og_image":[{"width":1280,"height":720,"url":"https:\/\/med.estrategia.com\/portal\/wp-content\/uploads\/2025\/09\/Capa_TJ-RJ.jpg","type":"image\/jpeg"}],"author":"Priscila Pereira","twitter_card":"summary_large_image","twitter_creator":"@estrategiamed_","twitter_site":"@estrategiamed_","twitter_misc":{"Escrito por":"Priscila Pereira","Est. tempo de leitura":"7 minutos"},"schema":{"@context":"https:\/\/schema.org","@graph":[{"@type":"WebPage","@id":"https:\/\/med.estrategia.com\/portal\/concursos\/edital-do-concurso-publico-tj-rj-e-publicado\/","url":"https:\/\/med.estrategia.com\/portal\/concursos\/edital-do-concurso-publico-tj-rj-e-publicado\/","name":"Edital do Concurso P\u00fablico TJ RJ \u00e9 publicado!","isPartOf":{"@id":"https:\/\/med.estrategia.com\/portal\/#website"},"primaryImageOfPage":{"@id":"https:\/\/med.estrategia.com\/portal\/concursos\/edital-do-concurso-publico-tj-rj-e-publicado\/#primaryimage"},"image":{"@id":"https:\/\/med.estrategia.com\/portal\/concursos\/edital-do-concurso-publico-tj-rj-e-publicado\/#primaryimage"},"thumbnailUrl":"https:\/\/med.estrategia.com\/portal\/wp-content\/uploads\/2025\/09\/Capa_TJ-RJ.jpg","datePublished":"2025-10-24T14:21:30+00:00","dateModified":"2025-11-24T16:44:01+00:00","author":{"@id":"https:\/\/med.estrategia.com\/portal\/#\/schema\/person\/d1df06a83a849b79b2d480e7d8952ce3"},"description":"Concurso P\u00fablico oferta vagas para as \u00e1reas de Analista Judici\u00e1rio - M\u00e9dico e M\u00e9dico Psiquiatra. A remunera\u00e7\u00e3o inicial \u00e9 de R$ 9,3 mil.","breadcrumb":{"@id":"https:\/\/med.estrategia.com\/portal\/concursos\/edital-do-concurso-publico-tj-rj-e-publicado\/#breadcrumb"},"inLanguage":"pt-BR","potentialAction":[{"@type":"ReadAction","target":["https:\/\/med.estrategia.com\/portal\/concursos\/edital-do-concurso-publico-tj-rj-e-publicado\/"]}]},{"@type":"ImageObject","inLanguage":"pt-BR","@id":"https:\/\/med.estrategia.com\/portal\/concursos\/edital-do-concurso-publico-tj-rj-e-publicado\/#primaryimage","url":"https:\/\/med.estrategia.com\/portal\/wp-content\/uploads\/2025\/09\/Capa_TJ-RJ.jpg","contentUrl":"https:\/\/med.estrategia.com\/portal\/wp-content\/uploads\/2025\/09\/Capa_TJ-RJ.jpg","width":1280,"height":720,"caption":"Estrat\u00e9gia MED | Concurso P\u00fablico TJ RJ"},{"@type":"BreadcrumbList","@id":"https:\/\/med.estrategia.com\/portal\/concursos\/edital-do-concurso-publico-tj-rj-e-publicado\/#breadcrumb","itemListElement":[{"@type":"ListItem","position":1,"name":"Home","item":"https:\/\/med.estrategia.com\/portal\/"},{"@type":"ListItem","position":2,"name":"Concursos M\u00e9dicos","item":"https:\/\/med.estrategia.com\/portal\/concursos\/"},{"@type":"ListItem","position":3,"name":"Edital do Concurso P\u00fablico TJ RJ \u00e9 publicado!"}]},{"@type":"WebSite","@id":"https:\/\/med.estrategia.com\/portal\/#website","url":"https:\/\/med.estrategia.com\/portal\/","name":"Estrat\u00e9gia MED","description":"","potentialAction":[{"@type":"SearchAction","target":{"@type":"EntryPoint","urlTemplate":"https:\/\/med.estrategia.com\/portal\/?s={search_term_string}"},"query-input":{"@type":"PropertyValueSpecification","valueRequired":true,"valueName":"search_term_string"}}],"inLanguage":"pt-BR"},{"@type":"Person","@id":"https:\/\/med.estrategia.com\/portal\/#\/schema\/person\/d1df06a83a849b79b2d480e7d8952ce3","name":"Priscila Pereira","image":{"@type":"ImageObject","inLanguage":"pt-BR","@id":"https:\/\/med.estrategia.com\/portal\/#\/schema\/person\/image\/","url":"https:\/\/secure.gravatar.com\/avatar\/fe94f8430a1d23a69c0bc7aab6202e21?s=96&d=mm&r=g","contentUrl":"https:\/\/secure.gravatar.com\/avatar\/fe94f8430a1d23a69c0bc7aab6202e21?s=96&d=mm&r=g","caption":"Priscila Pereira"},"description":"Formada e p\u00f3s-graduada na \u00e1rea de comunica\u00e7\u00e3o, divido minha paix\u00e3o entre o jornalismo e os esportes","url":"https:\/\/med.estrategia.com\/portal\/author\/priscila-pereira\/"}]}},"_wl_alt_label":[],"wl:entity_url":"\/post\/concurso-publico-tj-rj-publica-edital-com-vagas-98507","_links":{"self":[{"href":"https:\/\/med.estrategia.com\/portal\/wp-json\/wp\/v2\/posts\/98507","targetHints":{"allow":["GET"]}}],"collection":[{"href":"https:\/\/med.estrategia.com\/portal\/wp-json\/wp\/v2\/posts"}],"about":[{"href":"https:\/\/med.estrategia.com\/portal\/wp-json\/wp\/v2\/types\/post"}],"author":[{"embeddable":true,"href":"https:\/\/med.estrategia.com\/portal\/wp-json\/wp\/v2\/users\/45"}],"replies":[{"embeddable":true,"href":"https:\/\/med.estrategia.com\/portal\/wp-json\/wp\/v2\/comments?post=98507"}],"version-history":[{"count":7,"href":"https:\/\/med.estrategia.com\/portal\/wp-json\/wp\/v2\/posts\/98507\/revisions"}],"predecessor-version":[{"id":108791,"href":"https:\/\/med.estrategia.com\/portal\/wp-json\/wp\/v2\/posts\/98507\/revisions\/108791"}],"wp:featuredmedia":[{"embeddable":true,"href":"https:\/\/med.estrategia.com\/portal\/wp-json\/wp\/v2\/media\/94484"}],"wp:attachment":[{"href":"https:\/\/med.estrategia.com\/portal\/wp-json\/wp\/v2\/media?parent=98507"}],"wp:term":[{"taxonomy":"category","embeddable":true,"href":"https:\/\/med.estrategia.com\/portal\/wp-json\/wp\/v2\/categories?post=98507"},{"taxonomy":"post_tag","embeddable":true,"href":"https:\/\/med.estrategia.com\/portal\/wp-json\/wp\/v2\/tags?post=98507"},{"taxonomy":"wl_entity_type","embeddable":true,"href":"https:\/\/med.estrategia.com\/portal\/wp-json\/wp\/v2\/wl_entity_type?post=98507"}],"curies":[{"name":"wp","href":"https:\/\/api.w.org\/{rel}","templated":true}]}}